{"id":4048,"date":"2017-07-23T14:00:57","date_gmt":"2017-07-23T13:00:57","guid":{"rendered":"http:\/\/psoecanarias.com\/web\/?p=4048"},"modified":"2017-07-23T16:05:24","modified_gmt":"2017-07-23T15:05:24","slug":"avance-de-participacion-a-las-1300-horas","status":"publish","type":"post","link":"https:\/\/psoecanarias.com\/web\/avance-de-participacion-a-las-1300-horas\/","title":{"rendered":"Avance de participaci\u00f3n a las 13:00 horas"},"content":{"rendered":"<p>A las 13:00 horas de este domingo, 23 de julio de 2017, la participaci\u00f3n en la jornada electoral en el marco del proceso de primarias para la Secretar\u00eda General del PSOE de Canarias se sit\u00faa en el 36,1 por ciento, de tal forma que han acudido a las urnas 2.444 militantes de los casi 6.800 que est\u00e1n llamados a votar en todas las islas.<\/p>\n<p>La jornada est\u00e1 transcurriendo con absoluta normalidad sin que se haya registrado incidencia alguna.<\/p>\n<p>Es importante recordar que muchos de los centros de votaci\u00f3n tienen horario reducido, especialmente agrupaciones peque\u00f1as que han establecido que el m\u00ednimo de cuatro horas de apertura tenga lugar por la tarde de 16:00 a 20:00 horas.<\/p>\n<p>Hasta esta hora se han constituido 42 mesas (52,5 por ciento) de las 80 que habr\u00e1 a disposici\u00f3n de la militancia en todo el archipi\u00e9lago.<\/p>\n<p>En todos los casos e independientemente del horario de votaci\u00f3n de cada agrupaci\u00f3n, el recuento comenzar\u00e1 a partir de las 20:00 horas en todos los centros de Canarias.<\/p>\n<p><b><span lang=\"ES-TRAD\">Informaci\u00f3n completa sobre centros de votaci\u00f3n y horarios de apertura en <a href=\"http:\/\/psoecanarias.com\/web\/13-congreso\/#votacion\" target=\"_blank\">nuestra p\u00e1gina del 13\u00ba Congreso Regional<\/a><\/span><\/b><\/p>\n","protected":false},"excerpt":{"rendered":"<p>A las 13:00 horas de este domingo, 23 de julio de 2017, la participaci\u00f3n en la jornada electoral en el marco del proceso de primarias para la Secretar\u00eda General del PSOE de Canarias se sit\u00faa en el 36,1 por ciento, de tal forma que han acudido a las urnas 2.444 militantes de los casi 6.800 [&hellip;]<\/p>\n","protected":false},"author":1,"featured_media":3556,"comment_status":"open","ping_status":"open","sticky":false,"template":"","format":"standard","meta":{"footnotes":""},"categories":[7],"tags":[],"class_list":["post-4048","post","type-post","status-publish","format-standard","has-post-thumbnail","hentry","category-politica"],"featured_image_src":"https:\/\/psoecanarias.com\/web\/wp-content\/uploads\/2017\/06\/Cartel-XIII-Congreso-Regional-e1497614851580.jpg","author_info":{"display_name":"PSOE Canarias","author_link":"https:\/\/psoecanarias.com\/web\/author\/admin\/"},"yoast_head":"<!-- This site is optimized with the Yoast SEO plugin v27.2 - https:\/\/yoast.com\/product\/yoast-seo-wordpress\/ -->\n<title>Avance de participaci\u00f3n a las 13:00 horas | PSOE Canarias<\/title>\n<meta name=\"robots\" content=\"index, follow, max-snippet:-1, max-image-preview:large, max-video-preview:-1\" \/>\n<link rel=\"canonical\" href=\"https:\/\/psoecanarias.com\/web\/avance-de-participacion-a-las-1300-horas\/\" \/>\n<meta property=\"og:locale\" content=\"es_ES\" \/>\n<meta property=\"og:type\" content=\"article\" \/>\n<meta property=\"og:title\" content=\"Avance de participaci\u00f3n a las 13:00 horas | PSOE Canarias\" \/>\n<meta property=\"og:description\" content=\"A las 13:00 horas de este domingo, 23 de julio de 2017, la participaci\u00f3n en la jornada electoral en el marco del proceso de primarias para la Secretar\u00eda General del PSOE de Canarias se sit\u00faa en el 36,1 por ciento, de tal forma que han acudido a las urnas 2.444 militantes de los casi 6.800 [&hellip;]\" \/>\n<meta property=\"og:url\" content=\"https:\/\/psoecanarias.com\/web\/avance-de-participacion-a-las-1300-horas\/\" \/>\n<meta property=\"og:site_name\" content=\"PSOE Canarias\" \/>\n<meta property=\"article:published_time\" content=\"2017-07-23T13:00:57+00:00\" \/>\n<meta property=\"article:modified_time\" content=\"2017-07-23T15:05:24+00:00\" \/>\n<meta property=\"og:image\" content=\"https:\/\/psoecanarias.com\/web\/wp-content\/uploads\/2017\/06\/Cartel-XIII-Congreso-Regional-e1497614851580.jpg\" \/>\n\t<meta property=\"og:image:width\" content=\"900\" \/>\n\t<meta property=\"og:image:height\" content=\"242\" \/>\n\t<meta property=\"og:image:type\" content=\"image\/jpeg\" \/>\n<meta name=\"author\" content=\"PSOE Canarias\" \/>\n<meta name=\"twitter:card\" content=\"summary_large_image\" \/>\n<script type=\"application\/ld+json\" class=\"yoast-schema-graph\">{\"@context\":\"https:\/\/schema.org\",\"@graph\":[{\"@type\":\"Article\",\"@id\":\"https:\/\/psoecanarias.com\/web\/avance-de-participacion-a-las-1300-horas\/#article\",\"isPartOf\":{\"@id\":\"https:\/\/psoecanarias.com\/web\/avance-de-participacion-a-las-1300-horas\/\"},\"author\":{\"name\":\"PSOE Canarias\",\"@id\":\"https:\/\/psoecanarias.com\/web\/#\/schema\/person\/1ae43f9659d2fc599ca69c11e1dbf26f\"},\"headline\":\"Avance de participaci\u00f3n a las 13:00 horas\",\"datePublished\":\"2017-07-23T13:00:57+00:00\",\"dateModified\":\"2017-07-23T15:05:24+00:00\",\"mainEntityOfPage\":{\"@id\":\"https:\/\/psoecanarias.com\/web\/avance-de-participacion-a-las-1300-horas\/\"},\"wordCount\":193,\"commentCount\":0,\"image\":{\"@id\":\"https:\/\/psoecanarias.com\/web\/avance-de-participacion-a-las-1300-horas\/#primaryimage\"},\"thumbnailUrl\":\"https:\/\/psoecanarias.com\/web\/wp-content\/uploads\/2017\/06\/Cartel-XIII-Congreso-Regional-e1497614851580.jpg\",\"articleSection\":[\"Pol\u00edtica\"],\"inLanguage\":\"es\",\"potentialAction\":[{\"@type\":\"CommentAction\",\"name\":\"Comment\",\"target\":[\"https:\/\/psoecanarias.com\/web\/avance-de-participacion-a-las-1300-horas\/#respond\"]}]},{\"@type\":\"WebPage\",\"@id\":\"https:\/\/psoecanarias.com\/web\/avance-de-participacion-a-las-1300-horas\/\",\"url\":\"https:\/\/psoecanarias.com\/web\/avance-de-participacion-a-las-1300-horas\/\",\"name\":\"Avance de participaci\u00f3n a las 13:00 horas | PSOE Canarias\",\"isPartOf\":{\"@id\":\"https:\/\/psoecanarias.com\/web\/#website\"},\"primaryImageOfPage\":{\"@id\":\"https:\/\/psoecanarias.com\/web\/avance-de-participacion-a-las-1300-horas\/#primaryimage\"},\"image\":{\"@id\":\"https:\/\/psoecanarias.com\/web\/avance-de-participacion-a-las-1300-horas\/#primaryimage\"},\"thumbnailUrl\":\"https:\/\/psoecanarias.com\/web\/wp-content\/uploads\/2017\/06\/Cartel-XIII-Congreso-Regional-e1497614851580.jpg\",\"datePublished\":\"2017-07-23T13:00:57+00:00\",\"dateModified\":\"2017-07-23T15:05:24+00:00\",\"author\":{\"@id\":\"https:\/\/psoecanarias.com\/web\/#\/schema\/person\/1ae43f9659d2fc599ca69c11e1dbf26f\"},\"breadcrumb\":{\"@id\":\"https:\/\/psoecanarias.com\/web\/avance-de-participacion-a-las-1300-horas\/#breadcrumb\"},\"inLanguage\":\"es\",\"potentialAction\":[{\"@type\":\"ReadAction\",\"target\":[\"https:\/\/psoecanarias.com\/web\/avance-de-participacion-a-las-1300-horas\/\"]}]},{\"@type\":\"ImageObject\",\"inLanguage\":\"es\",\"@id\":\"https:\/\/psoecanarias.com\/web\/avance-de-participacion-a-las-1300-horas\/#primaryimage\",\"url\":\"https:\/\/psoecanarias.com\/web\/wp-content\/uploads\/2017\/06\/Cartel-XIII-Congreso-Regional-e1497614851580.jpg\",\"contentUrl\":\"https:\/\/psoecanarias.com\/web\/wp-content\/uploads\/2017\/06\/Cartel-XIII-Congreso-Regional-e1497614851580.jpg\",\"width\":900,\"height\":242},{\"@type\":\"BreadcrumbList\",\"@id\":\"https:\/\/psoecanarias.com\/web\/avance-de-participacion-a-las-1300-horas\/#breadcrumb\",\"itemListElement\":[{\"@type\":\"ListItem\",\"position\":1,\"name\":\"Portada\",\"item\":\"https:\/\/psoecanarias.com\/web\/\"},{\"@type\":\"ListItem\",\"position\":2,\"name\":\"Avance de participaci\u00f3n a las 13:00 horas\"}]},{\"@type\":\"WebSite\",\"@id\":\"https:\/\/psoecanarias.com\/web\/#website\",\"url\":\"https:\/\/psoecanarias.com\/web\/\",\"name\":\"PSOE Canarias\",\"description\":\"Partido Socialista Obrero Espa\u00f1ol Canarias\",\"potentialAction\":[{\"@type\":\"SearchAction\",\"target\":{\"@type\":\"EntryPoint\",\"urlTemplate\":\"https:\/\/psoecanarias.com\/web\/?s={search_term_string}\"},\"query-input\":{\"@type\":\"PropertyValueSpecification\",\"valueRequired\":true,\"valueName\":\"search_term_string\"}}],\"inLanguage\":\"es\"},{\"@type\":\"Person\",\"@id\":\"https:\/\/psoecanarias.com\/web\/#\/schema\/person\/1ae43f9659d2fc599ca69c11e1dbf26f\",\"name\":\"PSOE Canarias\",\"image\":{\"@type\":\"ImageObject\",\"inLanguage\":\"es\",\"@id\":\"https:\/\/secure.gravatar.com\/avatar\/4364d37f6f6f9cdb7af199b46151565f37d8a8c3c0e04c1d78c04e857a15e3a8?s=96&d=mm&r=g\",\"url\":\"https:\/\/secure.gravatar.com\/avatar\/4364d37f6f6f9cdb7af199b46151565f37d8a8c3c0e04c1d78c04e857a15e3a8?s=96&d=mm&r=g\",\"contentUrl\":\"https:\/\/secure.gravatar.com\/avatar\/4364d37f6f6f9cdb7af199b46151565f37d8a8c3c0e04c1d78c04e857a15e3a8?s=96&d=mm&r=g\",\"caption\":\"PSOE Canarias\"},\"url\":\"https:\/\/psoecanarias.com\/web\/author\/admin\/\"}]}<\/script>\n<!-- \/ Yoast SEO plugin. -->","yoast_head_json":{"title":"Avance de participaci\u00f3n a las 13:00 horas | PSOE Canarias","robots":{"index":"index","follow":"follow","max-snippet":"max-snippet:-1","max-image-preview":"max-image-preview:large","max-video-preview":"max-video-preview:-1"},"canonical":"https:\/\/psoecanarias.com\/web\/avance-de-participacion-a-las-1300-horas\/","og_locale":"es_ES","og_type":"article","og_title":"Avance de participaci\u00f3n a las 13:00 horas | PSOE Canarias","og_description":"A las 13:00 horas de este domingo, 23 de julio de 2017, la participaci\u00f3n en la jornada electoral en el marco del proceso de primarias para la Secretar\u00eda General del PSOE de Canarias se sit\u00faa en el 36,1 por ciento, de tal forma que han acudido a las urnas 2.444 militantes de los casi 6.800 [&hellip;]","og_url":"https:\/\/psoecanarias.com\/web\/avance-de-participacion-a-las-1300-horas\/","og_site_name":"PSOE Canarias","article_published_time":"2017-07-23T13:00:57+00:00","article_modified_time":"2017-07-23T15:05:24+00:00","og_image":[{"width":900,"height":242,"url":"https:\/\/psoecanarias.com\/web\/wp-content\/uploads\/2017\/06\/Cartel-XIII-Congreso-Regional-e1497614851580.jpg","type":"image\/jpeg"}],"author":"PSOE Canarias","twitter_card":"summary_large_image","schema":{"@context":"https:\/\/schema.org","@graph":[{"@type":"Article","@id":"https:\/\/psoecanarias.com\/web\/avance-de-participacion-a-las-1300-horas\/#article","isPartOf":{"@id":"https:\/\/psoecanarias.com\/web\/avance-de-participacion-a-las-1300-horas\/"},"author":{"name":"PSOE Canarias","@id":"https:\/\/psoecanarias.com\/web\/#\/schema\/person\/1ae43f9659d2fc599ca69c11e1dbf26f"},"headline":"Avance de participaci\u00f3n a las 13:00 horas","datePublished":"2017-07-23T13:00:57+00:00","dateModified":"2017-07-23T15:05:24+00:00","mainEntityOfPage":{"@id":"https:\/\/psoecanarias.com\/web\/avance-de-participacion-a-las-1300-horas\/"},"wordCount":193,"commentCount":0,"image":{"@id":"https:\/\/psoecanarias.com\/web\/avance-de-participacion-a-las-1300-horas\/#primaryimage"},"thumbnailUrl":"https:\/\/psoecanarias.com\/web\/wp-content\/uploads\/2017\/06\/Cartel-XIII-Congreso-Regional-e1497614851580.jpg","articleSection":["Pol\u00edtica"],"inLanguage":"es","potentialAction":[{"@type":"CommentAction","name":"Comment","target":["https:\/\/psoecanarias.com\/web\/avance-de-participacion-a-las-1300-horas\/#respond"]}]},{"@type":"WebPage","@id":"https:\/\/psoecanarias.com\/web\/avance-de-participacion-a-las-1300-horas\/","url":"https:\/\/psoecanarias.com\/web\/avance-de-participacion-a-las-1300-horas\/","name":"Avance de participaci\u00f3n a las 13:00 horas | PSOE Canarias","isPartOf":{"@id":"https:\/\/psoecanarias.com\/web\/#website"},"primaryImageOfPage":{"@id":"https:\/\/psoecanarias.com\/web\/avance-de-participacion-a-las-1300-horas\/#primaryimage"},"image":{"@id":"https:\/\/psoecanarias.com\/web\/avance-de-participacion-a-las-1300-horas\/#primaryimage"},"thumbnailUrl":"https:\/\/psoecanarias.com\/web\/wp-content\/uploads\/2017\/06\/Cartel-XIII-Congreso-Regional-e1497614851580.jpg","datePublished":"2017-07-23T13:00:57+00:00","dateModified":"2017-07-23T15:05:24+00:00","author":{"@id":"https:\/\/psoecanarias.com\/web\/#\/schema\/person\/1ae43f9659d2fc599ca69c11e1dbf26f"},"breadcrumb":{"@id":"https:\/\/psoecanarias.com\/web\/avance-de-participacion-a-las-1300-horas\/#breadcrumb"},"inLanguage":"es","potentialAction":[{"@type":"ReadAction","target":["https:\/\/psoecanarias.com\/web\/avance-de-participacion-a-las-1300-horas\/"]}]},{"@type":"ImageObject","inLanguage":"es","@id":"https:\/\/psoecanarias.com\/web\/avance-de-participacion-a-las-1300-horas\/#primaryimage","url":"https:\/\/psoecanarias.com\/web\/wp-content\/uploads\/2017\/06\/Cartel-XIII-Congreso-Regional-e1497614851580.jpg","contentUrl":"https:\/\/psoecanarias.com\/web\/wp-content\/uploads\/2017\/06\/Cartel-XIII-Congreso-Regional-e1497614851580.jpg","width":900,"height":242},{"@type":"BreadcrumbList","@id":"https:\/\/psoecanarias.com\/web\/avance-de-participacion-a-las-1300-horas\/#breadcrumb","itemListElement":[{"@type":"ListItem","position":1,"name":"Portada","item":"https:\/\/psoecanarias.com\/web\/"},{"@type":"ListItem","position":2,"name":"Avance de participaci\u00f3n a las 13:00 horas"}]},{"@type":"WebSite","@id":"https:\/\/psoecanarias.com\/web\/#website","url":"https:\/\/psoecanarias.com\/web\/","name":"PSOE Canarias","description":"Partido Socialista Obrero Espa\u00f1ol Canarias","potentialAction":[{"@type":"SearchAction","target":{"@type":"EntryPoint","urlTemplate":"https:\/\/psoecanarias.com\/web\/?s={search_term_string}"},"query-input":{"@type":"PropertyValueSpecification","valueRequired":true,"valueName":"search_term_string"}}],"inLanguage":"es"},{"@type":"Person","@id":"https:\/\/psoecanarias.com\/web\/#\/schema\/person\/1ae43f9659d2fc599ca69c11e1dbf26f","name":"PSOE Canarias","image":{"@type":"ImageObject","inLanguage":"es","@id":"https:\/\/secure.gravatar.com\/avatar\/4364d37f6f6f9cdb7af199b46151565f37d8a8c3c0e04c1d78c04e857a15e3a8?s=96&d=mm&r=g","url":"https:\/\/secure.gravatar.com\/avatar\/4364d37f6f6f9cdb7af199b46151565f37d8a8c3c0e04c1d78c04e857a15e3a8?s=96&d=mm&r=g","contentUrl":"https:\/\/secure.gravatar.com\/avatar\/4364d37f6f6f9cdb7af199b46151565f37d8a8c3c0e04c1d78c04e857a15e3a8?s=96&d=mm&r=g","caption":"PSOE Canarias"},"url":"https:\/\/psoecanarias.com\/web\/author\/admin\/"}]}},"_links":{"self":[{"href":"https:\/\/psoecanarias.com\/web\/wp-json\/wp\/v2\/posts\/4048","targetHints":{"allow":["GET"]}}],"collection":[{"href":"https:\/\/psoecanarias.com\/web\/wp-json\/wp\/v2\/posts"}],"about":[{"href":"https:\/\/psoecanarias.com\/web\/wp-json\/wp\/v2\/types\/post"}],"author":[{"embeddable":true,"href":"https:\/\/psoecanarias.com\/web\/wp-json\/wp\/v2\/users\/1"}],"replies":[{"embeddable":true,"href":"https:\/\/psoecanarias.com\/web\/wp-json\/wp\/v2\/comments?post=4048"}],"version-history":[{"count":1,"href":"https:\/\/psoecanarias.com\/web\/wp-json\/wp\/v2\/posts\/4048\/revisions"}],"predecessor-version":[{"id":4049,"href":"https:\/\/psoecanarias.com\/web\/wp-json\/wp\/v2\/posts\/4048\/revisions\/4049"}],"wp:featuredmedia":[{"embeddable":true,"href":"https:\/\/psoecanarias.com\/web\/wp-json\/wp\/v2\/media\/3556"}],"wp:attachment":[{"href":"https:\/\/psoecanarias.com\/web\/wp-json\/wp\/v2\/media?parent=4048"}],"wp:term":[{"taxonomy":"category","embeddable":true,"href":"https:\/\/psoecanarias.com\/web\/wp-json\/wp\/v2\/categories?post=4048"},{"taxonomy":"post_tag","embeddable":true,"href":"https:\/\/psoecanarias.com\/web\/wp-json\/wp\/v2\/tags?post=4048"}],"curies":[{"name":"wp","href":"https:\/\/api.w.org\/{rel}","templated":true}]}}