{"id":4050,"date":"2017-07-23T22:34:49","date_gmt":"2017-07-23T21:34:49","guid":{"rendered":"http:\/\/psoecanarias.com\/web\/?p=4050"},"modified":"2017-07-23T22:34:49","modified_gmt":"2017-07-23T21:34:49","slug":"angel-victor-torres-nuevo-secretario-general-del-psoe-de-canarias","status":"publish","type":"post","link":"https:\/\/psoecanarias.com\/web\/angel-victor-torres-nuevo-secretario-general-del-psoe-de-canarias\/","title":{"rendered":"\u00c1ngel V\u00edctor Torres, nuevo secretario general del PSOE de Canarias"},"content":{"rendered":"<p>\u00c1ngel V\u00edctor Torres P\u00e9rez ha sido elegido hoy por la militancia nuevo secretario general del PSOE de Canarias con un total de 1.983 votos (43,59 por ciento) de los 4.577 votos totales emitidos en las islas. La participaci\u00f3n final registrada ha sido del 67,56 por ciento sobre un censo de 6.775 personas.<\/p>\n<p>Patricia Hern\u00e1ndez ha recibido\u00a01.462 votos (32,14 por ciento)\u00a0y Juan Fernando L\u00f3pez Aguilar 1.104 (24,27 por ciento).<\/p>\n<p><strong><u>RESULTADOS POR ISLAS<\/u><\/strong><\/p>\n<p><strong>La Gomera<\/strong><\/p>\n<p>PH: 45,45%<\/p>\n<p>AVT: 36,97<\/p>\n<p>JFLA: 17,58%<\/p>\n<p><strong>La Palma<\/strong><\/p>\n<p>AVT: 41,44%<\/p>\n<p>JFLA: 33,42%<\/p>\n<p>PH: 25,13%<\/p>\n<p><strong>El Hierro<\/strong><\/p>\n<p>PH: 66,07%<\/p>\n<p>JFLA: 23,21%<\/p>\n<p>AVT: 10,71%<\/p>\n<p><strong>Fuerteventura<\/strong><\/p>\n<p>AVT: 52,27%<\/p>\n<p>PH: 26,62%<\/p>\n<p>JFLA: 21,1%<\/p>\n<p><strong>Lanzarote<\/strong><\/p>\n<p>AVT: 56,36%<\/p>\n<p>PH: 37,95%<\/p>\n<p>JFLA: 5,69%<\/p>\n<p><strong>Gran Canaria<\/strong><\/p>\n<p>AVT: 60,52%<\/p>\n<p>JFLA: 21,11%<\/p>\n<p>PH: 18,37%<\/p>\n<p><strong>Tenerife<\/strong><\/p>\n<p>PH: 45,57%<\/p>\n<p>JFLA: 29,51%<\/p>\n<p>AVT: 24,92%<\/p>\n<p><strong>\u00c1ngel V\u00edctor Torres P\u00e9rez<\/strong><\/p>\n<p>Nacido en Arucas (Gran Canaria) el 30 de marzo de 1966. Licenciado en Filolog\u00eda Hisp\u00e1nica por la Universidad de La Laguna y Doctorado en 1991. Tras opositar para dar clase en Secundaria, ejerci\u00f3 la docencia en varios institutos de Gran Canaria desde ese a\u00f1o hasta 2000. Ha publicado varios libros y ha destacado en cert\u00e1menes literarios.<\/p>\n<p>En 1999 entr\u00f3 al Ayuntamiento de Arucas como concejal del PSOE en la oposici\u00f3n. En 2001 fue elegido secretario general de esa agrupaci\u00f3n y en 2003 obtuvo la alcald\u00eda del municipio. En 2009, entr\u00f3 como diputado en las Cortes en sustituci\u00f3n de Juan Fernando L\u00f3pez Aguilar y desde 2009 a 2011 fue teniente de alcalde en Arucas. En las elecciones de 2011 fue elegido nuevamente alcalde hasta 2015.<\/p>\n<p>Durante esos ocho a\u00f1os como alcalde presidi\u00f3 la Comisi\u00f3n de Educaci\u00f3n, Cultura y Deporte de la Fecam. En 2015, encabez\u00f3 la lista del PSOE al Cabildo de Gran Canaria. Desde entonces es vicepresidente de la instituci\u00f3n, cargo que desempe\u00f1a en la actualidad. Adem\u00e1s es consejero de Obras P\u00fablicas, Infraestructura y Deportes.<\/p>\n<p>\u00c1ngel V\u00edctor Torres es secretario general del PSOE de Gran Canaria desde 2010.<\/p>\n","protected":false},"excerpt":{"rendered":"<p>\u00c1ngel V\u00edctor Torres P\u00e9rez ha sido elegido hoy por la militancia nuevo secretario general del PSOE de Canarias con un total de 1.983 votos (43,59 por ciento) de los 4.577 votos totales emitidos en las islas. La participaci\u00f3n final registrada ha sido del 67,56 por ciento sobre un censo de 6.775 personas.<\/p>\n","protected":false},"author":1,"featured_media":3556,"comment_status":"open","ping_status":"open","sticky":false,"template":"","format":"standard","meta":{"footnotes":""},"categories":[7],"tags":[892,992,444],"class_list":["post-4050","post","type-post","status-publish","format-standard","has-post-thumbnail","hentry","category-politica","tag-angel-victor-torres","tag-primarias-2017","tag-secretario-general"],"featured_image_src":"https:\/\/psoecanarias.com\/web\/wp-content\/uploads\/2017\/06\/Cartel-XIII-Congreso-Regional-e1497614851580.jpg","author_info":{"display_name":"PSOE Canarias","author_link":"https:\/\/psoecanarias.com\/web\/author\/admin\/"},"yoast_head":"<!-- This site is optimized with the Yoast SEO plugin v27.2 - https:\/\/yoast.com\/product\/yoast-seo-wordpress\/ -->\n<title>\u00c1ngel V\u00edctor Torres, nuevo secretario general del PSOE de Canarias | PSOE Canarias<\/title>\n<meta name=\"robots\" content=\"index, follow, max-snippet:-1, max-image-preview:large, max-video-preview:-1\" \/>\n<link rel=\"canonical\" href=\"https:\/\/psoecanarias.com\/web\/angel-victor-torres-nuevo-secretario-general-del-psoe-de-canarias\/\" \/>\n<meta property=\"og:locale\" content=\"es_ES\" \/>\n<meta property=\"og:type\" content=\"article\" \/>\n<meta property=\"og:title\" content=\"\u00c1ngel V\u00edctor Torres, nuevo secretario general del PSOE de Canarias | PSOE Canarias\" \/>\n<meta property=\"og:description\" content=\"\u00c1ngel V\u00edctor Torres P\u00e9rez ha sido elegido hoy por la militancia nuevo secretario general del PSOE de Canarias con un total de 1.983 votos (43,59 por ciento) de los 4.577 votos totales emitidos en las islas. La participaci\u00f3n final registrada ha sido del 67,56 por ciento sobre un censo de 6.775 personas.\" \/>\n<meta property=\"og:url\" content=\"https:\/\/psoecanarias.com\/web\/angel-victor-torres-nuevo-secretario-general-del-psoe-de-canarias\/\" \/>\n<meta property=\"og:site_name\" content=\"PSOE Canarias\" \/>\n<meta property=\"article:published_time\" content=\"2017-07-23T21:34:49+00:00\" \/>\n<meta property=\"og:image\" content=\"https:\/\/psoecanarias.com\/web\/wp-content\/uploads\/2017\/06\/Cartel-XIII-Congreso-Regional-e1497614851580.jpg\" \/>\n\t<meta property=\"og:image:width\" content=\"900\" \/>\n\t<meta property=\"og:image:height\" content=\"242\" \/>\n\t<meta property=\"og:image:type\" content=\"image\/jpeg\" \/>\n<meta name=\"author\" content=\"PSOE Canarias\" \/>\n<meta name=\"twitter:card\" content=\"summary_large_image\" \/>\n<script type=\"application\/ld+json\" class=\"yoast-schema-graph\">{\"@context\":\"https:\/\/schema.org\",\"@graph\":[{\"@type\":\"Article\",\"@id\":\"https:\/\/psoecanarias.com\/web\/angel-victor-torres-nuevo-secretario-general-del-psoe-de-canarias\/#article\",\"isPartOf\":{\"@id\":\"https:\/\/psoecanarias.com\/web\/angel-victor-torres-nuevo-secretario-general-del-psoe-de-canarias\/\"},\"author\":{\"name\":\"PSOE Canarias\",\"@id\":\"https:\/\/psoecanarias.com\/web\/#\/schema\/person\/1ae43f9659d2fc599ca69c11e1dbf26f\"},\"headline\":\"\u00c1ngel V\u00edctor Torres, nuevo secretario general del PSOE de Canarias\",\"datePublished\":\"2017-07-23T21:34:49+00:00\",\"mainEntityOfPage\":{\"@id\":\"https:\/\/psoecanarias.com\/web\/angel-victor-torres-nuevo-secretario-general-del-psoe-de-canarias\/\"},\"wordCount\":309,\"commentCount\":0,\"image\":{\"@id\":\"https:\/\/psoecanarias.com\/web\/angel-victor-torres-nuevo-secretario-general-del-psoe-de-canarias\/#primaryimage\"},\"thumbnailUrl\":\"https:\/\/psoecanarias.com\/web\/wp-content\/uploads\/2017\/06\/Cartel-XIII-Congreso-Regional-e1497614851580.jpg\",\"keywords\":[\"\u00c1ngel V\u00edctor Torres\",\"Primarias 2017\",\"Secretario General\"],\"articleSection\":[\"Pol\u00edtica\"],\"inLanguage\":\"es\",\"potentialAction\":[{\"@type\":\"CommentAction\",\"name\":\"Comment\",\"target\":[\"https:\/\/psoecanarias.com\/web\/angel-victor-torres-nuevo-secretario-general-del-psoe-de-canarias\/#respond\"]}]},{\"@type\":\"WebPage\",\"@id\":\"https:\/\/psoecanarias.com\/web\/angel-victor-torres-nuevo-secretario-general-del-psoe-de-canarias\/\",\"url\":\"https:\/\/psoecanarias.com\/web\/angel-victor-torres-nuevo-secretario-general-del-psoe-de-canarias\/\",\"name\":\"\u00c1ngel V\u00edctor Torres, nuevo secretario general del PSOE de Canarias | PSOE Canarias\",\"isPartOf\":{\"@id\":\"https:\/\/psoecanarias.com\/web\/#website\"},\"primaryImageOfPage\":{\"@id\":\"https:\/\/psoecanarias.com\/web\/angel-victor-torres-nuevo-secretario-general-del-psoe-de-canarias\/#primaryimage\"},\"image\":{\"@id\":\"https:\/\/psoecanarias.com\/web\/angel-victor-torres-nuevo-secretario-general-del-psoe-de-canarias\/#primaryimage\"},\"thumbnailUrl\":\"https:\/\/psoecanarias.com\/web\/wp-content\/uploads\/2017\/06\/Cartel-XIII-Congreso-Regional-e1497614851580.jpg\",\"datePublished\":\"2017-07-23T21:34:49+00:00\",\"author\":{\"@id\":\"https:\/\/psoecanarias.com\/web\/#\/schema\/person\/1ae43f9659d2fc599ca69c11e1dbf26f\"},\"breadcrumb\":{\"@id\":\"https:\/\/psoecanarias.com\/web\/angel-victor-torres-nuevo-secretario-general-del-psoe-de-canarias\/#breadcrumb\"},\"inLanguage\":\"es\",\"potentialAction\":[{\"@type\":\"ReadAction\",\"target\":[\"https:\/\/psoecanarias.com\/web\/angel-victor-torres-nuevo-secretario-general-del-psoe-de-canarias\/\"]}]},{\"@type\":\"ImageObject\",\"inLanguage\":\"es\",\"@id\":\"https:\/\/psoecanarias.com\/web\/angel-victor-torres-nuevo-secretario-general-del-psoe-de-canarias\/#primaryimage\",\"url\":\"https:\/\/psoecanarias.com\/web\/wp-content\/uploads\/2017\/06\/Cartel-XIII-Congreso-Regional-e1497614851580.jpg\",\"contentUrl\":\"https:\/\/psoecanarias.com\/web\/wp-content\/uploads\/2017\/06\/Cartel-XIII-Congreso-Regional-e1497614851580.jpg\",\"width\":900,\"height\":242},{\"@type\":\"BreadcrumbList\",\"@id\":\"https:\/\/psoecanarias.com\/web\/angel-victor-torres-nuevo-secretario-general-del-psoe-de-canarias\/#breadcrumb\",\"itemListElement\":[{\"@type\":\"ListItem\",\"position\":1,\"name\":\"Portada\",\"item\":\"https:\/\/psoecanarias.com\/web\/\"},{\"@type\":\"ListItem\",\"position\":2,\"name\":\"\u00c1ngel V\u00edctor Torres, nuevo secretario general del PSOE de Canarias\"}]},{\"@type\":\"WebSite\",\"@id\":\"https:\/\/psoecanarias.com\/web\/#website\",\"url\":\"https:\/\/psoecanarias.com\/web\/\",\"name\":\"PSOE Canarias\",\"description\":\"Partido Socialista Obrero Espa\u00f1ol Canarias\",\"potentialAction\":[{\"@type\":\"SearchAction\",\"target\":{\"@type\":\"EntryPoint\",\"urlTemplate\":\"https:\/\/psoecanarias.com\/web\/?s={search_term_string}\"},\"query-input\":{\"@type\":\"PropertyValueSpecification\",\"valueRequired\":true,\"valueName\":\"search_term_string\"}}],\"inLanguage\":\"es\"},{\"@type\":\"Person\",\"@id\":\"https:\/\/psoecanarias.com\/web\/#\/schema\/person\/1ae43f9659d2fc599ca69c11e1dbf26f\",\"name\":\"PSOE Canarias\",\"image\":{\"@type\":\"ImageObject\",\"inLanguage\":\"es\",\"@id\":\"https:\/\/secure.gravatar.com\/avatar\/4364d37f6f6f9cdb7af199b46151565f37d8a8c3c0e04c1d78c04e857a15e3a8?s=96&d=mm&r=g\",\"url\":\"https:\/\/secure.gravatar.com\/avatar\/4364d37f6f6f9cdb7af199b46151565f37d8a8c3c0e04c1d78c04e857a15e3a8?s=96&d=mm&r=g\",\"contentUrl\":\"https:\/\/secure.gravatar.com\/avatar\/4364d37f6f6f9cdb7af199b46151565f37d8a8c3c0e04c1d78c04e857a15e3a8?s=96&d=mm&r=g\",\"caption\":\"PSOE Canarias\"},\"url\":\"https:\/\/psoecanarias.com\/web\/author\/admin\/\"}]}<\/script>\n<!-- \/ Yoast SEO plugin. -->","yoast_head_json":{"title":"\u00c1ngel V\u00edctor Torres, nuevo secretario general del PSOE de Canarias | PSOE Canarias","robots":{"index":"index","follow":"follow","max-snippet":"max-snippet:-1","max-image-preview":"max-image-preview:large","max-video-preview":"max-video-preview:-1"},"canonical":"https:\/\/psoecanarias.com\/web\/angel-victor-torres-nuevo-secretario-general-del-psoe-de-canarias\/","og_locale":"es_ES","og_type":"article","og_title":"\u00c1ngel V\u00edctor Torres, nuevo secretario general del PSOE de Canarias | PSOE Canarias","og_description":"\u00c1ngel V\u00edctor Torres P\u00e9rez ha sido elegido hoy por la militancia nuevo secretario general del PSOE de Canarias con un total de 1.983 votos (43,59 por ciento) de los 4.577 votos totales emitidos en las islas. La participaci\u00f3n final registrada ha sido del 67,56 por ciento sobre un censo de 6.775 personas.","og_url":"https:\/\/psoecanarias.com\/web\/angel-victor-torres-nuevo-secretario-general-del-psoe-de-canarias\/","og_site_name":"PSOE Canarias","article_published_time":"2017-07-23T21:34:49+00:00","og_image":[{"width":900,"height":242,"url":"https:\/\/psoecanarias.com\/web\/wp-content\/uploads\/2017\/06\/Cartel-XIII-Congreso-Regional-e1497614851580.jpg","type":"image\/jpeg"}],"author":"PSOE Canarias","twitter_card":"summary_large_image","schema":{"@context":"https:\/\/schema.org","@graph":[{"@type":"Article","@id":"https:\/\/psoecanarias.com\/web\/angel-victor-torres-nuevo-secretario-general-del-psoe-de-canarias\/#article","isPartOf":{"@id":"https:\/\/psoecanarias.com\/web\/angel-victor-torres-nuevo-secretario-general-del-psoe-de-canarias\/"},"author":{"name":"PSOE Canarias","@id":"https:\/\/psoecanarias.com\/web\/#\/schema\/person\/1ae43f9659d2fc599ca69c11e1dbf26f"},"headline":"\u00c1ngel V\u00edctor Torres, nuevo secretario general del PSOE de Canarias","datePublished":"2017-07-23T21:34:49+00:00","mainEntityOfPage":{"@id":"https:\/\/psoecanarias.com\/web\/angel-victor-torres-nuevo-secretario-general-del-psoe-de-canarias\/"},"wordCount":309,"commentCount":0,"image":{"@id":"https:\/\/psoecanarias.com\/web\/angel-victor-torres-nuevo-secretario-general-del-psoe-de-canarias\/#primaryimage"},"thumbnailUrl":"https:\/\/psoecanarias.com\/web\/wp-content\/uploads\/2017\/06\/Cartel-XIII-Congreso-Regional-e1497614851580.jpg","keywords":["\u00c1ngel V\u00edctor Torres","Primarias 2017","Secretario General"],"articleSection":["Pol\u00edtica"],"inLanguage":"es","potentialAction":[{"@type":"CommentAction","name":"Comment","target":["https:\/\/psoecanarias.com\/web\/angel-victor-torres-nuevo-secretario-general-del-psoe-de-canarias\/#respond"]}]},{"@type":"WebPage","@id":"https:\/\/psoecanarias.com\/web\/angel-victor-torres-nuevo-secretario-general-del-psoe-de-canarias\/","url":"https:\/\/psoecanarias.com\/web\/angel-victor-torres-nuevo-secretario-general-del-psoe-de-canarias\/","name":"\u00c1ngel V\u00edctor Torres, nuevo secretario general del PSOE de Canarias | PSOE Canarias","isPartOf":{"@id":"https:\/\/psoecanarias.com\/web\/#website"},"primaryImageOfPage":{"@id":"https:\/\/psoecanarias.com\/web\/angel-victor-torres-nuevo-secretario-general-del-psoe-de-canarias\/#primaryimage"},"image":{"@id":"https:\/\/psoecanarias.com\/web\/angel-victor-torres-nuevo-secretario-general-del-psoe-de-canarias\/#primaryimage"},"thumbnailUrl":"https:\/\/psoecanarias.com\/web\/wp-content\/uploads\/2017\/06\/Cartel-XIII-Congreso-Regional-e1497614851580.jpg","datePublished":"2017-07-23T21:34:49+00:00","author":{"@id":"https:\/\/psoecanarias.com\/web\/#\/schema\/person\/1ae43f9659d2fc599ca69c11e1dbf26f"},"breadcrumb":{"@id":"https:\/\/psoecanarias.com\/web\/angel-victor-torres-nuevo-secretario-general-del-psoe-de-canarias\/#breadcrumb"},"inLanguage":"es","potentialAction":[{"@type":"ReadAction","target":["https:\/\/psoecanarias.com\/web\/angel-victor-torres-nuevo-secretario-general-del-psoe-de-canarias\/"]}]},{"@type":"ImageObject","inLanguage":"es","@id":"https:\/\/psoecanarias.com\/web\/angel-victor-torres-nuevo-secretario-general-del-psoe-de-canarias\/#primaryimage","url":"https:\/\/psoecanarias.com\/web\/wp-content\/uploads\/2017\/06\/Cartel-XIII-Congreso-Regional-e1497614851580.jpg","contentUrl":"https:\/\/psoecanarias.com\/web\/wp-content\/uploads\/2017\/06\/Cartel-XIII-Congreso-Regional-e1497614851580.jpg","width":900,"height":242},{"@type":"BreadcrumbList","@id":"https:\/\/psoecanarias.com\/web\/angel-victor-torres-nuevo-secretario-general-del-psoe-de-canarias\/#breadcrumb","itemListElement":[{"@type":"ListItem","position":1,"name":"Portada","item":"https:\/\/psoecanarias.com\/web\/"},{"@type":"ListItem","position":2,"name":"\u00c1ngel V\u00edctor Torres, nuevo secretario general del PSOE de Canarias"}]},{"@type":"WebSite","@id":"https:\/\/psoecanarias.com\/web\/#website","url":"https:\/\/psoecanarias.com\/web\/","name":"PSOE Canarias","description":"Partido Socialista Obrero Espa\u00f1ol Canarias","potentialAction":[{"@type":"SearchAction","target":{"@type":"EntryPoint","urlTemplate":"https:\/\/psoecanarias.com\/web\/?s={search_term_string}"},"query-input":{"@type":"PropertyValueSpecification","valueRequired":true,"valueName":"search_term_string"}}],"inLanguage":"es"},{"@type":"Person","@id":"https:\/\/psoecanarias.com\/web\/#\/schema\/person\/1ae43f9659d2fc599ca69c11e1dbf26f","name":"PSOE Canarias","image":{"@type":"ImageObject","inLanguage":"es","@id":"https:\/\/secure.gravatar.com\/avatar\/4364d37f6f6f9cdb7af199b46151565f37d8a8c3c0e04c1d78c04e857a15e3a8?s=96&d=mm&r=g","url":"https:\/\/secure.gravatar.com\/avatar\/4364d37f6f6f9cdb7af199b46151565f37d8a8c3c0e04c1d78c04e857a15e3a8?s=96&d=mm&r=g","contentUrl":"https:\/\/secure.gravatar.com\/avatar\/4364d37f6f6f9cdb7af199b46151565f37d8a8c3c0e04c1d78c04e857a15e3a8?s=96&d=mm&r=g","caption":"PSOE Canarias"},"url":"https:\/\/psoecanarias.com\/web\/author\/admin\/"}]}},"_links":{"self":[{"href":"https:\/\/psoecanarias.com\/web\/wp-json\/wp\/v2\/posts\/4050","targetHints":{"allow":["GET"]}}],"collection":[{"href":"https:\/\/psoecanarias.com\/web\/wp-json\/wp\/v2\/posts"}],"about":[{"href":"https:\/\/psoecanarias.com\/web\/wp-json\/wp\/v2\/types\/post"}],"author":[{"embeddable":true,"href":"https:\/\/psoecanarias.com\/web\/wp-json\/wp\/v2\/users\/1"}],"replies":[{"embeddable":true,"href":"https:\/\/psoecanarias.com\/web\/wp-json\/wp\/v2\/comments?post=4050"}],"version-history":[{"count":1,"href":"https:\/\/psoecanarias.com\/web\/wp-json\/wp\/v2\/posts\/4050\/revisions"}],"predecessor-version":[{"id":4051,"href":"https:\/\/psoecanarias.com\/web\/wp-json\/wp\/v2\/posts\/4050\/revisions\/4051"}],"wp:featuredmedia":[{"embeddable":true,"href":"https:\/\/psoecanarias.com\/web\/wp-json\/wp\/v2\/media\/3556"}],"wp:attachment":[{"href":"https:\/\/psoecanarias.com\/web\/wp-json\/wp\/v2\/media?parent=4050"}],"wp:term":[{"taxonomy":"category","embeddable":true,"href":"https:\/\/psoecanarias.com\/web\/wp-json\/wp\/v2\/categories?post=4050"},{"taxonomy":"post_tag","embeddable":true,"href":"https:\/\/psoecanarias.com\/web\/wp-json\/wp\/v2\/tags?post=4050"}],"curies":[{"name":"wp","href":"https:\/\/api.w.org\/{rel}","templated":true}]}}