{"id":4181,"date":"2017-09-06T13:12:59","date_gmt":"2017-09-06T12:12:59","guid":{"rendered":"http:\/\/psoecanarias.com\/web\/?p=4181"},"modified":"2017-09-06T13:12:59","modified_gmt":"2017-09-06T12:12:59","slug":"el-psoe-pide-a-clavijo-que-deje-de-ver-con-normalidad-que-canarias-tenga-la-peor-sanidad-de-toda-espana","status":"publish","type":"post","link":"https:\/\/psoecanarias.com\/web\/el-psoe-pide-a-clavijo-que-deje-de-ver-con-normalidad-que-canarias-tenga-la-peor-sanidad-de-toda-espana\/","title":{"rendered":"El PSOE pide a Clavijo que deje de ver con normalidad que Canarias tenga la peor sanidad de toda Espa\u00f1a"},"content":{"rendered":"<p>El portavoz del Grupo Parlamentario Socialista, I\u00f1aki Lavandera, exigi\u00f3 este mi\u00e9rcoles al Gobierno de Clavijo que deje de contemplar \u201cimpasible y con total normalidad\u201d que Canarias tenga la peor sanidad p\u00fablica de toda Espa\u00f1a.<\/p>\n<p>Lavandera realiza estas manifestaciones despu\u00e9s de que la sanidad canaria vuelva a ser este a\u00f1o la de peor calidad de toda Espa\u00f1a, situ\u00e1ndose desde 2009 en el \u00faltimo o pen\u00faltimo lugar de todo el pa\u00eds, seg\u00fan el informe anual de la Federaci\u00f3n de Asociaciones para la Defensa de la Sanidad P\u00fablica.<\/p>\n<p>\u201cLos sucesivos recortes realizados por los Gobiernos de CC y PP han dejado una huella muy dif\u00edcil de borrar en la calidad del servicio que se presta al paciente y en las condiciones en que trabajan los profesionales del sector\u201d, afirma el portavoz, quien exige al Ejecutivo de CC que \u201cabandone su conformismo ante el hecho de que la sanidad est\u00e9 a la cola de Espa\u00f1a mientras que este Gobierno de CC es el primero de la clase en austeridad presupuestaria\u201d.<\/p>\n<p>I\u00f1aki Lavandera subraya que al PSOE \u201cle importan los beneficios que el sistema p\u00fablico sanitario brinda a la ciudadan\u00eda, no los resultados que arroja el presupuesto\u201d. Acusa al Ejecutivo de Clavijo y D\u00e1vila de \u201chaber intentado enterrar con desinformaciones un modelo de sanidad p\u00fablica que se estaba demostrando eficaz para las personas y sostenible presupuestariamente\u201d, en alusi\u00f3n a la gesti\u00f3n realizada por el PSOE con Jes\u00fas Morera al frente de la Consejer\u00eda.<\/p>\n<p>\u201cCC quiso poner en entredicho el cambio de modelo sanitario en Canarias que el PSOE hab\u00eda puesto en marcha, despu\u00e9s de veinte a\u00f1os de gesti\u00f3n conservadora en los que se vio siempre la sanidad como un gasto y no como una inversi\u00f3n en salud, como una obligaci\u00f3n ineludible y prioritaria de los poderes p\u00fablicos\u201d.<\/p>\n<p>El parlamentario del PSOE remarca que el Gobierno en minor\u00eda \u201cdebe asumir que no se puede mirar hacia otro lado cuando es urgente mejorar la financiaci\u00f3n de la sanidad en Canarias\u201d. Sostiene que \u201cno entender que la sanidad sufre un d\u00e9ficit cr\u00f3nico de financiaci\u00f3n en nuestro presupuesto es no querer entender nada y, lejos de entenderlo, su postura siempre ha sido la de la contenci\u00f3n del gasto\u201d.<\/p>\n<p>Lavandera afirma que CC considera que los indicadores de actividad sanitaria y los resultados en salud se miden \u00fanicamente en lo que se gasta y la lista de espera, sin valorar si se han atendido m\u00e1s urgencias, si se han realizado m\u00e1s ingresos, si se ha aumentado la actividad de consultas de especialistas y en atenci\u00f3n primaria ni si ha aumentado la actividad en la realizaci\u00f3n de pruebas especiales para el diagn\u00f3stico de enfermedades, como ocurri\u00f3 en 2016.<\/p>\n<p>Por \u00faltimo, insta a Fernando Clavijo a \u201cno hacerle al consejero Baltar lo que le hizo a Jes\u00fas Morera, porque al final quien lo paga es la sociedad canaria, los pacientes, los profesionales sanitarios\u201d.<\/p>\n","protected":false},"excerpt":{"rendered":"<p>El portavoz del Grupo Parlamentario Socialista, I\u00f1aki Lavandera, exigi\u00f3 este mi\u00e9rcoles al Gobierno de Clavijo que deje de contemplar \u201cimpasible y con total normalidad\u201d que Canarias tenga la peor sanidad p\u00fablica de toda Espa\u00f1a.<\/p>\n","protected":false},"author":1,"featured_media":4182,"comment_status":"open","ping_status":"open","sticky":false,"template":"","format":"standard","meta":{"footnotes":""},"categories":[7],"tags":[293,32,35],"class_list":["post-4181","post","type-post","status-publish","format-standard","has-post-thumbnail","hentry","category-politica","tag-grupo-parlamentario-socialista-canario","tag-inaki-lavandera","tag-sanidad"],"featured_image_src":"https:\/\/psoecanarias.com\/web\/wp-content\/uploads\/2017\/09\/27963671976_1da75282ac_k.jpg","author_info":{"display_name":"PSOE Canarias","author_link":"https:\/\/psoecanarias.com\/web\/author\/admin\/"},"yoast_head":"<!-- This site is optimized with the Yoast SEO plugin v27.2 - https:\/\/yoast.com\/product\/yoast-seo-wordpress\/ -->\n<title>El PSOE pide a Clavijo que deje de ver con normalidad que Canarias tenga la peor sanidad de toda Espa\u00f1a | PSOE Canarias<\/title>\n<meta name=\"robots\" content=\"index, follow, max-snippet:-1, max-image-preview:large, max-video-preview:-1\" \/>\n<link rel=\"canonical\" href=\"https:\/\/psoecanarias.com\/web\/el-psoe-pide-a-clavijo-que-deje-de-ver-con-normalidad-que-canarias-tenga-la-peor-sanidad-de-toda-espana\/\" \/>\n<meta property=\"og:locale\" content=\"es_ES\" \/>\n<meta property=\"og:type\" content=\"article\" \/>\n<meta property=\"og:title\" content=\"El PSOE pide a Clavijo que deje de ver con normalidad que Canarias tenga la peor sanidad de toda Espa\u00f1a | PSOE Canarias\" \/>\n<meta property=\"og:description\" content=\"El portavoz del Grupo Parlamentario Socialista, I\u00f1aki Lavandera, exigi\u00f3 este mi\u00e9rcoles al Gobierno de Clavijo que deje de contemplar \u201cimpasible y con total normalidad\u201d que Canarias tenga la peor sanidad p\u00fablica de toda Espa\u00f1a.\" \/>\n<meta property=\"og:url\" content=\"https:\/\/psoecanarias.com\/web\/el-psoe-pide-a-clavijo-que-deje-de-ver-con-normalidad-que-canarias-tenga-la-peor-sanidad-de-toda-espana\/\" \/>\n<meta property=\"og:site_name\" content=\"PSOE Canarias\" \/>\n<meta property=\"article:published_time\" content=\"2017-09-06T12:12:59+00:00\" \/>\n<meta property=\"og:image\" content=\"https:\/\/psoecanarias.com\/web\/wp-content\/uploads\/2017\/09\/27963671976_1da75282ac_k.jpg\" \/>\n\t<meta property=\"og:image:width\" content=\"1087\" \/>\n\t<meta property=\"og:image:height\" content=\"1252\" \/>\n\t<meta property=\"og:image:type\" content=\"image\/jpeg\" \/>\n<meta name=\"author\" content=\"PSOE Canarias\" \/>\n<meta name=\"twitter:card\" content=\"summary_large_image\" \/>\n<script type=\"application\/ld+json\" class=\"yoast-schema-graph\">{\"@context\":\"https:\/\/schema.org\",\"@graph\":[{\"@type\":\"Article\",\"@id\":\"https:\/\/psoecanarias.com\/web\/el-psoe-pide-a-clavijo-que-deje-de-ver-con-normalidad-que-canarias-tenga-la-peor-sanidad-de-toda-espana\/#article\",\"isPartOf\":{\"@id\":\"https:\/\/psoecanarias.com\/web\/el-psoe-pide-a-clavijo-que-deje-de-ver-con-normalidad-que-canarias-tenga-la-peor-sanidad-de-toda-espana\/\"},\"author\":{\"name\":\"PSOE Canarias\",\"@id\":\"https:\/\/psoecanarias.com\/web\/#\/schema\/person\/1ae43f9659d2fc599ca69c11e1dbf26f\"},\"headline\":\"El PSOE pide a Clavijo que deje de ver con normalidad que Canarias tenga la peor sanidad de toda Espa\u00f1a\",\"datePublished\":\"2017-09-06T12:12:59+00:00\",\"mainEntityOfPage\":{\"@id\":\"https:\/\/psoecanarias.com\/web\/el-psoe-pide-a-clavijo-que-deje-de-ver-con-normalidad-que-canarias-tenga-la-peor-sanidad-de-toda-espana\/\"},\"wordCount\":533,\"commentCount\":0,\"image\":{\"@id\":\"https:\/\/psoecanarias.com\/web\/el-psoe-pide-a-clavijo-que-deje-de-ver-con-normalidad-que-canarias-tenga-la-peor-sanidad-de-toda-espana\/#primaryimage\"},\"thumbnailUrl\":\"https:\/\/psoecanarias.com\/web\/wp-content\/uploads\/2017\/09\/27963671976_1da75282ac_k.jpg\",\"keywords\":[\"Grupo Parlamentario Socialista Canario\",\"I\u00f1aki Lavandera\",\"sanidad\"],\"articleSection\":[\"Pol\u00edtica\"],\"inLanguage\":\"es\",\"potentialAction\":[{\"@type\":\"CommentAction\",\"name\":\"Comment\",\"target\":[\"https:\/\/psoecanarias.com\/web\/el-psoe-pide-a-clavijo-que-deje-de-ver-con-normalidad-que-canarias-tenga-la-peor-sanidad-de-toda-espana\/#respond\"]}]},{\"@type\":\"WebPage\",\"@id\":\"https:\/\/psoecanarias.com\/web\/el-psoe-pide-a-clavijo-que-deje-de-ver-con-normalidad-que-canarias-tenga-la-peor-sanidad-de-toda-espana\/\",\"url\":\"https:\/\/psoecanarias.com\/web\/el-psoe-pide-a-clavijo-que-deje-de-ver-con-normalidad-que-canarias-tenga-la-peor-sanidad-de-toda-espana\/\",\"name\":\"El PSOE pide a Clavijo que deje de ver con normalidad que Canarias tenga la peor sanidad de toda Espa\u00f1a | PSOE Canarias\",\"isPartOf\":{\"@id\":\"https:\/\/psoecanarias.com\/web\/#website\"},\"primaryImageOfPage\":{\"@id\":\"https:\/\/psoecanarias.com\/web\/el-psoe-pide-a-clavijo-que-deje-de-ver-con-normalidad-que-canarias-tenga-la-peor-sanidad-de-toda-espana\/#primaryimage\"},\"image\":{\"@id\":\"https:\/\/psoecanarias.com\/web\/el-psoe-pide-a-clavijo-que-deje-de-ver-con-normalidad-que-canarias-tenga-la-peor-sanidad-de-toda-espana\/#primaryimage\"},\"thumbnailUrl\":\"https:\/\/psoecanarias.com\/web\/wp-content\/uploads\/2017\/09\/27963671976_1da75282ac_k.jpg\",\"datePublished\":\"2017-09-06T12:12:59+00:00\",\"author\":{\"@id\":\"https:\/\/psoecanarias.com\/web\/#\/schema\/person\/1ae43f9659d2fc599ca69c11e1dbf26f\"},\"breadcrumb\":{\"@id\":\"https:\/\/psoecanarias.com\/web\/el-psoe-pide-a-clavijo-que-deje-de-ver-con-normalidad-que-canarias-tenga-la-peor-sanidad-de-toda-espana\/#breadcrumb\"},\"inLanguage\":\"es\",\"potentialAction\":[{\"@type\":\"ReadAction\",\"target\":[\"https:\/\/psoecanarias.com\/web\/el-psoe-pide-a-clavijo-que-deje-de-ver-con-normalidad-que-canarias-tenga-la-peor-sanidad-de-toda-espana\/\"]}]},{\"@type\":\"ImageObject\",\"inLanguage\":\"es\",\"@id\":\"https:\/\/psoecanarias.com\/web\/el-psoe-pide-a-clavijo-que-deje-de-ver-con-normalidad-que-canarias-tenga-la-peor-sanidad-de-toda-espana\/#primaryimage\",\"url\":\"https:\/\/psoecanarias.com\/web\/wp-content\/uploads\/2017\/09\/27963671976_1da75282ac_k.jpg\",\"contentUrl\":\"https:\/\/psoecanarias.com\/web\/wp-content\/uploads\/2017\/09\/27963671976_1da75282ac_k.jpg\",\"width\":1087,\"height\":1252},{\"@type\":\"BreadcrumbList\",\"@id\":\"https:\/\/psoecanarias.com\/web\/el-psoe-pide-a-clavijo-que-deje-de-ver-con-normalidad-que-canarias-tenga-la-peor-sanidad-de-toda-espana\/#breadcrumb\",\"itemListElement\":[{\"@type\":\"ListItem\",\"position\":1,\"name\":\"Portada\",\"item\":\"https:\/\/psoecanarias.com\/web\/\"},{\"@type\":\"ListItem\",\"position\":2,\"name\":\"El PSOE pide a Clavijo que deje de ver con normalidad que Canarias tenga la peor sanidad de toda Espa\u00f1a\"}]},{\"@type\":\"WebSite\",\"@id\":\"https:\/\/psoecanarias.com\/web\/#website\",\"url\":\"https:\/\/psoecanarias.com\/web\/\",\"name\":\"PSOE Canarias\",\"description\":\"Partido Socialista Obrero Espa\u00f1ol Canarias\",\"potentialAction\":[{\"@type\":\"SearchAction\",\"target\":{\"@type\":\"EntryPoint\",\"urlTemplate\":\"https:\/\/psoecanarias.com\/web\/?s={search_term_string}\"},\"query-input\":{\"@type\":\"PropertyValueSpecification\",\"valueRequired\":true,\"valueName\":\"search_term_string\"}}],\"inLanguage\":\"es\"},{\"@type\":\"Person\",\"@id\":\"https:\/\/psoecanarias.com\/web\/#\/schema\/person\/1ae43f9659d2fc599ca69c11e1dbf26f\",\"name\":\"PSOE Canarias\",\"image\":{\"@type\":\"ImageObject\",\"inLanguage\":\"es\",\"@id\":\"https:\/\/secure.gravatar.com\/avatar\/4364d37f6f6f9cdb7af199b46151565f37d8a8c3c0e04c1d78c04e857a15e3a8?s=96&d=mm&r=g\",\"url\":\"https:\/\/secure.gravatar.com\/avatar\/4364d37f6f6f9cdb7af199b46151565f37d8a8c3c0e04c1d78c04e857a15e3a8?s=96&d=mm&r=g\",\"contentUrl\":\"https:\/\/secure.gravatar.com\/avatar\/4364d37f6f6f9cdb7af199b46151565f37d8a8c3c0e04c1d78c04e857a15e3a8?s=96&d=mm&r=g\",\"caption\":\"PSOE Canarias\"},\"url\":\"https:\/\/psoecanarias.com\/web\/author\/admin\/\"}]}<\/script>\n<!-- \/ Yoast SEO plugin. -->","yoast_head_json":{"title":"El PSOE pide a Clavijo que deje de ver con normalidad que Canarias tenga la peor sanidad de toda Espa\u00f1a | PSOE Canarias","robots":{"index":"index","follow":"follow","max-snippet":"max-snippet:-1","max-image-preview":"max-image-preview:large","max-video-preview":"max-video-preview:-1"},"canonical":"https:\/\/psoecanarias.com\/web\/el-psoe-pide-a-clavijo-que-deje-de-ver-con-normalidad-que-canarias-tenga-la-peor-sanidad-de-toda-espana\/","og_locale":"es_ES","og_type":"article","og_title":"El PSOE pide a Clavijo que deje de ver con normalidad que Canarias tenga la peor sanidad de toda Espa\u00f1a | PSOE Canarias","og_description":"El portavoz del Grupo Parlamentario Socialista, I\u00f1aki Lavandera, exigi\u00f3 este mi\u00e9rcoles al Gobierno de Clavijo que deje de contemplar \u201cimpasible y con total normalidad\u201d que Canarias tenga la peor sanidad p\u00fablica de toda Espa\u00f1a.","og_url":"https:\/\/psoecanarias.com\/web\/el-psoe-pide-a-clavijo-que-deje-de-ver-con-normalidad-que-canarias-tenga-la-peor-sanidad-de-toda-espana\/","og_site_name":"PSOE Canarias","article_published_time":"2017-09-06T12:12:59+00:00","og_image":[{"width":1087,"height":1252,"url":"https:\/\/psoecanarias.com\/web\/wp-content\/uploads\/2017\/09\/27963671976_1da75282ac_k.jpg","type":"image\/jpeg"}],"author":"PSOE Canarias","twitter_card":"summary_large_image","schema":{"@context":"https:\/\/schema.org","@graph":[{"@type":"Article","@id":"https:\/\/psoecanarias.com\/web\/el-psoe-pide-a-clavijo-que-deje-de-ver-con-normalidad-que-canarias-tenga-la-peor-sanidad-de-toda-espana\/#article","isPartOf":{"@id":"https:\/\/psoecanarias.com\/web\/el-psoe-pide-a-clavijo-que-deje-de-ver-con-normalidad-que-canarias-tenga-la-peor-sanidad-de-toda-espana\/"},"author":{"name":"PSOE Canarias","@id":"https:\/\/psoecanarias.com\/web\/#\/schema\/person\/1ae43f9659d2fc599ca69c11e1dbf26f"},"headline":"El PSOE pide a Clavijo que deje de ver con normalidad que Canarias tenga la peor sanidad de toda Espa\u00f1a","datePublished":"2017-09-06T12:12:59+00:00","mainEntityOfPage":{"@id":"https:\/\/psoecanarias.com\/web\/el-psoe-pide-a-clavijo-que-deje-de-ver-con-normalidad-que-canarias-tenga-la-peor-sanidad-de-toda-espana\/"},"wordCount":533,"commentCount":0,"image":{"@id":"https:\/\/psoecanarias.com\/web\/el-psoe-pide-a-clavijo-que-deje-de-ver-con-normalidad-que-canarias-tenga-la-peor-sanidad-de-toda-espana\/#primaryimage"},"thumbnailUrl":"https:\/\/psoecanarias.com\/web\/wp-content\/uploads\/2017\/09\/27963671976_1da75282ac_k.jpg","keywords":["Grupo Parlamentario Socialista Canario","I\u00f1aki Lavandera","sanidad"],"articleSection":["Pol\u00edtica"],"inLanguage":"es","potentialAction":[{"@type":"CommentAction","name":"Comment","target":["https:\/\/psoecanarias.com\/web\/el-psoe-pide-a-clavijo-que-deje-de-ver-con-normalidad-que-canarias-tenga-la-peor-sanidad-de-toda-espana\/#respond"]}]},{"@type":"WebPage","@id":"https:\/\/psoecanarias.com\/web\/el-psoe-pide-a-clavijo-que-deje-de-ver-con-normalidad-que-canarias-tenga-la-peor-sanidad-de-toda-espana\/","url":"https:\/\/psoecanarias.com\/web\/el-psoe-pide-a-clavijo-que-deje-de-ver-con-normalidad-que-canarias-tenga-la-peor-sanidad-de-toda-espana\/","name":"El PSOE pide a Clavijo que deje de ver con normalidad que Canarias tenga la peor sanidad de toda Espa\u00f1a | PSOE Canarias","isPartOf":{"@id":"https:\/\/psoecanarias.com\/web\/#website"},"primaryImageOfPage":{"@id":"https:\/\/psoecanarias.com\/web\/el-psoe-pide-a-clavijo-que-deje-de-ver-con-normalidad-que-canarias-tenga-la-peor-sanidad-de-toda-espana\/#primaryimage"},"image":{"@id":"https:\/\/psoecanarias.com\/web\/el-psoe-pide-a-clavijo-que-deje-de-ver-con-normalidad-que-canarias-tenga-la-peor-sanidad-de-toda-espana\/#primaryimage"},"thumbnailUrl":"https:\/\/psoecanarias.com\/web\/wp-content\/uploads\/2017\/09\/27963671976_1da75282ac_k.jpg","datePublished":"2017-09-06T12:12:59+00:00","author":{"@id":"https:\/\/psoecanarias.com\/web\/#\/schema\/person\/1ae43f9659d2fc599ca69c11e1dbf26f"},"breadcrumb":{"@id":"https:\/\/psoecanarias.com\/web\/el-psoe-pide-a-clavijo-que-deje-de-ver-con-normalidad-que-canarias-tenga-la-peor-sanidad-de-toda-espana\/#breadcrumb"},"inLanguage":"es","potentialAction":[{"@type":"ReadAction","target":["https:\/\/psoecanarias.com\/web\/el-psoe-pide-a-clavijo-que-deje-de-ver-con-normalidad-que-canarias-tenga-la-peor-sanidad-de-toda-espana\/"]}]},{"@type":"ImageObject","inLanguage":"es","@id":"https:\/\/psoecanarias.com\/web\/el-psoe-pide-a-clavijo-que-deje-de-ver-con-normalidad-que-canarias-tenga-la-peor-sanidad-de-toda-espana\/#primaryimage","url":"https:\/\/psoecanarias.com\/web\/wp-content\/uploads\/2017\/09\/27963671976_1da75282ac_k.jpg","contentUrl":"https:\/\/psoecanarias.com\/web\/wp-content\/uploads\/2017\/09\/27963671976_1da75282ac_k.jpg","width":1087,"height":1252},{"@type":"BreadcrumbList","@id":"https:\/\/psoecanarias.com\/web\/el-psoe-pide-a-clavijo-que-deje-de-ver-con-normalidad-que-canarias-tenga-la-peor-sanidad-de-toda-espana\/#breadcrumb","itemListElement":[{"@type":"ListItem","position":1,"name":"Portada","item":"https:\/\/psoecanarias.com\/web\/"},{"@type":"ListItem","position":2,"name":"El PSOE pide a Clavijo que deje de ver con normalidad que Canarias tenga la peor sanidad de toda Espa\u00f1a"}]},{"@type":"WebSite","@id":"https:\/\/psoecanarias.com\/web\/#website","url":"https:\/\/psoecanarias.com\/web\/","name":"PSOE Canarias","description":"Partido Socialista Obrero Espa\u00f1ol Canarias","potentialAction":[{"@type":"SearchAction","target":{"@type":"EntryPoint","urlTemplate":"https:\/\/psoecanarias.com\/web\/?s={search_term_string}"},"query-input":{"@type":"PropertyValueSpecification","valueRequired":true,"valueName":"search_term_string"}}],"inLanguage":"es"},{"@type":"Person","@id":"https:\/\/psoecanarias.com\/web\/#\/schema\/person\/1ae43f9659d2fc599ca69c11e1dbf26f","name":"PSOE Canarias","image":{"@type":"ImageObject","inLanguage":"es","@id":"https:\/\/secure.gravatar.com\/avatar\/4364d37f6f6f9cdb7af199b46151565f37d8a8c3c0e04c1d78c04e857a15e3a8?s=96&d=mm&r=g","url":"https:\/\/secure.gravatar.com\/avatar\/4364d37f6f6f9cdb7af199b46151565f37d8a8c3c0e04c1d78c04e857a15e3a8?s=96&d=mm&r=g","contentUrl":"https:\/\/secure.gravatar.com\/avatar\/4364d37f6f6f9cdb7af199b46151565f37d8a8c3c0e04c1d78c04e857a15e3a8?s=96&d=mm&r=g","caption":"PSOE Canarias"},"url":"https:\/\/psoecanarias.com\/web\/author\/admin\/"}]}},"_links":{"self":[{"href":"https:\/\/psoecanarias.com\/web\/wp-json\/wp\/v2\/posts\/4181","targetHints":{"allow":["GET"]}}],"collection":[{"href":"https:\/\/psoecanarias.com\/web\/wp-json\/wp\/v2\/posts"}],"about":[{"href":"https:\/\/psoecanarias.com\/web\/wp-json\/wp\/v2\/types\/post"}],"author":[{"embeddable":true,"href":"https:\/\/psoecanarias.com\/web\/wp-json\/wp\/v2\/users\/1"}],"replies":[{"embeddable":true,"href":"https:\/\/psoecanarias.com\/web\/wp-json\/wp\/v2\/comments?post=4181"}],"version-history":[{"count":1,"href":"https:\/\/psoecanarias.com\/web\/wp-json\/wp\/v2\/posts\/4181\/revisions"}],"predecessor-version":[{"id":4183,"href":"https:\/\/psoecanarias.com\/web\/wp-json\/wp\/v2\/posts\/4181\/revisions\/4183"}],"wp:featuredmedia":[{"embeddable":true,"href":"https:\/\/psoecanarias.com\/web\/wp-json\/wp\/v2\/media\/4182"}],"wp:attachment":[{"href":"https:\/\/psoecanarias.com\/web\/wp-json\/wp\/v2\/media?parent=4181"}],"wp:term":[{"taxonomy":"category","embeddable":true,"href":"https:\/\/psoecanarias.com\/web\/wp-json\/wp\/v2\/categories?post=4181"},{"taxonomy":"post_tag","embeddable":true,"href":"https:\/\/psoecanarias.com\/web\/wp-json\/wp\/v2\/tags?post=4181"}],"curies":[{"name":"wp","href":"https:\/\/api.w.org\/{rel}","templated":true}]}}