{"id":44953,"date":"2024-03-08T11:14:40","date_gmt":"2024-03-08T11:14:40","guid":{"rendered":"https:\/\/psoecanarias.com\/web\/?p=44953"},"modified":"2024-03-08T11:14:40","modified_gmt":"2024-03-08T11:14:40","slug":"valbuena-lamenta-la-irresponsabilidad-del-pp-votando-en-contra-de-la-senda-de-deficit-del-gobierno","status":"publish","type":"post","link":"https:\/\/psoecanarias.com\/web\/valbuena-lamenta-la-irresponsabilidad-del-pp-votando-en-contra-de-la-senda-de-deficit-del-gobierno\/","title":{"rendered":"Valbuena lamenta la &#8220;irresponsabilidad&#8221; del PP votando en contra de la senda de d\u00e9ficit del Gobierno"},"content":{"rendered":"<p dir=\"ltr\"><b>Canarias, 8 de marzo de 2024.&#8211;<\/b> El senador auton\u00f3mico del PSOE Canarias, Jos\u00e9 Antonio Valbuena, ha criticado el nuevo voto en contra del Partido Popular en el Senado de los objetivos de estabilidad presupuestaria propuestos por el Gobierno, paso previo para la aprobaci\u00f3n de los nuevos Presupuestos Generales del Estado. Con este rechazo, ha dicho Valbuena, el PP perjudica al conjunto de los espa\u00f1oles y, por supuesto, tambi\u00e9n a Canarias, por lo que ha pedido explicaciones al vicepresidente del Ejecutivo canario, el popular Manuel Dom\u00ednguez.<\/p>\n<p dir=\"ltr\">&#8220;Evitan que Espa\u00f1a pueda tener un presupuesto, pero no solo eso, sino que adem\u00e1s evitan que Canarias pueda disponer de 56 millones m\u00e1s para complementar partidas y recursos muy importantes para la ciudadan\u00eda&#8221;, ha se\u00f1alado.<\/p>\n<p dir=\"ltr\">&#8220;El Partido Popular no puede tener, de alguna forma, secuestrado al Senado y con ello al conjunto del Estado espa\u00f1ol, sencillamente para que los espa\u00f1oles no se vean beneficiados de las pol\u00edticas que al final llegan a ellos. El se\u00f1or Dom\u00ednguez tiene que dar explicaciones de por qu\u00e9 pide compromisos econ\u00f3micos al Gobierno de Espa\u00f1a, pero sin embargo su partido, el partido al que pertenece, lo que hace es tener secuestrado a los espa\u00f1oles y espa\u00f1olas&#8221;.<\/p>\n<p dir=\"ltr\">Valbuena ha calificado de &#8220;irresponsable&#8221; este comportamiento de los populares: &#8220;Si no est\u00e1n de acuerdo con los presupuestos lo que tienen que hacer es votar con los presupuestos que se presenten&#8221;. Para a\u00f1adir: &#8220;Lo que est\u00e1n haciendo es castigar al conjunto de los territorios por un odio visceral del se\u00f1or Feij\u00f3o contra todo lo que suponen las pol\u00edticas de avance que los socialistas hemos estado desplegando en estos \u00faltimos a\u00f1os&#8221;<\/p>\n<p dir=\"ltr\">\n","protected":false},"excerpt":{"rendered":"<p>&#8220;no puede tener, de alguna forma, secuestrado al Senado y con ello al conjunto del Estado espa\u00f1ol&#8221;, lamenta el senador auton\u00f3mico de los socialistas<\/p>\n","protected":false},"author":1,"featured_media":44954,"comment_status":"open","ping_status":"open","sticky":false,"template":"","format":"standard","meta":{"footnotes":""},"categories":[1197,1184,7],"tags":[1208],"class_list":["post-44953","post","type-post","status-publish","format-standard","has-post-thumbnail","hentry","category-cortes-generales","category-noticias","category-politica","tag-jose-antonio-valbuena"],"featured_image_src":"https:\/\/psoecanarias.com\/web\/wp-content\/uploads\/2024\/03\/53412197721_e5d01a76ae_k.jpg","author_info":{"display_name":"PSOE Canarias","author_link":"https:\/\/psoecanarias.com\/web\/author\/admin\/"},"yoast_head":"<!-- This site is optimized with the Yoast SEO plugin v27.2 - https:\/\/yoast.com\/product\/yoast-seo-wordpress\/ -->\n<title>Valbuena lamenta la &quot;irresponsabilidad&quot; del PP votando en contra de la senda de d\u00e9ficit del Gobierno | PSOE Canarias<\/title>\n<meta name=\"robots\" content=\"index, follow, max-snippet:-1, max-image-preview:large, max-video-preview:-1\" \/>\n<link rel=\"canonical\" href=\"https:\/\/psoecanarias.com\/web\/valbuena-lamenta-la-irresponsabilidad-del-pp-votando-en-contra-de-la-senda-de-deficit-del-gobierno\/\" \/>\n<meta property=\"og:locale\" content=\"es_ES\" \/>\n<meta property=\"og:type\" content=\"article\" \/>\n<meta property=\"og:title\" content=\"Valbuena lamenta la &quot;irresponsabilidad&quot; del PP votando en contra de la senda de d\u00e9ficit del Gobierno | PSOE Canarias\" \/>\n<meta property=\"og:description\" content=\"&quot;no puede tener, de alguna forma, secuestrado al Senado y con ello al conjunto del Estado espa\u00f1ol&quot;, lamenta el senador auton\u00f3mico de los socialistas\" \/>\n<meta property=\"og:url\" content=\"https:\/\/psoecanarias.com\/web\/valbuena-lamenta-la-irresponsabilidad-del-pp-votando-en-contra-de-la-senda-de-deficit-del-gobierno\/\" \/>\n<meta property=\"og:site_name\" content=\"PSOE Canarias\" \/>\n<meta property=\"article:published_time\" content=\"2024-03-08T11:14:40+00:00\" \/>\n<meta property=\"og:image\" content=\"https:\/\/psoecanarias.com\/web\/wp-content\/uploads\/2024\/03\/53412197721_e5d01a76ae_k.jpg\" \/>\n\t<meta property=\"og:image:width\" content=\"2048\" \/>\n\t<meta property=\"og:image:height\" content=\"1365\" \/>\n\t<meta property=\"og:image:type\" content=\"image\/jpeg\" \/>\n<meta name=\"author\" content=\"PSOE Canarias\" \/>\n<meta name=\"twitter:card\" content=\"summary_large_image\" \/>\n<script type=\"application\/ld+json\" class=\"yoast-schema-graph\">{\"@context\":\"https:\/\/schema.org\",\"@graph\":[{\"@type\":\"Article\",\"@id\":\"https:\/\/psoecanarias.com\/web\/valbuena-lamenta-la-irresponsabilidad-del-pp-votando-en-contra-de-la-senda-de-deficit-del-gobierno\/#article\",\"isPartOf\":{\"@id\":\"https:\/\/psoecanarias.com\/web\/valbuena-lamenta-la-irresponsabilidad-del-pp-votando-en-contra-de-la-senda-de-deficit-del-gobierno\/\"},\"author\":{\"name\":\"PSOE Canarias\",\"@id\":\"https:\/\/psoecanarias.com\/web\/#\/schema\/person\/1ae43f9659d2fc599ca69c11e1dbf26f\"},\"headline\":\"Valbuena lamenta la &#8220;irresponsabilidad&#8221; del PP votando en contra de la senda de d\u00e9ficit del Gobierno\",\"datePublished\":\"2024-03-08T11:14:40+00:00\",\"mainEntityOfPage\":{\"@id\":\"https:\/\/psoecanarias.com\/web\/valbuena-lamenta-la-irresponsabilidad-del-pp-votando-en-contra-de-la-senda-de-deficit-del-gobierno\/\"},\"wordCount\":307,\"commentCount\":0,\"image\":{\"@id\":\"https:\/\/psoecanarias.com\/web\/valbuena-lamenta-la-irresponsabilidad-del-pp-votando-en-contra-de-la-senda-de-deficit-del-gobierno\/#primaryimage\"},\"thumbnailUrl\":\"https:\/\/psoecanarias.com\/web\/wp-content\/uploads\/2024\/03\/53412197721_e5d01a76ae_k.jpg\",\"keywords\":[\"Jos\u00e9 Antonio Valbuena\"],\"articleSection\":[\"Cortes Generales\",\"Noticias\",\"Pol\u00edtica\"],\"inLanguage\":\"es\",\"potentialAction\":[{\"@type\":\"CommentAction\",\"name\":\"Comment\",\"target\":[\"https:\/\/psoecanarias.com\/web\/valbuena-lamenta-la-irresponsabilidad-del-pp-votando-en-contra-de-la-senda-de-deficit-del-gobierno\/#respond\"]}]},{\"@type\":\"WebPage\",\"@id\":\"https:\/\/psoecanarias.com\/web\/valbuena-lamenta-la-irresponsabilidad-del-pp-votando-en-contra-de-la-senda-de-deficit-del-gobierno\/\",\"url\":\"https:\/\/psoecanarias.com\/web\/valbuena-lamenta-la-irresponsabilidad-del-pp-votando-en-contra-de-la-senda-de-deficit-del-gobierno\/\",\"name\":\"Valbuena lamenta la \\\"irresponsabilidad\\\" del PP votando en contra de la senda de d\u00e9ficit del Gobierno | PSOE Canarias\",\"isPartOf\":{\"@id\":\"https:\/\/psoecanarias.com\/web\/#website\"},\"primaryImageOfPage\":{\"@id\":\"https:\/\/psoecanarias.com\/web\/valbuena-lamenta-la-irresponsabilidad-del-pp-votando-en-contra-de-la-senda-de-deficit-del-gobierno\/#primaryimage\"},\"image\":{\"@id\":\"https:\/\/psoecanarias.com\/web\/valbuena-lamenta-la-irresponsabilidad-del-pp-votando-en-contra-de-la-senda-de-deficit-del-gobierno\/#primaryimage\"},\"thumbnailUrl\":\"https:\/\/psoecanarias.com\/web\/wp-content\/uploads\/2024\/03\/53412197721_e5d01a76ae_k.jpg\",\"datePublished\":\"2024-03-08T11:14:40+00:00\",\"author\":{\"@id\":\"https:\/\/psoecanarias.com\/web\/#\/schema\/person\/1ae43f9659d2fc599ca69c11e1dbf26f\"},\"breadcrumb\":{\"@id\":\"https:\/\/psoecanarias.com\/web\/valbuena-lamenta-la-irresponsabilidad-del-pp-votando-en-contra-de-la-senda-de-deficit-del-gobierno\/#breadcrumb\"},\"inLanguage\":\"es\",\"potentialAction\":[{\"@type\":\"ReadAction\",\"target\":[\"https:\/\/psoecanarias.com\/web\/valbuena-lamenta-la-irresponsabilidad-del-pp-votando-en-contra-de-la-senda-de-deficit-del-gobierno\/\"]}]},{\"@type\":\"ImageObject\",\"inLanguage\":\"es\",\"@id\":\"https:\/\/psoecanarias.com\/web\/valbuena-lamenta-la-irresponsabilidad-del-pp-votando-en-contra-de-la-senda-de-deficit-del-gobierno\/#primaryimage\",\"url\":\"https:\/\/psoecanarias.com\/web\/wp-content\/uploads\/2024\/03\/53412197721_e5d01a76ae_k.jpg\",\"contentUrl\":\"https:\/\/psoecanarias.com\/web\/wp-content\/uploads\/2024\/03\/53412197721_e5d01a76ae_k.jpg\",\"width\":2048,\"height\":1365,\"caption\":\"Valbuena, senador auton\u00f3mico del PSOE Canarias\"},{\"@type\":\"BreadcrumbList\",\"@id\":\"https:\/\/psoecanarias.com\/web\/valbuena-lamenta-la-irresponsabilidad-del-pp-votando-en-contra-de-la-senda-de-deficit-del-gobierno\/#breadcrumb\",\"itemListElement\":[{\"@type\":\"ListItem\",\"position\":1,\"name\":\"Portada\",\"item\":\"https:\/\/psoecanarias.com\/web\/\"},{\"@type\":\"ListItem\",\"position\":2,\"name\":\"Valbuena lamenta la \\\"irresponsabilidad\\\" del PP votando en contra de la senda de d\u00e9ficit del Gobierno\"}]},{\"@type\":\"WebSite\",\"@id\":\"https:\/\/psoecanarias.com\/web\/#website\",\"url\":\"https:\/\/psoecanarias.com\/web\/\",\"name\":\"PSOE Canarias\",\"description\":\"Partido Socialista Obrero Espa\u00f1ol Canarias\",\"potentialAction\":[{\"@type\":\"SearchAction\",\"target\":{\"@type\":\"EntryPoint\",\"urlTemplate\":\"https:\/\/psoecanarias.com\/web\/?s={search_term_string}\"},\"query-input\":{\"@type\":\"PropertyValueSpecification\",\"valueRequired\":true,\"valueName\":\"search_term_string\"}}],\"inLanguage\":\"es\"},{\"@type\":\"Person\",\"@id\":\"https:\/\/psoecanarias.com\/web\/#\/schema\/person\/1ae43f9659d2fc599ca69c11e1dbf26f\",\"name\":\"PSOE Canarias\",\"image\":{\"@type\":\"ImageObject\",\"inLanguage\":\"es\",\"@id\":\"https:\/\/secure.gravatar.com\/avatar\/4364d37f6f6f9cdb7af199b46151565f37d8a8c3c0e04c1d78c04e857a15e3a8?s=96&d=mm&r=g\",\"url\":\"https:\/\/secure.gravatar.com\/avatar\/4364d37f6f6f9cdb7af199b46151565f37d8a8c3c0e04c1d78c04e857a15e3a8?s=96&d=mm&r=g\",\"contentUrl\":\"https:\/\/secure.gravatar.com\/avatar\/4364d37f6f6f9cdb7af199b46151565f37d8a8c3c0e04c1d78c04e857a15e3a8?s=96&d=mm&r=g\",\"caption\":\"PSOE Canarias\"},\"url\":\"https:\/\/psoecanarias.com\/web\/author\/admin\/\"}]}<\/script>\n<!-- \/ Yoast SEO plugin. -->","yoast_head_json":{"title":"Valbuena lamenta la \"irresponsabilidad\" del PP votando en contra de la senda de d\u00e9ficit del Gobierno | PSOE Canarias","robots":{"index":"index","follow":"follow","max-snippet":"max-snippet:-1","max-image-preview":"max-image-preview:large","max-video-preview":"max-video-preview:-1"},"canonical":"https:\/\/psoecanarias.com\/web\/valbuena-lamenta-la-irresponsabilidad-del-pp-votando-en-contra-de-la-senda-de-deficit-del-gobierno\/","og_locale":"es_ES","og_type":"article","og_title":"Valbuena lamenta la \"irresponsabilidad\" del PP votando en contra de la senda de d\u00e9ficit del Gobierno | PSOE Canarias","og_description":"\"no puede tener, de alguna forma, secuestrado al Senado y con ello al conjunto del Estado espa\u00f1ol\", lamenta el senador auton\u00f3mico de los socialistas","og_url":"https:\/\/psoecanarias.com\/web\/valbuena-lamenta-la-irresponsabilidad-del-pp-votando-en-contra-de-la-senda-de-deficit-del-gobierno\/","og_site_name":"PSOE Canarias","article_published_time":"2024-03-08T11:14:40+00:00","og_image":[{"width":2048,"height":1365,"url":"https:\/\/psoecanarias.com\/web\/wp-content\/uploads\/2024\/03\/53412197721_e5d01a76ae_k.jpg","type":"image\/jpeg"}],"author":"PSOE Canarias","twitter_card":"summary_large_image","schema":{"@context":"https:\/\/schema.org","@graph":[{"@type":"Article","@id":"https:\/\/psoecanarias.com\/web\/valbuena-lamenta-la-irresponsabilidad-del-pp-votando-en-contra-de-la-senda-de-deficit-del-gobierno\/#article","isPartOf":{"@id":"https:\/\/psoecanarias.com\/web\/valbuena-lamenta-la-irresponsabilidad-del-pp-votando-en-contra-de-la-senda-de-deficit-del-gobierno\/"},"author":{"name":"PSOE Canarias","@id":"https:\/\/psoecanarias.com\/web\/#\/schema\/person\/1ae43f9659d2fc599ca69c11e1dbf26f"},"headline":"Valbuena lamenta la &#8220;irresponsabilidad&#8221; del PP votando en contra de la senda de d\u00e9ficit del Gobierno","datePublished":"2024-03-08T11:14:40+00:00","mainEntityOfPage":{"@id":"https:\/\/psoecanarias.com\/web\/valbuena-lamenta-la-irresponsabilidad-del-pp-votando-en-contra-de-la-senda-de-deficit-del-gobierno\/"},"wordCount":307,"commentCount":0,"image":{"@id":"https:\/\/psoecanarias.com\/web\/valbuena-lamenta-la-irresponsabilidad-del-pp-votando-en-contra-de-la-senda-de-deficit-del-gobierno\/#primaryimage"},"thumbnailUrl":"https:\/\/psoecanarias.com\/web\/wp-content\/uploads\/2024\/03\/53412197721_e5d01a76ae_k.jpg","keywords":["Jos\u00e9 Antonio Valbuena"],"articleSection":["Cortes Generales","Noticias","Pol\u00edtica"],"inLanguage":"es","potentialAction":[{"@type":"CommentAction","name":"Comment","target":["https:\/\/psoecanarias.com\/web\/valbuena-lamenta-la-irresponsabilidad-del-pp-votando-en-contra-de-la-senda-de-deficit-del-gobierno\/#respond"]}]},{"@type":"WebPage","@id":"https:\/\/psoecanarias.com\/web\/valbuena-lamenta-la-irresponsabilidad-del-pp-votando-en-contra-de-la-senda-de-deficit-del-gobierno\/","url":"https:\/\/psoecanarias.com\/web\/valbuena-lamenta-la-irresponsabilidad-del-pp-votando-en-contra-de-la-senda-de-deficit-del-gobierno\/","name":"Valbuena lamenta la \"irresponsabilidad\" del PP votando en contra de la senda de d\u00e9ficit del Gobierno | PSOE Canarias","isPartOf":{"@id":"https:\/\/psoecanarias.com\/web\/#website"},"primaryImageOfPage":{"@id":"https:\/\/psoecanarias.com\/web\/valbuena-lamenta-la-irresponsabilidad-del-pp-votando-en-contra-de-la-senda-de-deficit-del-gobierno\/#primaryimage"},"image":{"@id":"https:\/\/psoecanarias.com\/web\/valbuena-lamenta-la-irresponsabilidad-del-pp-votando-en-contra-de-la-senda-de-deficit-del-gobierno\/#primaryimage"},"thumbnailUrl":"https:\/\/psoecanarias.com\/web\/wp-content\/uploads\/2024\/03\/53412197721_e5d01a76ae_k.jpg","datePublished":"2024-03-08T11:14:40+00:00","author":{"@id":"https:\/\/psoecanarias.com\/web\/#\/schema\/person\/1ae43f9659d2fc599ca69c11e1dbf26f"},"breadcrumb":{"@id":"https:\/\/psoecanarias.com\/web\/valbuena-lamenta-la-irresponsabilidad-del-pp-votando-en-contra-de-la-senda-de-deficit-del-gobierno\/#breadcrumb"},"inLanguage":"es","potentialAction":[{"@type":"ReadAction","target":["https:\/\/psoecanarias.com\/web\/valbuena-lamenta-la-irresponsabilidad-del-pp-votando-en-contra-de-la-senda-de-deficit-del-gobierno\/"]}]},{"@type":"ImageObject","inLanguage":"es","@id":"https:\/\/psoecanarias.com\/web\/valbuena-lamenta-la-irresponsabilidad-del-pp-votando-en-contra-de-la-senda-de-deficit-del-gobierno\/#primaryimage","url":"https:\/\/psoecanarias.com\/web\/wp-content\/uploads\/2024\/03\/53412197721_e5d01a76ae_k.jpg","contentUrl":"https:\/\/psoecanarias.com\/web\/wp-content\/uploads\/2024\/03\/53412197721_e5d01a76ae_k.jpg","width":2048,"height":1365,"caption":"Valbuena, senador auton\u00f3mico del PSOE Canarias"},{"@type":"BreadcrumbList","@id":"https:\/\/psoecanarias.com\/web\/valbuena-lamenta-la-irresponsabilidad-del-pp-votando-en-contra-de-la-senda-de-deficit-del-gobierno\/#breadcrumb","itemListElement":[{"@type":"ListItem","position":1,"name":"Portada","item":"https:\/\/psoecanarias.com\/web\/"},{"@type":"ListItem","position":2,"name":"Valbuena lamenta la \"irresponsabilidad\" del PP votando en contra de la senda de d\u00e9ficit del Gobierno"}]},{"@type":"WebSite","@id":"https:\/\/psoecanarias.com\/web\/#website","url":"https:\/\/psoecanarias.com\/web\/","name":"PSOE Canarias","description":"Partido Socialista Obrero Espa\u00f1ol Canarias","potentialAction":[{"@type":"SearchAction","target":{"@type":"EntryPoint","urlTemplate":"https:\/\/psoecanarias.com\/web\/?s={search_term_string}"},"query-input":{"@type":"PropertyValueSpecification","valueRequired":true,"valueName":"search_term_string"}}],"inLanguage":"es"},{"@type":"Person","@id":"https:\/\/psoecanarias.com\/web\/#\/schema\/person\/1ae43f9659d2fc599ca69c11e1dbf26f","name":"PSOE Canarias","image":{"@type":"ImageObject","inLanguage":"es","@id":"https:\/\/secure.gravatar.com\/avatar\/4364d37f6f6f9cdb7af199b46151565f37d8a8c3c0e04c1d78c04e857a15e3a8?s=96&d=mm&r=g","url":"https:\/\/secure.gravatar.com\/avatar\/4364d37f6f6f9cdb7af199b46151565f37d8a8c3c0e04c1d78c04e857a15e3a8?s=96&d=mm&r=g","contentUrl":"https:\/\/secure.gravatar.com\/avatar\/4364d37f6f6f9cdb7af199b46151565f37d8a8c3c0e04c1d78c04e857a15e3a8?s=96&d=mm&r=g","caption":"PSOE Canarias"},"url":"https:\/\/psoecanarias.com\/web\/author\/admin\/"}]}},"_links":{"self":[{"href":"https:\/\/psoecanarias.com\/web\/wp-json\/wp\/v2\/posts\/44953","targetHints":{"allow":["GET"]}}],"collection":[{"href":"https:\/\/psoecanarias.com\/web\/wp-json\/wp\/v2\/posts"}],"about":[{"href":"https:\/\/psoecanarias.com\/web\/wp-json\/wp\/v2\/types\/post"}],"author":[{"embeddable":true,"href":"https:\/\/psoecanarias.com\/web\/wp-json\/wp\/v2\/users\/1"}],"replies":[{"embeddable":true,"href":"https:\/\/psoecanarias.com\/web\/wp-json\/wp\/v2\/comments?post=44953"}],"version-history":[{"count":1,"href":"https:\/\/psoecanarias.com\/web\/wp-json\/wp\/v2\/posts\/44953\/revisions"}],"predecessor-version":[{"id":44955,"href":"https:\/\/psoecanarias.com\/web\/wp-json\/wp\/v2\/posts\/44953\/revisions\/44955"}],"wp:featuredmedia":[{"embeddable":true,"href":"https:\/\/psoecanarias.com\/web\/wp-json\/wp\/v2\/media\/44954"}],"wp:attachment":[{"href":"https:\/\/psoecanarias.com\/web\/wp-json\/wp\/v2\/media?parent=44953"}],"wp:term":[{"taxonomy":"category","embeddable":true,"href":"https:\/\/psoecanarias.com\/web\/wp-json\/wp\/v2\/categories?post=44953"},{"taxonomy":"post_tag","embeddable":true,"href":"https:\/\/psoecanarias.com\/web\/wp-json\/wp\/v2\/tags?post=44953"}],"curies":[{"name":"wp","href":"https:\/\/api.w.org\/{rel}","templated":true}]}}