{"id":4624,"date":"2018-01-31T15:09:31","date_gmt":"2018-01-31T15:09:31","guid":{"rendered":"http:\/\/psoecanarias.com\/web\/?p=4624"},"modified":"2018-01-31T15:14:26","modified_gmt":"2018-01-31T15:14:26","slug":"psoe-emplaza-los-grupos-la-camara-sustituir-negrin","status":"publish","type":"post","link":"https:\/\/psoecanarias.com\/web\/psoe-emplaza-los-grupos-la-camara-sustituir-negrin\/","title":{"rendered":"El PSOE emplaza a los grupos de la C\u00e1mara a sustituir a Negr\u00edn"},"content":{"rendered":"<p>El Grupo Parlamentario Socialista emplaza al resto de fuerzas pol\u00edticas de la C\u00e1mara a sustituir al presidente del Consejo Rector de Radiotelevisi\u00f3n Canaria (RTVC), Santiago Negr\u00edn, para lo que pide su apoyo en la votaci\u00f3n prevista en el pr\u00f3ximo pleno para cubrir las vacantes en el \u00f3rgano.<\/p>\n<p>El secretario general del PSOE Canarias, \u00c1ngel V\u00edctor Torres, reitera que la sustituci\u00f3n de Negr\u00edn debe llevarse a cabo una vez que el Consejo Rector est\u00e9 completo, con todas las vacantes cubiertas, tal y como lo acord\u00f3 por unanimidad la Comisi\u00f3n Ejecutiva Regional en la reuni\u00f3n celebrada el 14 de noviembre de 2017.<\/p>\n<p>En esa sesi\u00f3n de trabajo, la Direcci\u00f3n del PSOE canario defend\u00eda que se procediese a cubrir las vacantes \u201ccon la mayor celeridad posible (\u2026) como paso previo a la designaci\u00f3n del nuevo presidente o presidenta\u201d, acordaba que Santiago Negr\u00edn deb\u00eda \u201cser sustituido (\u2026) una vez se hayan cubierto las vacantes del Consejo Rector\u201d e instaba, una vez culminado este proceso, a \u201ciniciar los tr\u00e1mites para la gesti\u00f3n p\u00fablica de los informativos\u201d.<\/p>\n<p>As\u00ed, el secretario general del PSOE Canarias hace hincapi\u00e9 en que quitar al actual presidente de RTVC \u201ctiene que llevar consigo el nombramiento del nuevo o nueva responsable, algo que se debe efectuar con el Consejo Rector completo -porque as\u00ed es como debe hacerse-, con todas las garant\u00edas y cuanto antes\u201d.<\/p>\n<p>Lamenta que PP, Podemos y Nueva Canarias hayan impedido en dos votaciones, con su abstenci\u00f3n, la incorporaci\u00f3n de las dos consejeras con las que se completar\u00eda el \u00f3rgano y se proceder\u00eda, tras ello, a la sustituci\u00f3n del presidente.<\/p>\n<p>Subraya que el pleno parlamentario de la pr\u00f3xima semana es una oportunidad inmediata para cubrir las vacantes y proceder, a continuaci\u00f3n, a la sustituci\u00f3n de Santiago Negr\u00edn. \u201cNo entendemos que los grupos de la C\u00e1mara, si realmente quieren sustituir a Negr\u00edn, no den su apoyo a las propuestas que se someter\u00e1n a votaci\u00f3n\u201d, dice.<\/p>\n<p>Para el secretario general, completar el Consejo y sustituir al presidente son ya \u201casuntos que no admiten m\u00e1s demora en una televisi\u00f3n p\u00fablica donde la pol\u00e9mica se ha instalado desde hace tiempo, como lo demuestran de nuevo las \u00faltimas decisiones adoptadas\u201d.<\/p>\n<p>Torres se refiere de este modo al veto impuesto al polit\u00f3logo y columnista Rafael \u00c1lvarez Gil, quien colaboraba en la tertulia de la Radio Auton\u00f3mica hasta que se dio la orden de que no participara m\u00e1s en ese medio.<\/p>\n<p>\u201cEstamos ante una intolerable injerencia en un medio p\u00fablico de comunicaci\u00f3n. Esta decisi\u00f3n resulta inaceptable en una sociedad democr\u00e1tica y demuestra, nuevamente, que RTVC debe caminar hacia una gesti\u00f3n despolitizada y transparente para poder cumplir as\u00ed sus objetivos\u201d.<\/p>\n","protected":false},"excerpt":{"rendered":"<p>El Grupo Parlamentario Socialista emplaza al resto de fuerzas pol\u00edticas de la C\u00e1mara a sustituir al presidente del Consejo Rector de Radiotelevisi\u00f3n Canaria (RTVC), Santiago Negr\u00edn, para lo que pide su apoyo en la votaci\u00f3n prevista en el pr\u00f3ximo pleno para cubrir las vacantes en el \u00f3rgano. El secretario general del PSOE Canarias, \u00c1ngel V\u00edctor [&hellip;]<\/p>\n","protected":false},"author":1,"featured_media":4626,"comment_status":"open","ping_status":"open","sticky":false,"template":"","format":"standard","meta":{"footnotes":""},"categories":[7],"tags":[],"class_list":["post-4624","post","type-post","status-publish","format-standard","has-post-thumbnail","hentry","category-politica"],"featured_image_src":"https:\/\/psoecanarias.com\/web\/wp-content\/uploads\/2018\/01\/angel.jpg","author_info":{"display_name":"PSOE Canarias","author_link":"https:\/\/psoecanarias.com\/web\/author\/admin\/"},"yoast_head":"<!-- This site is optimized with the Yoast SEO plugin v27.2 - https:\/\/yoast.com\/product\/yoast-seo-wordpress\/ -->\n<title>El PSOE emplaza a los grupos de la C\u00e1mara a sustituir a Negr\u00edn | PSOE Canarias<\/title>\n<meta name=\"robots\" content=\"index, follow, max-snippet:-1, max-image-preview:large, max-video-preview:-1\" \/>\n<link rel=\"canonical\" href=\"https:\/\/psoecanarias.com\/web\/psoe-emplaza-los-grupos-la-camara-sustituir-negrin\/\" \/>\n<meta property=\"og:locale\" content=\"es_ES\" \/>\n<meta property=\"og:type\" content=\"article\" \/>\n<meta property=\"og:title\" content=\"El PSOE emplaza a los grupos de la C\u00e1mara a sustituir a Negr\u00edn | PSOE Canarias\" \/>\n<meta property=\"og:description\" content=\"El Grupo Parlamentario Socialista emplaza al resto de fuerzas pol\u00edticas de la C\u00e1mara a sustituir al presidente del Consejo Rector de Radiotelevisi\u00f3n Canaria (RTVC), Santiago Negr\u00edn, para lo que pide su apoyo en la votaci\u00f3n prevista en el pr\u00f3ximo pleno para cubrir las vacantes en el \u00f3rgano. El secretario general del PSOE Canarias, \u00c1ngel V\u00edctor [&hellip;]\" \/>\n<meta property=\"og:url\" content=\"https:\/\/psoecanarias.com\/web\/psoe-emplaza-los-grupos-la-camara-sustituir-negrin\/\" \/>\n<meta property=\"og:site_name\" content=\"PSOE Canarias\" \/>\n<meta property=\"article:published_time\" content=\"2018-01-31T15:09:31+00:00\" \/>\n<meta property=\"article:modified_time\" content=\"2018-01-31T15:14:26+00:00\" \/>\n<meta property=\"og:image\" content=\"https:\/\/psoecanarias.com\/web\/wp-content\/uploads\/2018\/01\/angel.jpg\" \/>\n\t<meta property=\"og:image:width\" content=\"2400\" \/>\n\t<meta property=\"og:image:height\" content=\"1600\" \/>\n\t<meta property=\"og:image:type\" content=\"image\/jpeg\" \/>\n<meta name=\"author\" content=\"PSOE Canarias\" \/>\n<meta name=\"twitter:card\" content=\"summary_large_image\" \/>\n<script type=\"application\/ld+json\" class=\"yoast-schema-graph\">{\"@context\":\"https:\/\/schema.org\",\"@graph\":[{\"@type\":\"Article\",\"@id\":\"https:\/\/psoecanarias.com\/web\/psoe-emplaza-los-grupos-la-camara-sustituir-negrin\/#article\",\"isPartOf\":{\"@id\":\"https:\/\/psoecanarias.com\/web\/psoe-emplaza-los-grupos-la-camara-sustituir-negrin\/\"},\"author\":{\"name\":\"PSOE Canarias\",\"@id\":\"https:\/\/psoecanarias.com\/web\/#\/schema\/person\/1ae43f9659d2fc599ca69c11e1dbf26f\"},\"headline\":\"El PSOE emplaza a los grupos de la C\u00e1mara a sustituir a Negr\u00edn\",\"datePublished\":\"2018-01-31T15:09:31+00:00\",\"dateModified\":\"2018-01-31T15:14:26+00:00\",\"mainEntityOfPage\":{\"@id\":\"https:\/\/psoecanarias.com\/web\/psoe-emplaza-los-grupos-la-camara-sustituir-negrin\/\"},\"wordCount\":489,\"commentCount\":0,\"image\":{\"@id\":\"https:\/\/psoecanarias.com\/web\/psoe-emplaza-los-grupos-la-camara-sustituir-negrin\/#primaryimage\"},\"thumbnailUrl\":\"https:\/\/psoecanarias.com\/web\/wp-content\/uploads\/2018\/01\/angel.jpg\",\"articleSection\":[\"Pol\u00edtica\"],\"inLanguage\":\"es\",\"potentialAction\":[{\"@type\":\"CommentAction\",\"name\":\"Comment\",\"target\":[\"https:\/\/psoecanarias.com\/web\/psoe-emplaza-los-grupos-la-camara-sustituir-negrin\/#respond\"]}]},{\"@type\":\"WebPage\",\"@id\":\"https:\/\/psoecanarias.com\/web\/psoe-emplaza-los-grupos-la-camara-sustituir-negrin\/\",\"url\":\"https:\/\/psoecanarias.com\/web\/psoe-emplaza-los-grupos-la-camara-sustituir-negrin\/\",\"name\":\"El PSOE emplaza a los grupos de la C\u00e1mara a sustituir a Negr\u00edn | PSOE Canarias\",\"isPartOf\":{\"@id\":\"https:\/\/psoecanarias.com\/web\/#website\"},\"primaryImageOfPage\":{\"@id\":\"https:\/\/psoecanarias.com\/web\/psoe-emplaza-los-grupos-la-camara-sustituir-negrin\/#primaryimage\"},\"image\":{\"@id\":\"https:\/\/psoecanarias.com\/web\/psoe-emplaza-los-grupos-la-camara-sustituir-negrin\/#primaryimage\"},\"thumbnailUrl\":\"https:\/\/psoecanarias.com\/web\/wp-content\/uploads\/2018\/01\/angel.jpg\",\"datePublished\":\"2018-01-31T15:09:31+00:00\",\"dateModified\":\"2018-01-31T15:14:26+00:00\",\"author\":{\"@id\":\"https:\/\/psoecanarias.com\/web\/#\/schema\/person\/1ae43f9659d2fc599ca69c11e1dbf26f\"},\"breadcrumb\":{\"@id\":\"https:\/\/psoecanarias.com\/web\/psoe-emplaza-los-grupos-la-camara-sustituir-negrin\/#breadcrumb\"},\"inLanguage\":\"es\",\"potentialAction\":[{\"@type\":\"ReadAction\",\"target\":[\"https:\/\/psoecanarias.com\/web\/psoe-emplaza-los-grupos-la-camara-sustituir-negrin\/\"]}]},{\"@type\":\"ImageObject\",\"inLanguage\":\"es\",\"@id\":\"https:\/\/psoecanarias.com\/web\/psoe-emplaza-los-grupos-la-camara-sustituir-negrin\/#primaryimage\",\"url\":\"https:\/\/psoecanarias.com\/web\/wp-content\/uploads\/2018\/01\/angel.jpg\",\"contentUrl\":\"https:\/\/psoecanarias.com\/web\/wp-content\/uploads\/2018\/01\/angel.jpg\",\"width\":2400,\"height\":1600},{\"@type\":\"BreadcrumbList\",\"@id\":\"https:\/\/psoecanarias.com\/web\/psoe-emplaza-los-grupos-la-camara-sustituir-negrin\/#breadcrumb\",\"itemListElement\":[{\"@type\":\"ListItem\",\"position\":1,\"name\":\"Portada\",\"item\":\"https:\/\/psoecanarias.com\/web\/\"},{\"@type\":\"ListItem\",\"position\":2,\"name\":\"El PSOE emplaza a los grupos de la C\u00e1mara a sustituir a Negr\u00edn\"}]},{\"@type\":\"WebSite\",\"@id\":\"https:\/\/psoecanarias.com\/web\/#website\",\"url\":\"https:\/\/psoecanarias.com\/web\/\",\"name\":\"PSOE Canarias\",\"description\":\"Partido Socialista Obrero Espa\u00f1ol Canarias\",\"potentialAction\":[{\"@type\":\"SearchAction\",\"target\":{\"@type\":\"EntryPoint\",\"urlTemplate\":\"https:\/\/psoecanarias.com\/web\/?s={search_term_string}\"},\"query-input\":{\"@type\":\"PropertyValueSpecification\",\"valueRequired\":true,\"valueName\":\"search_term_string\"}}],\"inLanguage\":\"es\"},{\"@type\":\"Person\",\"@id\":\"https:\/\/psoecanarias.com\/web\/#\/schema\/person\/1ae43f9659d2fc599ca69c11e1dbf26f\",\"name\":\"PSOE Canarias\",\"image\":{\"@type\":\"ImageObject\",\"inLanguage\":\"es\",\"@id\":\"https:\/\/secure.gravatar.com\/avatar\/4364d37f6f6f9cdb7af199b46151565f37d8a8c3c0e04c1d78c04e857a15e3a8?s=96&d=mm&r=g\",\"url\":\"https:\/\/secure.gravatar.com\/avatar\/4364d37f6f6f9cdb7af199b46151565f37d8a8c3c0e04c1d78c04e857a15e3a8?s=96&d=mm&r=g\",\"contentUrl\":\"https:\/\/secure.gravatar.com\/avatar\/4364d37f6f6f9cdb7af199b46151565f37d8a8c3c0e04c1d78c04e857a15e3a8?s=96&d=mm&r=g\",\"caption\":\"PSOE Canarias\"},\"url\":\"https:\/\/psoecanarias.com\/web\/author\/admin\/\"}]}<\/script>\n<!-- \/ Yoast SEO plugin. -->","yoast_head_json":{"title":"El PSOE emplaza a los grupos de la C\u00e1mara a sustituir a Negr\u00edn | PSOE Canarias","robots":{"index":"index","follow":"follow","max-snippet":"max-snippet:-1","max-image-preview":"max-image-preview:large","max-video-preview":"max-video-preview:-1"},"canonical":"https:\/\/psoecanarias.com\/web\/psoe-emplaza-los-grupos-la-camara-sustituir-negrin\/","og_locale":"es_ES","og_type":"article","og_title":"El PSOE emplaza a los grupos de la C\u00e1mara a sustituir a Negr\u00edn | PSOE Canarias","og_description":"El Grupo Parlamentario Socialista emplaza al resto de fuerzas pol\u00edticas de la C\u00e1mara a sustituir al presidente del Consejo Rector de Radiotelevisi\u00f3n Canaria (RTVC), Santiago Negr\u00edn, para lo que pide su apoyo en la votaci\u00f3n prevista en el pr\u00f3ximo pleno para cubrir las vacantes en el \u00f3rgano. El secretario general del PSOE Canarias, \u00c1ngel V\u00edctor [&hellip;]","og_url":"https:\/\/psoecanarias.com\/web\/psoe-emplaza-los-grupos-la-camara-sustituir-negrin\/","og_site_name":"PSOE Canarias","article_published_time":"2018-01-31T15:09:31+00:00","article_modified_time":"2018-01-31T15:14:26+00:00","og_image":[{"width":2400,"height":1600,"url":"https:\/\/psoecanarias.com\/web\/wp-content\/uploads\/2018\/01\/angel.jpg","type":"image\/jpeg"}],"author":"PSOE Canarias","twitter_card":"summary_large_image","schema":{"@context":"https:\/\/schema.org","@graph":[{"@type":"Article","@id":"https:\/\/psoecanarias.com\/web\/psoe-emplaza-los-grupos-la-camara-sustituir-negrin\/#article","isPartOf":{"@id":"https:\/\/psoecanarias.com\/web\/psoe-emplaza-los-grupos-la-camara-sustituir-negrin\/"},"author":{"name":"PSOE Canarias","@id":"https:\/\/psoecanarias.com\/web\/#\/schema\/person\/1ae43f9659d2fc599ca69c11e1dbf26f"},"headline":"El PSOE emplaza a los grupos de la C\u00e1mara a sustituir a Negr\u00edn","datePublished":"2018-01-31T15:09:31+00:00","dateModified":"2018-01-31T15:14:26+00:00","mainEntityOfPage":{"@id":"https:\/\/psoecanarias.com\/web\/psoe-emplaza-los-grupos-la-camara-sustituir-negrin\/"},"wordCount":489,"commentCount":0,"image":{"@id":"https:\/\/psoecanarias.com\/web\/psoe-emplaza-los-grupos-la-camara-sustituir-negrin\/#primaryimage"},"thumbnailUrl":"https:\/\/psoecanarias.com\/web\/wp-content\/uploads\/2018\/01\/angel.jpg","articleSection":["Pol\u00edtica"],"inLanguage":"es","potentialAction":[{"@type":"CommentAction","name":"Comment","target":["https:\/\/psoecanarias.com\/web\/psoe-emplaza-los-grupos-la-camara-sustituir-negrin\/#respond"]}]},{"@type":"WebPage","@id":"https:\/\/psoecanarias.com\/web\/psoe-emplaza-los-grupos-la-camara-sustituir-negrin\/","url":"https:\/\/psoecanarias.com\/web\/psoe-emplaza-los-grupos-la-camara-sustituir-negrin\/","name":"El PSOE emplaza a los grupos de la C\u00e1mara a sustituir a Negr\u00edn | PSOE Canarias","isPartOf":{"@id":"https:\/\/psoecanarias.com\/web\/#website"},"primaryImageOfPage":{"@id":"https:\/\/psoecanarias.com\/web\/psoe-emplaza-los-grupos-la-camara-sustituir-negrin\/#primaryimage"},"image":{"@id":"https:\/\/psoecanarias.com\/web\/psoe-emplaza-los-grupos-la-camara-sustituir-negrin\/#primaryimage"},"thumbnailUrl":"https:\/\/psoecanarias.com\/web\/wp-content\/uploads\/2018\/01\/angel.jpg","datePublished":"2018-01-31T15:09:31+00:00","dateModified":"2018-01-31T15:14:26+00:00","author":{"@id":"https:\/\/psoecanarias.com\/web\/#\/schema\/person\/1ae43f9659d2fc599ca69c11e1dbf26f"},"breadcrumb":{"@id":"https:\/\/psoecanarias.com\/web\/psoe-emplaza-los-grupos-la-camara-sustituir-negrin\/#breadcrumb"},"inLanguage":"es","potentialAction":[{"@type":"ReadAction","target":["https:\/\/psoecanarias.com\/web\/psoe-emplaza-los-grupos-la-camara-sustituir-negrin\/"]}]},{"@type":"ImageObject","inLanguage":"es","@id":"https:\/\/psoecanarias.com\/web\/psoe-emplaza-los-grupos-la-camara-sustituir-negrin\/#primaryimage","url":"https:\/\/psoecanarias.com\/web\/wp-content\/uploads\/2018\/01\/angel.jpg","contentUrl":"https:\/\/psoecanarias.com\/web\/wp-content\/uploads\/2018\/01\/angel.jpg","width":2400,"height":1600},{"@type":"BreadcrumbList","@id":"https:\/\/psoecanarias.com\/web\/psoe-emplaza-los-grupos-la-camara-sustituir-negrin\/#breadcrumb","itemListElement":[{"@type":"ListItem","position":1,"name":"Portada","item":"https:\/\/psoecanarias.com\/web\/"},{"@type":"ListItem","position":2,"name":"El PSOE emplaza a los grupos de la C\u00e1mara a sustituir a Negr\u00edn"}]},{"@type":"WebSite","@id":"https:\/\/psoecanarias.com\/web\/#website","url":"https:\/\/psoecanarias.com\/web\/","name":"PSOE Canarias","description":"Partido Socialista Obrero Espa\u00f1ol Canarias","potentialAction":[{"@type":"SearchAction","target":{"@type":"EntryPoint","urlTemplate":"https:\/\/psoecanarias.com\/web\/?s={search_term_string}"},"query-input":{"@type":"PropertyValueSpecification","valueRequired":true,"valueName":"search_term_string"}}],"inLanguage":"es"},{"@type":"Person","@id":"https:\/\/psoecanarias.com\/web\/#\/schema\/person\/1ae43f9659d2fc599ca69c11e1dbf26f","name":"PSOE Canarias","image":{"@type":"ImageObject","inLanguage":"es","@id":"https:\/\/secure.gravatar.com\/avatar\/4364d37f6f6f9cdb7af199b46151565f37d8a8c3c0e04c1d78c04e857a15e3a8?s=96&d=mm&r=g","url":"https:\/\/secure.gravatar.com\/avatar\/4364d37f6f6f9cdb7af199b46151565f37d8a8c3c0e04c1d78c04e857a15e3a8?s=96&d=mm&r=g","contentUrl":"https:\/\/secure.gravatar.com\/avatar\/4364d37f6f6f9cdb7af199b46151565f37d8a8c3c0e04c1d78c04e857a15e3a8?s=96&d=mm&r=g","caption":"PSOE Canarias"},"url":"https:\/\/psoecanarias.com\/web\/author\/admin\/"}]}},"_links":{"self":[{"href":"https:\/\/psoecanarias.com\/web\/wp-json\/wp\/v2\/posts\/4624","targetHints":{"allow":["GET"]}}],"collection":[{"href":"https:\/\/psoecanarias.com\/web\/wp-json\/wp\/v2\/posts"}],"about":[{"href":"https:\/\/psoecanarias.com\/web\/wp-json\/wp\/v2\/types\/post"}],"author":[{"embeddable":true,"href":"https:\/\/psoecanarias.com\/web\/wp-json\/wp\/v2\/users\/1"}],"replies":[{"embeddable":true,"href":"https:\/\/psoecanarias.com\/web\/wp-json\/wp\/v2\/comments?post=4624"}],"version-history":[{"count":3,"href":"https:\/\/psoecanarias.com\/web\/wp-json\/wp\/v2\/posts\/4624\/revisions"}],"predecessor-version":[{"id":4628,"href":"https:\/\/psoecanarias.com\/web\/wp-json\/wp\/v2\/posts\/4624\/revisions\/4628"}],"wp:featuredmedia":[{"embeddable":true,"href":"https:\/\/psoecanarias.com\/web\/wp-json\/wp\/v2\/media\/4626"}],"wp:attachment":[{"href":"https:\/\/psoecanarias.com\/web\/wp-json\/wp\/v2\/media?parent=4624"}],"wp:term":[{"taxonomy":"category","embeddable":true,"href":"https:\/\/psoecanarias.com\/web\/wp-json\/wp\/v2\/categories?post=4624"},{"taxonomy":"post_tag","embeddable":true,"href":"https:\/\/psoecanarias.com\/web\/wp-json\/wp\/v2\/tags?post=4624"}],"curies":[{"name":"wp","href":"https:\/\/api.w.org\/{rel}","templated":true}]}}