{"id":4630,"date":"2018-02-05T16:51:28","date_gmt":"2018-02-05T16:51:28","guid":{"rendered":"http:\/\/psoecanarias.com\/web\/?p=4630"},"modified":"2018-02-05T16:51:28","modified_gmt":"2018-02-05T16:51:28","slug":"angel-victor-torres-la-ley-servicios-sociales-fundamental-contrarrestar-los-recortes-del-partido-popular-canarias","status":"publish","type":"post","link":"https:\/\/psoecanarias.com\/web\/angel-victor-torres-la-ley-servicios-sociales-fundamental-contrarrestar-los-recortes-del-partido-popular-canarias\/","title":{"rendered":"\u00c1ngel V\u00edctor Torres: \u201cLa Ley de Servicios Sociales es fundamental para contrarrestar los recortes del Partido Popular en Canarias\u201d"},"content":{"rendered":"<p>El Secretario General de PSOE Canarias, \u00c1ngel V\u00edctor Torres, ha destacado este lunes, junto a la portavoz del Grupo Parlamentario Socialista, Dolores Corujo, la importancia del anteproyecto de Ley Canaria de Servicios Sociales que se llevar\u00e1 al orden del d\u00eda del Pleno del Parlamento de Canarias de este martes. \u201cLa Ley de Servicios Sociales es fundamental para contrarrestar los recortes del Partido Popular en Canarias. Es una apuesta del PSOE durante su etapa en el Gobierno de Canarias por mantener los servicios p\u00fablicos esenciales y apoyar a los ayuntamientos que atienden, desde sus \u00e1reas, a las personas que m\u00e1s lo necesitan\u201d, afirm\u00f3.<\/p>\n<p>\u201cEl derecho a los Servicios Sociales queda constituido en la Ley como un derecho subjetivo y universal de los ciudadanos y ciudadanas de Canarias\u201d, insisti\u00f3 el Secretario Regional. Frente a la concepci\u00f3n de los Servicios Sociales como una gracia de la administraci\u00f3n, se impone la visi\u00f3n de la ciudadan\u00eda como titular de un derecho, al igual que sucediera con la conocida como Ley de Dependencia, la Ley para la promoci\u00f3n de la autonom\u00eda personal, que convierte, tambi\u00e9n, a las personas dependientes en titulares de derecho, en lugar de perceptores de una gracia.<\/p>\n<p>Por su parte, Dolores Corujo, insisti\u00f3 en que \u201ces de extrema gravedad el colapso de urgencias que ha supuesto la dimisi\u00f3n de responsables en el Hospital de La Candelaria y en el Hospital Doctor Negr\u00edn y la amenaza de huelga de los profesionales sanitarios en Lanzarote\u201d.<\/p>\n<p>\u201cLa situaci\u00f3n de la sanidad en Canarias es lamentable: crispaci\u00f3n laboral, listas de espera, deficientes instalaciones sanitarias. S\u00f3lo hay que preguntar a cualquier ciudadano cu\u00e1l es la percepci\u00f3n que tiene de la situaci\u00f3n de las urgencias\u201d, a\u00f1adi\u00f3 la portavoz del Grupo Socialista.<\/p>\n<p>El Partido Socialista critica que, a pesar de que aumenta el presupuesto en sanidad en 200 millones, las personas que han ido en estos d\u00edas al hospital saben que no se sustituyen las bajas de los m\u00e9dicos, que hacen falta seis Pediatras pero hay tres, y que saben que tienen que hacer colas porque no se cubre el personal preciso. Por eso, desde PSOE Canarias le pedimos p\u00fablicamente al Consejero de Sanidad que comparezca y a\u00fan no lo ha hecho.<\/p>\n<p>Adem\u00e1s, el Pleno abordar\u00e1 la Ley Canaria de Memoria Hist\u00f3rica y Reconocimiento y Reparaci\u00f3n de las v\u00edctimas canarias de la Guerra Civil y de la Dictadura. \u00c1ngel V\u00edctor Torres asegura que se pretende con ella \u201cser m\u00e1s ambiciosos con la ley aprobada anteriormente y dar m\u00e1s pasos en Canarias donde durante d\u00e9cadas esta tierra fue marginada: hombres que perdieron la vida y familias que quedaron destrozadas durante los a\u00f1os de represi\u00f3n. Es un asunto que nos afecta a todas las islas, porque se sufri\u00f3 la represi\u00f3n en todos los rincones\u201d.<\/p>\n<p>Para el Secretario General de PSOE Canarias hay una imagen reveladora que demostr\u00f3 que hubo represi\u00f3n en Canarias con el pozo de Las Brujas en Arucas donde hombres perdieron la vida por ser republicanos y socialistas.<\/p>\n<p>Convenio de Carreteras<\/p>\n<p>En otro orden, el Partido Socialista, en el cap\u00edtulo de preguntas y comparecencias, cuestionar\u00e1 al Gobierno canario el porqu\u00e9 no se han hecho todos los esfuerzos para tener firmado el convenio de carreteras y no se es m\u00e1s contundente con el Gobierno Central cuando afirma el Ministro que no tenemos Convenio de carreteras por no tener Presupuestos Generales del Estado, algo que, como afirm\u00f3 Torres, &#8221; nada tiene que ver: el gobierno central puede firmar al margen de que haya o no Presupuesto&#8221;.<\/p>\n<p>\u00c1ngel V\u00edctor Torres afirma que si no se firma el nuevo Convenio no tenemos marco econ\u00f3mico plurianual para poder licitar por emergencia o urgencia las necesidades en infraestructuras que se requieran en las siete islas.<br \/>\n\u201cHay un borrador presentado recientemente a las instituciones insulares pero el Gobierno de Canarias tiene que hacer m\u00e1s de lo que ha hecho y ha exigido para que se pueda firmar el Convenio. El Gobierno Central margin\u00f3 a Canarias, incluso con la ley en contra, retir\u00e1ndonos lo que nos correspond\u00eda. Por ello es urgente, y debe ser prioritario, que el Gobierno de Canarias plantee una propuesta justa y arm\u00f3nica para las siete islas con los fondos de las sentencias\u201d.<\/p>\n","protected":false},"excerpt":{"rendered":"<p>El Secretario General de PSOE Canarias, \u00c1ngel V\u00edctor Torres, ha destacado este lunes, junto a la portavoz del Grupo Parlamentario Socialista, Dolores Corujo, la importancia del anteproyecto de Ley Canaria de Servicios Sociales que se llevar\u00e1 al orden del d\u00eda del Pleno del Parlamento de Canarias de este martes. \u201cLa Ley de Servicios Sociales es [&hellip;]<\/p>\n","protected":false},"author":1,"featured_media":4631,"comment_status":"open","ping_status":"open","sticky":false,"template":"","format":"standard","meta":{"footnotes":""},"categories":[7],"tags":[],"class_list":["post-4630","post","type-post","status-publish","format-standard","has-post-thumbnail","hentry","category-politica"],"featured_image_src":"https:\/\/psoecanarias.com\/web\/wp-content\/uploads\/2018\/02\/050218.-RP-PSOE.jpg","author_info":{"display_name":"PSOE Canarias","author_link":"https:\/\/psoecanarias.com\/web\/author\/admin\/"},"yoast_head":"<!-- This site is optimized with the Yoast SEO plugin v27.2 - https:\/\/yoast.com\/product\/yoast-seo-wordpress\/ -->\n<title>\u00c1ngel V\u00edctor Torres: \u201cLa Ley de Servicios Sociales es fundamental para contrarrestar los recortes del Partido Popular en Canarias\u201d | PSOE Canarias<\/title>\n<meta name=\"robots\" content=\"index, follow, max-snippet:-1, max-image-preview:large, max-video-preview:-1\" \/>\n<link rel=\"canonical\" href=\"https:\/\/psoecanarias.com\/web\/angel-victor-torres-la-ley-servicios-sociales-fundamental-contrarrestar-los-recortes-del-partido-popular-canarias\/\" \/>\n<meta property=\"og:locale\" content=\"es_ES\" \/>\n<meta property=\"og:type\" content=\"article\" \/>\n<meta property=\"og:title\" content=\"\u00c1ngel V\u00edctor Torres: \u201cLa Ley de Servicios Sociales es fundamental para contrarrestar los recortes del Partido Popular en Canarias\u201d | PSOE Canarias\" \/>\n<meta property=\"og:description\" content=\"El Secretario General de PSOE Canarias, \u00c1ngel V\u00edctor Torres, ha destacado este lunes, junto a la portavoz del Grupo Parlamentario Socialista, Dolores Corujo, la importancia del anteproyecto de Ley Canaria de Servicios Sociales que se llevar\u00e1 al orden del d\u00eda del Pleno del Parlamento de Canarias de este martes. \u201cLa Ley de Servicios Sociales es [&hellip;]\" \/>\n<meta property=\"og:url\" content=\"https:\/\/psoecanarias.com\/web\/angel-victor-torres-la-ley-servicios-sociales-fundamental-contrarrestar-los-recortes-del-partido-popular-canarias\/\" \/>\n<meta property=\"og:site_name\" content=\"PSOE Canarias\" \/>\n<meta property=\"article:published_time\" content=\"2018-02-05T16:51:28+00:00\" \/>\n<meta property=\"og:image\" content=\"https:\/\/psoecanarias.com\/web\/wp-content\/uploads\/2018\/02\/050218.-RP-PSOE.jpg\" \/>\n\t<meta property=\"og:image:width\" content=\"2000\" \/>\n\t<meta property=\"og:image:height\" content=\"1335\" \/>\n\t<meta property=\"og:image:type\" content=\"image\/jpeg\" \/>\n<meta name=\"author\" content=\"PSOE Canarias\" \/>\n<meta name=\"twitter:card\" content=\"summary_large_image\" \/>\n<script type=\"application\/ld+json\" class=\"yoast-schema-graph\">{\"@context\":\"https:\/\/schema.org\",\"@graph\":[{\"@type\":\"Article\",\"@id\":\"https:\/\/psoecanarias.com\/web\/angel-victor-torres-la-ley-servicios-sociales-fundamental-contrarrestar-los-recortes-del-partido-popular-canarias\/#article\",\"isPartOf\":{\"@id\":\"https:\/\/psoecanarias.com\/web\/angel-victor-torres-la-ley-servicios-sociales-fundamental-contrarrestar-los-recortes-del-partido-popular-canarias\/\"},\"author\":{\"name\":\"PSOE Canarias\",\"@id\":\"https:\/\/psoecanarias.com\/web\/#\/schema\/person\/1ae43f9659d2fc599ca69c11e1dbf26f\"},\"headline\":\"\u00c1ngel V\u00edctor Torres: \u201cLa Ley de Servicios Sociales es fundamental para contrarrestar los recortes del Partido Popular en Canarias\u201d\",\"datePublished\":\"2018-02-05T16:51:28+00:00\",\"mainEntityOfPage\":{\"@id\":\"https:\/\/psoecanarias.com\/web\/angel-victor-torres-la-ley-servicios-sociales-fundamental-contrarrestar-los-recortes-del-partido-popular-canarias\/\"},\"wordCount\":750,\"commentCount\":0,\"image\":{\"@id\":\"https:\/\/psoecanarias.com\/web\/angel-victor-torres-la-ley-servicios-sociales-fundamental-contrarrestar-los-recortes-del-partido-popular-canarias\/#primaryimage\"},\"thumbnailUrl\":\"https:\/\/psoecanarias.com\/web\/wp-content\/uploads\/2018\/02\/050218.-RP-PSOE.jpg\",\"articleSection\":[\"Pol\u00edtica\"],\"inLanguage\":\"es\",\"potentialAction\":[{\"@type\":\"CommentAction\",\"name\":\"Comment\",\"target\":[\"https:\/\/psoecanarias.com\/web\/angel-victor-torres-la-ley-servicios-sociales-fundamental-contrarrestar-los-recortes-del-partido-popular-canarias\/#respond\"]}]},{\"@type\":\"WebPage\",\"@id\":\"https:\/\/psoecanarias.com\/web\/angel-victor-torres-la-ley-servicios-sociales-fundamental-contrarrestar-los-recortes-del-partido-popular-canarias\/\",\"url\":\"https:\/\/psoecanarias.com\/web\/angel-victor-torres-la-ley-servicios-sociales-fundamental-contrarrestar-los-recortes-del-partido-popular-canarias\/\",\"name\":\"\u00c1ngel V\u00edctor Torres: \u201cLa Ley de Servicios Sociales es fundamental para contrarrestar los recortes del Partido Popular en Canarias\u201d | PSOE Canarias\",\"isPartOf\":{\"@id\":\"https:\/\/psoecanarias.com\/web\/#website\"},\"primaryImageOfPage\":{\"@id\":\"https:\/\/psoecanarias.com\/web\/angel-victor-torres-la-ley-servicios-sociales-fundamental-contrarrestar-los-recortes-del-partido-popular-canarias\/#primaryimage\"},\"image\":{\"@id\":\"https:\/\/psoecanarias.com\/web\/angel-victor-torres-la-ley-servicios-sociales-fundamental-contrarrestar-los-recortes-del-partido-popular-canarias\/#primaryimage\"},\"thumbnailUrl\":\"https:\/\/psoecanarias.com\/web\/wp-content\/uploads\/2018\/02\/050218.-RP-PSOE.jpg\",\"datePublished\":\"2018-02-05T16:51:28+00:00\",\"author\":{\"@id\":\"https:\/\/psoecanarias.com\/web\/#\/schema\/person\/1ae43f9659d2fc599ca69c11e1dbf26f\"},\"breadcrumb\":{\"@id\":\"https:\/\/psoecanarias.com\/web\/angel-victor-torres-la-ley-servicios-sociales-fundamental-contrarrestar-los-recortes-del-partido-popular-canarias\/#breadcrumb\"},\"inLanguage\":\"es\",\"potentialAction\":[{\"@type\":\"ReadAction\",\"target\":[\"https:\/\/psoecanarias.com\/web\/angel-victor-torres-la-ley-servicios-sociales-fundamental-contrarrestar-los-recortes-del-partido-popular-canarias\/\"]}]},{\"@type\":\"ImageObject\",\"inLanguage\":\"es\",\"@id\":\"https:\/\/psoecanarias.com\/web\/angel-victor-torres-la-ley-servicios-sociales-fundamental-contrarrestar-los-recortes-del-partido-popular-canarias\/#primaryimage\",\"url\":\"https:\/\/psoecanarias.com\/web\/wp-content\/uploads\/2018\/02\/050218.-RP-PSOE.jpg\",\"contentUrl\":\"https:\/\/psoecanarias.com\/web\/wp-content\/uploads\/2018\/02\/050218.-RP-PSOE.jpg\",\"width\":2000,\"height\":1335},{\"@type\":\"BreadcrumbList\",\"@id\":\"https:\/\/psoecanarias.com\/web\/angel-victor-torres-la-ley-servicios-sociales-fundamental-contrarrestar-los-recortes-del-partido-popular-canarias\/#breadcrumb\",\"itemListElement\":[{\"@type\":\"ListItem\",\"position\":1,\"name\":\"Portada\",\"item\":\"https:\/\/psoecanarias.com\/web\/\"},{\"@type\":\"ListItem\",\"position\":2,\"name\":\"\u00c1ngel V\u00edctor Torres: \u201cLa Ley de Servicios Sociales es fundamental para contrarrestar los recortes del Partido Popular en Canarias\u201d\"}]},{\"@type\":\"WebSite\",\"@id\":\"https:\/\/psoecanarias.com\/web\/#website\",\"url\":\"https:\/\/psoecanarias.com\/web\/\",\"name\":\"PSOE Canarias\",\"description\":\"Partido Socialista Obrero Espa\u00f1ol Canarias\",\"potentialAction\":[{\"@type\":\"SearchAction\",\"target\":{\"@type\":\"EntryPoint\",\"urlTemplate\":\"https:\/\/psoecanarias.com\/web\/?s={search_term_string}\"},\"query-input\":{\"@type\":\"PropertyValueSpecification\",\"valueRequired\":true,\"valueName\":\"search_term_string\"}}],\"inLanguage\":\"es\"},{\"@type\":\"Person\",\"@id\":\"https:\/\/psoecanarias.com\/web\/#\/schema\/person\/1ae43f9659d2fc599ca69c11e1dbf26f\",\"name\":\"PSOE Canarias\",\"image\":{\"@type\":\"ImageObject\",\"inLanguage\":\"es\",\"@id\":\"https:\/\/secure.gravatar.com\/avatar\/4364d37f6f6f9cdb7af199b46151565f37d8a8c3c0e04c1d78c04e857a15e3a8?s=96&d=mm&r=g\",\"url\":\"https:\/\/secure.gravatar.com\/avatar\/4364d37f6f6f9cdb7af199b46151565f37d8a8c3c0e04c1d78c04e857a15e3a8?s=96&d=mm&r=g\",\"contentUrl\":\"https:\/\/secure.gravatar.com\/avatar\/4364d37f6f6f9cdb7af199b46151565f37d8a8c3c0e04c1d78c04e857a15e3a8?s=96&d=mm&r=g\",\"caption\":\"PSOE Canarias\"},\"url\":\"https:\/\/psoecanarias.com\/web\/author\/admin\/\"}]}<\/script>\n<!-- \/ Yoast SEO plugin. -->","yoast_head_json":{"title":"\u00c1ngel V\u00edctor Torres: \u201cLa Ley de Servicios Sociales es fundamental para contrarrestar los recortes del Partido Popular en Canarias\u201d | PSOE Canarias","robots":{"index":"index","follow":"follow","max-snippet":"max-snippet:-1","max-image-preview":"max-image-preview:large","max-video-preview":"max-video-preview:-1"},"canonical":"https:\/\/psoecanarias.com\/web\/angel-victor-torres-la-ley-servicios-sociales-fundamental-contrarrestar-los-recortes-del-partido-popular-canarias\/","og_locale":"es_ES","og_type":"article","og_title":"\u00c1ngel V\u00edctor Torres: \u201cLa Ley de Servicios Sociales es fundamental para contrarrestar los recortes del Partido Popular en Canarias\u201d | PSOE Canarias","og_description":"El Secretario General de PSOE Canarias, \u00c1ngel V\u00edctor Torres, ha destacado este lunes, junto a la portavoz del Grupo Parlamentario Socialista, Dolores Corujo, la importancia del anteproyecto de Ley Canaria de Servicios Sociales que se llevar\u00e1 al orden del d\u00eda del Pleno del Parlamento de Canarias de este martes. \u201cLa Ley de Servicios Sociales es [&hellip;]","og_url":"https:\/\/psoecanarias.com\/web\/angel-victor-torres-la-ley-servicios-sociales-fundamental-contrarrestar-los-recortes-del-partido-popular-canarias\/","og_site_name":"PSOE Canarias","article_published_time":"2018-02-05T16:51:28+00:00","og_image":[{"width":2000,"height":1335,"url":"https:\/\/psoecanarias.com\/web\/wp-content\/uploads\/2018\/02\/050218.-RP-PSOE.jpg","type":"image\/jpeg"}],"author":"PSOE Canarias","twitter_card":"summary_large_image","schema":{"@context":"https:\/\/schema.org","@graph":[{"@type":"Article","@id":"https:\/\/psoecanarias.com\/web\/angel-victor-torres-la-ley-servicios-sociales-fundamental-contrarrestar-los-recortes-del-partido-popular-canarias\/#article","isPartOf":{"@id":"https:\/\/psoecanarias.com\/web\/angel-victor-torres-la-ley-servicios-sociales-fundamental-contrarrestar-los-recortes-del-partido-popular-canarias\/"},"author":{"name":"PSOE Canarias","@id":"https:\/\/psoecanarias.com\/web\/#\/schema\/person\/1ae43f9659d2fc599ca69c11e1dbf26f"},"headline":"\u00c1ngel V\u00edctor Torres: \u201cLa Ley de Servicios Sociales es fundamental para contrarrestar los recortes del Partido Popular en Canarias\u201d","datePublished":"2018-02-05T16:51:28+00:00","mainEntityOfPage":{"@id":"https:\/\/psoecanarias.com\/web\/angel-victor-torres-la-ley-servicios-sociales-fundamental-contrarrestar-los-recortes-del-partido-popular-canarias\/"},"wordCount":750,"commentCount":0,"image":{"@id":"https:\/\/psoecanarias.com\/web\/angel-victor-torres-la-ley-servicios-sociales-fundamental-contrarrestar-los-recortes-del-partido-popular-canarias\/#primaryimage"},"thumbnailUrl":"https:\/\/psoecanarias.com\/web\/wp-content\/uploads\/2018\/02\/050218.-RP-PSOE.jpg","articleSection":["Pol\u00edtica"],"inLanguage":"es","potentialAction":[{"@type":"CommentAction","name":"Comment","target":["https:\/\/psoecanarias.com\/web\/angel-victor-torres-la-ley-servicios-sociales-fundamental-contrarrestar-los-recortes-del-partido-popular-canarias\/#respond"]}]},{"@type":"WebPage","@id":"https:\/\/psoecanarias.com\/web\/angel-victor-torres-la-ley-servicios-sociales-fundamental-contrarrestar-los-recortes-del-partido-popular-canarias\/","url":"https:\/\/psoecanarias.com\/web\/angel-victor-torres-la-ley-servicios-sociales-fundamental-contrarrestar-los-recortes-del-partido-popular-canarias\/","name":"\u00c1ngel V\u00edctor Torres: \u201cLa Ley de Servicios Sociales es fundamental para contrarrestar los recortes del Partido Popular en Canarias\u201d | PSOE Canarias","isPartOf":{"@id":"https:\/\/psoecanarias.com\/web\/#website"},"primaryImageOfPage":{"@id":"https:\/\/psoecanarias.com\/web\/angel-victor-torres-la-ley-servicios-sociales-fundamental-contrarrestar-los-recortes-del-partido-popular-canarias\/#primaryimage"},"image":{"@id":"https:\/\/psoecanarias.com\/web\/angel-victor-torres-la-ley-servicios-sociales-fundamental-contrarrestar-los-recortes-del-partido-popular-canarias\/#primaryimage"},"thumbnailUrl":"https:\/\/psoecanarias.com\/web\/wp-content\/uploads\/2018\/02\/050218.-RP-PSOE.jpg","datePublished":"2018-02-05T16:51:28+00:00","author":{"@id":"https:\/\/psoecanarias.com\/web\/#\/schema\/person\/1ae43f9659d2fc599ca69c11e1dbf26f"},"breadcrumb":{"@id":"https:\/\/psoecanarias.com\/web\/angel-victor-torres-la-ley-servicios-sociales-fundamental-contrarrestar-los-recortes-del-partido-popular-canarias\/#breadcrumb"},"inLanguage":"es","potentialAction":[{"@type":"ReadAction","target":["https:\/\/psoecanarias.com\/web\/angel-victor-torres-la-ley-servicios-sociales-fundamental-contrarrestar-los-recortes-del-partido-popular-canarias\/"]}]},{"@type":"ImageObject","inLanguage":"es","@id":"https:\/\/psoecanarias.com\/web\/angel-victor-torres-la-ley-servicios-sociales-fundamental-contrarrestar-los-recortes-del-partido-popular-canarias\/#primaryimage","url":"https:\/\/psoecanarias.com\/web\/wp-content\/uploads\/2018\/02\/050218.-RP-PSOE.jpg","contentUrl":"https:\/\/psoecanarias.com\/web\/wp-content\/uploads\/2018\/02\/050218.-RP-PSOE.jpg","width":2000,"height":1335},{"@type":"BreadcrumbList","@id":"https:\/\/psoecanarias.com\/web\/angel-victor-torres-la-ley-servicios-sociales-fundamental-contrarrestar-los-recortes-del-partido-popular-canarias\/#breadcrumb","itemListElement":[{"@type":"ListItem","position":1,"name":"Portada","item":"https:\/\/psoecanarias.com\/web\/"},{"@type":"ListItem","position":2,"name":"\u00c1ngel V\u00edctor Torres: \u201cLa Ley de Servicios Sociales es fundamental para contrarrestar los recortes del Partido Popular en Canarias\u201d"}]},{"@type":"WebSite","@id":"https:\/\/psoecanarias.com\/web\/#website","url":"https:\/\/psoecanarias.com\/web\/","name":"PSOE Canarias","description":"Partido Socialista Obrero Espa\u00f1ol Canarias","potentialAction":[{"@type":"SearchAction","target":{"@type":"EntryPoint","urlTemplate":"https:\/\/psoecanarias.com\/web\/?s={search_term_string}"},"query-input":{"@type":"PropertyValueSpecification","valueRequired":true,"valueName":"search_term_string"}}],"inLanguage":"es"},{"@type":"Person","@id":"https:\/\/psoecanarias.com\/web\/#\/schema\/person\/1ae43f9659d2fc599ca69c11e1dbf26f","name":"PSOE Canarias","image":{"@type":"ImageObject","inLanguage":"es","@id":"https:\/\/secure.gravatar.com\/avatar\/4364d37f6f6f9cdb7af199b46151565f37d8a8c3c0e04c1d78c04e857a15e3a8?s=96&d=mm&r=g","url":"https:\/\/secure.gravatar.com\/avatar\/4364d37f6f6f9cdb7af199b46151565f37d8a8c3c0e04c1d78c04e857a15e3a8?s=96&d=mm&r=g","contentUrl":"https:\/\/secure.gravatar.com\/avatar\/4364d37f6f6f9cdb7af199b46151565f37d8a8c3c0e04c1d78c04e857a15e3a8?s=96&d=mm&r=g","caption":"PSOE Canarias"},"url":"https:\/\/psoecanarias.com\/web\/author\/admin\/"}]}},"_links":{"self":[{"href":"https:\/\/psoecanarias.com\/web\/wp-json\/wp\/v2\/posts\/4630","targetHints":{"allow":["GET"]}}],"collection":[{"href":"https:\/\/psoecanarias.com\/web\/wp-json\/wp\/v2\/posts"}],"about":[{"href":"https:\/\/psoecanarias.com\/web\/wp-json\/wp\/v2\/types\/post"}],"author":[{"embeddable":true,"href":"https:\/\/psoecanarias.com\/web\/wp-json\/wp\/v2\/users\/1"}],"replies":[{"embeddable":true,"href":"https:\/\/psoecanarias.com\/web\/wp-json\/wp\/v2\/comments?post=4630"}],"version-history":[{"count":1,"href":"https:\/\/psoecanarias.com\/web\/wp-json\/wp\/v2\/posts\/4630\/revisions"}],"predecessor-version":[{"id":4633,"href":"https:\/\/psoecanarias.com\/web\/wp-json\/wp\/v2\/posts\/4630\/revisions\/4633"}],"wp:featuredmedia":[{"embeddable":true,"href":"https:\/\/psoecanarias.com\/web\/wp-json\/wp\/v2\/media\/4631"}],"wp:attachment":[{"href":"https:\/\/psoecanarias.com\/web\/wp-json\/wp\/v2\/media?parent=4630"}],"wp:term":[{"taxonomy":"category","embeddable":true,"href":"https:\/\/psoecanarias.com\/web\/wp-json\/wp\/v2\/categories?post=4630"},{"taxonomy":"post_tag","embeddable":true,"href":"https:\/\/psoecanarias.com\/web\/wp-json\/wp\/v2\/tags?post=4630"}],"curies":[{"name":"wp","href":"https:\/\/api.w.org\/{rel}","templated":true}]}}