{"id":4634,"date":"2018-02-06T19:39:21","date_gmt":"2018-02-06T19:39:21","guid":{"rendered":"http:\/\/psoecanarias.com\/web\/?p=4634"},"modified":"2018-02-06T19:39:21","modified_gmt":"2018-02-06T19:39:21","slug":"psoe-quiere-una-ley-maximos-consolide-cuarto-pilar-del-estado-bienestar","status":"publish","type":"post","link":"https:\/\/psoecanarias.com\/web\/psoe-quiere-una-ley-maximos-consolide-cuarto-pilar-del-estado-bienestar\/","title":{"rendered":"El PSOE quiere una ley de m\u00e1ximos que consolide el cuarto pilar del estado de bienestar"},"content":{"rendered":"<p style=\"font-weight: 400;\">La portavoz de Pol\u00edtica Social del Grupo Parlamentario Socialista, Teresa Cruz Oval, defendi\u00f3 este martes que la ley de servicios sociales de Canarias sea una ley de m\u00e1ximos que consolide el cuarto pilar del estado de bienestar. \u201cDebemos pasar de una mera declaraci\u00f3n de principios a una norma que garantice un derecho subjetivo a las personas\u201d, dijo en la C\u00e1mara.<\/p>\n<p style=\"font-weight: 400;\">Durante el debate de primera lectura del proyecto de ley, agradeci\u00f3 la responsabilidad demostrada por el PSOE durante su etapa en el Gobierno por haber situado esta iniciativa entre sus prioridades por ser \u201cse\u00f1a de identidad\u201d del Partido Socialista, as\u00ed como a las entidades sociales que han presentado alegaciones para poder aspirar a tener la mejor ley posible, \u201cuna ley para todos y todas que, no obstante, a\u00fan dista mucho de ser el sue\u00f1o al que aspira el PSOE\u201d.<\/p>\n<p style=\"font-weight: 400;\">Como record\u00f3, la primera Ley de Servicios Sociales la aprob\u00f3 un Gobierno socialista hace 31 a\u00f1os y ha sido de nuevo el PSOE Canarias el que har\u00e1 posible esta segunda ley. \u201cDurante dos legislaturas, CC intent\u00f3 aprobar, sin \u00e9xito, una nueva ley de servicios sociales. En apenas un a\u00f1o, la anterior consejera, Patricia Hern\u00e1ndez, consigui\u00f3 poner de acuerdo a los colegios profesionales, organizaciones sociales, cabildos y ayuntamientos\u201d, dijo Cruz Oval.<\/p>\n<p style=\"font-weight: 400;\">La parlamentaria destac\u00f3 el amplio consenso con que cont\u00f3 el anteproyecto de ley cont\u00f3, as\u00ed como el apoyo un\u00e1nime con que super\u00f3 el primer tr\u00e1mite del Consejo General de Servicios Sociales. Defendi\u00f3 la necesidad de evitar el \u201cuso torticero\u201d de esta nueva ley como una \u201cespecie de remedio universal para resolver todos los problemas sociales que lastran esta tierra, ya que superarlos implica acciones del conjunto del Gobierno\u201d.<\/p>\n<p style=\"font-weight: 400;\">Teresa Cruz dijo que los significativos cambios experimentados en la \u00faltima d\u00e9cada justifican la apuesta por una ley que responda a las actuales demandas sociales, que avance\u00a0hacia la igualdad entre mujeres y hombres, que se desarrolle ampliamente,\u00a0que corrija las desigualdades territoriales y que consolide el sistema canario de servicios sociales con una financiaci\u00f3n suficiente, estable y justa \u201cque vaya m\u00e1s all\u00e1 de las buenas voluntades de un convenio o subvenci\u00f3n, como viene sucediendo\u201d.<\/p>\n<p style=\"font-weight: 400;\">Frente a las debilidades del proyecto, la diputada abog\u00f3 por aprovechar esta oportunidad para ver sus fortalezas, \u201cporque antes de la aprobaci\u00f3n definitiva tendremos la posibilidad de mejorar el texto con la presentaci\u00f3n responsable de enmiendas\u201d.<\/p>\n<p style=\"font-weight: 400;\"><strong>CALIDAD<\/strong><\/p>\n<p style=\"font-weight: 400;\">Teresa Cruz Oval lament\u00f3 que \u201cpara otros\u201d no est\u00e9 en su agenda pol\u00edtica esta ley, \u201clo que justifica, en parte, las grandes desigualdades sociales que existen en Canarias y que estemos a la cola en esas pol\u00edticas, mientras permanecemos a la cabeza de la cabeza en super\u00e1vit presupuestario\u201d. Remarc\u00f3 que como para el PSOE s\u00ed era y es esencial, \u201cno bastaba con aprobarla de cualquier manera para cumplir un compromiso pol\u00edtico\u201d.<\/p>\n<p style=\"font-weight: 400;\">Record\u00f3 que el presidente Clavijo daba solo seis meses a la exconsejera Patricia Hern\u00e1ndez para sacar adelante esa ley, mientras que el PSOE siempre defendi\u00f3 que se garantizase la participaci\u00f3n para contar con un completo an\u00e1lisis de la realidad social canaria. \u201cEsta ley es muy importante porque genera un derecho subjetivo nuevo de naturaleza social a la poblaci\u00f3n canaria; es una ley para la igualdad, determina qu\u00e9 prestaciones y servicios deben estar garantizados, cu\u00e1les est\u00e1n condicionados a disponibilidad presupuestaria y, por primera vez, habr\u00e1 una cartera de servicios y un cat\u00e1logo de prestaciones\u201d.<\/p>\n<p style=\"font-weight: 400;\">Para Cruz Oval, la ley \u201ctambi\u00e9n da un salto significativo al pasar de un modelo con marcado acento individualizado a uno m\u00e1s integral y grupal, en el que la promoci\u00f3n social, prevenci\u00f3n y eliminaci\u00f3n de las causas que conducen a la exclusi\u00f3n social tienen un espacio relevante\u201d. Al respecto, se\u00f1al\u00f3 que por primera vez se determina que las ayudas de emergencia social deben estar garantizadas y atendidas de forma inmediata.<\/p>\n<p style=\"font-weight: 400;\">El texto tambi\u00e9n pretende definir un marco de calidad en el sistema p\u00fablico de servicios sociales, devuelve a los ayuntamientos el \u201cprotagonismo hurtado por algunos insularismos y por el PP con la ley de\u00a0<em>racionalizaci\u00f3n y sostenibilidad de la administraci\u00f3n local, convirtiendo a los ayuntamientos en puertas de entrada al sistema\u201d.<\/em><\/p>\n<p style=\"font-weight: 400;\">Teresa Cruz hizo hincapi\u00e9 en que este proyecto de ley \u201cexpresa un compromiso con lo p\u00fablico, convierte en prioritaria la gesti\u00f3n directa de las administraciones canarias con la colaboraci\u00f3n de la iniciativa social, preferentemente sin \u00e1nimo de lucro, y ofrece un tratamiento detenido a los \u00f3rganos de participaci\u00f3n social\u201d.<\/p>\n","protected":false},"excerpt":{"rendered":"<p>La portavoz de Pol\u00edtica Social del Grupo Parlamentario Socialista, Teresa Cruz Oval, defendi\u00f3 este martes que la ley de servicios sociales de Canarias sea una ley de m\u00e1ximos que consolide el cuarto pilar del estado de bienestar. \u201cDebemos pasar de una mera declaraci\u00f3n de principios a una norma que garantice un derecho subjetivo a las [&hellip;]<\/p>\n","protected":false},"author":1,"featured_media":4635,"comment_status":"open","ping_status":"open","sticky":false,"template":"","format":"standard","meta":{"footnotes":""},"categories":[7],"tags":[],"class_list":["post-4634","post","type-post","status-publish","format-standard","has-post-thumbnail","hentry","category-politica"],"featured_image_src":"https:\/\/psoecanarias.com\/web\/wp-content\/uploads\/2018\/02\/TCOfeb18.jpeg","author_info":{"display_name":"PSOE Canarias","author_link":"https:\/\/psoecanarias.com\/web\/author\/admin\/"},"yoast_head":"<!-- This site is optimized with the Yoast SEO plugin v27.2 - https:\/\/yoast.com\/product\/yoast-seo-wordpress\/ -->\n<title>El PSOE quiere una ley de m\u00e1ximos que consolide el cuarto pilar del estado de bienestar | PSOE Canarias<\/title>\n<meta name=\"robots\" content=\"index, follow, max-snippet:-1, max-image-preview:large, max-video-preview:-1\" \/>\n<link rel=\"canonical\" href=\"https:\/\/psoecanarias.com\/web\/psoe-quiere-una-ley-maximos-consolide-cuarto-pilar-del-estado-bienestar\/\" \/>\n<meta property=\"og:locale\" content=\"es_ES\" \/>\n<meta property=\"og:type\" content=\"article\" \/>\n<meta property=\"og:title\" content=\"El PSOE quiere una ley de m\u00e1ximos que consolide el cuarto pilar del estado de bienestar | PSOE Canarias\" \/>\n<meta property=\"og:description\" content=\"La portavoz de Pol\u00edtica Social del Grupo Parlamentario Socialista, Teresa Cruz Oval, defendi\u00f3 este martes que la ley de servicios sociales de Canarias sea una ley de m\u00e1ximos que consolide el cuarto pilar del estado de bienestar. \u201cDebemos pasar de una mera declaraci\u00f3n de principios a una norma que garantice un derecho subjetivo a las [&hellip;]\" \/>\n<meta property=\"og:url\" content=\"https:\/\/psoecanarias.com\/web\/psoe-quiere-una-ley-maximos-consolide-cuarto-pilar-del-estado-bienestar\/\" \/>\n<meta property=\"og:site_name\" content=\"PSOE Canarias\" \/>\n<meta property=\"article:published_time\" content=\"2018-02-06T19:39:21+00:00\" \/>\n<meta property=\"og:image\" content=\"https:\/\/psoecanarias.com\/web\/wp-content\/uploads\/2018\/02\/TCOfeb18.jpeg\" \/>\n\t<meta property=\"og:image:width\" content=\"1066\" \/>\n\t<meta property=\"og:image:height\" content=\"1600\" \/>\n\t<meta property=\"og:image:type\" content=\"image\/jpeg\" \/>\n<meta name=\"author\" content=\"PSOE Canarias\" \/>\n<meta name=\"twitter:card\" content=\"summary_large_image\" \/>\n<script type=\"application\/ld+json\" class=\"yoast-schema-graph\">{\"@context\":\"https:\/\/schema.org\",\"@graph\":[{\"@type\":\"Article\",\"@id\":\"https:\/\/psoecanarias.com\/web\/psoe-quiere-una-ley-maximos-consolide-cuarto-pilar-del-estado-bienestar\/#article\",\"isPartOf\":{\"@id\":\"https:\/\/psoecanarias.com\/web\/psoe-quiere-una-ley-maximos-consolide-cuarto-pilar-del-estado-bienestar\/\"},\"author\":{\"name\":\"PSOE Canarias\",\"@id\":\"https:\/\/psoecanarias.com\/web\/#\/schema\/person\/1ae43f9659d2fc599ca69c11e1dbf26f\"},\"headline\":\"El PSOE quiere una ley de m\u00e1ximos que consolide el cuarto pilar del estado de bienestar\",\"datePublished\":\"2018-02-06T19:39:21+00:00\",\"mainEntityOfPage\":{\"@id\":\"https:\/\/psoecanarias.com\/web\/psoe-quiere-una-ley-maximos-consolide-cuarto-pilar-del-estado-bienestar\/\"},\"wordCount\":783,\"commentCount\":0,\"image\":{\"@id\":\"https:\/\/psoecanarias.com\/web\/psoe-quiere-una-ley-maximos-consolide-cuarto-pilar-del-estado-bienestar\/#primaryimage\"},\"thumbnailUrl\":\"https:\/\/psoecanarias.com\/web\/wp-content\/uploads\/2018\/02\/TCOfeb18.jpeg\",\"articleSection\":[\"Pol\u00edtica\"],\"inLanguage\":\"es\",\"potentialAction\":[{\"@type\":\"CommentAction\",\"name\":\"Comment\",\"target\":[\"https:\/\/psoecanarias.com\/web\/psoe-quiere-una-ley-maximos-consolide-cuarto-pilar-del-estado-bienestar\/#respond\"]}]},{\"@type\":\"WebPage\",\"@id\":\"https:\/\/psoecanarias.com\/web\/psoe-quiere-una-ley-maximos-consolide-cuarto-pilar-del-estado-bienestar\/\",\"url\":\"https:\/\/psoecanarias.com\/web\/psoe-quiere-una-ley-maximos-consolide-cuarto-pilar-del-estado-bienestar\/\",\"name\":\"El PSOE quiere una ley de m\u00e1ximos que consolide el cuarto pilar del estado de bienestar | PSOE Canarias\",\"isPartOf\":{\"@id\":\"https:\/\/psoecanarias.com\/web\/#website\"},\"primaryImageOfPage\":{\"@id\":\"https:\/\/psoecanarias.com\/web\/psoe-quiere-una-ley-maximos-consolide-cuarto-pilar-del-estado-bienestar\/#primaryimage\"},\"image\":{\"@id\":\"https:\/\/psoecanarias.com\/web\/psoe-quiere-una-ley-maximos-consolide-cuarto-pilar-del-estado-bienestar\/#primaryimage\"},\"thumbnailUrl\":\"https:\/\/psoecanarias.com\/web\/wp-content\/uploads\/2018\/02\/TCOfeb18.jpeg\",\"datePublished\":\"2018-02-06T19:39:21+00:00\",\"author\":{\"@id\":\"https:\/\/psoecanarias.com\/web\/#\/schema\/person\/1ae43f9659d2fc599ca69c11e1dbf26f\"},\"breadcrumb\":{\"@id\":\"https:\/\/psoecanarias.com\/web\/psoe-quiere-una-ley-maximos-consolide-cuarto-pilar-del-estado-bienestar\/#breadcrumb\"},\"inLanguage\":\"es\",\"potentialAction\":[{\"@type\":\"ReadAction\",\"target\":[\"https:\/\/psoecanarias.com\/web\/psoe-quiere-una-ley-maximos-consolide-cuarto-pilar-del-estado-bienestar\/\"]}]},{\"@type\":\"ImageObject\",\"inLanguage\":\"es\",\"@id\":\"https:\/\/psoecanarias.com\/web\/psoe-quiere-una-ley-maximos-consolide-cuarto-pilar-del-estado-bienestar\/#primaryimage\",\"url\":\"https:\/\/psoecanarias.com\/web\/wp-content\/uploads\/2018\/02\/TCOfeb18.jpeg\",\"contentUrl\":\"https:\/\/psoecanarias.com\/web\/wp-content\/uploads\/2018\/02\/TCOfeb18.jpeg\",\"width\":1066,\"height\":1600},{\"@type\":\"BreadcrumbList\",\"@id\":\"https:\/\/psoecanarias.com\/web\/psoe-quiere-una-ley-maximos-consolide-cuarto-pilar-del-estado-bienestar\/#breadcrumb\",\"itemListElement\":[{\"@type\":\"ListItem\",\"position\":1,\"name\":\"Portada\",\"item\":\"https:\/\/psoecanarias.com\/web\/\"},{\"@type\":\"ListItem\",\"position\":2,\"name\":\"El PSOE quiere una ley de m\u00e1ximos que consolide el cuarto pilar del estado de bienestar\"}]},{\"@type\":\"WebSite\",\"@id\":\"https:\/\/psoecanarias.com\/web\/#website\",\"url\":\"https:\/\/psoecanarias.com\/web\/\",\"name\":\"PSOE Canarias\",\"description\":\"Partido Socialista Obrero Espa\u00f1ol Canarias\",\"potentialAction\":[{\"@type\":\"SearchAction\",\"target\":{\"@type\":\"EntryPoint\",\"urlTemplate\":\"https:\/\/psoecanarias.com\/web\/?s={search_term_string}\"},\"query-input\":{\"@type\":\"PropertyValueSpecification\",\"valueRequired\":true,\"valueName\":\"search_term_string\"}}],\"inLanguage\":\"es\"},{\"@type\":\"Person\",\"@id\":\"https:\/\/psoecanarias.com\/web\/#\/schema\/person\/1ae43f9659d2fc599ca69c11e1dbf26f\",\"name\":\"PSOE Canarias\",\"image\":{\"@type\":\"ImageObject\",\"inLanguage\":\"es\",\"@id\":\"https:\/\/secure.gravatar.com\/avatar\/4364d37f6f6f9cdb7af199b46151565f37d8a8c3c0e04c1d78c04e857a15e3a8?s=96&d=mm&r=g\",\"url\":\"https:\/\/secure.gravatar.com\/avatar\/4364d37f6f6f9cdb7af199b46151565f37d8a8c3c0e04c1d78c04e857a15e3a8?s=96&d=mm&r=g\",\"contentUrl\":\"https:\/\/secure.gravatar.com\/avatar\/4364d37f6f6f9cdb7af199b46151565f37d8a8c3c0e04c1d78c04e857a15e3a8?s=96&d=mm&r=g\",\"caption\":\"PSOE Canarias\"},\"url\":\"https:\/\/psoecanarias.com\/web\/author\/admin\/\"}]}<\/script>\n<!-- \/ Yoast SEO plugin. -->","yoast_head_json":{"title":"El PSOE quiere una ley de m\u00e1ximos que consolide el cuarto pilar del estado de bienestar | PSOE Canarias","robots":{"index":"index","follow":"follow","max-snippet":"max-snippet:-1","max-image-preview":"max-image-preview:large","max-video-preview":"max-video-preview:-1"},"canonical":"https:\/\/psoecanarias.com\/web\/psoe-quiere-una-ley-maximos-consolide-cuarto-pilar-del-estado-bienestar\/","og_locale":"es_ES","og_type":"article","og_title":"El PSOE quiere una ley de m\u00e1ximos que consolide el cuarto pilar del estado de bienestar | PSOE Canarias","og_description":"La portavoz de Pol\u00edtica Social del Grupo Parlamentario Socialista, Teresa Cruz Oval, defendi\u00f3 este martes que la ley de servicios sociales de Canarias sea una ley de m\u00e1ximos que consolide el cuarto pilar del estado de bienestar. \u201cDebemos pasar de una mera declaraci\u00f3n de principios a una norma que garantice un derecho subjetivo a las [&hellip;]","og_url":"https:\/\/psoecanarias.com\/web\/psoe-quiere-una-ley-maximos-consolide-cuarto-pilar-del-estado-bienestar\/","og_site_name":"PSOE Canarias","article_published_time":"2018-02-06T19:39:21+00:00","og_image":[{"width":1066,"height":1600,"url":"https:\/\/psoecanarias.com\/web\/wp-content\/uploads\/2018\/02\/TCOfeb18.jpeg","type":"image\/jpeg"}],"author":"PSOE Canarias","twitter_card":"summary_large_image","schema":{"@context":"https:\/\/schema.org","@graph":[{"@type":"Article","@id":"https:\/\/psoecanarias.com\/web\/psoe-quiere-una-ley-maximos-consolide-cuarto-pilar-del-estado-bienestar\/#article","isPartOf":{"@id":"https:\/\/psoecanarias.com\/web\/psoe-quiere-una-ley-maximos-consolide-cuarto-pilar-del-estado-bienestar\/"},"author":{"name":"PSOE Canarias","@id":"https:\/\/psoecanarias.com\/web\/#\/schema\/person\/1ae43f9659d2fc599ca69c11e1dbf26f"},"headline":"El PSOE quiere una ley de m\u00e1ximos que consolide el cuarto pilar del estado de bienestar","datePublished":"2018-02-06T19:39:21+00:00","mainEntityOfPage":{"@id":"https:\/\/psoecanarias.com\/web\/psoe-quiere-una-ley-maximos-consolide-cuarto-pilar-del-estado-bienestar\/"},"wordCount":783,"commentCount":0,"image":{"@id":"https:\/\/psoecanarias.com\/web\/psoe-quiere-una-ley-maximos-consolide-cuarto-pilar-del-estado-bienestar\/#primaryimage"},"thumbnailUrl":"https:\/\/psoecanarias.com\/web\/wp-content\/uploads\/2018\/02\/TCOfeb18.jpeg","articleSection":["Pol\u00edtica"],"inLanguage":"es","potentialAction":[{"@type":"CommentAction","name":"Comment","target":["https:\/\/psoecanarias.com\/web\/psoe-quiere-una-ley-maximos-consolide-cuarto-pilar-del-estado-bienestar\/#respond"]}]},{"@type":"WebPage","@id":"https:\/\/psoecanarias.com\/web\/psoe-quiere-una-ley-maximos-consolide-cuarto-pilar-del-estado-bienestar\/","url":"https:\/\/psoecanarias.com\/web\/psoe-quiere-una-ley-maximos-consolide-cuarto-pilar-del-estado-bienestar\/","name":"El PSOE quiere una ley de m\u00e1ximos que consolide el cuarto pilar del estado de bienestar | PSOE Canarias","isPartOf":{"@id":"https:\/\/psoecanarias.com\/web\/#website"},"primaryImageOfPage":{"@id":"https:\/\/psoecanarias.com\/web\/psoe-quiere-una-ley-maximos-consolide-cuarto-pilar-del-estado-bienestar\/#primaryimage"},"image":{"@id":"https:\/\/psoecanarias.com\/web\/psoe-quiere-una-ley-maximos-consolide-cuarto-pilar-del-estado-bienestar\/#primaryimage"},"thumbnailUrl":"https:\/\/psoecanarias.com\/web\/wp-content\/uploads\/2018\/02\/TCOfeb18.jpeg","datePublished":"2018-02-06T19:39:21+00:00","author":{"@id":"https:\/\/psoecanarias.com\/web\/#\/schema\/person\/1ae43f9659d2fc599ca69c11e1dbf26f"},"breadcrumb":{"@id":"https:\/\/psoecanarias.com\/web\/psoe-quiere-una-ley-maximos-consolide-cuarto-pilar-del-estado-bienestar\/#breadcrumb"},"inLanguage":"es","potentialAction":[{"@type":"ReadAction","target":["https:\/\/psoecanarias.com\/web\/psoe-quiere-una-ley-maximos-consolide-cuarto-pilar-del-estado-bienestar\/"]}]},{"@type":"ImageObject","inLanguage":"es","@id":"https:\/\/psoecanarias.com\/web\/psoe-quiere-una-ley-maximos-consolide-cuarto-pilar-del-estado-bienestar\/#primaryimage","url":"https:\/\/psoecanarias.com\/web\/wp-content\/uploads\/2018\/02\/TCOfeb18.jpeg","contentUrl":"https:\/\/psoecanarias.com\/web\/wp-content\/uploads\/2018\/02\/TCOfeb18.jpeg","width":1066,"height":1600},{"@type":"BreadcrumbList","@id":"https:\/\/psoecanarias.com\/web\/psoe-quiere-una-ley-maximos-consolide-cuarto-pilar-del-estado-bienestar\/#breadcrumb","itemListElement":[{"@type":"ListItem","position":1,"name":"Portada","item":"https:\/\/psoecanarias.com\/web\/"},{"@type":"ListItem","position":2,"name":"El PSOE quiere una ley de m\u00e1ximos que consolide el cuarto pilar del estado de bienestar"}]},{"@type":"WebSite","@id":"https:\/\/psoecanarias.com\/web\/#website","url":"https:\/\/psoecanarias.com\/web\/","name":"PSOE Canarias","description":"Partido Socialista Obrero Espa\u00f1ol Canarias","potentialAction":[{"@type":"SearchAction","target":{"@type":"EntryPoint","urlTemplate":"https:\/\/psoecanarias.com\/web\/?s={search_term_string}"},"query-input":{"@type":"PropertyValueSpecification","valueRequired":true,"valueName":"search_term_string"}}],"inLanguage":"es"},{"@type":"Person","@id":"https:\/\/psoecanarias.com\/web\/#\/schema\/person\/1ae43f9659d2fc599ca69c11e1dbf26f","name":"PSOE Canarias","image":{"@type":"ImageObject","inLanguage":"es","@id":"https:\/\/secure.gravatar.com\/avatar\/4364d37f6f6f9cdb7af199b46151565f37d8a8c3c0e04c1d78c04e857a15e3a8?s=96&d=mm&r=g","url":"https:\/\/secure.gravatar.com\/avatar\/4364d37f6f6f9cdb7af199b46151565f37d8a8c3c0e04c1d78c04e857a15e3a8?s=96&d=mm&r=g","contentUrl":"https:\/\/secure.gravatar.com\/avatar\/4364d37f6f6f9cdb7af199b46151565f37d8a8c3c0e04c1d78c04e857a15e3a8?s=96&d=mm&r=g","caption":"PSOE Canarias"},"url":"https:\/\/psoecanarias.com\/web\/author\/admin\/"}]}},"_links":{"self":[{"href":"https:\/\/psoecanarias.com\/web\/wp-json\/wp\/v2\/posts\/4634","targetHints":{"allow":["GET"]}}],"collection":[{"href":"https:\/\/psoecanarias.com\/web\/wp-json\/wp\/v2\/posts"}],"about":[{"href":"https:\/\/psoecanarias.com\/web\/wp-json\/wp\/v2\/types\/post"}],"author":[{"embeddable":true,"href":"https:\/\/psoecanarias.com\/web\/wp-json\/wp\/v2\/users\/1"}],"replies":[{"embeddable":true,"href":"https:\/\/psoecanarias.com\/web\/wp-json\/wp\/v2\/comments?post=4634"}],"version-history":[{"count":1,"href":"https:\/\/psoecanarias.com\/web\/wp-json\/wp\/v2\/posts\/4634\/revisions"}],"predecessor-version":[{"id":4636,"href":"https:\/\/psoecanarias.com\/web\/wp-json\/wp\/v2\/posts\/4634\/revisions\/4636"}],"wp:featuredmedia":[{"embeddable":true,"href":"https:\/\/psoecanarias.com\/web\/wp-json\/wp\/v2\/media\/4635"}],"wp:attachment":[{"href":"https:\/\/psoecanarias.com\/web\/wp-json\/wp\/v2\/media?parent=4634"}],"wp:term":[{"taxonomy":"category","embeddable":true,"href":"https:\/\/psoecanarias.com\/web\/wp-json\/wp\/v2\/categories?post=4634"},{"taxonomy":"post_tag","embeddable":true,"href":"https:\/\/psoecanarias.com\/web\/wp-json\/wp\/v2\/tags?post=4634"}],"curies":[{"name":"wp","href":"https:\/\/api.w.org\/{rel}","templated":true}]}}