{"id":4637,"date":"2018-02-06T19:59:25","date_gmt":"2018-02-06T19:59:25","guid":{"rendered":"http:\/\/psoecanarias.com\/web\/?p=4637"},"modified":"2018-02-06T19:59:25","modified_gmt":"2018-02-06T19:59:25","slug":"psoe-exige-la-retirada-los-simbolos-franquistas-se-doten-las-exhumaciones-sin-limitaciones","status":"publish","type":"post","link":"https:\/\/psoecanarias.com\/web\/psoe-exige-la-retirada-los-simbolos-franquistas-se-doten-las-exhumaciones-sin-limitaciones\/","title":{"rendered":"El PSOE exige la retirada de los s\u00edmbolos franquistas y que se doten las exhumaciones sin limitaciones"},"content":{"rendered":"<p class=\"m_-1569894812331891718MsoListParagraphCxSpMiddle\">La portavoz de Cultura del Grupo Parlamentario Socialista, Mar\u00eda Victoria Hern\u00e1ndez, exigi\u00f3 este martes que la Ley de memoria hist\u00f3rica de Canarias y de reconocimiento y reparaci\u00f3n moral de las v\u00edctimas canarias de la Guerra Civil y la dictadura franquista contemple la retirada de los s\u00edmbolos franquistas y los nombres de las calles que recuerdan esa \u00e9poca. Asimismo, pide la dotaci\u00f3n econ\u00f3mica de las exhumaciones sin condiciones.<u><\/u><u><\/u><\/p>\n<p class=\"m_-1569894812331891718MsoListParagraphCxSpMiddle\"><u><\/u>En la toma en consideraci\u00f3n del proyecto, Hern\u00e1ndez rechaz\u00f3 que la financiaci\u00f3n de las exhumaciones se limite a las disposiciones presupuestarias, \u201cporque no queremos dejar abierta ninguna puerta que sirva de excusa para seguir retrasando que las v\u00edctimas descansen en paz\u201d. En cuanto a la simbolog\u00eda y el callejero, indic\u00f3 que el texto solo reproduce el mandato general que est\u00e1 en la norma nacional y que diez a\u00f1os despu\u00e9s contin\u00faan incumpliendo muchos ayuntamientos.<u><\/u><u><\/u><\/p>\n<p class=\"m_-1569894812331891718MsoListParagraphCxSpMiddle\">Al respecto, la diputada explic\u00f3 que la propuesta del PSOE pasa por limitar las subvenciones auton\u00f3micas a los municipios que no cumplan con este mandato legal. \u201cSe est\u00e1n dando casos paradigm\u00e1ticos que ilustran el total pasotismo de muchos responsables locales en el cumplimiento de la legalidad, pero no lo seguiremos tolerando, por lo que apoyamos la toma en consideraci\u00f3n de la proposici\u00f3n de ley pero presentaremos enmiendas para incluir estas consideraciones\u201d, dijo.<u><\/u><u><\/u><\/p>\n<p class=\"m_-1569894812331891718MsoListParagraphCxSpMiddle\"><b>POR JUSTICIA<u><\/u><u><\/u><\/b><\/p>\n<p class=\"m_-1569894812331891718MsoListParagraphCxSpMiddle\">Mar\u00eda Victoria Hern\u00e1ndez traslad\u00f3 el reconocimiento del PSOE \u201ca todas aquellas personas que murieron o sufrieron persecuci\u00f3n por defender sus ideas durante la Guerra Civil y posterior dictadura\u201d, as\u00ed como a los familiares de las v\u00edctimas, las asociaciones y a los grupos parlamentarios \u201cpor su trabajo y predisposici\u00f3n en la elaboraci\u00f3n de esta proposici\u00f3n de ley\u201d.<u><\/u><u><\/u><\/p>\n<p class=\"m_-1569894812331891718MsoListParagraphCxSpMiddle\"><u><\/u>Como record\u00f3, esta iniciativa viene contextualizada en la ley nacional de memoria hist\u00f3rica de 2007, \u201cgestada y aprobada con cu\u00f1o socialista y que marca el camino y el trabajo que deber\u00edamos seguir el conjunto de las administraciones, incluidas las comunidades aut\u00f3nomas\u201d. Indic\u00f3 que el PSOE Canarias se present\u00f3 a las \u00faltimas elecciones con un programa donde defend\u00eda la necesidad de articular un procedimiento eficaz y participativo por los interesados, para la adecuada localizaci\u00f3n, exhumaci\u00f3n e identificaci\u00f3n de las v\u00edctimas desaparecidas.<u><\/u><u><\/u><\/p>\n<p class=\"m_-1569894812331891718MsoListParagraphCxSpMiddle\"><u><\/u>\u201cEs un objetivo que esta proposici\u00f3n de ley cumple con creces marcando unas pautas para el adecuado desarrollo reglamentario por el Gobierno, manteniendo un mapa de fosas con car\u00e1cter p\u00fablico, creando un banco de ADN p\u00fablico para facilitar la identificaci\u00f3n a los familiares de los desaparecidos, etc\u00e9tera\u201d, expuso.<u><\/u><u><\/u><\/p>\n<p class=\"m_-1569894812331891718MsoListParagraphCxSpLast\">Hern\u00e1ndez dijo que estas medidas, en su desarrollo, contar\u00e1n con el asesoramiento y la supervisi\u00f3n de una comisi\u00f3n t\u00e9cnica integrada, fundamentalmente, por personal t\u00e9cnico de instituciones p\u00fablicas administrativas y docentes, as\u00ed como por las personas designadas por las asociaciones de memoria hist\u00f3rica.<\/p>\n","protected":false},"excerpt":{"rendered":"<p>La portavoz de Cultura del Grupo Parlamentario Socialista, Mar\u00eda Victoria Hern\u00e1ndez, exigi\u00f3 este martes que la Ley de memoria hist\u00f3rica de Canarias y de reconocimiento y reparaci\u00f3n moral de las v\u00edctimas canarias de la Guerra Civil y la dictadura franquista contemple la retirada de los s\u00edmbolos franquistas y los nombres de las calles que recuerdan [&hellip;]<\/p>\n","protected":false},"author":1,"featured_media":4638,"comment_status":"open","ping_status":"open","sticky":false,"template":"","format":"standard","meta":{"footnotes":""},"categories":[7],"tags":[],"class_list":["post-4637","post","type-post","status-publish","format-standard","has-post-thumbnail","hentry","category-politica"],"featured_image_src":"https:\/\/psoecanarias.com\/web\/wp-content\/uploads\/2018\/02\/MVH25abr.jpg","author_info":{"display_name":"PSOE Canarias","author_link":"https:\/\/psoecanarias.com\/web\/author\/admin\/"},"yoast_head":"<!-- This site is optimized with the Yoast SEO plugin v27.2 - https:\/\/yoast.com\/product\/yoast-seo-wordpress\/ -->\n<title>El PSOE exige la retirada de los s\u00edmbolos franquistas y que se doten las exhumaciones sin limitaciones | PSOE Canarias<\/title>\n<meta name=\"robots\" content=\"index, follow, max-snippet:-1, max-image-preview:large, max-video-preview:-1\" \/>\n<link rel=\"canonical\" href=\"https:\/\/psoecanarias.com\/web\/psoe-exige-la-retirada-los-simbolos-franquistas-se-doten-las-exhumaciones-sin-limitaciones\/\" \/>\n<meta property=\"og:locale\" content=\"es_ES\" \/>\n<meta property=\"og:type\" content=\"article\" \/>\n<meta property=\"og:title\" content=\"El PSOE exige la retirada de los s\u00edmbolos franquistas y que se doten las exhumaciones sin limitaciones | PSOE Canarias\" \/>\n<meta property=\"og:description\" content=\"La portavoz de Cultura del Grupo Parlamentario Socialista, Mar\u00eda Victoria Hern\u00e1ndez, exigi\u00f3 este martes que la Ley de memoria hist\u00f3rica de Canarias y de reconocimiento y reparaci\u00f3n moral de las v\u00edctimas canarias de la Guerra Civil y la dictadura franquista contemple la retirada de los s\u00edmbolos franquistas y los nombres de las calles que recuerdan [&hellip;]\" \/>\n<meta property=\"og:url\" content=\"https:\/\/psoecanarias.com\/web\/psoe-exige-la-retirada-los-simbolos-franquistas-se-doten-las-exhumaciones-sin-limitaciones\/\" \/>\n<meta property=\"og:site_name\" content=\"PSOE Canarias\" \/>\n<meta property=\"article:published_time\" content=\"2018-02-06T19:59:25+00:00\" \/>\n<meta property=\"og:image\" content=\"https:\/\/psoecanarias.com\/web\/wp-content\/uploads\/2018\/02\/MVH25abr.jpg\" \/>\n\t<meta property=\"og:image:width\" content=\"1024\" \/>\n\t<meta property=\"og:image:height\" content=\"683\" \/>\n\t<meta property=\"og:image:type\" content=\"image\/jpeg\" \/>\n<meta name=\"author\" content=\"PSOE Canarias\" \/>\n<meta name=\"twitter:card\" content=\"summary_large_image\" \/>\n<script type=\"application\/ld+json\" class=\"yoast-schema-graph\">{\"@context\":\"https:\/\/schema.org\",\"@graph\":[{\"@type\":\"Article\",\"@id\":\"https:\/\/psoecanarias.com\/web\/psoe-exige-la-retirada-los-simbolos-franquistas-se-doten-las-exhumaciones-sin-limitaciones\/#article\",\"isPartOf\":{\"@id\":\"https:\/\/psoecanarias.com\/web\/psoe-exige-la-retirada-los-simbolos-franquistas-se-doten-las-exhumaciones-sin-limitaciones\/\"},\"author\":{\"name\":\"PSOE Canarias\",\"@id\":\"https:\/\/psoecanarias.com\/web\/#\/schema\/person\/1ae43f9659d2fc599ca69c11e1dbf26f\"},\"headline\":\"El PSOE exige la retirada de los s\u00edmbolos franquistas y que se doten las exhumaciones sin limitaciones\",\"datePublished\":\"2018-02-06T19:59:25+00:00\",\"mainEntityOfPage\":{\"@id\":\"https:\/\/psoecanarias.com\/web\/psoe-exige-la-retirada-los-simbolos-franquistas-se-doten-las-exhumaciones-sin-limitaciones\/\"},\"wordCount\":508,\"commentCount\":0,\"image\":{\"@id\":\"https:\/\/psoecanarias.com\/web\/psoe-exige-la-retirada-los-simbolos-franquistas-se-doten-las-exhumaciones-sin-limitaciones\/#primaryimage\"},\"thumbnailUrl\":\"https:\/\/psoecanarias.com\/web\/wp-content\/uploads\/2018\/02\/MVH25abr.jpg\",\"articleSection\":[\"Pol\u00edtica\"],\"inLanguage\":\"es\",\"potentialAction\":[{\"@type\":\"CommentAction\",\"name\":\"Comment\",\"target\":[\"https:\/\/psoecanarias.com\/web\/psoe-exige-la-retirada-los-simbolos-franquistas-se-doten-las-exhumaciones-sin-limitaciones\/#respond\"]}]},{\"@type\":\"WebPage\",\"@id\":\"https:\/\/psoecanarias.com\/web\/psoe-exige-la-retirada-los-simbolos-franquistas-se-doten-las-exhumaciones-sin-limitaciones\/\",\"url\":\"https:\/\/psoecanarias.com\/web\/psoe-exige-la-retirada-los-simbolos-franquistas-se-doten-las-exhumaciones-sin-limitaciones\/\",\"name\":\"El PSOE exige la retirada de los s\u00edmbolos franquistas y que se doten las exhumaciones sin limitaciones | PSOE Canarias\",\"isPartOf\":{\"@id\":\"https:\/\/psoecanarias.com\/web\/#website\"},\"primaryImageOfPage\":{\"@id\":\"https:\/\/psoecanarias.com\/web\/psoe-exige-la-retirada-los-simbolos-franquistas-se-doten-las-exhumaciones-sin-limitaciones\/#primaryimage\"},\"image\":{\"@id\":\"https:\/\/psoecanarias.com\/web\/psoe-exige-la-retirada-los-simbolos-franquistas-se-doten-las-exhumaciones-sin-limitaciones\/#primaryimage\"},\"thumbnailUrl\":\"https:\/\/psoecanarias.com\/web\/wp-content\/uploads\/2018\/02\/MVH25abr.jpg\",\"datePublished\":\"2018-02-06T19:59:25+00:00\",\"author\":{\"@id\":\"https:\/\/psoecanarias.com\/web\/#\/schema\/person\/1ae43f9659d2fc599ca69c11e1dbf26f\"},\"breadcrumb\":{\"@id\":\"https:\/\/psoecanarias.com\/web\/psoe-exige-la-retirada-los-simbolos-franquistas-se-doten-las-exhumaciones-sin-limitaciones\/#breadcrumb\"},\"inLanguage\":\"es\",\"potentialAction\":[{\"@type\":\"ReadAction\",\"target\":[\"https:\/\/psoecanarias.com\/web\/psoe-exige-la-retirada-los-simbolos-franquistas-se-doten-las-exhumaciones-sin-limitaciones\/\"]}]},{\"@type\":\"ImageObject\",\"inLanguage\":\"es\",\"@id\":\"https:\/\/psoecanarias.com\/web\/psoe-exige-la-retirada-los-simbolos-franquistas-se-doten-las-exhumaciones-sin-limitaciones\/#primaryimage\",\"url\":\"https:\/\/psoecanarias.com\/web\/wp-content\/uploads\/2018\/02\/MVH25abr.jpg\",\"contentUrl\":\"https:\/\/psoecanarias.com\/web\/wp-content\/uploads\/2018\/02\/MVH25abr.jpg\",\"width\":1024,\"height\":683},{\"@type\":\"BreadcrumbList\",\"@id\":\"https:\/\/psoecanarias.com\/web\/psoe-exige-la-retirada-los-simbolos-franquistas-se-doten-las-exhumaciones-sin-limitaciones\/#breadcrumb\",\"itemListElement\":[{\"@type\":\"ListItem\",\"position\":1,\"name\":\"Portada\",\"item\":\"https:\/\/psoecanarias.com\/web\/\"},{\"@type\":\"ListItem\",\"position\":2,\"name\":\"El PSOE exige la retirada de los s\u00edmbolos franquistas y que se doten las exhumaciones sin limitaciones\"}]},{\"@type\":\"WebSite\",\"@id\":\"https:\/\/psoecanarias.com\/web\/#website\",\"url\":\"https:\/\/psoecanarias.com\/web\/\",\"name\":\"PSOE Canarias\",\"description\":\"Partido Socialista Obrero Espa\u00f1ol Canarias\",\"potentialAction\":[{\"@type\":\"SearchAction\",\"target\":{\"@type\":\"EntryPoint\",\"urlTemplate\":\"https:\/\/psoecanarias.com\/web\/?s={search_term_string}\"},\"query-input\":{\"@type\":\"PropertyValueSpecification\",\"valueRequired\":true,\"valueName\":\"search_term_string\"}}],\"inLanguage\":\"es\"},{\"@type\":\"Person\",\"@id\":\"https:\/\/psoecanarias.com\/web\/#\/schema\/person\/1ae43f9659d2fc599ca69c11e1dbf26f\",\"name\":\"PSOE Canarias\",\"image\":{\"@type\":\"ImageObject\",\"inLanguage\":\"es\",\"@id\":\"https:\/\/secure.gravatar.com\/avatar\/4364d37f6f6f9cdb7af199b46151565f37d8a8c3c0e04c1d78c04e857a15e3a8?s=96&d=mm&r=g\",\"url\":\"https:\/\/secure.gravatar.com\/avatar\/4364d37f6f6f9cdb7af199b46151565f37d8a8c3c0e04c1d78c04e857a15e3a8?s=96&d=mm&r=g\",\"contentUrl\":\"https:\/\/secure.gravatar.com\/avatar\/4364d37f6f6f9cdb7af199b46151565f37d8a8c3c0e04c1d78c04e857a15e3a8?s=96&d=mm&r=g\",\"caption\":\"PSOE Canarias\"},\"url\":\"https:\/\/psoecanarias.com\/web\/author\/admin\/\"}]}<\/script>\n<!-- \/ Yoast SEO plugin. -->","yoast_head_json":{"title":"El PSOE exige la retirada de los s\u00edmbolos franquistas y que se doten las exhumaciones sin limitaciones | PSOE Canarias","robots":{"index":"index","follow":"follow","max-snippet":"max-snippet:-1","max-image-preview":"max-image-preview:large","max-video-preview":"max-video-preview:-1"},"canonical":"https:\/\/psoecanarias.com\/web\/psoe-exige-la-retirada-los-simbolos-franquistas-se-doten-las-exhumaciones-sin-limitaciones\/","og_locale":"es_ES","og_type":"article","og_title":"El PSOE exige la retirada de los s\u00edmbolos franquistas y que se doten las exhumaciones sin limitaciones | PSOE Canarias","og_description":"La portavoz de Cultura del Grupo Parlamentario Socialista, Mar\u00eda Victoria Hern\u00e1ndez, exigi\u00f3 este martes que la Ley de memoria hist\u00f3rica de Canarias y de reconocimiento y reparaci\u00f3n moral de las v\u00edctimas canarias de la Guerra Civil y la dictadura franquista contemple la retirada de los s\u00edmbolos franquistas y los nombres de las calles que recuerdan [&hellip;]","og_url":"https:\/\/psoecanarias.com\/web\/psoe-exige-la-retirada-los-simbolos-franquistas-se-doten-las-exhumaciones-sin-limitaciones\/","og_site_name":"PSOE Canarias","article_published_time":"2018-02-06T19:59:25+00:00","og_image":[{"width":1024,"height":683,"url":"https:\/\/psoecanarias.com\/web\/wp-content\/uploads\/2018\/02\/MVH25abr.jpg","type":"image\/jpeg"}],"author":"PSOE Canarias","twitter_card":"summary_large_image","schema":{"@context":"https:\/\/schema.org","@graph":[{"@type":"Article","@id":"https:\/\/psoecanarias.com\/web\/psoe-exige-la-retirada-los-simbolos-franquistas-se-doten-las-exhumaciones-sin-limitaciones\/#article","isPartOf":{"@id":"https:\/\/psoecanarias.com\/web\/psoe-exige-la-retirada-los-simbolos-franquistas-se-doten-las-exhumaciones-sin-limitaciones\/"},"author":{"name":"PSOE Canarias","@id":"https:\/\/psoecanarias.com\/web\/#\/schema\/person\/1ae43f9659d2fc599ca69c11e1dbf26f"},"headline":"El PSOE exige la retirada de los s\u00edmbolos franquistas y que se doten las exhumaciones sin limitaciones","datePublished":"2018-02-06T19:59:25+00:00","mainEntityOfPage":{"@id":"https:\/\/psoecanarias.com\/web\/psoe-exige-la-retirada-los-simbolos-franquistas-se-doten-las-exhumaciones-sin-limitaciones\/"},"wordCount":508,"commentCount":0,"image":{"@id":"https:\/\/psoecanarias.com\/web\/psoe-exige-la-retirada-los-simbolos-franquistas-se-doten-las-exhumaciones-sin-limitaciones\/#primaryimage"},"thumbnailUrl":"https:\/\/psoecanarias.com\/web\/wp-content\/uploads\/2018\/02\/MVH25abr.jpg","articleSection":["Pol\u00edtica"],"inLanguage":"es","potentialAction":[{"@type":"CommentAction","name":"Comment","target":["https:\/\/psoecanarias.com\/web\/psoe-exige-la-retirada-los-simbolos-franquistas-se-doten-las-exhumaciones-sin-limitaciones\/#respond"]}]},{"@type":"WebPage","@id":"https:\/\/psoecanarias.com\/web\/psoe-exige-la-retirada-los-simbolos-franquistas-se-doten-las-exhumaciones-sin-limitaciones\/","url":"https:\/\/psoecanarias.com\/web\/psoe-exige-la-retirada-los-simbolos-franquistas-se-doten-las-exhumaciones-sin-limitaciones\/","name":"El PSOE exige la retirada de los s\u00edmbolos franquistas y que se doten las exhumaciones sin limitaciones | PSOE Canarias","isPartOf":{"@id":"https:\/\/psoecanarias.com\/web\/#website"},"primaryImageOfPage":{"@id":"https:\/\/psoecanarias.com\/web\/psoe-exige-la-retirada-los-simbolos-franquistas-se-doten-las-exhumaciones-sin-limitaciones\/#primaryimage"},"image":{"@id":"https:\/\/psoecanarias.com\/web\/psoe-exige-la-retirada-los-simbolos-franquistas-se-doten-las-exhumaciones-sin-limitaciones\/#primaryimage"},"thumbnailUrl":"https:\/\/psoecanarias.com\/web\/wp-content\/uploads\/2018\/02\/MVH25abr.jpg","datePublished":"2018-02-06T19:59:25+00:00","author":{"@id":"https:\/\/psoecanarias.com\/web\/#\/schema\/person\/1ae43f9659d2fc599ca69c11e1dbf26f"},"breadcrumb":{"@id":"https:\/\/psoecanarias.com\/web\/psoe-exige-la-retirada-los-simbolos-franquistas-se-doten-las-exhumaciones-sin-limitaciones\/#breadcrumb"},"inLanguage":"es","potentialAction":[{"@type":"ReadAction","target":["https:\/\/psoecanarias.com\/web\/psoe-exige-la-retirada-los-simbolos-franquistas-se-doten-las-exhumaciones-sin-limitaciones\/"]}]},{"@type":"ImageObject","inLanguage":"es","@id":"https:\/\/psoecanarias.com\/web\/psoe-exige-la-retirada-los-simbolos-franquistas-se-doten-las-exhumaciones-sin-limitaciones\/#primaryimage","url":"https:\/\/psoecanarias.com\/web\/wp-content\/uploads\/2018\/02\/MVH25abr.jpg","contentUrl":"https:\/\/psoecanarias.com\/web\/wp-content\/uploads\/2018\/02\/MVH25abr.jpg","width":1024,"height":683},{"@type":"BreadcrumbList","@id":"https:\/\/psoecanarias.com\/web\/psoe-exige-la-retirada-los-simbolos-franquistas-se-doten-las-exhumaciones-sin-limitaciones\/#breadcrumb","itemListElement":[{"@type":"ListItem","position":1,"name":"Portada","item":"https:\/\/psoecanarias.com\/web\/"},{"@type":"ListItem","position":2,"name":"El PSOE exige la retirada de los s\u00edmbolos franquistas y que se doten las exhumaciones sin limitaciones"}]},{"@type":"WebSite","@id":"https:\/\/psoecanarias.com\/web\/#website","url":"https:\/\/psoecanarias.com\/web\/","name":"PSOE Canarias","description":"Partido Socialista Obrero Espa\u00f1ol Canarias","potentialAction":[{"@type":"SearchAction","target":{"@type":"EntryPoint","urlTemplate":"https:\/\/psoecanarias.com\/web\/?s={search_term_string}"},"query-input":{"@type":"PropertyValueSpecification","valueRequired":true,"valueName":"search_term_string"}}],"inLanguage":"es"},{"@type":"Person","@id":"https:\/\/psoecanarias.com\/web\/#\/schema\/person\/1ae43f9659d2fc599ca69c11e1dbf26f","name":"PSOE Canarias","image":{"@type":"ImageObject","inLanguage":"es","@id":"https:\/\/secure.gravatar.com\/avatar\/4364d37f6f6f9cdb7af199b46151565f37d8a8c3c0e04c1d78c04e857a15e3a8?s=96&d=mm&r=g","url":"https:\/\/secure.gravatar.com\/avatar\/4364d37f6f6f9cdb7af199b46151565f37d8a8c3c0e04c1d78c04e857a15e3a8?s=96&d=mm&r=g","contentUrl":"https:\/\/secure.gravatar.com\/avatar\/4364d37f6f6f9cdb7af199b46151565f37d8a8c3c0e04c1d78c04e857a15e3a8?s=96&d=mm&r=g","caption":"PSOE Canarias"},"url":"https:\/\/psoecanarias.com\/web\/author\/admin\/"}]}},"_links":{"self":[{"href":"https:\/\/psoecanarias.com\/web\/wp-json\/wp\/v2\/posts\/4637","targetHints":{"allow":["GET"]}}],"collection":[{"href":"https:\/\/psoecanarias.com\/web\/wp-json\/wp\/v2\/posts"}],"about":[{"href":"https:\/\/psoecanarias.com\/web\/wp-json\/wp\/v2\/types\/post"}],"author":[{"embeddable":true,"href":"https:\/\/psoecanarias.com\/web\/wp-json\/wp\/v2\/users\/1"}],"replies":[{"embeddable":true,"href":"https:\/\/psoecanarias.com\/web\/wp-json\/wp\/v2\/comments?post=4637"}],"version-history":[{"count":1,"href":"https:\/\/psoecanarias.com\/web\/wp-json\/wp\/v2\/posts\/4637\/revisions"}],"predecessor-version":[{"id":4639,"href":"https:\/\/psoecanarias.com\/web\/wp-json\/wp\/v2\/posts\/4637\/revisions\/4639"}],"wp:featuredmedia":[{"embeddable":true,"href":"https:\/\/psoecanarias.com\/web\/wp-json\/wp\/v2\/media\/4638"}],"wp:attachment":[{"href":"https:\/\/psoecanarias.com\/web\/wp-json\/wp\/v2\/media?parent=4637"}],"wp:term":[{"taxonomy":"category","embeddable":true,"href":"https:\/\/psoecanarias.com\/web\/wp-json\/wp\/v2\/categories?post=4637"},{"taxonomy":"post_tag","embeddable":true,"href":"https:\/\/psoecanarias.com\/web\/wp-json\/wp\/v2\/tags?post=4637"}],"curies":[{"name":"wp","href":"https:\/\/api.w.org\/{rel}","templated":true}]}}