{"id":4640,"date":"2018-02-06T20:05:31","date_gmt":"2018-02-06T20:05:31","guid":{"rendered":"http:\/\/psoecanarias.com\/web\/?p=4640"},"modified":"2018-02-06T20:05:31","modified_gmt":"2018-02-06T20:05:31","slug":"dolores-corujo-normal-clavijo-no-resuelva-problema-del-paro-cuando-no-capaz-distinguir-derecho-al-trabajo-estabilidad-presupuestaria","status":"publish","type":"post","link":"https:\/\/psoecanarias.com\/web\/dolores-corujo-normal-clavijo-no-resuelva-problema-del-paro-cuando-no-capaz-distinguir-derecho-al-trabajo-estabilidad-presupuestaria\/","title":{"rendered":"Dolores Corujo: \u201cNormal que Clavijo no resuelva el problema del paro cuando no es capaz de distinguir entre derecho al trabajo y estabilidad presupuestaria\u201d"},"content":{"rendered":"<p style=\"font-weight: 400;\">La portavoz del Grupo Parlamentario Socialista, Dolores Corujo Berriel, consider\u00f3 \u201cins\u00f3lito\u201d que el presidente del Gobierno en minor\u00eda, Fernando Clavijo, no sea capaz de distinguir los m\u00e1s b\u00e1sicos art\u00edculos de la Constituci\u00f3n Espa\u00f1ola.<\/p>\n<p style=\"font-weight: 400;\">\u201cNormal que Clavijo no resuelva el problema del desempleo en las islas cuando no es capaz de distinguir entre el art\u00edculo 35, que regula el deber de trabajar y el derecho al trabajo, del 135, que establece que todas las administraciones p\u00fablicas adecuar\u00e1n sus actuaciones al principio de estabilidad presupuestaria\u201d, dijo despu\u00e9s de que el presidente, en el turno de preguntas en el pleno de la C\u00e1mara regional, afirmase que la culpa de la reforma laboral la tiene el art\u00edculo 135 de la Carta Magna.<\/p>\n<p style=\"font-weight: 400;\">Con esas afirmaciones respondi\u00f3 el presidente a la portavoz socialista tras sugerirle esta que se \u201colvide de lo que le cuentan \u2018los Marichal\u2019 y escuche a Las Kellys\u201d, en referencia las recientes declaraciones realizadas por el presidente de Ashotel en las que dec\u00eda que en Espa\u00f1a, \u201cquien se deja explotar es porque quiere\u201d.<\/p>\n<p style=\"font-weight: 400;\">\u201cSi\u00e9ntese con los sindicatos del sector y comparta con ellos las posibilidades de que su Gobierno influya en la negociaci\u00f3n del convenio del sector, al que le queda apenas un a\u00f1o de vigencia\u201d, le recomend\u00f3 Corujo. Tambi\u00e9n le sugiri\u00f3 que \u201ctome partido por los m\u00e1s d\u00e9biles y diga si est\u00e1 dispuesto a supeditar la inversi\u00f3n y el gasto p\u00fablico en el sector a la negociaci\u00f3n de un convenio m\u00e1s justo, si est\u00e1 dispuesto a estudiar una ley de plantillas m\u00ednimas si el sector no es capaz de autorregularse en un marco de respeto estricto a los derechos de las trabajadoras y los trabajadores de esta tierra\u201d.<\/p>\n<p style=\"font-weight: 400;\">La portavoz del PSOE le record\u00f3 que no estamos ante una cuesti\u00f3n de competencias, \u201csino de responsabilidad y de voluntad\u201d. Afirm\u00f3, por \u00faltimo, que el Gobierno de Canarias \u201cs\u00ed debe meterse en eso, y de hecho est\u00e1 tardando en hacerlo a la vista de los datos dram\u00e1ticos del \u00faltimo informe sobre pobreza en Canarias\u201d.<\/p>\n","protected":false},"excerpt":{"rendered":"<p>La portavoz del Grupo Parlamentario Socialista, Dolores Corujo Berriel, consider\u00f3 \u201cins\u00f3lito\u201d que el presidente del Gobierno en minor\u00eda, Fernando Clavijo, no sea capaz de distinguir los m\u00e1s b\u00e1sicos art\u00edculos de la Constituci\u00f3n Espa\u00f1ola. \u201cNormal que Clavijo no resuelva el problema del desempleo en las islas cuando no es capaz de distinguir entre el art\u00edculo 35, [&hellip;]<\/p>\n","protected":false},"author":1,"featured_media":4641,"comment_status":"open","ping_status":"open","sticky":false,"template":"","format":"standard","meta":{"footnotes":""},"categories":[7],"tags":[],"class_list":["post-4640","post","type-post","status-publish","format-standard","has-post-thumbnail","hentry","category-politica"],"featured_image_src":"https:\/\/psoecanarias.com\/web\/wp-content\/uploads\/2018\/02\/LCorujo.jpg","author_info":{"display_name":"PSOE Canarias","author_link":"https:\/\/psoecanarias.com\/web\/author\/admin\/"},"yoast_head":"<!-- This site is optimized with the Yoast SEO plugin v27.2 - https:\/\/yoast.com\/product\/yoast-seo-wordpress\/ -->\n<title>Dolores Corujo: \u201cNormal que Clavijo no resuelva el problema del paro cuando no es capaz de distinguir entre derecho al trabajo y estabilidad presupuestaria\u201d | PSOE Canarias<\/title>\n<meta name=\"robots\" content=\"index, follow, max-snippet:-1, max-image-preview:large, max-video-preview:-1\" \/>\n<link rel=\"canonical\" href=\"https:\/\/psoecanarias.com\/web\/dolores-corujo-normal-clavijo-no-resuelva-problema-del-paro-cuando-no-capaz-distinguir-derecho-al-trabajo-estabilidad-presupuestaria\/\" \/>\n<meta property=\"og:locale\" content=\"es_ES\" \/>\n<meta property=\"og:type\" content=\"article\" \/>\n<meta property=\"og:title\" content=\"Dolores Corujo: \u201cNormal que Clavijo no resuelva el problema del paro cuando no es capaz de distinguir entre derecho al trabajo y estabilidad presupuestaria\u201d | PSOE Canarias\" \/>\n<meta property=\"og:description\" content=\"La portavoz del Grupo Parlamentario Socialista, Dolores Corujo Berriel, consider\u00f3 \u201cins\u00f3lito\u201d que el presidente del Gobierno en minor\u00eda, Fernando Clavijo, no sea capaz de distinguir los m\u00e1s b\u00e1sicos art\u00edculos de la Constituci\u00f3n Espa\u00f1ola. \u201cNormal que Clavijo no resuelva el problema del desempleo en las islas cuando no es capaz de distinguir entre el art\u00edculo 35, [&hellip;]\" \/>\n<meta property=\"og:url\" content=\"https:\/\/psoecanarias.com\/web\/dolores-corujo-normal-clavijo-no-resuelva-problema-del-paro-cuando-no-capaz-distinguir-derecho-al-trabajo-estabilidad-presupuestaria\/\" \/>\n<meta property=\"og:site_name\" content=\"PSOE Canarias\" \/>\n<meta property=\"article:published_time\" content=\"2018-02-06T20:05:31+00:00\" \/>\n<meta property=\"og:image\" content=\"https:\/\/psoecanarias.com\/web\/wp-content\/uploads\/2018\/02\/LCorujo.jpg\" \/>\n\t<meta property=\"og:image:width\" content=\"640\" \/>\n\t<meta property=\"og:image:height\" content=\"417\" \/>\n\t<meta property=\"og:image:type\" content=\"image\/jpeg\" \/>\n<meta name=\"author\" content=\"PSOE Canarias\" \/>\n<meta name=\"twitter:card\" content=\"summary_large_image\" \/>\n<script type=\"application\/ld+json\" class=\"yoast-schema-graph\">{\"@context\":\"https:\/\/schema.org\",\"@graph\":[{\"@type\":\"Article\",\"@id\":\"https:\/\/psoecanarias.com\/web\/dolores-corujo-normal-clavijo-no-resuelva-problema-del-paro-cuando-no-capaz-distinguir-derecho-al-trabajo-estabilidad-presupuestaria\/#article\",\"isPartOf\":{\"@id\":\"https:\/\/psoecanarias.com\/web\/dolores-corujo-normal-clavijo-no-resuelva-problema-del-paro-cuando-no-capaz-distinguir-derecho-al-trabajo-estabilidad-presupuestaria\/\"},\"author\":{\"name\":\"PSOE Canarias\",\"@id\":\"https:\/\/psoecanarias.com\/web\/#\/schema\/person\/1ae43f9659d2fc599ca69c11e1dbf26f\"},\"headline\":\"Dolores Corujo: \u201cNormal que Clavijo no resuelva el problema del paro cuando no es capaz de distinguir entre derecho al trabajo y estabilidad presupuestaria\u201d\",\"datePublished\":\"2018-02-06T20:05:31+00:00\",\"mainEntityOfPage\":{\"@id\":\"https:\/\/psoecanarias.com\/web\/dolores-corujo-normal-clavijo-no-resuelva-problema-del-paro-cuando-no-capaz-distinguir-derecho-al-trabajo-estabilidad-presupuestaria\/\"},\"wordCount\":380,\"commentCount\":0,\"image\":{\"@id\":\"https:\/\/psoecanarias.com\/web\/dolores-corujo-normal-clavijo-no-resuelva-problema-del-paro-cuando-no-capaz-distinguir-derecho-al-trabajo-estabilidad-presupuestaria\/#primaryimage\"},\"thumbnailUrl\":\"https:\/\/psoecanarias.com\/web\/wp-content\/uploads\/2018\/02\/LCorujo.jpg\",\"articleSection\":[\"Pol\u00edtica\"],\"inLanguage\":\"es\",\"potentialAction\":[{\"@type\":\"CommentAction\",\"name\":\"Comment\",\"target\":[\"https:\/\/psoecanarias.com\/web\/dolores-corujo-normal-clavijo-no-resuelva-problema-del-paro-cuando-no-capaz-distinguir-derecho-al-trabajo-estabilidad-presupuestaria\/#respond\"]}]},{\"@type\":\"WebPage\",\"@id\":\"https:\/\/psoecanarias.com\/web\/dolores-corujo-normal-clavijo-no-resuelva-problema-del-paro-cuando-no-capaz-distinguir-derecho-al-trabajo-estabilidad-presupuestaria\/\",\"url\":\"https:\/\/psoecanarias.com\/web\/dolores-corujo-normal-clavijo-no-resuelva-problema-del-paro-cuando-no-capaz-distinguir-derecho-al-trabajo-estabilidad-presupuestaria\/\",\"name\":\"Dolores Corujo: \u201cNormal que Clavijo no resuelva el problema del paro cuando no es capaz de distinguir entre derecho al trabajo y estabilidad presupuestaria\u201d | PSOE Canarias\",\"isPartOf\":{\"@id\":\"https:\/\/psoecanarias.com\/web\/#website\"},\"primaryImageOfPage\":{\"@id\":\"https:\/\/psoecanarias.com\/web\/dolores-corujo-normal-clavijo-no-resuelva-problema-del-paro-cuando-no-capaz-distinguir-derecho-al-trabajo-estabilidad-presupuestaria\/#primaryimage\"},\"image\":{\"@id\":\"https:\/\/psoecanarias.com\/web\/dolores-corujo-normal-clavijo-no-resuelva-problema-del-paro-cuando-no-capaz-distinguir-derecho-al-trabajo-estabilidad-presupuestaria\/#primaryimage\"},\"thumbnailUrl\":\"https:\/\/psoecanarias.com\/web\/wp-content\/uploads\/2018\/02\/LCorujo.jpg\",\"datePublished\":\"2018-02-06T20:05:31+00:00\",\"author\":{\"@id\":\"https:\/\/psoecanarias.com\/web\/#\/schema\/person\/1ae43f9659d2fc599ca69c11e1dbf26f\"},\"breadcrumb\":{\"@id\":\"https:\/\/psoecanarias.com\/web\/dolores-corujo-normal-clavijo-no-resuelva-problema-del-paro-cuando-no-capaz-distinguir-derecho-al-trabajo-estabilidad-presupuestaria\/#breadcrumb\"},\"inLanguage\":\"es\",\"potentialAction\":[{\"@type\":\"ReadAction\",\"target\":[\"https:\/\/psoecanarias.com\/web\/dolores-corujo-normal-clavijo-no-resuelva-problema-del-paro-cuando-no-capaz-distinguir-derecho-al-trabajo-estabilidad-presupuestaria\/\"]}]},{\"@type\":\"ImageObject\",\"inLanguage\":\"es\",\"@id\":\"https:\/\/psoecanarias.com\/web\/dolores-corujo-normal-clavijo-no-resuelva-problema-del-paro-cuando-no-capaz-distinguir-derecho-al-trabajo-estabilidad-presupuestaria\/#primaryimage\",\"url\":\"https:\/\/psoecanarias.com\/web\/wp-content\/uploads\/2018\/02\/LCorujo.jpg\",\"contentUrl\":\"https:\/\/psoecanarias.com\/web\/wp-content\/uploads\/2018\/02\/LCorujo.jpg\",\"width\":640,\"height\":417},{\"@type\":\"BreadcrumbList\",\"@id\":\"https:\/\/psoecanarias.com\/web\/dolores-corujo-normal-clavijo-no-resuelva-problema-del-paro-cuando-no-capaz-distinguir-derecho-al-trabajo-estabilidad-presupuestaria\/#breadcrumb\",\"itemListElement\":[{\"@type\":\"ListItem\",\"position\":1,\"name\":\"Portada\",\"item\":\"https:\/\/psoecanarias.com\/web\/\"},{\"@type\":\"ListItem\",\"position\":2,\"name\":\"Dolores Corujo: \u201cNormal que Clavijo no resuelva el problema del paro cuando no es capaz de distinguir entre derecho al trabajo y estabilidad presupuestaria\u201d\"}]},{\"@type\":\"WebSite\",\"@id\":\"https:\/\/psoecanarias.com\/web\/#website\",\"url\":\"https:\/\/psoecanarias.com\/web\/\",\"name\":\"PSOE Canarias\",\"description\":\"Partido Socialista Obrero Espa\u00f1ol Canarias\",\"potentialAction\":[{\"@type\":\"SearchAction\",\"target\":{\"@type\":\"EntryPoint\",\"urlTemplate\":\"https:\/\/psoecanarias.com\/web\/?s={search_term_string}\"},\"query-input\":{\"@type\":\"PropertyValueSpecification\",\"valueRequired\":true,\"valueName\":\"search_term_string\"}}],\"inLanguage\":\"es\"},{\"@type\":\"Person\",\"@id\":\"https:\/\/psoecanarias.com\/web\/#\/schema\/person\/1ae43f9659d2fc599ca69c11e1dbf26f\",\"name\":\"PSOE Canarias\",\"image\":{\"@type\":\"ImageObject\",\"inLanguage\":\"es\",\"@id\":\"https:\/\/secure.gravatar.com\/avatar\/4364d37f6f6f9cdb7af199b46151565f37d8a8c3c0e04c1d78c04e857a15e3a8?s=96&d=mm&r=g\",\"url\":\"https:\/\/secure.gravatar.com\/avatar\/4364d37f6f6f9cdb7af199b46151565f37d8a8c3c0e04c1d78c04e857a15e3a8?s=96&d=mm&r=g\",\"contentUrl\":\"https:\/\/secure.gravatar.com\/avatar\/4364d37f6f6f9cdb7af199b46151565f37d8a8c3c0e04c1d78c04e857a15e3a8?s=96&d=mm&r=g\",\"caption\":\"PSOE Canarias\"},\"url\":\"https:\/\/psoecanarias.com\/web\/author\/admin\/\"}]}<\/script>\n<!-- \/ Yoast SEO plugin. -->","yoast_head_json":{"title":"Dolores Corujo: \u201cNormal que Clavijo no resuelva el problema del paro cuando no es capaz de distinguir entre derecho al trabajo y estabilidad presupuestaria\u201d | PSOE Canarias","robots":{"index":"index","follow":"follow","max-snippet":"max-snippet:-1","max-image-preview":"max-image-preview:large","max-video-preview":"max-video-preview:-1"},"canonical":"https:\/\/psoecanarias.com\/web\/dolores-corujo-normal-clavijo-no-resuelva-problema-del-paro-cuando-no-capaz-distinguir-derecho-al-trabajo-estabilidad-presupuestaria\/","og_locale":"es_ES","og_type":"article","og_title":"Dolores Corujo: \u201cNormal que Clavijo no resuelva el problema del paro cuando no es capaz de distinguir entre derecho al trabajo y estabilidad presupuestaria\u201d | PSOE Canarias","og_description":"La portavoz del Grupo Parlamentario Socialista, Dolores Corujo Berriel, consider\u00f3 \u201cins\u00f3lito\u201d que el presidente del Gobierno en minor\u00eda, Fernando Clavijo, no sea capaz de distinguir los m\u00e1s b\u00e1sicos art\u00edculos de la Constituci\u00f3n Espa\u00f1ola. \u201cNormal que Clavijo no resuelva el problema del desempleo en las islas cuando no es capaz de distinguir entre el art\u00edculo 35, [&hellip;]","og_url":"https:\/\/psoecanarias.com\/web\/dolores-corujo-normal-clavijo-no-resuelva-problema-del-paro-cuando-no-capaz-distinguir-derecho-al-trabajo-estabilidad-presupuestaria\/","og_site_name":"PSOE Canarias","article_published_time":"2018-02-06T20:05:31+00:00","og_image":[{"width":640,"height":417,"url":"https:\/\/psoecanarias.com\/web\/wp-content\/uploads\/2018\/02\/LCorujo.jpg","type":"image\/jpeg"}],"author":"PSOE Canarias","twitter_card":"summary_large_image","schema":{"@context":"https:\/\/schema.org","@graph":[{"@type":"Article","@id":"https:\/\/psoecanarias.com\/web\/dolores-corujo-normal-clavijo-no-resuelva-problema-del-paro-cuando-no-capaz-distinguir-derecho-al-trabajo-estabilidad-presupuestaria\/#article","isPartOf":{"@id":"https:\/\/psoecanarias.com\/web\/dolores-corujo-normal-clavijo-no-resuelva-problema-del-paro-cuando-no-capaz-distinguir-derecho-al-trabajo-estabilidad-presupuestaria\/"},"author":{"name":"PSOE Canarias","@id":"https:\/\/psoecanarias.com\/web\/#\/schema\/person\/1ae43f9659d2fc599ca69c11e1dbf26f"},"headline":"Dolores Corujo: \u201cNormal que Clavijo no resuelva el problema del paro cuando no es capaz de distinguir entre derecho al trabajo y estabilidad presupuestaria\u201d","datePublished":"2018-02-06T20:05:31+00:00","mainEntityOfPage":{"@id":"https:\/\/psoecanarias.com\/web\/dolores-corujo-normal-clavijo-no-resuelva-problema-del-paro-cuando-no-capaz-distinguir-derecho-al-trabajo-estabilidad-presupuestaria\/"},"wordCount":380,"commentCount":0,"image":{"@id":"https:\/\/psoecanarias.com\/web\/dolores-corujo-normal-clavijo-no-resuelva-problema-del-paro-cuando-no-capaz-distinguir-derecho-al-trabajo-estabilidad-presupuestaria\/#primaryimage"},"thumbnailUrl":"https:\/\/psoecanarias.com\/web\/wp-content\/uploads\/2018\/02\/LCorujo.jpg","articleSection":["Pol\u00edtica"],"inLanguage":"es","potentialAction":[{"@type":"CommentAction","name":"Comment","target":["https:\/\/psoecanarias.com\/web\/dolores-corujo-normal-clavijo-no-resuelva-problema-del-paro-cuando-no-capaz-distinguir-derecho-al-trabajo-estabilidad-presupuestaria\/#respond"]}]},{"@type":"WebPage","@id":"https:\/\/psoecanarias.com\/web\/dolores-corujo-normal-clavijo-no-resuelva-problema-del-paro-cuando-no-capaz-distinguir-derecho-al-trabajo-estabilidad-presupuestaria\/","url":"https:\/\/psoecanarias.com\/web\/dolores-corujo-normal-clavijo-no-resuelva-problema-del-paro-cuando-no-capaz-distinguir-derecho-al-trabajo-estabilidad-presupuestaria\/","name":"Dolores Corujo: \u201cNormal que Clavijo no resuelva el problema del paro cuando no es capaz de distinguir entre derecho al trabajo y estabilidad presupuestaria\u201d | PSOE Canarias","isPartOf":{"@id":"https:\/\/psoecanarias.com\/web\/#website"},"primaryImageOfPage":{"@id":"https:\/\/psoecanarias.com\/web\/dolores-corujo-normal-clavijo-no-resuelva-problema-del-paro-cuando-no-capaz-distinguir-derecho-al-trabajo-estabilidad-presupuestaria\/#primaryimage"},"image":{"@id":"https:\/\/psoecanarias.com\/web\/dolores-corujo-normal-clavijo-no-resuelva-problema-del-paro-cuando-no-capaz-distinguir-derecho-al-trabajo-estabilidad-presupuestaria\/#primaryimage"},"thumbnailUrl":"https:\/\/psoecanarias.com\/web\/wp-content\/uploads\/2018\/02\/LCorujo.jpg","datePublished":"2018-02-06T20:05:31+00:00","author":{"@id":"https:\/\/psoecanarias.com\/web\/#\/schema\/person\/1ae43f9659d2fc599ca69c11e1dbf26f"},"breadcrumb":{"@id":"https:\/\/psoecanarias.com\/web\/dolores-corujo-normal-clavijo-no-resuelva-problema-del-paro-cuando-no-capaz-distinguir-derecho-al-trabajo-estabilidad-presupuestaria\/#breadcrumb"},"inLanguage":"es","potentialAction":[{"@type":"ReadAction","target":["https:\/\/psoecanarias.com\/web\/dolores-corujo-normal-clavijo-no-resuelva-problema-del-paro-cuando-no-capaz-distinguir-derecho-al-trabajo-estabilidad-presupuestaria\/"]}]},{"@type":"ImageObject","inLanguage":"es","@id":"https:\/\/psoecanarias.com\/web\/dolores-corujo-normal-clavijo-no-resuelva-problema-del-paro-cuando-no-capaz-distinguir-derecho-al-trabajo-estabilidad-presupuestaria\/#primaryimage","url":"https:\/\/psoecanarias.com\/web\/wp-content\/uploads\/2018\/02\/LCorujo.jpg","contentUrl":"https:\/\/psoecanarias.com\/web\/wp-content\/uploads\/2018\/02\/LCorujo.jpg","width":640,"height":417},{"@type":"BreadcrumbList","@id":"https:\/\/psoecanarias.com\/web\/dolores-corujo-normal-clavijo-no-resuelva-problema-del-paro-cuando-no-capaz-distinguir-derecho-al-trabajo-estabilidad-presupuestaria\/#breadcrumb","itemListElement":[{"@type":"ListItem","position":1,"name":"Portada","item":"https:\/\/psoecanarias.com\/web\/"},{"@type":"ListItem","position":2,"name":"Dolores Corujo: \u201cNormal que Clavijo no resuelva el problema del paro cuando no es capaz de distinguir entre derecho al trabajo y estabilidad presupuestaria\u201d"}]},{"@type":"WebSite","@id":"https:\/\/psoecanarias.com\/web\/#website","url":"https:\/\/psoecanarias.com\/web\/","name":"PSOE Canarias","description":"Partido Socialista Obrero Espa\u00f1ol Canarias","potentialAction":[{"@type":"SearchAction","target":{"@type":"EntryPoint","urlTemplate":"https:\/\/psoecanarias.com\/web\/?s={search_term_string}"},"query-input":{"@type":"PropertyValueSpecification","valueRequired":true,"valueName":"search_term_string"}}],"inLanguage":"es"},{"@type":"Person","@id":"https:\/\/psoecanarias.com\/web\/#\/schema\/person\/1ae43f9659d2fc599ca69c11e1dbf26f","name":"PSOE Canarias","image":{"@type":"ImageObject","inLanguage":"es","@id":"https:\/\/secure.gravatar.com\/avatar\/4364d37f6f6f9cdb7af199b46151565f37d8a8c3c0e04c1d78c04e857a15e3a8?s=96&d=mm&r=g","url":"https:\/\/secure.gravatar.com\/avatar\/4364d37f6f6f9cdb7af199b46151565f37d8a8c3c0e04c1d78c04e857a15e3a8?s=96&d=mm&r=g","contentUrl":"https:\/\/secure.gravatar.com\/avatar\/4364d37f6f6f9cdb7af199b46151565f37d8a8c3c0e04c1d78c04e857a15e3a8?s=96&d=mm&r=g","caption":"PSOE Canarias"},"url":"https:\/\/psoecanarias.com\/web\/author\/admin\/"}]}},"_links":{"self":[{"href":"https:\/\/psoecanarias.com\/web\/wp-json\/wp\/v2\/posts\/4640","targetHints":{"allow":["GET"]}}],"collection":[{"href":"https:\/\/psoecanarias.com\/web\/wp-json\/wp\/v2\/posts"}],"about":[{"href":"https:\/\/psoecanarias.com\/web\/wp-json\/wp\/v2\/types\/post"}],"author":[{"embeddable":true,"href":"https:\/\/psoecanarias.com\/web\/wp-json\/wp\/v2\/users\/1"}],"replies":[{"embeddable":true,"href":"https:\/\/psoecanarias.com\/web\/wp-json\/wp\/v2\/comments?post=4640"}],"version-history":[{"count":1,"href":"https:\/\/psoecanarias.com\/web\/wp-json\/wp\/v2\/posts\/4640\/revisions"}],"predecessor-version":[{"id":4642,"href":"https:\/\/psoecanarias.com\/web\/wp-json\/wp\/v2\/posts\/4640\/revisions\/4642"}],"wp:featuredmedia":[{"embeddable":true,"href":"https:\/\/psoecanarias.com\/web\/wp-json\/wp\/v2\/media\/4641"}],"wp:attachment":[{"href":"https:\/\/psoecanarias.com\/web\/wp-json\/wp\/v2\/media?parent=4640"}],"wp:term":[{"taxonomy":"category","embeddable":true,"href":"https:\/\/psoecanarias.com\/web\/wp-json\/wp\/v2\/categories?post=4640"},{"taxonomy":"post_tag","embeddable":true,"href":"https:\/\/psoecanarias.com\/web\/wp-json\/wp\/v2\/tags?post=4640"}],"curies":[{"name":"wp","href":"https:\/\/api.w.org\/{rel}","templated":true}]}}