{"id":4643,"date":"2018-02-07T12:45:58","date_gmt":"2018-02-07T12:45:58","guid":{"rendered":"http:\/\/psoecanarias.com\/web\/?p=4643"},"modified":"2018-02-07T12:45:58","modified_gmt":"2018-02-07T12:45:58","slug":"tamara-raya-poner-fin-la-precariedad-laboral-exige-derogar-la-reforma-laboral-del-pp-elaborar-nuevo-estatuto-los-trabajadores","status":"publish","type":"post","link":"https:\/\/psoecanarias.com\/web\/tamara-raya-poner-fin-la-precariedad-laboral-exige-derogar-la-reforma-laboral-del-pp-elaborar-nuevo-estatuto-los-trabajadores\/","title":{"rendered":"Tamara Raya: \u201cPoner fin a la precariedad laboral exige derogar la reforma laboral del PP y elaborar un nuevo Estatuto de los Trabajadores\u201d"},"content":{"rendered":"<p style=\"font-weight: 400;\">\u201cPoner fin a la precariedad laboral exige derogar la reforma laboral del PP y la elaboraci\u00f3n de un nuevo Estatuto de los Trabajadores\u201d, ha afirmado en el Pleno del Congreso la portavoz adjunta de Empleo, Tamara Raya, quien ha defendido una proposici\u00f3n no de ley del Grupo Socialista reclamando al Gobierno la puesta en pr\u00e1ctica de un Plan contra la Explotaci\u00f3n Laboral, con la que \u201cpretendemos aportar soluciones a una situaci\u00f3n en la que no procede su comportamiento habitual de mirar hacia otro lado, de diferir o negar el problema\u201d, ha dicho.<\/p>\n<p style=\"font-weight: 400;\">Raya ha denunciado que \u201cla explotaci\u00f3n laboral es una realidad innegable\u201d en nuestro pa\u00eds \u201cdesde que la Reforma Laboral del Gobierno del PP desmont\u00f3 las reglas de juego de la negociaci\u00f3n colectiva en detrimento de los trabajadores y claramente a favor de la patronal\u201d.<\/p>\n<p style=\"font-weight: 400;\">Y es que \u2013ha continuado- \u201cdesde el a\u00f1o 2012 vienen produci\u00e9ndose una serie de reformas normativas de la mano del Partido Popular dirigidas a flexibilizar el mercado de trabajo e impulsar figuras contractuales que hasta el momento,\u00a0\u00a0estaban siendo moderadamente utilizadas como es el caso del contrato a tiempo parcial\u201d. La modificaci\u00f3n m\u00e1s importante en este sentido \u2013ha rese\u00f1ado- \u201cha sido la del r\u00e9gimen de horas complementarias, ya que a partir del Real Decreto-Ley 16\/2013, se incrementa el n\u00famero permitido de \u00e9stas, as\u00ed\u0301 como la posibilidad de que las realicen trabajadores con contrato temporal e indefinido\u201d y, adem\u00e1s, se introduce \u201cel concepto de horas complementarias voluntarias para los trabajadores indefinidos\u201d.<\/p>\n<p style=\"font-weight: 400;\">Seg\u00fan datos de la \u00faltima EPA, en el a\u00f1o 2017, uno de cada tres contratos (el 31,88%) han sido contratos temporales a tiempo parcial, y cuatro de cada diez contratos indefinidos (41,47%) tambi\u00e9n son a tiempo parcial. Por otro lado, en 2017, \u201clos trabajadores de nuestro pa\u00eds han realizado de media unas 5,8 millones de horas extras a la semana, de las cuales m\u00e1s de un 50% de las mismas ni siquiera han sido remuneradas\u201d, ha denunciado la diputada socialista, lo que \u201cpone de manifiesto que en una gran parte de los contratos de trabajo que se realizan, se trabajan m\u00e1s horas de las previstas en el contrato, y ya ni tan siquiera bajo la f\u00f3rmula de las horas complementarias, sino en fraude de ley, realizando el trabajador de forma sistem\u00e1tica una jornada mayor de la prevista en el contrato\u201d.<\/p>\n<p style=\"font-weight: 400;\">\u201cLas medidas que apuntamos\u00a0en esta iniciativa deben ser adoptadas cuanto antes, deben cobrar vigencia con car\u00e1cter de urgencia, porque\u00a0\u00a0la explotaci\u00f3n laboral en nuestro pa\u00eds es tan evidente como innegable\u201d, ha reclamado la diputada socialista. \u201cNo caben demoras, ni m\u00e1s dilaciones. Hay que andarse ligeros y hacer todo lo contrario a lo manifestado por el se\u00f1or Rajoy cuando le preguntaron por la brecha salarial y dijo aquello de\u00a0<em>No nos metamos en eso<\/em>\u201d, recalc\u00f3. \u201cSe\u00f1or\u00edas, hay que implicarse y hay que echarle el guante a la explotaci\u00f3n y a los explotadores\u201d, concluy\u00f3.<\/p>\n","protected":false},"excerpt":{"rendered":"<p>\u201cPoner fin a la precariedad laboral exige derogar la reforma laboral del PP y la elaboraci\u00f3n de un nuevo Estatuto de los Trabajadores\u201d, ha afirmado en el Pleno del Congreso la portavoz adjunta de Empleo, Tamara Raya, quien ha defendido una proposici\u00f3n no de ley del Grupo Socialista reclamando al Gobierno la puesta en pr\u00e1ctica [&hellip;]<\/p>\n","protected":false},"author":1,"featured_media":4405,"comment_status":"open","ping_status":"open","sticky":false,"template":"","format":"standard","meta":{"footnotes":""},"categories":[7],"tags":[],"class_list":["post-4643","post","type-post","status-publish","format-standard","has-post-thumbnail","hentry","category-politica"],"featured_image_src":"https:\/\/psoecanarias.com\/web\/wp-content\/uploads\/2017\/11\/Tamara-Raya-2.jpg","author_info":{"display_name":"PSOE Canarias","author_link":"https:\/\/psoecanarias.com\/web\/author\/admin\/"},"yoast_head":"<!-- This site is optimized with the Yoast SEO plugin v27.2 - https:\/\/yoast.com\/product\/yoast-seo-wordpress\/ -->\n<title>Tamara Raya: \u201cPoner fin a la precariedad laboral exige derogar la reforma laboral del PP y elaborar un nuevo Estatuto de los Trabajadores\u201d | PSOE Canarias<\/title>\n<meta name=\"robots\" content=\"index, follow, max-snippet:-1, max-image-preview:large, max-video-preview:-1\" \/>\n<link rel=\"canonical\" href=\"https:\/\/psoecanarias.com\/web\/tamara-raya-poner-fin-la-precariedad-laboral-exige-derogar-la-reforma-laboral-del-pp-elaborar-nuevo-estatuto-los-trabajadores\/\" \/>\n<meta property=\"og:locale\" content=\"es_ES\" \/>\n<meta property=\"og:type\" content=\"article\" \/>\n<meta property=\"og:title\" content=\"Tamara Raya: \u201cPoner fin a la precariedad laboral exige derogar la reforma laboral del PP y elaborar un nuevo Estatuto de los Trabajadores\u201d | PSOE Canarias\" \/>\n<meta property=\"og:description\" content=\"\u201cPoner fin a la precariedad laboral exige derogar la reforma laboral del PP y la elaboraci\u00f3n de un nuevo Estatuto de los Trabajadores\u201d, ha afirmado en el Pleno del Congreso la portavoz adjunta de Empleo, Tamara Raya, quien ha defendido una proposici\u00f3n no de ley del Grupo Socialista reclamando al Gobierno la puesta en pr\u00e1ctica [&hellip;]\" \/>\n<meta property=\"og:url\" content=\"https:\/\/psoecanarias.com\/web\/tamara-raya-poner-fin-la-precariedad-laboral-exige-derogar-la-reforma-laboral-del-pp-elaborar-nuevo-estatuto-los-trabajadores\/\" \/>\n<meta property=\"og:site_name\" content=\"PSOE Canarias\" \/>\n<meta property=\"article:published_time\" content=\"2018-02-07T12:45:58+00:00\" \/>\n<meta property=\"og:image\" content=\"https:\/\/psoecanarias.com\/web\/wp-content\/uploads\/2017\/11\/Tamara-Raya-2.jpg\" \/>\n\t<meta property=\"og:image:width\" content=\"768\" \/>\n\t<meta property=\"og:image:height\" content=\"768\" \/>\n\t<meta property=\"og:image:type\" content=\"image\/jpeg\" \/>\n<meta name=\"author\" content=\"PSOE Canarias\" \/>\n<meta name=\"twitter:card\" content=\"summary_large_image\" \/>\n<script type=\"application\/ld+json\" class=\"yoast-schema-graph\">{\"@context\":\"https:\/\/schema.org\",\"@graph\":[{\"@type\":\"Article\",\"@id\":\"https:\/\/psoecanarias.com\/web\/tamara-raya-poner-fin-la-precariedad-laboral-exige-derogar-la-reforma-laboral-del-pp-elaborar-nuevo-estatuto-los-trabajadores\/#article\",\"isPartOf\":{\"@id\":\"https:\/\/psoecanarias.com\/web\/tamara-raya-poner-fin-la-precariedad-laboral-exige-derogar-la-reforma-laboral-del-pp-elaborar-nuevo-estatuto-los-trabajadores\/\"},\"author\":{\"name\":\"PSOE Canarias\",\"@id\":\"https:\/\/psoecanarias.com\/web\/#\/schema\/person\/1ae43f9659d2fc599ca69c11e1dbf26f\"},\"headline\":\"Tamara Raya: \u201cPoner fin a la precariedad laboral exige derogar la reforma laboral del PP y elaborar un nuevo Estatuto de los Trabajadores\u201d\",\"datePublished\":\"2018-02-07T12:45:58+00:00\",\"mainEntityOfPage\":{\"@id\":\"https:\/\/psoecanarias.com\/web\/tamara-raya-poner-fin-la-precariedad-laboral-exige-derogar-la-reforma-laboral-del-pp-elaborar-nuevo-estatuto-los-trabajadores\/\"},\"wordCount\":526,\"commentCount\":0,\"image\":{\"@id\":\"https:\/\/psoecanarias.com\/web\/tamara-raya-poner-fin-la-precariedad-laboral-exige-derogar-la-reforma-laboral-del-pp-elaborar-nuevo-estatuto-los-trabajadores\/#primaryimage\"},\"thumbnailUrl\":\"https:\/\/psoecanarias.com\/web\/wp-content\/uploads\/2017\/11\/Tamara-Raya-2.jpg\",\"articleSection\":[\"Pol\u00edtica\"],\"inLanguage\":\"es\",\"potentialAction\":[{\"@type\":\"CommentAction\",\"name\":\"Comment\",\"target\":[\"https:\/\/psoecanarias.com\/web\/tamara-raya-poner-fin-la-precariedad-laboral-exige-derogar-la-reforma-laboral-del-pp-elaborar-nuevo-estatuto-los-trabajadores\/#respond\"]}]},{\"@type\":\"WebPage\",\"@id\":\"https:\/\/psoecanarias.com\/web\/tamara-raya-poner-fin-la-precariedad-laboral-exige-derogar-la-reforma-laboral-del-pp-elaborar-nuevo-estatuto-los-trabajadores\/\",\"url\":\"https:\/\/psoecanarias.com\/web\/tamara-raya-poner-fin-la-precariedad-laboral-exige-derogar-la-reforma-laboral-del-pp-elaborar-nuevo-estatuto-los-trabajadores\/\",\"name\":\"Tamara Raya: \u201cPoner fin a la precariedad laboral exige derogar la reforma laboral del PP y elaborar un nuevo Estatuto de los Trabajadores\u201d | PSOE Canarias\",\"isPartOf\":{\"@id\":\"https:\/\/psoecanarias.com\/web\/#website\"},\"primaryImageOfPage\":{\"@id\":\"https:\/\/psoecanarias.com\/web\/tamara-raya-poner-fin-la-precariedad-laboral-exige-derogar-la-reforma-laboral-del-pp-elaborar-nuevo-estatuto-los-trabajadores\/#primaryimage\"},\"image\":{\"@id\":\"https:\/\/psoecanarias.com\/web\/tamara-raya-poner-fin-la-precariedad-laboral-exige-derogar-la-reforma-laboral-del-pp-elaborar-nuevo-estatuto-los-trabajadores\/#primaryimage\"},\"thumbnailUrl\":\"https:\/\/psoecanarias.com\/web\/wp-content\/uploads\/2017\/11\/Tamara-Raya-2.jpg\",\"datePublished\":\"2018-02-07T12:45:58+00:00\",\"author\":{\"@id\":\"https:\/\/psoecanarias.com\/web\/#\/schema\/person\/1ae43f9659d2fc599ca69c11e1dbf26f\"},\"breadcrumb\":{\"@id\":\"https:\/\/psoecanarias.com\/web\/tamara-raya-poner-fin-la-precariedad-laboral-exige-derogar-la-reforma-laboral-del-pp-elaborar-nuevo-estatuto-los-trabajadores\/#breadcrumb\"},\"inLanguage\":\"es\",\"potentialAction\":[{\"@type\":\"ReadAction\",\"target\":[\"https:\/\/psoecanarias.com\/web\/tamara-raya-poner-fin-la-precariedad-laboral-exige-derogar-la-reforma-laboral-del-pp-elaborar-nuevo-estatuto-los-trabajadores\/\"]}]},{\"@type\":\"ImageObject\",\"inLanguage\":\"es\",\"@id\":\"https:\/\/psoecanarias.com\/web\/tamara-raya-poner-fin-la-precariedad-laboral-exige-derogar-la-reforma-laboral-del-pp-elaborar-nuevo-estatuto-los-trabajadores\/#primaryimage\",\"url\":\"https:\/\/psoecanarias.com\/web\/wp-content\/uploads\/2017\/11\/Tamara-Raya-2.jpg\",\"contentUrl\":\"https:\/\/psoecanarias.com\/web\/wp-content\/uploads\/2017\/11\/Tamara-Raya-2.jpg\",\"width\":768,\"height\":768},{\"@type\":\"BreadcrumbList\",\"@id\":\"https:\/\/psoecanarias.com\/web\/tamara-raya-poner-fin-la-precariedad-laboral-exige-derogar-la-reforma-laboral-del-pp-elaborar-nuevo-estatuto-los-trabajadores\/#breadcrumb\",\"itemListElement\":[{\"@type\":\"ListItem\",\"position\":1,\"name\":\"Portada\",\"item\":\"https:\/\/psoecanarias.com\/web\/\"},{\"@type\":\"ListItem\",\"position\":2,\"name\":\"Tamara Raya: \u201cPoner fin a la precariedad laboral exige derogar la reforma laboral del PP y elaborar un nuevo Estatuto de los Trabajadores\u201d\"}]},{\"@type\":\"WebSite\",\"@id\":\"https:\/\/psoecanarias.com\/web\/#website\",\"url\":\"https:\/\/psoecanarias.com\/web\/\",\"name\":\"PSOE Canarias\",\"description\":\"Partido Socialista Obrero Espa\u00f1ol Canarias\",\"potentialAction\":[{\"@type\":\"SearchAction\",\"target\":{\"@type\":\"EntryPoint\",\"urlTemplate\":\"https:\/\/psoecanarias.com\/web\/?s={search_term_string}\"},\"query-input\":{\"@type\":\"PropertyValueSpecification\",\"valueRequired\":true,\"valueName\":\"search_term_string\"}}],\"inLanguage\":\"es\"},{\"@type\":\"Person\",\"@id\":\"https:\/\/psoecanarias.com\/web\/#\/schema\/person\/1ae43f9659d2fc599ca69c11e1dbf26f\",\"name\":\"PSOE Canarias\",\"image\":{\"@type\":\"ImageObject\",\"inLanguage\":\"es\",\"@id\":\"https:\/\/secure.gravatar.com\/avatar\/4364d37f6f6f9cdb7af199b46151565f37d8a8c3c0e04c1d78c04e857a15e3a8?s=96&d=mm&r=g\",\"url\":\"https:\/\/secure.gravatar.com\/avatar\/4364d37f6f6f9cdb7af199b46151565f37d8a8c3c0e04c1d78c04e857a15e3a8?s=96&d=mm&r=g\",\"contentUrl\":\"https:\/\/secure.gravatar.com\/avatar\/4364d37f6f6f9cdb7af199b46151565f37d8a8c3c0e04c1d78c04e857a15e3a8?s=96&d=mm&r=g\",\"caption\":\"PSOE Canarias\"},\"url\":\"https:\/\/psoecanarias.com\/web\/author\/admin\/\"}]}<\/script>\n<!-- \/ Yoast SEO plugin. -->","yoast_head_json":{"title":"Tamara Raya: \u201cPoner fin a la precariedad laboral exige derogar la reforma laboral del PP y elaborar un nuevo Estatuto de los Trabajadores\u201d | PSOE Canarias","robots":{"index":"index","follow":"follow","max-snippet":"max-snippet:-1","max-image-preview":"max-image-preview:large","max-video-preview":"max-video-preview:-1"},"canonical":"https:\/\/psoecanarias.com\/web\/tamara-raya-poner-fin-la-precariedad-laboral-exige-derogar-la-reforma-laboral-del-pp-elaborar-nuevo-estatuto-los-trabajadores\/","og_locale":"es_ES","og_type":"article","og_title":"Tamara Raya: \u201cPoner fin a la precariedad laboral exige derogar la reforma laboral del PP y elaborar un nuevo Estatuto de los Trabajadores\u201d | PSOE Canarias","og_description":"\u201cPoner fin a la precariedad laboral exige derogar la reforma laboral del PP y la elaboraci\u00f3n de un nuevo Estatuto de los Trabajadores\u201d, ha afirmado en el Pleno del Congreso la portavoz adjunta de Empleo, Tamara Raya, quien ha defendido una proposici\u00f3n no de ley del Grupo Socialista reclamando al Gobierno la puesta en pr\u00e1ctica [&hellip;]","og_url":"https:\/\/psoecanarias.com\/web\/tamara-raya-poner-fin-la-precariedad-laboral-exige-derogar-la-reforma-laboral-del-pp-elaborar-nuevo-estatuto-los-trabajadores\/","og_site_name":"PSOE Canarias","article_published_time":"2018-02-07T12:45:58+00:00","og_image":[{"width":768,"height":768,"url":"https:\/\/psoecanarias.com\/web\/wp-content\/uploads\/2017\/11\/Tamara-Raya-2.jpg","type":"image\/jpeg"}],"author":"PSOE Canarias","twitter_card":"summary_large_image","schema":{"@context":"https:\/\/schema.org","@graph":[{"@type":"Article","@id":"https:\/\/psoecanarias.com\/web\/tamara-raya-poner-fin-la-precariedad-laboral-exige-derogar-la-reforma-laboral-del-pp-elaborar-nuevo-estatuto-los-trabajadores\/#article","isPartOf":{"@id":"https:\/\/psoecanarias.com\/web\/tamara-raya-poner-fin-la-precariedad-laboral-exige-derogar-la-reforma-laboral-del-pp-elaborar-nuevo-estatuto-los-trabajadores\/"},"author":{"name":"PSOE Canarias","@id":"https:\/\/psoecanarias.com\/web\/#\/schema\/person\/1ae43f9659d2fc599ca69c11e1dbf26f"},"headline":"Tamara Raya: \u201cPoner fin a la precariedad laboral exige derogar la reforma laboral del PP y elaborar un nuevo Estatuto de los Trabajadores\u201d","datePublished":"2018-02-07T12:45:58+00:00","mainEntityOfPage":{"@id":"https:\/\/psoecanarias.com\/web\/tamara-raya-poner-fin-la-precariedad-laboral-exige-derogar-la-reforma-laboral-del-pp-elaborar-nuevo-estatuto-los-trabajadores\/"},"wordCount":526,"commentCount":0,"image":{"@id":"https:\/\/psoecanarias.com\/web\/tamara-raya-poner-fin-la-precariedad-laboral-exige-derogar-la-reforma-laboral-del-pp-elaborar-nuevo-estatuto-los-trabajadores\/#primaryimage"},"thumbnailUrl":"https:\/\/psoecanarias.com\/web\/wp-content\/uploads\/2017\/11\/Tamara-Raya-2.jpg","articleSection":["Pol\u00edtica"],"inLanguage":"es","potentialAction":[{"@type":"CommentAction","name":"Comment","target":["https:\/\/psoecanarias.com\/web\/tamara-raya-poner-fin-la-precariedad-laboral-exige-derogar-la-reforma-laboral-del-pp-elaborar-nuevo-estatuto-los-trabajadores\/#respond"]}]},{"@type":"WebPage","@id":"https:\/\/psoecanarias.com\/web\/tamara-raya-poner-fin-la-precariedad-laboral-exige-derogar-la-reforma-laboral-del-pp-elaborar-nuevo-estatuto-los-trabajadores\/","url":"https:\/\/psoecanarias.com\/web\/tamara-raya-poner-fin-la-precariedad-laboral-exige-derogar-la-reforma-laboral-del-pp-elaborar-nuevo-estatuto-los-trabajadores\/","name":"Tamara Raya: \u201cPoner fin a la precariedad laboral exige derogar la reforma laboral del PP y elaborar un nuevo Estatuto de los Trabajadores\u201d | PSOE Canarias","isPartOf":{"@id":"https:\/\/psoecanarias.com\/web\/#website"},"primaryImageOfPage":{"@id":"https:\/\/psoecanarias.com\/web\/tamara-raya-poner-fin-la-precariedad-laboral-exige-derogar-la-reforma-laboral-del-pp-elaborar-nuevo-estatuto-los-trabajadores\/#primaryimage"},"image":{"@id":"https:\/\/psoecanarias.com\/web\/tamara-raya-poner-fin-la-precariedad-laboral-exige-derogar-la-reforma-laboral-del-pp-elaborar-nuevo-estatuto-los-trabajadores\/#primaryimage"},"thumbnailUrl":"https:\/\/psoecanarias.com\/web\/wp-content\/uploads\/2017\/11\/Tamara-Raya-2.jpg","datePublished":"2018-02-07T12:45:58+00:00","author":{"@id":"https:\/\/psoecanarias.com\/web\/#\/schema\/person\/1ae43f9659d2fc599ca69c11e1dbf26f"},"breadcrumb":{"@id":"https:\/\/psoecanarias.com\/web\/tamara-raya-poner-fin-la-precariedad-laboral-exige-derogar-la-reforma-laboral-del-pp-elaborar-nuevo-estatuto-los-trabajadores\/#breadcrumb"},"inLanguage":"es","potentialAction":[{"@type":"ReadAction","target":["https:\/\/psoecanarias.com\/web\/tamara-raya-poner-fin-la-precariedad-laboral-exige-derogar-la-reforma-laboral-del-pp-elaborar-nuevo-estatuto-los-trabajadores\/"]}]},{"@type":"ImageObject","inLanguage":"es","@id":"https:\/\/psoecanarias.com\/web\/tamara-raya-poner-fin-la-precariedad-laboral-exige-derogar-la-reforma-laboral-del-pp-elaborar-nuevo-estatuto-los-trabajadores\/#primaryimage","url":"https:\/\/psoecanarias.com\/web\/wp-content\/uploads\/2017\/11\/Tamara-Raya-2.jpg","contentUrl":"https:\/\/psoecanarias.com\/web\/wp-content\/uploads\/2017\/11\/Tamara-Raya-2.jpg","width":768,"height":768},{"@type":"BreadcrumbList","@id":"https:\/\/psoecanarias.com\/web\/tamara-raya-poner-fin-la-precariedad-laboral-exige-derogar-la-reforma-laboral-del-pp-elaborar-nuevo-estatuto-los-trabajadores\/#breadcrumb","itemListElement":[{"@type":"ListItem","position":1,"name":"Portada","item":"https:\/\/psoecanarias.com\/web\/"},{"@type":"ListItem","position":2,"name":"Tamara Raya: \u201cPoner fin a la precariedad laboral exige derogar la reforma laboral del PP y elaborar un nuevo Estatuto de los Trabajadores\u201d"}]},{"@type":"WebSite","@id":"https:\/\/psoecanarias.com\/web\/#website","url":"https:\/\/psoecanarias.com\/web\/","name":"PSOE Canarias","description":"Partido Socialista Obrero Espa\u00f1ol Canarias","potentialAction":[{"@type":"SearchAction","target":{"@type":"EntryPoint","urlTemplate":"https:\/\/psoecanarias.com\/web\/?s={search_term_string}"},"query-input":{"@type":"PropertyValueSpecification","valueRequired":true,"valueName":"search_term_string"}}],"inLanguage":"es"},{"@type":"Person","@id":"https:\/\/psoecanarias.com\/web\/#\/schema\/person\/1ae43f9659d2fc599ca69c11e1dbf26f","name":"PSOE Canarias","image":{"@type":"ImageObject","inLanguage":"es","@id":"https:\/\/secure.gravatar.com\/avatar\/4364d37f6f6f9cdb7af199b46151565f37d8a8c3c0e04c1d78c04e857a15e3a8?s=96&d=mm&r=g","url":"https:\/\/secure.gravatar.com\/avatar\/4364d37f6f6f9cdb7af199b46151565f37d8a8c3c0e04c1d78c04e857a15e3a8?s=96&d=mm&r=g","contentUrl":"https:\/\/secure.gravatar.com\/avatar\/4364d37f6f6f9cdb7af199b46151565f37d8a8c3c0e04c1d78c04e857a15e3a8?s=96&d=mm&r=g","caption":"PSOE Canarias"},"url":"https:\/\/psoecanarias.com\/web\/author\/admin\/"}]}},"_links":{"self":[{"href":"https:\/\/psoecanarias.com\/web\/wp-json\/wp\/v2\/posts\/4643","targetHints":{"allow":["GET"]}}],"collection":[{"href":"https:\/\/psoecanarias.com\/web\/wp-json\/wp\/v2\/posts"}],"about":[{"href":"https:\/\/psoecanarias.com\/web\/wp-json\/wp\/v2\/types\/post"}],"author":[{"embeddable":true,"href":"https:\/\/psoecanarias.com\/web\/wp-json\/wp\/v2\/users\/1"}],"replies":[{"embeddable":true,"href":"https:\/\/psoecanarias.com\/web\/wp-json\/wp\/v2\/comments?post=4643"}],"version-history":[{"count":1,"href":"https:\/\/psoecanarias.com\/web\/wp-json\/wp\/v2\/posts\/4643\/revisions"}],"predecessor-version":[{"id":4644,"href":"https:\/\/psoecanarias.com\/web\/wp-json\/wp\/v2\/posts\/4643\/revisions\/4644"}],"wp:featuredmedia":[{"embeddable":true,"href":"https:\/\/psoecanarias.com\/web\/wp-json\/wp\/v2\/media\/4405"}],"wp:attachment":[{"href":"https:\/\/psoecanarias.com\/web\/wp-json\/wp\/v2\/media?parent=4643"}],"wp:term":[{"taxonomy":"category","embeddable":true,"href":"https:\/\/psoecanarias.com\/web\/wp-json\/wp\/v2\/categories?post=4643"},{"taxonomy":"post_tag","embeddable":true,"href":"https:\/\/psoecanarias.com\/web\/wp-json\/wp\/v2\/tags?post=4643"}],"curies":[{"name":"wp","href":"https:\/\/api.w.org\/{rel}","templated":true}]}}