{"id":4645,"date":"2018-02-07T12:56:35","date_gmt":"2018-02-07T12:56:35","guid":{"rendered":"http:\/\/psoecanarias.com\/web\/?p=4645"},"modified":"2018-02-07T12:56:35","modified_gmt":"2018-02-07T12:56:35","slug":"pp-rechaza-una-iniciativa-elevar-al-75-la-bonificacion-del-transporte-aereo-personas-los-territorios-extrapeninsulares-la-peninsula-proponia-psoe","status":"publish","type":"post","link":"https:\/\/psoecanarias.com\/web\/pp-rechaza-una-iniciativa-elevar-al-75-la-bonificacion-del-transporte-aereo-personas-los-territorios-extrapeninsulares-la-peninsula-proponia-psoe\/","title":{"rendered":"El PP rechaza una iniciativa para elevar al 75% la bonificaci\u00f3n del  transporte a\u00e9reo de personas de los territorios extrapeninsulares con la pen\u00ednsula, como propon\u00eda el PSOE"},"content":{"rendered":"<p style=\"font-weight: 400;\">l Grupo Popular ha rechazado hoy en el Pleno del Senado frente al resto de grupos parlamentarios una moci\u00f3n del Grupo Socialista a favor de que el Gobierno reconozca el car\u00e1cter de servicio p\u00fablico esencial al transporte a\u00e9reo regular de personas de los territorios extrapeninsulares con la pen\u00ednsula. La iniciativa ha sido rechazada por la mayor\u00eda absoluta popular -145 votos en contra- frente al resto de los grupos parlamentarios -104 a favor y 6 abstenciones-.<\/p>\n<p style=\"font-weight: 400;\">La senadora del PSOE por Tenerife, Olivia Delgado, ha pedido el apoyo a todos los grupos de la C\u00e1mara a esta iniciativa porque \u201cs\u00f3lo a trav\u00e9s de medidas concretas\u201d como las propuestas por los socialistas en su moci\u00f3n consecuencia de interpelaci\u00f3n \u201cconseguiremos recortar distancias\u201d. Asimismo, ha censurado la postura del Grupo Popular en relaci\u00f3n con aquellas iniciativas que proponen mejorar la conectividad con la pen\u00ednsula y ha recordado que en el Congreso \u201cla vetan en la Mesa\u201d y en el Senado \u201cnos dicen que tienen que estudiarla\u201d. \u201cPonemos una medida concreta y parece que el PP condiciona su apoyo a un cheque en blanco\u201d. \u201dNo pedimos limosna, pedimos que se cumpla la Constituci\u00f3n. Por lo que el Gobierno no debe ni puede darnos la espalda\u201d, ha afirmado.<\/p>\n<p style=\"font-weight: 400;\">Olivia Delgado ha subrayado que\u00a0m\u00e1s de 3.000.000 millones de personas residen en los\u00a0territorios extrapeninsulares, \u201cel 7,26% de los ciudadanos de nuestro pa\u00eds\u201d y ha descrito las repercusiones que tienen para ellas las comunicaciones y las\u00a0consecuencias del aislamiento con el territorio peninsular \u201cen todos los sentidos\u201d,\u00a0\u00a0donde el\u00a0transporte juega un papel fundamental\u00a0en el\u00a0desarrollo econ\u00f3mico y social\u00a0ya que la\u00a0lejan\u00eda supone una p\u00e9rdida de oportunidades y competitividad.<\/p>\n<p style=\"font-weight: 400;\">\u201cPor razones geogr\u00e1ficas, los m\u00e1s de 3 millones\u00a0que residimos\u00a0en estos territorios tenemos que pagar unos precios desorbitados \u00bfcu\u00e1ntas veces han escuchado que es m\u00e1s barato ir de Canarias a Londres o a Praga o de Baleares a Berl\u00edn que de Canarias o Baleares a Madrid?.\u00a0Sin embargo,\u00a0estamos hablando de una distancia a\u00e9rea de Tenerife a Londres de casi 3.000 kil\u00f3metros y de Tenerife a Madrid no llega a 2.000 Km. Si son casi 1.000 kilom\u00e9tros m\u00e1s \u00bfpor qu\u00e9 nos cuesta menos? Sencillo: ley de la Oferta y la Demanda\u201d, ha sentenciado.<\/p>\n<p style=\"font-weight: 400;\">Ante esta realidad, la senadora del PSOE ha cuestionado \u201csi de verdad se cumple el art\u00edculo 138 de la Constituci\u00f3n Espa\u00f1ola\u201d y si existe un equilibrio econ\u00f3mico adecuado y justo \u201centre los m\u00e1s de 3 millones de\u00a0ciudadanos que residimos en Canarias, Baleares, Ceuta y Melilla y el resto de espa\u00f1oles que residen en territorio peninsular\u201d.<\/p>\n<p style=\"font-weight: 400;\">A este respecto, ha recordado\u00a0que<strong>\u00a0<\/strong>el citado art\u00edculo de nuestra Carta Magna\u00a0se\u00f1ala que \u201cel Estado garantiza la realizaci\u00f3n efectiva del principio de solidaridad consagrado en el art\u00edculo 2 de la Constituci\u00f3n, velando por el establecimiento de un equilibrio econ\u00f3mico, adecuado y justo, entre las diversas partes del territorio espa\u00f1ol, y atendiendo en particular a las circunstancias del hecho insular\u201d.\u00a0Asimismo, ha subrayado que el art\u00edculo 174 del Tratado de Funcionamiento de la Uni\u00f3n Europea fija la obligaci\u00f3n de establecer medidas especiales en aras de la cohesi\u00f3n econ\u00f3mica social y territorial a las regiones insulares y transfronterizas, y que los principales organismos de la Uni\u00f3n Europea han dictado resoluciones y diversos acuerdos solicitando al Estado medidas para los territorios alejados.<\/p>\n<p style=\"font-weight: 400;\"><strong>Objetivo de las compa\u00f1\u00edas a\u00e9reas,\u00a0\u00a0beneficios \u201cy no la ciudadan\u00eda\u201d<\/strong><\/p>\n<p style=\"font-weight: 400;\">La parlamentaria socialista ha se\u00f1alado que las compa\u00f1\u00edas\u00a0a\u00e9reas\u00a0trabajan para conseguir unos resultados econ\u00f3micos y ha advertido de que su objetivo son los beneficios \u201cy no la ciudadan\u00eda\u201d. \u201cNo son un servicio p\u00fablico, son empresas privadas sometidas a las reglas del mercado\u201d, ha apostillado. En este sentido, ha sostenido que\u00a0<strong>\u00a0<\/strong>los poderes p\u00fablicos \u201cno solo pueden sino que deben intervenir\u201d. \u201cEs fundamental garantizar el acceso al transporte de los residentes en las comunidades aut\u00f3nomas alejadas del resto del territorio espa\u00f1ol, en t\u00e9rminos de frecuencia, en t\u00e9rminos de suficiencia, de calidad, de tarifas adecuadas que salven esa barrera\u00a0\u00a0insalvable\u00a0\u00a0para el transporte terrestre del mar\u201d, ha aseverado.<\/p>\n<p style=\"font-weight: 400;\"><strong>Gobierno socialista, del 33% al 50% las bonificaciones al transporte a\u00e9reo<\/strong><\/p>\n<p style=\"font-weight: 400;\">Adem\u00e1s, ha recordado que fue un Gobierno socialista \u201cqui\u00e9n subi\u00f3 del 33% al 50% las bonificaciones al transporte a\u00e9reo para los residentes en estos territorios con la pen\u00ednsula\u201d y se ha mostrado muy cr\u00edtica con el Gobierno del Partido Popular al que ha reprochado que durante sus a\u00f1os de mandato \u201cno ha hecho nada\u201d para mejorar estas condiciones.<\/p>\n<p style=\"font-weight: 400;\">Tras todo lo apuntado, Olivia Delgado ha defendido la iniciativa socialista que reclamaba al Gobierno, entre otras cosas, la aplicaci\u00f3n de\u00a0la obligaci\u00f3n de Servicio P\u00fablico en las conexiones de los territorios extrapeninsulares que fijen rutas y frecuencias m\u00ednimas de conexiones, as\u00ed como tarifas m\u00e1ximas, para que se eliminen las diferencias que, por lejan\u00eda, suponen los precios en el transporte a\u00e9reo, especialmente en fechas se\u00f1aladas.\u00a0Adem\u00e1s, reclamaba\u00a0tambi\u00e9n que en el pr\u00f3ximo ejercicio presupuestario se incremente al 75% la bonificaci\u00f3n del precio de los billetes a\u00e9reos en todos los trayectos -en ambos sentidos- entre las Islas Canarias, Islas Baleares, Ceuta y Melilla con el resto del territorio nacional.<\/p>\n<p style=\"font-weight: 400;\"><strong>Tenerife Norte, abierto 24 horas al d\u00eda<\/strong><\/p>\n<p style=\"font-weight: 400;\">A estas propuestas, la senadora tinerfe\u00f1a ha sumado otra, a trav\u00e9s de una enmienda, tras conocer la semana pasada el anuncio de\u00a0\u00a0Aena de que durante tres meses -de abril a junio- permanecer\u00e1 cerrado el aeropuerto de Tenerife Sur en horario nocturno por las obras de repavimentaci\u00f3n de la pista \u201cdejando la isla de Tenerife sin conectividad durante la noche\u201d. En este sentido, Olivia Delgado ha argumentado que \u201curgen soluciones r\u00e1pidas para evitar que la isla de Tenerife quede totalmente aislada y evitar las graves consecuencias que tendr\u00eda esa situaci\u00f3n\u201d y ha reclamado que se lleven a cabo las medidas necesarias para que abra el aeropuerto Tenerife Norte permanezca abierto las 24 horas del d\u00eda mientras dure la obra\u201d.<\/p>\n","protected":false},"excerpt":{"rendered":"<p>l Grupo Popular ha rechazado hoy en el Pleno del Senado frente al resto de grupos parlamentarios una moci\u00f3n del Grupo Socialista a favor de que el Gobierno reconozca el car\u00e1cter de servicio p\u00fablico esencial al transporte a\u00e9reo regular de personas de los territorios extrapeninsulares con la pen\u00ednsula. La iniciativa ha sido rechazada por la [&hellip;]<\/p>\n","protected":false},"author":1,"featured_media":4646,"comment_status":"open","ping_status":"open","sticky":false,"template":"","format":"standard","meta":{"footnotes":""},"categories":[7],"tags":[],"class_list":["post-4645","post","type-post","status-publish","format-standard","has-post-thumbnail","hentry","category-politica"],"featured_image_src":"https:\/\/psoecanarias.com\/web\/wp-content\/uploads\/2018\/02\/Olivia-Delgado.jpeg","author_info":{"display_name":"PSOE Canarias","author_link":"https:\/\/psoecanarias.com\/web\/author\/admin\/"},"yoast_head":"<!-- This site is optimized with the Yoast SEO plugin v27.2 - https:\/\/yoast.com\/product\/yoast-seo-wordpress\/ -->\n<title>El PP rechaza una iniciativa para elevar al 75% la bonificaci\u00f3n del transporte a\u00e9reo de personas de los territorios extrapeninsulares con la pen\u00ednsula, como propon\u00eda el PSOE | PSOE Canarias<\/title>\n<meta name=\"robots\" content=\"index, follow, max-snippet:-1, max-image-preview:large, max-video-preview:-1\" \/>\n<link rel=\"canonical\" href=\"https:\/\/psoecanarias.com\/web\/pp-rechaza-una-iniciativa-elevar-al-75-la-bonificacion-del-transporte-aereo-personas-los-territorios-extrapeninsulares-la-peninsula-proponia-psoe\/\" \/>\n<meta property=\"og:locale\" content=\"es_ES\" \/>\n<meta property=\"og:type\" content=\"article\" \/>\n<meta property=\"og:title\" content=\"El PP rechaza una iniciativa para elevar al 75% la bonificaci\u00f3n del transporte a\u00e9reo de personas de los territorios extrapeninsulares con la pen\u00ednsula, como propon\u00eda el PSOE | PSOE Canarias\" \/>\n<meta property=\"og:description\" content=\"l Grupo Popular ha rechazado hoy en el Pleno del Senado frente al resto de grupos parlamentarios una moci\u00f3n del Grupo Socialista a favor de que el Gobierno reconozca el car\u00e1cter de servicio p\u00fablico esencial al transporte a\u00e9reo regular de personas de los territorios extrapeninsulares con la pen\u00ednsula. La iniciativa ha sido rechazada por la [&hellip;]\" \/>\n<meta property=\"og:url\" content=\"https:\/\/psoecanarias.com\/web\/pp-rechaza-una-iniciativa-elevar-al-75-la-bonificacion-del-transporte-aereo-personas-los-territorios-extrapeninsulares-la-peninsula-proponia-psoe\/\" \/>\n<meta property=\"og:site_name\" content=\"PSOE Canarias\" \/>\n<meta property=\"article:published_time\" content=\"2018-02-07T12:56:35+00:00\" \/>\n<meta property=\"og:image\" content=\"https:\/\/psoecanarias.com\/web\/wp-content\/uploads\/2018\/02\/Olivia-Delgado.jpeg\" \/>\n\t<meta property=\"og:image:width\" content=\"607\" \/>\n\t<meta property=\"og:image:height\" content=\"338\" \/>\n\t<meta property=\"og:image:type\" content=\"image\/jpeg\" \/>\n<meta name=\"author\" content=\"PSOE Canarias\" \/>\n<meta name=\"twitter:card\" content=\"summary_large_image\" \/>\n<script type=\"application\/ld+json\" class=\"yoast-schema-graph\">{\"@context\":\"https:\/\/schema.org\",\"@graph\":[{\"@type\":\"Article\",\"@id\":\"https:\/\/psoecanarias.com\/web\/pp-rechaza-una-iniciativa-elevar-al-75-la-bonificacion-del-transporte-aereo-personas-los-territorios-extrapeninsulares-la-peninsula-proponia-psoe\/#article\",\"isPartOf\":{\"@id\":\"https:\/\/psoecanarias.com\/web\/pp-rechaza-una-iniciativa-elevar-al-75-la-bonificacion-del-transporte-aereo-personas-los-territorios-extrapeninsulares-la-peninsula-proponia-psoe\/\"},\"author\":{\"name\":\"PSOE Canarias\",\"@id\":\"https:\/\/psoecanarias.com\/web\/#\/schema\/person\/1ae43f9659d2fc599ca69c11e1dbf26f\"},\"headline\":\"El PP rechaza una iniciativa para elevar al 75% la bonificaci\u00f3n del transporte a\u00e9reo de personas de los territorios extrapeninsulares con la pen\u00ednsula, como propon\u00eda el PSOE\",\"datePublished\":\"2018-02-07T12:56:35+00:00\",\"mainEntityOfPage\":{\"@id\":\"https:\/\/psoecanarias.com\/web\/pp-rechaza-una-iniciativa-elevar-al-75-la-bonificacion-del-transporte-aereo-personas-los-territorios-extrapeninsulares-la-peninsula-proponia-psoe\/\"},\"wordCount\":1066,\"commentCount\":0,\"image\":{\"@id\":\"https:\/\/psoecanarias.com\/web\/pp-rechaza-una-iniciativa-elevar-al-75-la-bonificacion-del-transporte-aereo-personas-los-territorios-extrapeninsulares-la-peninsula-proponia-psoe\/#primaryimage\"},\"thumbnailUrl\":\"https:\/\/psoecanarias.com\/web\/wp-content\/uploads\/2018\/02\/Olivia-Delgado.jpeg\",\"articleSection\":[\"Pol\u00edtica\"],\"inLanguage\":\"es\",\"potentialAction\":[{\"@type\":\"CommentAction\",\"name\":\"Comment\",\"target\":[\"https:\/\/psoecanarias.com\/web\/pp-rechaza-una-iniciativa-elevar-al-75-la-bonificacion-del-transporte-aereo-personas-los-territorios-extrapeninsulares-la-peninsula-proponia-psoe\/#respond\"]}]},{\"@type\":\"WebPage\",\"@id\":\"https:\/\/psoecanarias.com\/web\/pp-rechaza-una-iniciativa-elevar-al-75-la-bonificacion-del-transporte-aereo-personas-los-territorios-extrapeninsulares-la-peninsula-proponia-psoe\/\",\"url\":\"https:\/\/psoecanarias.com\/web\/pp-rechaza-una-iniciativa-elevar-al-75-la-bonificacion-del-transporte-aereo-personas-los-territorios-extrapeninsulares-la-peninsula-proponia-psoe\/\",\"name\":\"El PP rechaza una iniciativa para elevar al 75% la bonificaci\u00f3n del transporte a\u00e9reo de personas de los territorios extrapeninsulares con la pen\u00ednsula, como propon\u00eda el PSOE | PSOE Canarias\",\"isPartOf\":{\"@id\":\"https:\/\/psoecanarias.com\/web\/#website\"},\"primaryImageOfPage\":{\"@id\":\"https:\/\/psoecanarias.com\/web\/pp-rechaza-una-iniciativa-elevar-al-75-la-bonificacion-del-transporte-aereo-personas-los-territorios-extrapeninsulares-la-peninsula-proponia-psoe\/#primaryimage\"},\"image\":{\"@id\":\"https:\/\/psoecanarias.com\/web\/pp-rechaza-una-iniciativa-elevar-al-75-la-bonificacion-del-transporte-aereo-personas-los-territorios-extrapeninsulares-la-peninsula-proponia-psoe\/#primaryimage\"},\"thumbnailUrl\":\"https:\/\/psoecanarias.com\/web\/wp-content\/uploads\/2018\/02\/Olivia-Delgado.jpeg\",\"datePublished\":\"2018-02-07T12:56:35+00:00\",\"author\":{\"@id\":\"https:\/\/psoecanarias.com\/web\/#\/schema\/person\/1ae43f9659d2fc599ca69c11e1dbf26f\"},\"breadcrumb\":{\"@id\":\"https:\/\/psoecanarias.com\/web\/pp-rechaza-una-iniciativa-elevar-al-75-la-bonificacion-del-transporte-aereo-personas-los-territorios-extrapeninsulares-la-peninsula-proponia-psoe\/#breadcrumb\"},\"inLanguage\":\"es\",\"potentialAction\":[{\"@type\":\"ReadAction\",\"target\":[\"https:\/\/psoecanarias.com\/web\/pp-rechaza-una-iniciativa-elevar-al-75-la-bonificacion-del-transporte-aereo-personas-los-territorios-extrapeninsulares-la-peninsula-proponia-psoe\/\"]}]},{\"@type\":\"ImageObject\",\"inLanguage\":\"es\",\"@id\":\"https:\/\/psoecanarias.com\/web\/pp-rechaza-una-iniciativa-elevar-al-75-la-bonificacion-del-transporte-aereo-personas-los-territorios-extrapeninsulares-la-peninsula-proponia-psoe\/#primaryimage\",\"url\":\"https:\/\/psoecanarias.com\/web\/wp-content\/uploads\/2018\/02\/Olivia-Delgado.jpeg\",\"contentUrl\":\"https:\/\/psoecanarias.com\/web\/wp-content\/uploads\/2018\/02\/Olivia-Delgado.jpeg\",\"width\":607,\"height\":338},{\"@type\":\"BreadcrumbList\",\"@id\":\"https:\/\/psoecanarias.com\/web\/pp-rechaza-una-iniciativa-elevar-al-75-la-bonificacion-del-transporte-aereo-personas-los-territorios-extrapeninsulares-la-peninsula-proponia-psoe\/#breadcrumb\",\"itemListElement\":[{\"@type\":\"ListItem\",\"position\":1,\"name\":\"Portada\",\"item\":\"https:\/\/psoecanarias.com\/web\/\"},{\"@type\":\"ListItem\",\"position\":2,\"name\":\"El PP rechaza una iniciativa para elevar al 75% la bonificaci\u00f3n del transporte a\u00e9reo de personas de los territorios extrapeninsulares con la pen\u00ednsula, como propon\u00eda el PSOE\"}]},{\"@type\":\"WebSite\",\"@id\":\"https:\/\/psoecanarias.com\/web\/#website\",\"url\":\"https:\/\/psoecanarias.com\/web\/\",\"name\":\"PSOE Canarias\",\"description\":\"Partido Socialista Obrero Espa\u00f1ol Canarias\",\"potentialAction\":[{\"@type\":\"SearchAction\",\"target\":{\"@type\":\"EntryPoint\",\"urlTemplate\":\"https:\/\/psoecanarias.com\/web\/?s={search_term_string}\"},\"query-input\":{\"@type\":\"PropertyValueSpecification\",\"valueRequired\":true,\"valueName\":\"search_term_string\"}}],\"inLanguage\":\"es\"},{\"@type\":\"Person\",\"@id\":\"https:\/\/psoecanarias.com\/web\/#\/schema\/person\/1ae43f9659d2fc599ca69c11e1dbf26f\",\"name\":\"PSOE Canarias\",\"image\":{\"@type\":\"ImageObject\",\"inLanguage\":\"es\",\"@id\":\"https:\/\/secure.gravatar.com\/avatar\/4364d37f6f6f9cdb7af199b46151565f37d8a8c3c0e04c1d78c04e857a15e3a8?s=96&d=mm&r=g\",\"url\":\"https:\/\/secure.gravatar.com\/avatar\/4364d37f6f6f9cdb7af199b46151565f37d8a8c3c0e04c1d78c04e857a15e3a8?s=96&d=mm&r=g\",\"contentUrl\":\"https:\/\/secure.gravatar.com\/avatar\/4364d37f6f6f9cdb7af199b46151565f37d8a8c3c0e04c1d78c04e857a15e3a8?s=96&d=mm&r=g\",\"caption\":\"PSOE Canarias\"},\"url\":\"https:\/\/psoecanarias.com\/web\/author\/admin\/\"}]}<\/script>\n<!-- \/ Yoast SEO plugin. -->","yoast_head_json":{"title":"El PP rechaza una iniciativa para elevar al 75% la bonificaci\u00f3n del transporte a\u00e9reo de personas de los territorios extrapeninsulares con la pen\u00ednsula, como propon\u00eda el PSOE | PSOE Canarias","robots":{"index":"index","follow":"follow","max-snippet":"max-snippet:-1","max-image-preview":"max-image-preview:large","max-video-preview":"max-video-preview:-1"},"canonical":"https:\/\/psoecanarias.com\/web\/pp-rechaza-una-iniciativa-elevar-al-75-la-bonificacion-del-transporte-aereo-personas-los-territorios-extrapeninsulares-la-peninsula-proponia-psoe\/","og_locale":"es_ES","og_type":"article","og_title":"El PP rechaza una iniciativa para elevar al 75% la bonificaci\u00f3n del transporte a\u00e9reo de personas de los territorios extrapeninsulares con la pen\u00ednsula, como propon\u00eda el PSOE | PSOE Canarias","og_description":"l Grupo Popular ha rechazado hoy en el Pleno del Senado frente al resto de grupos parlamentarios una moci\u00f3n del Grupo Socialista a favor de que el Gobierno reconozca el car\u00e1cter de servicio p\u00fablico esencial al transporte a\u00e9reo regular de personas de los territorios extrapeninsulares con la pen\u00ednsula. La iniciativa ha sido rechazada por la [&hellip;]","og_url":"https:\/\/psoecanarias.com\/web\/pp-rechaza-una-iniciativa-elevar-al-75-la-bonificacion-del-transporte-aereo-personas-los-territorios-extrapeninsulares-la-peninsula-proponia-psoe\/","og_site_name":"PSOE Canarias","article_published_time":"2018-02-07T12:56:35+00:00","og_image":[{"width":607,"height":338,"url":"https:\/\/psoecanarias.com\/web\/wp-content\/uploads\/2018\/02\/Olivia-Delgado.jpeg","type":"image\/jpeg"}],"author":"PSOE Canarias","twitter_card":"summary_large_image","schema":{"@context":"https:\/\/schema.org","@graph":[{"@type":"Article","@id":"https:\/\/psoecanarias.com\/web\/pp-rechaza-una-iniciativa-elevar-al-75-la-bonificacion-del-transporte-aereo-personas-los-territorios-extrapeninsulares-la-peninsula-proponia-psoe\/#article","isPartOf":{"@id":"https:\/\/psoecanarias.com\/web\/pp-rechaza-una-iniciativa-elevar-al-75-la-bonificacion-del-transporte-aereo-personas-los-territorios-extrapeninsulares-la-peninsula-proponia-psoe\/"},"author":{"name":"PSOE Canarias","@id":"https:\/\/psoecanarias.com\/web\/#\/schema\/person\/1ae43f9659d2fc599ca69c11e1dbf26f"},"headline":"El PP rechaza una iniciativa para elevar al 75% la bonificaci\u00f3n del transporte a\u00e9reo de personas de los territorios extrapeninsulares con la pen\u00ednsula, como propon\u00eda el PSOE","datePublished":"2018-02-07T12:56:35+00:00","mainEntityOfPage":{"@id":"https:\/\/psoecanarias.com\/web\/pp-rechaza-una-iniciativa-elevar-al-75-la-bonificacion-del-transporte-aereo-personas-los-territorios-extrapeninsulares-la-peninsula-proponia-psoe\/"},"wordCount":1066,"commentCount":0,"image":{"@id":"https:\/\/psoecanarias.com\/web\/pp-rechaza-una-iniciativa-elevar-al-75-la-bonificacion-del-transporte-aereo-personas-los-territorios-extrapeninsulares-la-peninsula-proponia-psoe\/#primaryimage"},"thumbnailUrl":"https:\/\/psoecanarias.com\/web\/wp-content\/uploads\/2018\/02\/Olivia-Delgado.jpeg","articleSection":["Pol\u00edtica"],"inLanguage":"es","potentialAction":[{"@type":"CommentAction","name":"Comment","target":["https:\/\/psoecanarias.com\/web\/pp-rechaza-una-iniciativa-elevar-al-75-la-bonificacion-del-transporte-aereo-personas-los-territorios-extrapeninsulares-la-peninsula-proponia-psoe\/#respond"]}]},{"@type":"WebPage","@id":"https:\/\/psoecanarias.com\/web\/pp-rechaza-una-iniciativa-elevar-al-75-la-bonificacion-del-transporte-aereo-personas-los-territorios-extrapeninsulares-la-peninsula-proponia-psoe\/","url":"https:\/\/psoecanarias.com\/web\/pp-rechaza-una-iniciativa-elevar-al-75-la-bonificacion-del-transporte-aereo-personas-los-territorios-extrapeninsulares-la-peninsula-proponia-psoe\/","name":"El PP rechaza una iniciativa para elevar al 75% la bonificaci\u00f3n del transporte a\u00e9reo de personas de los territorios extrapeninsulares con la pen\u00ednsula, como propon\u00eda el PSOE | PSOE Canarias","isPartOf":{"@id":"https:\/\/psoecanarias.com\/web\/#website"},"primaryImageOfPage":{"@id":"https:\/\/psoecanarias.com\/web\/pp-rechaza-una-iniciativa-elevar-al-75-la-bonificacion-del-transporte-aereo-personas-los-territorios-extrapeninsulares-la-peninsula-proponia-psoe\/#primaryimage"},"image":{"@id":"https:\/\/psoecanarias.com\/web\/pp-rechaza-una-iniciativa-elevar-al-75-la-bonificacion-del-transporte-aereo-personas-los-territorios-extrapeninsulares-la-peninsula-proponia-psoe\/#primaryimage"},"thumbnailUrl":"https:\/\/psoecanarias.com\/web\/wp-content\/uploads\/2018\/02\/Olivia-Delgado.jpeg","datePublished":"2018-02-07T12:56:35+00:00","author":{"@id":"https:\/\/psoecanarias.com\/web\/#\/schema\/person\/1ae43f9659d2fc599ca69c11e1dbf26f"},"breadcrumb":{"@id":"https:\/\/psoecanarias.com\/web\/pp-rechaza-una-iniciativa-elevar-al-75-la-bonificacion-del-transporte-aereo-personas-los-territorios-extrapeninsulares-la-peninsula-proponia-psoe\/#breadcrumb"},"inLanguage":"es","potentialAction":[{"@type":"ReadAction","target":["https:\/\/psoecanarias.com\/web\/pp-rechaza-una-iniciativa-elevar-al-75-la-bonificacion-del-transporte-aereo-personas-los-territorios-extrapeninsulares-la-peninsula-proponia-psoe\/"]}]},{"@type":"ImageObject","inLanguage":"es","@id":"https:\/\/psoecanarias.com\/web\/pp-rechaza-una-iniciativa-elevar-al-75-la-bonificacion-del-transporte-aereo-personas-los-territorios-extrapeninsulares-la-peninsula-proponia-psoe\/#primaryimage","url":"https:\/\/psoecanarias.com\/web\/wp-content\/uploads\/2018\/02\/Olivia-Delgado.jpeg","contentUrl":"https:\/\/psoecanarias.com\/web\/wp-content\/uploads\/2018\/02\/Olivia-Delgado.jpeg","width":607,"height":338},{"@type":"BreadcrumbList","@id":"https:\/\/psoecanarias.com\/web\/pp-rechaza-una-iniciativa-elevar-al-75-la-bonificacion-del-transporte-aereo-personas-los-territorios-extrapeninsulares-la-peninsula-proponia-psoe\/#breadcrumb","itemListElement":[{"@type":"ListItem","position":1,"name":"Portada","item":"https:\/\/psoecanarias.com\/web\/"},{"@type":"ListItem","position":2,"name":"El PP rechaza una iniciativa para elevar al 75% la bonificaci\u00f3n del transporte a\u00e9reo de personas de los territorios extrapeninsulares con la pen\u00ednsula, como propon\u00eda el PSOE"}]},{"@type":"WebSite","@id":"https:\/\/psoecanarias.com\/web\/#website","url":"https:\/\/psoecanarias.com\/web\/","name":"PSOE Canarias","description":"Partido Socialista Obrero Espa\u00f1ol Canarias","potentialAction":[{"@type":"SearchAction","target":{"@type":"EntryPoint","urlTemplate":"https:\/\/psoecanarias.com\/web\/?s={search_term_string}"},"query-input":{"@type":"PropertyValueSpecification","valueRequired":true,"valueName":"search_term_string"}}],"inLanguage":"es"},{"@type":"Person","@id":"https:\/\/psoecanarias.com\/web\/#\/schema\/person\/1ae43f9659d2fc599ca69c11e1dbf26f","name":"PSOE Canarias","image":{"@type":"ImageObject","inLanguage":"es","@id":"https:\/\/secure.gravatar.com\/avatar\/4364d37f6f6f9cdb7af199b46151565f37d8a8c3c0e04c1d78c04e857a15e3a8?s=96&d=mm&r=g","url":"https:\/\/secure.gravatar.com\/avatar\/4364d37f6f6f9cdb7af199b46151565f37d8a8c3c0e04c1d78c04e857a15e3a8?s=96&d=mm&r=g","contentUrl":"https:\/\/secure.gravatar.com\/avatar\/4364d37f6f6f9cdb7af199b46151565f37d8a8c3c0e04c1d78c04e857a15e3a8?s=96&d=mm&r=g","caption":"PSOE Canarias"},"url":"https:\/\/psoecanarias.com\/web\/author\/admin\/"}]}},"_links":{"self":[{"href":"https:\/\/psoecanarias.com\/web\/wp-json\/wp\/v2\/posts\/4645","targetHints":{"allow":["GET"]}}],"collection":[{"href":"https:\/\/psoecanarias.com\/web\/wp-json\/wp\/v2\/posts"}],"about":[{"href":"https:\/\/psoecanarias.com\/web\/wp-json\/wp\/v2\/types\/post"}],"author":[{"embeddable":true,"href":"https:\/\/psoecanarias.com\/web\/wp-json\/wp\/v2\/users\/1"}],"replies":[{"embeddable":true,"href":"https:\/\/psoecanarias.com\/web\/wp-json\/wp\/v2\/comments?post=4645"}],"version-history":[{"count":1,"href":"https:\/\/psoecanarias.com\/web\/wp-json\/wp\/v2\/posts\/4645\/revisions"}],"predecessor-version":[{"id":4647,"href":"https:\/\/psoecanarias.com\/web\/wp-json\/wp\/v2\/posts\/4645\/revisions\/4647"}],"wp:featuredmedia":[{"embeddable":true,"href":"https:\/\/psoecanarias.com\/web\/wp-json\/wp\/v2\/media\/4646"}],"wp:attachment":[{"href":"https:\/\/psoecanarias.com\/web\/wp-json\/wp\/v2\/media?parent=4645"}],"wp:term":[{"taxonomy":"category","embeddable":true,"href":"https:\/\/psoecanarias.com\/web\/wp-json\/wp\/v2\/categories?post=4645"},{"taxonomy":"post_tag","embeddable":true,"href":"https:\/\/psoecanarias.com\/web\/wp-json\/wp\/v2\/tags?post=4645"}],"curies":[{"name":"wp","href":"https:\/\/api.w.org\/{rel}","templated":true}]}}