{"id":4648,"date":"2018-02-07T13:13:26","date_gmt":"2018-02-07T13:13:26","guid":{"rendered":"http:\/\/psoecanarias.com\/web\/?p=4648"},"modified":"2018-02-07T13:13:26","modified_gmt":"2018-02-07T13:13:26","slug":"psoe-vuelve-exigir-al-gobierno-canario-una-propuesta-regulacion-concilie-los-intereses-todas-las-partes","status":"publish","type":"post","link":"https:\/\/psoecanarias.com\/web\/psoe-vuelve-exigir-al-gobierno-canario-una-propuesta-regulacion-concilie-los-intereses-todas-las-partes\/","title":{"rendered":"El PSOE vuelve a exigir al Gobierno canario una propuesta de regulaci\u00f3n que concilie los intereses de todas las partes"},"content":{"rendered":"<p style=\"font-weight: 400;\">La portavoz de Turismo del Grupo Parlamentario Socialista, Rosa Bella Cabrera, volvi\u00f3 a exigir hoy al Gobierno de Canarias que haga una propuesta de regulaci\u00f3n para el alquiler vacacional que concilie los intereses de todos los sectores implicados. En el pleno de la C\u00e1mara, afirm\u00f3 que si algo ha quedado claro sobre el alquiler vacacional es que ha \u201cvenido para quedarse\u201d, porque ha adquirido un peso y alcance mayor del que cab\u00eda suponer<\/p>\n<p style=\"font-weight: 400;\">En su intervenci\u00f3n, record\u00f3 que el PSOE ha demandado en numerosas ocasiones que se aclare el marco normativo del mercado de alquiler en Canarias mediante una regulaci\u00f3n adecuada de la vivienda vacacional. \u201cDe lo contrario, no se regular\u00e1 la oferta y no tendremos elementos a los que atenernos para adoptar soluciones\u201d, advirti\u00f3.<\/p>\n<p style=\"font-weight: 400;\">Se\u00f1al\u00f3 que tras la modificaci\u00f3n de la ley de arrendamientos urbanos, la regulaci\u00f3n de las viviendas de uso tur\u00edstico qued\u00f3 excluida del r\u00e9gimen general en la medida en que las comunidades aut\u00f3nomas promulgar\u00e1n normas de car\u00e1cter sectorial que regular\u00e1n este fen\u00f3meno. Precis\u00f3 que en Canarias se opt\u00f3 por delegar este desarrollo normativo al Gobierno mediante decreto a trav\u00e9s de una modificaci\u00f3n de la ley de ordenamiento del turismo de Canarias.<\/p>\n<p style=\"font-weight: 400;\">\u201cEl Gobierno aprob\u00f3 el decreto que contiene varias medidas controvertidas, objeto de recursos judiciales que, a d\u00eda de hoy, contin\u00faan sin ser resueltas\u201d, continu\u00f3. La diputada record\u00f3 que el Tribunal Supremo ha admitido a tr\u00e1mite el recurso presentado por el Ejecutivo regional contra la sentencia del Tribunal Superior de Justicia de Canarias, que anul\u00f3 varios art\u00edculos del decreto sobre el alquiler vacacional en las islas.<\/p>\n<p style=\"font-weight: 400;\">Reiter\u00f3 que el PSOE, ante esta situaci\u00f3n, ha venido reclamando un cambio en la regulaci\u00f3n del alquiler vacacional. \u201cHemos presentado distintas iniciativas de acuerdo, siempre, con el inter\u00e9s general y partiendo de una realidad a la que no podemos seguir dando la espalda\u201d, se\u00f1al\u00f3, y rechaz\u00f3 que se contin\u00faen eternizando las posibles soluciones que podr\u00edan enmendar la problem\u00e1tica planteada.<\/p>\n<p style=\"font-weight: 400;\">Indic\u00f3 que el Gobierno y el Parlamento decidieron hace tiempo que Canarias tuviese una oferta tur\u00edstica adaptada a sus condiciones, tanto las alojativas como las complementarias, siendo conscientes de que hay determinados usos y actividades que van a quedar fuera de regulaci\u00f3n.<\/p>\n<p style=\"font-weight: 400;\">Explic\u00f3 que en consecuencia, nos encontraremos en conflicto directo con los que s\u00ed cumplen con los est\u00e1ndares tur\u00edsticos establecidos. \u201cDurante este debate, hemos podido constatar que aunque no hay soluciones infalibles para este tema, no podemos correr el riesgo de sostener una norma que no responde a la realidad tur\u00edstica de Canarias\u201d, dijo.<\/p>\n<p style=\"font-weight: 400;\">Cabrera se\u00f1al\u00f3 que la realidad de nuestro contexto tur\u00edstico \u201cha ido evolucionando hacia nuevos productos, como el alquiler vacacional, algo hacia lo que la Administraci\u00f3n debe ser sensible y aprobar un marco normativo que les d\u00e9 cabida y tenga en cuenta sus particularidades\u201d.<\/p>\n<p style=\"font-weight: 400;\">\u201cHay una necesidad de adaptar una realidad vieja a los nuevos tiempos, en los que el consumidor tur\u00edstico contrata directamente sin un turoperador de intermediario\u201d. La diputada del PSOE sostuvo que el alquiler vacacional \u201cse ha convertido en una oportunidad para una mayor\u00eda de la poblaci\u00f3n de Canarias y, al mismo tiempo, es una oportunidad para concederle al visitante una alternativa distinta a la convencional\u201d.<\/p>\n<p style=\"font-weight: 400;\">A\u00f1adi\u00f3 que al haberse convertido en un complemento de nuestra oferta, \u201cdebemos dar los pasos adecuados para acabar con la incertidumbre que rodea esta forma de hacer turismo, regl\u00e1ndolo de manera que prime la conciliaci\u00f3n y el inter\u00e9s general\u201d. En este punto, destac\u00f3 que los precios en el mercado del alquiler \u201cdesplazan su funci\u00f3n social por un inter\u00e9s que conlleva la expulsi\u00f3n de las clases trabajadoras de aquellos \u00e1mbitos donde resulta m\u00e1s rentable dedicar el inmueble al alquiler vacacional\u201d.<\/p>\n<p style=\"font-weight: 400;\">La diputada defendi\u00f3 la necesidad de proteger la funci\u00f3n social de la vivienda. \u201cPara el PSOE es una prioridad\u201d, insisti\u00f3, y abog\u00f3 por evitar conflictos en la convivencia entre el turista y el residente, \u201cpara lo que debemos consensuar qu\u00e9 tipos de inmuebles deben incluirse en el \u00e1mbito del alquiler vacacional\u201d. Rosa Cabrera hizo hincapi\u00e9 en que no se pueden seguir permitiendo los efectos negativos que la actual norma est\u00e1 generando. \u201cEs cierto que no hay soluciones infalibles, pero debemos afrontar este asunto con determinaci\u00f3n, buscando el inter\u00e9s general y sin arrugarnos\u201d, recalc\u00f3.<\/p>\n","protected":false},"excerpt":{"rendered":"<p>La portavoz de Turismo del Grupo Parlamentario Socialista, Rosa Bella Cabrera, volvi\u00f3 a exigir hoy al Gobierno de Canarias que haga una propuesta de regulaci\u00f3n para el alquiler vacacional que concilie los intereses de todos los sectores implicados. En el pleno de la C\u00e1mara, afirm\u00f3 que si algo ha quedado claro sobre el alquiler vacacional [&hellip;]<\/p>\n","protected":false},"author":1,"featured_media":4649,"comment_status":"open","ping_status":"open","sticky":false,"template":"","format":"standard","meta":{"footnotes":""},"categories":[7],"tags":[],"class_list":["post-4648","post","type-post","status-publish","format-standard","has-post-thumbnail","hentry","category-politica"],"featured_image_src":"https:\/\/psoecanarias.com\/web\/wp-content\/uploads\/2018\/02\/rosa-bella.jpg","author_info":{"display_name":"PSOE Canarias","author_link":"https:\/\/psoecanarias.com\/web\/author\/admin\/"},"yoast_head":"<!-- This site is optimized with the Yoast SEO plugin v27.2 - https:\/\/yoast.com\/product\/yoast-seo-wordpress\/ -->\n<title>El PSOE vuelve a exigir al Gobierno canario una propuesta de regulaci\u00f3n que concilie los intereses de todas las partes | PSOE Canarias<\/title>\n<meta name=\"robots\" content=\"index, follow, max-snippet:-1, max-image-preview:large, max-video-preview:-1\" \/>\n<link rel=\"canonical\" href=\"https:\/\/psoecanarias.com\/web\/psoe-vuelve-exigir-al-gobierno-canario-una-propuesta-regulacion-concilie-los-intereses-todas-las-partes\/\" \/>\n<meta property=\"og:locale\" content=\"es_ES\" \/>\n<meta property=\"og:type\" content=\"article\" \/>\n<meta property=\"og:title\" content=\"El PSOE vuelve a exigir al Gobierno canario una propuesta de regulaci\u00f3n que concilie los intereses de todas las partes | PSOE Canarias\" \/>\n<meta property=\"og:description\" content=\"La portavoz de Turismo del Grupo Parlamentario Socialista, Rosa Bella Cabrera, volvi\u00f3 a exigir hoy al Gobierno de Canarias que haga una propuesta de regulaci\u00f3n para el alquiler vacacional que concilie los intereses de todos los sectores implicados. En el pleno de la C\u00e1mara, afirm\u00f3 que si algo ha quedado claro sobre el alquiler vacacional [&hellip;]\" \/>\n<meta property=\"og:url\" content=\"https:\/\/psoecanarias.com\/web\/psoe-vuelve-exigir-al-gobierno-canario-una-propuesta-regulacion-concilie-los-intereses-todas-las-partes\/\" \/>\n<meta property=\"og:site_name\" content=\"PSOE Canarias\" \/>\n<meta property=\"article:published_time\" content=\"2018-02-07T13:13:26+00:00\" \/>\n<meta property=\"og:image\" content=\"https:\/\/psoecanarias.com\/web\/wp-content\/uploads\/2018\/02\/rosa-bella.jpg\" \/>\n\t<meta property=\"og:image:width\" content=\"2048\" \/>\n\t<meta property=\"og:image:height\" content=\"1365\" \/>\n\t<meta property=\"og:image:type\" content=\"image\/jpeg\" \/>\n<meta name=\"author\" content=\"PSOE Canarias\" \/>\n<meta name=\"twitter:card\" content=\"summary_large_image\" \/>\n<script type=\"application\/ld+json\" class=\"yoast-schema-graph\">{\"@context\":\"https:\/\/schema.org\",\"@graph\":[{\"@type\":\"Article\",\"@id\":\"https:\/\/psoecanarias.com\/web\/psoe-vuelve-exigir-al-gobierno-canario-una-propuesta-regulacion-concilie-los-intereses-todas-las-partes\/#article\",\"isPartOf\":{\"@id\":\"https:\/\/psoecanarias.com\/web\/psoe-vuelve-exigir-al-gobierno-canario-una-propuesta-regulacion-concilie-los-intereses-todas-las-partes\/\"},\"author\":{\"name\":\"PSOE Canarias\",\"@id\":\"https:\/\/psoecanarias.com\/web\/#\/schema\/person\/1ae43f9659d2fc599ca69c11e1dbf26f\"},\"headline\":\"El PSOE vuelve a exigir al Gobierno canario una propuesta de regulaci\u00f3n que concilie los intereses de todas las partes\",\"datePublished\":\"2018-02-07T13:13:26+00:00\",\"mainEntityOfPage\":{\"@id\":\"https:\/\/psoecanarias.com\/web\/psoe-vuelve-exigir-al-gobierno-canario-una-propuesta-regulacion-concilie-los-intereses-todas-las-partes\/\"},\"wordCount\":765,\"commentCount\":0,\"image\":{\"@id\":\"https:\/\/psoecanarias.com\/web\/psoe-vuelve-exigir-al-gobierno-canario-una-propuesta-regulacion-concilie-los-intereses-todas-las-partes\/#primaryimage\"},\"thumbnailUrl\":\"https:\/\/psoecanarias.com\/web\/wp-content\/uploads\/2018\/02\/rosa-bella.jpg\",\"articleSection\":[\"Pol\u00edtica\"],\"inLanguage\":\"es\",\"potentialAction\":[{\"@type\":\"CommentAction\",\"name\":\"Comment\",\"target\":[\"https:\/\/psoecanarias.com\/web\/psoe-vuelve-exigir-al-gobierno-canario-una-propuesta-regulacion-concilie-los-intereses-todas-las-partes\/#respond\"]}]},{\"@type\":\"WebPage\",\"@id\":\"https:\/\/psoecanarias.com\/web\/psoe-vuelve-exigir-al-gobierno-canario-una-propuesta-regulacion-concilie-los-intereses-todas-las-partes\/\",\"url\":\"https:\/\/psoecanarias.com\/web\/psoe-vuelve-exigir-al-gobierno-canario-una-propuesta-regulacion-concilie-los-intereses-todas-las-partes\/\",\"name\":\"El PSOE vuelve a exigir al Gobierno canario una propuesta de regulaci\u00f3n que concilie los intereses de todas las partes | PSOE Canarias\",\"isPartOf\":{\"@id\":\"https:\/\/psoecanarias.com\/web\/#website\"},\"primaryImageOfPage\":{\"@id\":\"https:\/\/psoecanarias.com\/web\/psoe-vuelve-exigir-al-gobierno-canario-una-propuesta-regulacion-concilie-los-intereses-todas-las-partes\/#primaryimage\"},\"image\":{\"@id\":\"https:\/\/psoecanarias.com\/web\/psoe-vuelve-exigir-al-gobierno-canario-una-propuesta-regulacion-concilie-los-intereses-todas-las-partes\/#primaryimage\"},\"thumbnailUrl\":\"https:\/\/psoecanarias.com\/web\/wp-content\/uploads\/2018\/02\/rosa-bella.jpg\",\"datePublished\":\"2018-02-07T13:13:26+00:00\",\"author\":{\"@id\":\"https:\/\/psoecanarias.com\/web\/#\/schema\/person\/1ae43f9659d2fc599ca69c11e1dbf26f\"},\"breadcrumb\":{\"@id\":\"https:\/\/psoecanarias.com\/web\/psoe-vuelve-exigir-al-gobierno-canario-una-propuesta-regulacion-concilie-los-intereses-todas-las-partes\/#breadcrumb\"},\"inLanguage\":\"es\",\"potentialAction\":[{\"@type\":\"ReadAction\",\"target\":[\"https:\/\/psoecanarias.com\/web\/psoe-vuelve-exigir-al-gobierno-canario-una-propuesta-regulacion-concilie-los-intereses-todas-las-partes\/\"]}]},{\"@type\":\"ImageObject\",\"inLanguage\":\"es\",\"@id\":\"https:\/\/psoecanarias.com\/web\/psoe-vuelve-exigir-al-gobierno-canario-una-propuesta-regulacion-concilie-los-intereses-todas-las-partes\/#primaryimage\",\"url\":\"https:\/\/psoecanarias.com\/web\/wp-content\/uploads\/2018\/02\/rosa-bella.jpg\",\"contentUrl\":\"https:\/\/psoecanarias.com\/web\/wp-content\/uploads\/2018\/02\/rosa-bella.jpg\",\"width\":2048,\"height\":1365},{\"@type\":\"BreadcrumbList\",\"@id\":\"https:\/\/psoecanarias.com\/web\/psoe-vuelve-exigir-al-gobierno-canario-una-propuesta-regulacion-concilie-los-intereses-todas-las-partes\/#breadcrumb\",\"itemListElement\":[{\"@type\":\"ListItem\",\"position\":1,\"name\":\"Portada\",\"item\":\"https:\/\/psoecanarias.com\/web\/\"},{\"@type\":\"ListItem\",\"position\":2,\"name\":\"El PSOE vuelve a exigir al Gobierno canario una propuesta de regulaci\u00f3n que concilie los intereses de todas las partes\"}]},{\"@type\":\"WebSite\",\"@id\":\"https:\/\/psoecanarias.com\/web\/#website\",\"url\":\"https:\/\/psoecanarias.com\/web\/\",\"name\":\"PSOE Canarias\",\"description\":\"Partido Socialista Obrero Espa\u00f1ol Canarias\",\"potentialAction\":[{\"@type\":\"SearchAction\",\"target\":{\"@type\":\"EntryPoint\",\"urlTemplate\":\"https:\/\/psoecanarias.com\/web\/?s={search_term_string}\"},\"query-input\":{\"@type\":\"PropertyValueSpecification\",\"valueRequired\":true,\"valueName\":\"search_term_string\"}}],\"inLanguage\":\"es\"},{\"@type\":\"Person\",\"@id\":\"https:\/\/psoecanarias.com\/web\/#\/schema\/person\/1ae43f9659d2fc599ca69c11e1dbf26f\",\"name\":\"PSOE Canarias\",\"image\":{\"@type\":\"ImageObject\",\"inLanguage\":\"es\",\"@id\":\"https:\/\/secure.gravatar.com\/avatar\/4364d37f6f6f9cdb7af199b46151565f37d8a8c3c0e04c1d78c04e857a15e3a8?s=96&d=mm&r=g\",\"url\":\"https:\/\/secure.gravatar.com\/avatar\/4364d37f6f6f9cdb7af199b46151565f37d8a8c3c0e04c1d78c04e857a15e3a8?s=96&d=mm&r=g\",\"contentUrl\":\"https:\/\/secure.gravatar.com\/avatar\/4364d37f6f6f9cdb7af199b46151565f37d8a8c3c0e04c1d78c04e857a15e3a8?s=96&d=mm&r=g\",\"caption\":\"PSOE Canarias\"},\"url\":\"https:\/\/psoecanarias.com\/web\/author\/admin\/\"}]}<\/script>\n<!-- \/ Yoast SEO plugin. -->","yoast_head_json":{"title":"El PSOE vuelve a exigir al Gobierno canario una propuesta de regulaci\u00f3n que concilie los intereses de todas las partes | PSOE Canarias","robots":{"index":"index","follow":"follow","max-snippet":"max-snippet:-1","max-image-preview":"max-image-preview:large","max-video-preview":"max-video-preview:-1"},"canonical":"https:\/\/psoecanarias.com\/web\/psoe-vuelve-exigir-al-gobierno-canario-una-propuesta-regulacion-concilie-los-intereses-todas-las-partes\/","og_locale":"es_ES","og_type":"article","og_title":"El PSOE vuelve a exigir al Gobierno canario una propuesta de regulaci\u00f3n que concilie los intereses de todas las partes | PSOE Canarias","og_description":"La portavoz de Turismo del Grupo Parlamentario Socialista, Rosa Bella Cabrera, volvi\u00f3 a exigir hoy al Gobierno de Canarias que haga una propuesta de regulaci\u00f3n para el alquiler vacacional que concilie los intereses de todos los sectores implicados. En el pleno de la C\u00e1mara, afirm\u00f3 que si algo ha quedado claro sobre el alquiler vacacional [&hellip;]","og_url":"https:\/\/psoecanarias.com\/web\/psoe-vuelve-exigir-al-gobierno-canario-una-propuesta-regulacion-concilie-los-intereses-todas-las-partes\/","og_site_name":"PSOE Canarias","article_published_time":"2018-02-07T13:13:26+00:00","og_image":[{"width":2048,"height":1365,"url":"https:\/\/psoecanarias.com\/web\/wp-content\/uploads\/2018\/02\/rosa-bella.jpg","type":"image\/jpeg"}],"author":"PSOE Canarias","twitter_card":"summary_large_image","schema":{"@context":"https:\/\/schema.org","@graph":[{"@type":"Article","@id":"https:\/\/psoecanarias.com\/web\/psoe-vuelve-exigir-al-gobierno-canario-una-propuesta-regulacion-concilie-los-intereses-todas-las-partes\/#article","isPartOf":{"@id":"https:\/\/psoecanarias.com\/web\/psoe-vuelve-exigir-al-gobierno-canario-una-propuesta-regulacion-concilie-los-intereses-todas-las-partes\/"},"author":{"name":"PSOE Canarias","@id":"https:\/\/psoecanarias.com\/web\/#\/schema\/person\/1ae43f9659d2fc599ca69c11e1dbf26f"},"headline":"El PSOE vuelve a exigir al Gobierno canario una propuesta de regulaci\u00f3n que concilie los intereses de todas las partes","datePublished":"2018-02-07T13:13:26+00:00","mainEntityOfPage":{"@id":"https:\/\/psoecanarias.com\/web\/psoe-vuelve-exigir-al-gobierno-canario-una-propuesta-regulacion-concilie-los-intereses-todas-las-partes\/"},"wordCount":765,"commentCount":0,"image":{"@id":"https:\/\/psoecanarias.com\/web\/psoe-vuelve-exigir-al-gobierno-canario-una-propuesta-regulacion-concilie-los-intereses-todas-las-partes\/#primaryimage"},"thumbnailUrl":"https:\/\/psoecanarias.com\/web\/wp-content\/uploads\/2018\/02\/rosa-bella.jpg","articleSection":["Pol\u00edtica"],"inLanguage":"es","potentialAction":[{"@type":"CommentAction","name":"Comment","target":["https:\/\/psoecanarias.com\/web\/psoe-vuelve-exigir-al-gobierno-canario-una-propuesta-regulacion-concilie-los-intereses-todas-las-partes\/#respond"]}]},{"@type":"WebPage","@id":"https:\/\/psoecanarias.com\/web\/psoe-vuelve-exigir-al-gobierno-canario-una-propuesta-regulacion-concilie-los-intereses-todas-las-partes\/","url":"https:\/\/psoecanarias.com\/web\/psoe-vuelve-exigir-al-gobierno-canario-una-propuesta-regulacion-concilie-los-intereses-todas-las-partes\/","name":"El PSOE vuelve a exigir al Gobierno canario una propuesta de regulaci\u00f3n que concilie los intereses de todas las partes | PSOE Canarias","isPartOf":{"@id":"https:\/\/psoecanarias.com\/web\/#website"},"primaryImageOfPage":{"@id":"https:\/\/psoecanarias.com\/web\/psoe-vuelve-exigir-al-gobierno-canario-una-propuesta-regulacion-concilie-los-intereses-todas-las-partes\/#primaryimage"},"image":{"@id":"https:\/\/psoecanarias.com\/web\/psoe-vuelve-exigir-al-gobierno-canario-una-propuesta-regulacion-concilie-los-intereses-todas-las-partes\/#primaryimage"},"thumbnailUrl":"https:\/\/psoecanarias.com\/web\/wp-content\/uploads\/2018\/02\/rosa-bella.jpg","datePublished":"2018-02-07T13:13:26+00:00","author":{"@id":"https:\/\/psoecanarias.com\/web\/#\/schema\/person\/1ae43f9659d2fc599ca69c11e1dbf26f"},"breadcrumb":{"@id":"https:\/\/psoecanarias.com\/web\/psoe-vuelve-exigir-al-gobierno-canario-una-propuesta-regulacion-concilie-los-intereses-todas-las-partes\/#breadcrumb"},"inLanguage":"es","potentialAction":[{"@type":"ReadAction","target":["https:\/\/psoecanarias.com\/web\/psoe-vuelve-exigir-al-gobierno-canario-una-propuesta-regulacion-concilie-los-intereses-todas-las-partes\/"]}]},{"@type":"ImageObject","inLanguage":"es","@id":"https:\/\/psoecanarias.com\/web\/psoe-vuelve-exigir-al-gobierno-canario-una-propuesta-regulacion-concilie-los-intereses-todas-las-partes\/#primaryimage","url":"https:\/\/psoecanarias.com\/web\/wp-content\/uploads\/2018\/02\/rosa-bella.jpg","contentUrl":"https:\/\/psoecanarias.com\/web\/wp-content\/uploads\/2018\/02\/rosa-bella.jpg","width":2048,"height":1365},{"@type":"BreadcrumbList","@id":"https:\/\/psoecanarias.com\/web\/psoe-vuelve-exigir-al-gobierno-canario-una-propuesta-regulacion-concilie-los-intereses-todas-las-partes\/#breadcrumb","itemListElement":[{"@type":"ListItem","position":1,"name":"Portada","item":"https:\/\/psoecanarias.com\/web\/"},{"@type":"ListItem","position":2,"name":"El PSOE vuelve a exigir al Gobierno canario una propuesta de regulaci\u00f3n que concilie los intereses de todas las partes"}]},{"@type":"WebSite","@id":"https:\/\/psoecanarias.com\/web\/#website","url":"https:\/\/psoecanarias.com\/web\/","name":"PSOE Canarias","description":"Partido Socialista Obrero Espa\u00f1ol Canarias","potentialAction":[{"@type":"SearchAction","target":{"@type":"EntryPoint","urlTemplate":"https:\/\/psoecanarias.com\/web\/?s={search_term_string}"},"query-input":{"@type":"PropertyValueSpecification","valueRequired":true,"valueName":"search_term_string"}}],"inLanguage":"es"},{"@type":"Person","@id":"https:\/\/psoecanarias.com\/web\/#\/schema\/person\/1ae43f9659d2fc599ca69c11e1dbf26f","name":"PSOE Canarias","image":{"@type":"ImageObject","inLanguage":"es","@id":"https:\/\/secure.gravatar.com\/avatar\/4364d37f6f6f9cdb7af199b46151565f37d8a8c3c0e04c1d78c04e857a15e3a8?s=96&d=mm&r=g","url":"https:\/\/secure.gravatar.com\/avatar\/4364d37f6f6f9cdb7af199b46151565f37d8a8c3c0e04c1d78c04e857a15e3a8?s=96&d=mm&r=g","contentUrl":"https:\/\/secure.gravatar.com\/avatar\/4364d37f6f6f9cdb7af199b46151565f37d8a8c3c0e04c1d78c04e857a15e3a8?s=96&d=mm&r=g","caption":"PSOE Canarias"},"url":"https:\/\/psoecanarias.com\/web\/author\/admin\/"}]}},"_links":{"self":[{"href":"https:\/\/psoecanarias.com\/web\/wp-json\/wp\/v2\/posts\/4648","targetHints":{"allow":["GET"]}}],"collection":[{"href":"https:\/\/psoecanarias.com\/web\/wp-json\/wp\/v2\/posts"}],"about":[{"href":"https:\/\/psoecanarias.com\/web\/wp-json\/wp\/v2\/types\/post"}],"author":[{"embeddable":true,"href":"https:\/\/psoecanarias.com\/web\/wp-json\/wp\/v2\/users\/1"}],"replies":[{"embeddable":true,"href":"https:\/\/psoecanarias.com\/web\/wp-json\/wp\/v2\/comments?post=4648"}],"version-history":[{"count":1,"href":"https:\/\/psoecanarias.com\/web\/wp-json\/wp\/v2\/posts\/4648\/revisions"}],"predecessor-version":[{"id":4650,"href":"https:\/\/psoecanarias.com\/web\/wp-json\/wp\/v2\/posts\/4648\/revisions\/4650"}],"wp:featuredmedia":[{"embeddable":true,"href":"https:\/\/psoecanarias.com\/web\/wp-json\/wp\/v2\/media\/4649"}],"wp:attachment":[{"href":"https:\/\/psoecanarias.com\/web\/wp-json\/wp\/v2\/media?parent=4648"}],"wp:term":[{"taxonomy":"category","embeddable":true,"href":"https:\/\/psoecanarias.com\/web\/wp-json\/wp\/v2\/categories?post=4648"},{"taxonomy":"post_tag","embeddable":true,"href":"https:\/\/psoecanarias.com\/web\/wp-json\/wp\/v2\/tags?post=4648"}],"curies":[{"name":"wp","href":"https:\/\/api.w.org\/{rel}","templated":true}]}}