{"id":4659,"date":"2018-02-14T14:05:28","date_gmt":"2018-02-14T14:05:28","guid":{"rendered":"http:\/\/psoecanarias.com\/web\/?p=4659"},"modified":"2018-02-14T14:05:28","modified_gmt":"2018-02-14T14:05:28","slug":"las-diputadas-raya-rodriguez-la-reunion-pesca-ferraz","status":"publish","type":"post","link":"https:\/\/psoecanarias.com\/web\/las-diputadas-raya-rodriguez-la-reunion-pesca-ferraz\/","title":{"rendered":"Las diputadas Raya y Rodr\u00edguez, en la reuni\u00f3n de Pesca en Ferraz"},"content":{"rendered":"<p>La diputada del PSOE en el Congreso por Santa Cruz de Tenerife, Tamara Raya, y la portavoz de Pesca en el Parlamento de Canarias, Ventura del Carmen Rodr\u00edguez Herrera, asistieron este mi\u00e9rcoles en Ferraz a la reuni\u00f3n presidida por la portavoz en el Parlamento Europeo en esta materia, Clara Aguilera, sobre diversas cuestiones que afectan al sector y en la que participaron representantes del PSOE de todas las comunidades aut\u00f3nomas. Durante el encuentro, las diputadas canarias pudieron constatar que el PSOE contin\u00faa trabajando para que Canarias \u201ctenga una mayor cuota de at\u00fan rojo, porque tenemos una pesca artesanal y medioambientalmente sostenible\u201d. Los acuerdos con Portugal y Marruecos, la situaci\u00f3n de la pesca recreativa o la dotaci\u00f3n del Fondo Europeo Mar\u00edtimo y de Pesca en el marco financiero plurianual m\u00e1s all\u00e1 de 2020 fueron otros de los asuntos tratados en la reuni\u00f3n.<\/p>\n<p><a href=\"http:\/\/psoecanarias.com\/web\/wp-content\/uploads\/2018\/02\/39363874695_85a7b82d5f_k-1.jpg\"><img loading=\"lazy\" decoding=\"async\" class=\"size-medium wp-image-4662 aligncenter\" src=\"http:\/\/psoecanarias.com\/web\/wp-content\/uploads\/2018\/02\/39363874695_85a7b82d5f_k-1-300x200.jpg\" alt=\"\" width=\"300\" height=\"200\" \/><\/a><\/p>\n","protected":false},"excerpt":{"rendered":"<p>La diputada del PSOE en el Congreso por Santa Cruz de Tenerife, Tamara Raya, y la portavoz de Pesca en el Parlamento de Canarias, Ventura del Carmen Rodr\u00edguez Herrera, asistieron este mi\u00e9rcoles en Ferraz a la reuni\u00f3n presidida por la portavoz en el Parlamento Europeo en esta materia, Clara Aguilera, sobre diversas cuestiones que afectan [&hellip;]<\/p>\n","protected":false},"author":1,"featured_media":4663,"comment_status":"open","ping_status":"open","sticky":false,"template":"","format":"standard","meta":{"footnotes":""},"categories":[7],"tags":[],"class_list":["post-4659","post","type-post","status-publish","format-standard","has-post-thumbnail","hentry","category-politica"],"featured_image_src":"https:\/\/psoecanarias.com\/web\/wp-content\/uploads\/2018\/02\/39363874855_9cb25e528c_k-1.jpg","author_info":{"display_name":"PSOE Canarias","author_link":"https:\/\/psoecanarias.com\/web\/author\/admin\/"},"yoast_head":"<!-- This site is optimized with the Yoast SEO plugin v27.2 - https:\/\/yoast.com\/product\/yoast-seo-wordpress\/ -->\n<title>Las diputadas Raya y Rodr\u00edguez, en la reuni\u00f3n de Pesca en Ferraz | PSOE Canarias<\/title>\n<meta name=\"robots\" content=\"index, follow, max-snippet:-1, max-image-preview:large, max-video-preview:-1\" \/>\n<link rel=\"canonical\" href=\"https:\/\/psoecanarias.com\/web\/las-diputadas-raya-rodriguez-la-reunion-pesca-ferraz\/\" \/>\n<meta property=\"og:locale\" content=\"es_ES\" \/>\n<meta property=\"og:type\" content=\"article\" \/>\n<meta property=\"og:title\" content=\"Las diputadas Raya y Rodr\u00edguez, en la reuni\u00f3n de Pesca en Ferraz | PSOE Canarias\" \/>\n<meta property=\"og:description\" content=\"La diputada del PSOE en el Congreso por Santa Cruz de Tenerife, Tamara Raya, y la portavoz de Pesca en el Parlamento de Canarias, Ventura del Carmen Rodr\u00edguez Herrera, asistieron este mi\u00e9rcoles en Ferraz a la reuni\u00f3n presidida por la portavoz en el Parlamento Europeo en esta materia, Clara Aguilera, sobre diversas cuestiones que afectan [&hellip;]\" \/>\n<meta property=\"og:url\" content=\"https:\/\/psoecanarias.com\/web\/las-diputadas-raya-rodriguez-la-reunion-pesca-ferraz\/\" \/>\n<meta property=\"og:site_name\" content=\"PSOE Canarias\" \/>\n<meta property=\"article:published_time\" content=\"2018-02-14T14:05:28+00:00\" \/>\n<meta property=\"og:image\" content=\"https:\/\/psoecanarias.com\/web\/wp-content\/uploads\/2018\/02\/39363874855_9cb25e528c_k-1.jpg\" \/>\n\t<meta property=\"og:image:width\" content=\"2048\" \/>\n\t<meta property=\"og:image:height\" content=\"1365\" \/>\n\t<meta property=\"og:image:type\" content=\"image\/jpeg\" \/>\n<meta name=\"author\" content=\"PSOE Canarias\" \/>\n<meta name=\"twitter:card\" content=\"summary_large_image\" \/>\n<script type=\"application\/ld+json\" class=\"yoast-schema-graph\">{\"@context\":\"https:\/\/schema.org\",\"@graph\":[{\"@type\":\"Article\",\"@id\":\"https:\/\/psoecanarias.com\/web\/las-diputadas-raya-rodriguez-la-reunion-pesca-ferraz\/#article\",\"isPartOf\":{\"@id\":\"https:\/\/psoecanarias.com\/web\/las-diputadas-raya-rodriguez-la-reunion-pesca-ferraz\/\"},\"author\":{\"name\":\"PSOE Canarias\",\"@id\":\"https:\/\/psoecanarias.com\/web\/#\/schema\/person\/1ae43f9659d2fc599ca69c11e1dbf26f\"},\"headline\":\"Las diputadas Raya y Rodr\u00edguez, en la reuni\u00f3n de Pesca en Ferraz\",\"datePublished\":\"2018-02-14T14:05:28+00:00\",\"mainEntityOfPage\":{\"@id\":\"https:\/\/psoecanarias.com\/web\/las-diputadas-raya-rodriguez-la-reunion-pesca-ferraz\/\"},\"wordCount\":165,\"commentCount\":0,\"image\":{\"@id\":\"https:\/\/psoecanarias.com\/web\/las-diputadas-raya-rodriguez-la-reunion-pesca-ferraz\/#primaryimage\"},\"thumbnailUrl\":\"https:\/\/psoecanarias.com\/web\/wp-content\/uploads\/2018\/02\/39363874855_9cb25e528c_k-1.jpg\",\"articleSection\":[\"Pol\u00edtica\"],\"inLanguage\":\"es\",\"potentialAction\":[{\"@type\":\"CommentAction\",\"name\":\"Comment\",\"target\":[\"https:\/\/psoecanarias.com\/web\/las-diputadas-raya-rodriguez-la-reunion-pesca-ferraz\/#respond\"]}]},{\"@type\":\"WebPage\",\"@id\":\"https:\/\/psoecanarias.com\/web\/las-diputadas-raya-rodriguez-la-reunion-pesca-ferraz\/\",\"url\":\"https:\/\/psoecanarias.com\/web\/las-diputadas-raya-rodriguez-la-reunion-pesca-ferraz\/\",\"name\":\"Las diputadas Raya y Rodr\u00edguez, en la reuni\u00f3n de Pesca en Ferraz | PSOE Canarias\",\"isPartOf\":{\"@id\":\"https:\/\/psoecanarias.com\/web\/#website\"},\"primaryImageOfPage\":{\"@id\":\"https:\/\/psoecanarias.com\/web\/las-diputadas-raya-rodriguez-la-reunion-pesca-ferraz\/#primaryimage\"},\"image\":{\"@id\":\"https:\/\/psoecanarias.com\/web\/las-diputadas-raya-rodriguez-la-reunion-pesca-ferraz\/#primaryimage\"},\"thumbnailUrl\":\"https:\/\/psoecanarias.com\/web\/wp-content\/uploads\/2018\/02\/39363874855_9cb25e528c_k-1.jpg\",\"datePublished\":\"2018-02-14T14:05:28+00:00\",\"author\":{\"@id\":\"https:\/\/psoecanarias.com\/web\/#\/schema\/person\/1ae43f9659d2fc599ca69c11e1dbf26f\"},\"breadcrumb\":{\"@id\":\"https:\/\/psoecanarias.com\/web\/las-diputadas-raya-rodriguez-la-reunion-pesca-ferraz\/#breadcrumb\"},\"inLanguage\":\"es\",\"potentialAction\":[{\"@type\":\"ReadAction\",\"target\":[\"https:\/\/psoecanarias.com\/web\/las-diputadas-raya-rodriguez-la-reunion-pesca-ferraz\/\"]}]},{\"@type\":\"ImageObject\",\"inLanguage\":\"es\",\"@id\":\"https:\/\/psoecanarias.com\/web\/las-diputadas-raya-rodriguez-la-reunion-pesca-ferraz\/#primaryimage\",\"url\":\"https:\/\/psoecanarias.com\/web\/wp-content\/uploads\/2018\/02\/39363874855_9cb25e528c_k-1.jpg\",\"contentUrl\":\"https:\/\/psoecanarias.com\/web\/wp-content\/uploads\/2018\/02\/39363874855_9cb25e528c_k-1.jpg\",\"width\":2048,\"height\":1365},{\"@type\":\"BreadcrumbList\",\"@id\":\"https:\/\/psoecanarias.com\/web\/las-diputadas-raya-rodriguez-la-reunion-pesca-ferraz\/#breadcrumb\",\"itemListElement\":[{\"@type\":\"ListItem\",\"position\":1,\"name\":\"Portada\",\"item\":\"https:\/\/psoecanarias.com\/web\/\"},{\"@type\":\"ListItem\",\"position\":2,\"name\":\"Las diputadas Raya y Rodr\u00edguez, en la reuni\u00f3n de Pesca en Ferraz\"}]},{\"@type\":\"WebSite\",\"@id\":\"https:\/\/psoecanarias.com\/web\/#website\",\"url\":\"https:\/\/psoecanarias.com\/web\/\",\"name\":\"PSOE Canarias\",\"description\":\"Partido Socialista Obrero Espa\u00f1ol Canarias\",\"potentialAction\":[{\"@type\":\"SearchAction\",\"target\":{\"@type\":\"EntryPoint\",\"urlTemplate\":\"https:\/\/psoecanarias.com\/web\/?s={search_term_string}\"},\"query-input\":{\"@type\":\"PropertyValueSpecification\",\"valueRequired\":true,\"valueName\":\"search_term_string\"}}],\"inLanguage\":\"es\"},{\"@type\":\"Person\",\"@id\":\"https:\/\/psoecanarias.com\/web\/#\/schema\/person\/1ae43f9659d2fc599ca69c11e1dbf26f\",\"name\":\"PSOE Canarias\",\"image\":{\"@type\":\"ImageObject\",\"inLanguage\":\"es\",\"@id\":\"https:\/\/secure.gravatar.com\/avatar\/4364d37f6f6f9cdb7af199b46151565f37d8a8c3c0e04c1d78c04e857a15e3a8?s=96&d=mm&r=g\",\"url\":\"https:\/\/secure.gravatar.com\/avatar\/4364d37f6f6f9cdb7af199b46151565f37d8a8c3c0e04c1d78c04e857a15e3a8?s=96&d=mm&r=g\",\"contentUrl\":\"https:\/\/secure.gravatar.com\/avatar\/4364d37f6f6f9cdb7af199b46151565f37d8a8c3c0e04c1d78c04e857a15e3a8?s=96&d=mm&r=g\",\"caption\":\"PSOE Canarias\"},\"url\":\"https:\/\/psoecanarias.com\/web\/author\/admin\/\"}]}<\/script>\n<!-- \/ Yoast SEO plugin. -->","yoast_head_json":{"title":"Las diputadas Raya y Rodr\u00edguez, en la reuni\u00f3n de Pesca en Ferraz | PSOE Canarias","robots":{"index":"index","follow":"follow","max-snippet":"max-snippet:-1","max-image-preview":"max-image-preview:large","max-video-preview":"max-video-preview:-1"},"canonical":"https:\/\/psoecanarias.com\/web\/las-diputadas-raya-rodriguez-la-reunion-pesca-ferraz\/","og_locale":"es_ES","og_type":"article","og_title":"Las diputadas Raya y Rodr\u00edguez, en la reuni\u00f3n de Pesca en Ferraz | PSOE Canarias","og_description":"La diputada del PSOE en el Congreso por Santa Cruz de Tenerife, Tamara Raya, y la portavoz de Pesca en el Parlamento de Canarias, Ventura del Carmen Rodr\u00edguez Herrera, asistieron este mi\u00e9rcoles en Ferraz a la reuni\u00f3n presidida por la portavoz en el Parlamento Europeo en esta materia, Clara Aguilera, sobre diversas cuestiones que afectan [&hellip;]","og_url":"https:\/\/psoecanarias.com\/web\/las-diputadas-raya-rodriguez-la-reunion-pesca-ferraz\/","og_site_name":"PSOE Canarias","article_published_time":"2018-02-14T14:05:28+00:00","og_image":[{"width":2048,"height":1365,"url":"https:\/\/psoecanarias.com\/web\/wp-content\/uploads\/2018\/02\/39363874855_9cb25e528c_k-1.jpg","type":"image\/jpeg"}],"author":"PSOE Canarias","twitter_card":"summary_large_image","schema":{"@context":"https:\/\/schema.org","@graph":[{"@type":"Article","@id":"https:\/\/psoecanarias.com\/web\/las-diputadas-raya-rodriguez-la-reunion-pesca-ferraz\/#article","isPartOf":{"@id":"https:\/\/psoecanarias.com\/web\/las-diputadas-raya-rodriguez-la-reunion-pesca-ferraz\/"},"author":{"name":"PSOE Canarias","@id":"https:\/\/psoecanarias.com\/web\/#\/schema\/person\/1ae43f9659d2fc599ca69c11e1dbf26f"},"headline":"Las diputadas Raya y Rodr\u00edguez, en la reuni\u00f3n de Pesca en Ferraz","datePublished":"2018-02-14T14:05:28+00:00","mainEntityOfPage":{"@id":"https:\/\/psoecanarias.com\/web\/las-diputadas-raya-rodriguez-la-reunion-pesca-ferraz\/"},"wordCount":165,"commentCount":0,"image":{"@id":"https:\/\/psoecanarias.com\/web\/las-diputadas-raya-rodriguez-la-reunion-pesca-ferraz\/#primaryimage"},"thumbnailUrl":"https:\/\/psoecanarias.com\/web\/wp-content\/uploads\/2018\/02\/39363874855_9cb25e528c_k-1.jpg","articleSection":["Pol\u00edtica"],"inLanguage":"es","potentialAction":[{"@type":"CommentAction","name":"Comment","target":["https:\/\/psoecanarias.com\/web\/las-diputadas-raya-rodriguez-la-reunion-pesca-ferraz\/#respond"]}]},{"@type":"WebPage","@id":"https:\/\/psoecanarias.com\/web\/las-diputadas-raya-rodriguez-la-reunion-pesca-ferraz\/","url":"https:\/\/psoecanarias.com\/web\/las-diputadas-raya-rodriguez-la-reunion-pesca-ferraz\/","name":"Las diputadas Raya y Rodr\u00edguez, en la reuni\u00f3n de Pesca en Ferraz | PSOE Canarias","isPartOf":{"@id":"https:\/\/psoecanarias.com\/web\/#website"},"primaryImageOfPage":{"@id":"https:\/\/psoecanarias.com\/web\/las-diputadas-raya-rodriguez-la-reunion-pesca-ferraz\/#primaryimage"},"image":{"@id":"https:\/\/psoecanarias.com\/web\/las-diputadas-raya-rodriguez-la-reunion-pesca-ferraz\/#primaryimage"},"thumbnailUrl":"https:\/\/psoecanarias.com\/web\/wp-content\/uploads\/2018\/02\/39363874855_9cb25e528c_k-1.jpg","datePublished":"2018-02-14T14:05:28+00:00","author":{"@id":"https:\/\/psoecanarias.com\/web\/#\/schema\/person\/1ae43f9659d2fc599ca69c11e1dbf26f"},"breadcrumb":{"@id":"https:\/\/psoecanarias.com\/web\/las-diputadas-raya-rodriguez-la-reunion-pesca-ferraz\/#breadcrumb"},"inLanguage":"es","potentialAction":[{"@type":"ReadAction","target":["https:\/\/psoecanarias.com\/web\/las-diputadas-raya-rodriguez-la-reunion-pesca-ferraz\/"]}]},{"@type":"ImageObject","inLanguage":"es","@id":"https:\/\/psoecanarias.com\/web\/las-diputadas-raya-rodriguez-la-reunion-pesca-ferraz\/#primaryimage","url":"https:\/\/psoecanarias.com\/web\/wp-content\/uploads\/2018\/02\/39363874855_9cb25e528c_k-1.jpg","contentUrl":"https:\/\/psoecanarias.com\/web\/wp-content\/uploads\/2018\/02\/39363874855_9cb25e528c_k-1.jpg","width":2048,"height":1365},{"@type":"BreadcrumbList","@id":"https:\/\/psoecanarias.com\/web\/las-diputadas-raya-rodriguez-la-reunion-pesca-ferraz\/#breadcrumb","itemListElement":[{"@type":"ListItem","position":1,"name":"Portada","item":"https:\/\/psoecanarias.com\/web\/"},{"@type":"ListItem","position":2,"name":"Las diputadas Raya y Rodr\u00edguez, en la reuni\u00f3n de Pesca en Ferraz"}]},{"@type":"WebSite","@id":"https:\/\/psoecanarias.com\/web\/#website","url":"https:\/\/psoecanarias.com\/web\/","name":"PSOE Canarias","description":"Partido Socialista Obrero Espa\u00f1ol Canarias","potentialAction":[{"@type":"SearchAction","target":{"@type":"EntryPoint","urlTemplate":"https:\/\/psoecanarias.com\/web\/?s={search_term_string}"},"query-input":{"@type":"PropertyValueSpecification","valueRequired":true,"valueName":"search_term_string"}}],"inLanguage":"es"},{"@type":"Person","@id":"https:\/\/psoecanarias.com\/web\/#\/schema\/person\/1ae43f9659d2fc599ca69c11e1dbf26f","name":"PSOE Canarias","image":{"@type":"ImageObject","inLanguage":"es","@id":"https:\/\/secure.gravatar.com\/avatar\/4364d37f6f6f9cdb7af199b46151565f37d8a8c3c0e04c1d78c04e857a15e3a8?s=96&d=mm&r=g","url":"https:\/\/secure.gravatar.com\/avatar\/4364d37f6f6f9cdb7af199b46151565f37d8a8c3c0e04c1d78c04e857a15e3a8?s=96&d=mm&r=g","contentUrl":"https:\/\/secure.gravatar.com\/avatar\/4364d37f6f6f9cdb7af199b46151565f37d8a8c3c0e04c1d78c04e857a15e3a8?s=96&d=mm&r=g","caption":"PSOE Canarias"},"url":"https:\/\/psoecanarias.com\/web\/author\/admin\/"}]}},"_links":{"self":[{"href":"https:\/\/psoecanarias.com\/web\/wp-json\/wp\/v2\/posts\/4659","targetHints":{"allow":["GET"]}}],"collection":[{"href":"https:\/\/psoecanarias.com\/web\/wp-json\/wp\/v2\/posts"}],"about":[{"href":"https:\/\/psoecanarias.com\/web\/wp-json\/wp\/v2\/types\/post"}],"author":[{"embeddable":true,"href":"https:\/\/psoecanarias.com\/web\/wp-json\/wp\/v2\/users\/1"}],"replies":[{"embeddable":true,"href":"https:\/\/psoecanarias.com\/web\/wp-json\/wp\/v2\/comments?post=4659"}],"version-history":[{"count":1,"href":"https:\/\/psoecanarias.com\/web\/wp-json\/wp\/v2\/posts\/4659\/revisions"}],"predecessor-version":[{"id":4664,"href":"https:\/\/psoecanarias.com\/web\/wp-json\/wp\/v2\/posts\/4659\/revisions\/4664"}],"wp:featuredmedia":[{"embeddable":true,"href":"https:\/\/psoecanarias.com\/web\/wp-json\/wp\/v2\/media\/4663"}],"wp:attachment":[{"href":"https:\/\/psoecanarias.com\/web\/wp-json\/wp\/v2\/media?parent=4659"}],"wp:term":[{"taxonomy":"category","embeddable":true,"href":"https:\/\/psoecanarias.com\/web\/wp-json\/wp\/v2\/categories?post=4659"},{"taxonomy":"post_tag","embeddable":true,"href":"https:\/\/psoecanarias.com\/web\/wp-json\/wp\/v2\/tags?post=4659"}],"curies":[{"name":"wp","href":"https:\/\/api.w.org\/{rel}","templated":true}]}}