{"id":4681,"date":"2018-02-19T19:32:46","date_gmt":"2018-02-19T19:32:46","guid":{"rendered":"http:\/\/psoecanarias.com\/web\/?p=4681"},"modified":"2018-02-19T19:32:46","modified_gmt":"2018-02-19T19:32:46","slug":"psoe-canarias-aprueba-ejecutiva-propuesta-los-organos-dependientes-del-parlamento","status":"publish","type":"post","link":"https:\/\/psoecanarias.com\/web\/psoe-canarias-aprueba-ejecutiva-propuesta-los-organos-dependientes-del-parlamento\/","title":{"rendered":"PSOE Canarias aprueba en Ejecutiva su propuesta para los \u00d3rganos Dependientes del Parlamento"},"content":{"rendered":"<p>La Ejecutiva de PSOE Canarias ha aprobado esta tarde su propuesta de cinco nombres para los \u00d3rganos Dependientes del Parlamento con 37 votos a favor, dos abstenciones y ninguno en contra.<\/p>\n<p>La Ejecutiva Socialista ha querido agradecer a Jer\u00f3nimo Saavedra y su equipo en el Diputado del Com\u00fan el trabajo realizado durante estos cinco a\u00f1os. De igual manera, a Alejandro Brito y Oscar Bosch por su dedicaci\u00f3n y rigor dentro del Consejo Consultivo. Y un recuerdo muy especial a Juan Carlos Alem\u00e1n, que realiz\u00f3 un impecable trabajo durante toda su trayectoria en la Audiencia de Cuentas.<\/p>\n<p>La propuesta socialista para los \u00d3rganos Dependientes del Parlamento es la de Rafael Yanes Mesa para el Diputado del Com\u00fan; Luis Fajardo Sp\u00ednola, que repite su cargo para el Consejo Consultivo; Elena Mar\u00eda Hern\u00e1ndez (actualmente trabajando en el mismo cargo) y Gervasio Rodr\u00edguez para la Audiencia de Cuentas. PSOE Canarias se reserva el adjunto al Diputado del Com\u00fan de Igualdad, que ser\u00e1 representado por una mujer y su nombramiento ser\u00e1 cuando corresponda.<\/p>\n<p><strong>\u00a0\u00a0\u00a0\u00a0\u00a0\u00a0\u00a0\u00a0\u00a0\u00a0\u00a0 Rafael Yanes Mesa<\/strong><\/p>\n<p><strong>\u00a0\u00a0\u00a0\u00a0\u00a0\u00a0\u00a0\u00a0\u00a0\u00a0\u00a0 <\/strong>Doctor de Ciencias de la Informaci\u00f3n por la Universidad de La Laguna. Ha sido concejal y alcalde en el municipio tinerfe\u00f1o de G\u00fcimar, consejero del Cabildo de Tenerife, Viceconsejero del Gobierno de Canarias y ostenta numerosas publicaciones sobre Periodismo, campo en el que ha desarrollado su actividad investigadora con la publicaci\u00f3n de dieciocho art\u00edculos en revistas cient\u00edficas de diversas universidades espa\u00f1olas y de Latinoam\u00e9rica, as\u00ed como 5 libros.<\/p>\n<p><strong>Luis Fajardo Sp\u00ednola<\/strong><\/p>\n<p><strong>\u00a0\u00a0\u00a0\u00a0\u00a0\u00a0\u00a0\u00a0\u00a0\u00a0\u00a0 <\/strong>Naci\u00f3 en la isla de Lanzarote y es Doctor en Derecho. Actualmente es miembro del Consejo Consultivo y tambi\u00e9n ha sido Diputado en las Cortes y en el Parlamento de Canarias.<\/p>\n<p><strong>Elena Mar\u00eda Hern\u00e1ndez<\/strong><\/p>\n<p>Naci\u00f3 en Puerto del Rosario y estudi\u00f3 Administraci\u00f3n y Direcci\u00f3n de Empresas. Ha ostentado distintos puestos de responsabilidad en el Cabildo de Fuerteventura y actualmente trabaja en la Audiencia de Cuentas, propuesta que repite el Partido Socialista de Canarias.<\/p>\n<p><strong>Gervasio Rodr\u00edguez Mederos<\/strong><\/p>\n<p>Licenciado en Econ\u00f3micas y Empresariales. Auditor de Cuentas que ha trabajado en el sector de la empresa privada y en el Ayuntamiento de Las Palmas de Gran Canaria como secretario t\u00e9cnico de Hacienda.<\/p>\n","protected":false},"excerpt":{"rendered":"<p>La Ejecutiva de PSOE Canarias ha aprobado esta tarde su propuesta de cinco nombres para los \u00d3rganos Dependientes del Parlamento con 37 votos a favor, dos abstenciones y ninguno en contra. La Ejecutiva Socialista ha querido agradecer a Jer\u00f3nimo Saavedra y su equipo en el Diputado del Com\u00fan el trabajo realizado durante estos cinco a\u00f1os. [&hellip;]<\/p>\n","protected":false},"author":1,"featured_media":4682,"comment_status":"open","ping_status":"open","sticky":false,"template":"","format":"standard","meta":{"footnotes":""},"categories":[7],"tags":[],"class_list":["post-4681","post","type-post","status-publish","format-standard","has-post-thumbnail","hentry","category-politica"],"featured_image_src":"https:\/\/psoecanarias.com\/web\/wp-content\/uploads\/2018\/02\/190218.-Ejecutiva-Extraordinaria.jpeg","author_info":{"display_name":"PSOE Canarias","author_link":"https:\/\/psoecanarias.com\/web\/author\/admin\/"},"yoast_head":"<!-- This site is optimized with the Yoast SEO plugin v27.2 - https:\/\/yoast.com\/product\/yoast-seo-wordpress\/ -->\n<title>PSOE Canarias aprueba en Ejecutiva su propuesta para los \u00d3rganos Dependientes del Parlamento | PSOE Canarias<\/title>\n<meta name=\"robots\" content=\"index, follow, max-snippet:-1, max-image-preview:large, max-video-preview:-1\" \/>\n<link rel=\"canonical\" href=\"https:\/\/psoecanarias.com\/web\/psoe-canarias-aprueba-ejecutiva-propuesta-los-organos-dependientes-del-parlamento\/\" \/>\n<meta property=\"og:locale\" content=\"es_ES\" \/>\n<meta property=\"og:type\" content=\"article\" \/>\n<meta property=\"og:title\" content=\"PSOE Canarias aprueba en Ejecutiva su propuesta para los \u00d3rganos Dependientes del Parlamento | PSOE Canarias\" \/>\n<meta property=\"og:description\" content=\"La Ejecutiva de PSOE Canarias ha aprobado esta tarde su propuesta de cinco nombres para los \u00d3rganos Dependientes del Parlamento con 37 votos a favor, dos abstenciones y ninguno en contra. La Ejecutiva Socialista ha querido agradecer a Jer\u00f3nimo Saavedra y su equipo en el Diputado del Com\u00fan el trabajo realizado durante estos cinco a\u00f1os. [&hellip;]\" \/>\n<meta property=\"og:url\" content=\"https:\/\/psoecanarias.com\/web\/psoe-canarias-aprueba-ejecutiva-propuesta-los-organos-dependientes-del-parlamento\/\" \/>\n<meta property=\"og:site_name\" content=\"PSOE Canarias\" \/>\n<meta property=\"article:published_time\" content=\"2018-02-19T19:32:46+00:00\" \/>\n<meta property=\"og:image\" content=\"https:\/\/psoecanarias.com\/web\/wp-content\/uploads\/2018\/02\/190218.-Ejecutiva-Extraordinaria.jpeg\" \/>\n\t<meta property=\"og:image:width\" content=\"1600\" \/>\n\t<meta property=\"og:image:height\" content=\"1066\" \/>\n\t<meta property=\"og:image:type\" content=\"image\/jpeg\" \/>\n<meta name=\"author\" content=\"PSOE Canarias\" \/>\n<meta name=\"twitter:card\" content=\"summary_large_image\" \/>\n<script type=\"application\/ld+json\" class=\"yoast-schema-graph\">{\"@context\":\"https:\/\/schema.org\",\"@graph\":[{\"@type\":\"Article\",\"@id\":\"https:\/\/psoecanarias.com\/web\/psoe-canarias-aprueba-ejecutiva-propuesta-los-organos-dependientes-del-parlamento\/#article\",\"isPartOf\":{\"@id\":\"https:\/\/psoecanarias.com\/web\/psoe-canarias-aprueba-ejecutiva-propuesta-los-organos-dependientes-del-parlamento\/\"},\"author\":{\"name\":\"PSOE Canarias\",\"@id\":\"https:\/\/psoecanarias.com\/web\/#\/schema\/person\/1ae43f9659d2fc599ca69c11e1dbf26f\"},\"headline\":\"PSOE Canarias aprueba en Ejecutiva su propuesta para los \u00d3rganos Dependientes del Parlamento\",\"datePublished\":\"2018-02-19T19:32:46+00:00\",\"mainEntityOfPage\":{\"@id\":\"https:\/\/psoecanarias.com\/web\/psoe-canarias-aprueba-ejecutiva-propuesta-los-organos-dependientes-del-parlamento\/\"},\"wordCount\":390,\"commentCount\":0,\"image\":{\"@id\":\"https:\/\/psoecanarias.com\/web\/psoe-canarias-aprueba-ejecutiva-propuesta-los-organos-dependientes-del-parlamento\/#primaryimage\"},\"thumbnailUrl\":\"https:\/\/psoecanarias.com\/web\/wp-content\/uploads\/2018\/02\/190218.-Ejecutiva-Extraordinaria.jpeg\",\"articleSection\":[\"Pol\u00edtica\"],\"inLanguage\":\"es\",\"potentialAction\":[{\"@type\":\"CommentAction\",\"name\":\"Comment\",\"target\":[\"https:\/\/psoecanarias.com\/web\/psoe-canarias-aprueba-ejecutiva-propuesta-los-organos-dependientes-del-parlamento\/#respond\"]}]},{\"@type\":\"WebPage\",\"@id\":\"https:\/\/psoecanarias.com\/web\/psoe-canarias-aprueba-ejecutiva-propuesta-los-organos-dependientes-del-parlamento\/\",\"url\":\"https:\/\/psoecanarias.com\/web\/psoe-canarias-aprueba-ejecutiva-propuesta-los-organos-dependientes-del-parlamento\/\",\"name\":\"PSOE Canarias aprueba en Ejecutiva su propuesta para los \u00d3rganos Dependientes del Parlamento | PSOE Canarias\",\"isPartOf\":{\"@id\":\"https:\/\/psoecanarias.com\/web\/#website\"},\"primaryImageOfPage\":{\"@id\":\"https:\/\/psoecanarias.com\/web\/psoe-canarias-aprueba-ejecutiva-propuesta-los-organos-dependientes-del-parlamento\/#primaryimage\"},\"image\":{\"@id\":\"https:\/\/psoecanarias.com\/web\/psoe-canarias-aprueba-ejecutiva-propuesta-los-organos-dependientes-del-parlamento\/#primaryimage\"},\"thumbnailUrl\":\"https:\/\/psoecanarias.com\/web\/wp-content\/uploads\/2018\/02\/190218.-Ejecutiva-Extraordinaria.jpeg\",\"datePublished\":\"2018-02-19T19:32:46+00:00\",\"author\":{\"@id\":\"https:\/\/psoecanarias.com\/web\/#\/schema\/person\/1ae43f9659d2fc599ca69c11e1dbf26f\"},\"breadcrumb\":{\"@id\":\"https:\/\/psoecanarias.com\/web\/psoe-canarias-aprueba-ejecutiva-propuesta-los-organos-dependientes-del-parlamento\/#breadcrumb\"},\"inLanguage\":\"es\",\"potentialAction\":[{\"@type\":\"ReadAction\",\"target\":[\"https:\/\/psoecanarias.com\/web\/psoe-canarias-aprueba-ejecutiva-propuesta-los-organos-dependientes-del-parlamento\/\"]}]},{\"@type\":\"ImageObject\",\"inLanguage\":\"es\",\"@id\":\"https:\/\/psoecanarias.com\/web\/psoe-canarias-aprueba-ejecutiva-propuesta-los-organos-dependientes-del-parlamento\/#primaryimage\",\"url\":\"https:\/\/psoecanarias.com\/web\/wp-content\/uploads\/2018\/02\/190218.-Ejecutiva-Extraordinaria.jpeg\",\"contentUrl\":\"https:\/\/psoecanarias.com\/web\/wp-content\/uploads\/2018\/02\/190218.-Ejecutiva-Extraordinaria.jpeg\",\"width\":1600,\"height\":1066},{\"@type\":\"BreadcrumbList\",\"@id\":\"https:\/\/psoecanarias.com\/web\/psoe-canarias-aprueba-ejecutiva-propuesta-los-organos-dependientes-del-parlamento\/#breadcrumb\",\"itemListElement\":[{\"@type\":\"ListItem\",\"position\":1,\"name\":\"Portada\",\"item\":\"https:\/\/psoecanarias.com\/web\/\"},{\"@type\":\"ListItem\",\"position\":2,\"name\":\"PSOE Canarias aprueba en Ejecutiva su propuesta para los \u00d3rganos Dependientes del Parlamento\"}]},{\"@type\":\"WebSite\",\"@id\":\"https:\/\/psoecanarias.com\/web\/#website\",\"url\":\"https:\/\/psoecanarias.com\/web\/\",\"name\":\"PSOE Canarias\",\"description\":\"Partido Socialista Obrero Espa\u00f1ol Canarias\",\"potentialAction\":[{\"@type\":\"SearchAction\",\"target\":{\"@type\":\"EntryPoint\",\"urlTemplate\":\"https:\/\/psoecanarias.com\/web\/?s={search_term_string}\"},\"query-input\":{\"@type\":\"PropertyValueSpecification\",\"valueRequired\":true,\"valueName\":\"search_term_string\"}}],\"inLanguage\":\"es\"},{\"@type\":\"Person\",\"@id\":\"https:\/\/psoecanarias.com\/web\/#\/schema\/person\/1ae43f9659d2fc599ca69c11e1dbf26f\",\"name\":\"PSOE Canarias\",\"image\":{\"@type\":\"ImageObject\",\"inLanguage\":\"es\",\"@id\":\"https:\/\/secure.gravatar.com\/avatar\/4364d37f6f6f9cdb7af199b46151565f37d8a8c3c0e04c1d78c04e857a15e3a8?s=96&d=mm&r=g\",\"url\":\"https:\/\/secure.gravatar.com\/avatar\/4364d37f6f6f9cdb7af199b46151565f37d8a8c3c0e04c1d78c04e857a15e3a8?s=96&d=mm&r=g\",\"contentUrl\":\"https:\/\/secure.gravatar.com\/avatar\/4364d37f6f6f9cdb7af199b46151565f37d8a8c3c0e04c1d78c04e857a15e3a8?s=96&d=mm&r=g\",\"caption\":\"PSOE Canarias\"},\"url\":\"https:\/\/psoecanarias.com\/web\/author\/admin\/\"}]}<\/script>\n<!-- \/ Yoast SEO plugin. -->","yoast_head_json":{"title":"PSOE Canarias aprueba en Ejecutiva su propuesta para los \u00d3rganos Dependientes del Parlamento | PSOE Canarias","robots":{"index":"index","follow":"follow","max-snippet":"max-snippet:-1","max-image-preview":"max-image-preview:large","max-video-preview":"max-video-preview:-1"},"canonical":"https:\/\/psoecanarias.com\/web\/psoe-canarias-aprueba-ejecutiva-propuesta-los-organos-dependientes-del-parlamento\/","og_locale":"es_ES","og_type":"article","og_title":"PSOE Canarias aprueba en Ejecutiva su propuesta para los \u00d3rganos Dependientes del Parlamento | PSOE Canarias","og_description":"La Ejecutiva de PSOE Canarias ha aprobado esta tarde su propuesta de cinco nombres para los \u00d3rganos Dependientes del Parlamento con 37 votos a favor, dos abstenciones y ninguno en contra. La Ejecutiva Socialista ha querido agradecer a Jer\u00f3nimo Saavedra y su equipo en el Diputado del Com\u00fan el trabajo realizado durante estos cinco a\u00f1os. [&hellip;]","og_url":"https:\/\/psoecanarias.com\/web\/psoe-canarias-aprueba-ejecutiva-propuesta-los-organos-dependientes-del-parlamento\/","og_site_name":"PSOE Canarias","article_published_time":"2018-02-19T19:32:46+00:00","og_image":[{"width":1600,"height":1066,"url":"https:\/\/psoecanarias.com\/web\/wp-content\/uploads\/2018\/02\/190218.-Ejecutiva-Extraordinaria.jpeg","type":"image\/jpeg"}],"author":"PSOE Canarias","twitter_card":"summary_large_image","schema":{"@context":"https:\/\/schema.org","@graph":[{"@type":"Article","@id":"https:\/\/psoecanarias.com\/web\/psoe-canarias-aprueba-ejecutiva-propuesta-los-organos-dependientes-del-parlamento\/#article","isPartOf":{"@id":"https:\/\/psoecanarias.com\/web\/psoe-canarias-aprueba-ejecutiva-propuesta-los-organos-dependientes-del-parlamento\/"},"author":{"name":"PSOE Canarias","@id":"https:\/\/psoecanarias.com\/web\/#\/schema\/person\/1ae43f9659d2fc599ca69c11e1dbf26f"},"headline":"PSOE Canarias aprueba en Ejecutiva su propuesta para los \u00d3rganos Dependientes del Parlamento","datePublished":"2018-02-19T19:32:46+00:00","mainEntityOfPage":{"@id":"https:\/\/psoecanarias.com\/web\/psoe-canarias-aprueba-ejecutiva-propuesta-los-organos-dependientes-del-parlamento\/"},"wordCount":390,"commentCount":0,"image":{"@id":"https:\/\/psoecanarias.com\/web\/psoe-canarias-aprueba-ejecutiva-propuesta-los-organos-dependientes-del-parlamento\/#primaryimage"},"thumbnailUrl":"https:\/\/psoecanarias.com\/web\/wp-content\/uploads\/2018\/02\/190218.-Ejecutiva-Extraordinaria.jpeg","articleSection":["Pol\u00edtica"],"inLanguage":"es","potentialAction":[{"@type":"CommentAction","name":"Comment","target":["https:\/\/psoecanarias.com\/web\/psoe-canarias-aprueba-ejecutiva-propuesta-los-organos-dependientes-del-parlamento\/#respond"]}]},{"@type":"WebPage","@id":"https:\/\/psoecanarias.com\/web\/psoe-canarias-aprueba-ejecutiva-propuesta-los-organos-dependientes-del-parlamento\/","url":"https:\/\/psoecanarias.com\/web\/psoe-canarias-aprueba-ejecutiva-propuesta-los-organos-dependientes-del-parlamento\/","name":"PSOE Canarias aprueba en Ejecutiva su propuesta para los \u00d3rganos Dependientes del Parlamento | PSOE Canarias","isPartOf":{"@id":"https:\/\/psoecanarias.com\/web\/#website"},"primaryImageOfPage":{"@id":"https:\/\/psoecanarias.com\/web\/psoe-canarias-aprueba-ejecutiva-propuesta-los-organos-dependientes-del-parlamento\/#primaryimage"},"image":{"@id":"https:\/\/psoecanarias.com\/web\/psoe-canarias-aprueba-ejecutiva-propuesta-los-organos-dependientes-del-parlamento\/#primaryimage"},"thumbnailUrl":"https:\/\/psoecanarias.com\/web\/wp-content\/uploads\/2018\/02\/190218.-Ejecutiva-Extraordinaria.jpeg","datePublished":"2018-02-19T19:32:46+00:00","author":{"@id":"https:\/\/psoecanarias.com\/web\/#\/schema\/person\/1ae43f9659d2fc599ca69c11e1dbf26f"},"breadcrumb":{"@id":"https:\/\/psoecanarias.com\/web\/psoe-canarias-aprueba-ejecutiva-propuesta-los-organos-dependientes-del-parlamento\/#breadcrumb"},"inLanguage":"es","potentialAction":[{"@type":"ReadAction","target":["https:\/\/psoecanarias.com\/web\/psoe-canarias-aprueba-ejecutiva-propuesta-los-organos-dependientes-del-parlamento\/"]}]},{"@type":"ImageObject","inLanguage":"es","@id":"https:\/\/psoecanarias.com\/web\/psoe-canarias-aprueba-ejecutiva-propuesta-los-organos-dependientes-del-parlamento\/#primaryimage","url":"https:\/\/psoecanarias.com\/web\/wp-content\/uploads\/2018\/02\/190218.-Ejecutiva-Extraordinaria.jpeg","contentUrl":"https:\/\/psoecanarias.com\/web\/wp-content\/uploads\/2018\/02\/190218.-Ejecutiva-Extraordinaria.jpeg","width":1600,"height":1066},{"@type":"BreadcrumbList","@id":"https:\/\/psoecanarias.com\/web\/psoe-canarias-aprueba-ejecutiva-propuesta-los-organos-dependientes-del-parlamento\/#breadcrumb","itemListElement":[{"@type":"ListItem","position":1,"name":"Portada","item":"https:\/\/psoecanarias.com\/web\/"},{"@type":"ListItem","position":2,"name":"PSOE Canarias aprueba en Ejecutiva su propuesta para los \u00d3rganos Dependientes del Parlamento"}]},{"@type":"WebSite","@id":"https:\/\/psoecanarias.com\/web\/#website","url":"https:\/\/psoecanarias.com\/web\/","name":"PSOE Canarias","description":"Partido Socialista Obrero Espa\u00f1ol Canarias","potentialAction":[{"@type":"SearchAction","target":{"@type":"EntryPoint","urlTemplate":"https:\/\/psoecanarias.com\/web\/?s={search_term_string}"},"query-input":{"@type":"PropertyValueSpecification","valueRequired":true,"valueName":"search_term_string"}}],"inLanguage":"es"},{"@type":"Person","@id":"https:\/\/psoecanarias.com\/web\/#\/schema\/person\/1ae43f9659d2fc599ca69c11e1dbf26f","name":"PSOE Canarias","image":{"@type":"ImageObject","inLanguage":"es","@id":"https:\/\/secure.gravatar.com\/avatar\/4364d37f6f6f9cdb7af199b46151565f37d8a8c3c0e04c1d78c04e857a15e3a8?s=96&d=mm&r=g","url":"https:\/\/secure.gravatar.com\/avatar\/4364d37f6f6f9cdb7af199b46151565f37d8a8c3c0e04c1d78c04e857a15e3a8?s=96&d=mm&r=g","contentUrl":"https:\/\/secure.gravatar.com\/avatar\/4364d37f6f6f9cdb7af199b46151565f37d8a8c3c0e04c1d78c04e857a15e3a8?s=96&d=mm&r=g","caption":"PSOE Canarias"},"url":"https:\/\/psoecanarias.com\/web\/author\/admin\/"}]}},"_links":{"self":[{"href":"https:\/\/psoecanarias.com\/web\/wp-json\/wp\/v2\/posts\/4681","targetHints":{"allow":["GET"]}}],"collection":[{"href":"https:\/\/psoecanarias.com\/web\/wp-json\/wp\/v2\/posts"}],"about":[{"href":"https:\/\/psoecanarias.com\/web\/wp-json\/wp\/v2\/types\/post"}],"author":[{"embeddable":true,"href":"https:\/\/psoecanarias.com\/web\/wp-json\/wp\/v2\/users\/1"}],"replies":[{"embeddable":true,"href":"https:\/\/psoecanarias.com\/web\/wp-json\/wp\/v2\/comments?post=4681"}],"version-history":[{"count":1,"href":"https:\/\/psoecanarias.com\/web\/wp-json\/wp\/v2\/posts\/4681\/revisions"}],"predecessor-version":[{"id":4683,"href":"https:\/\/psoecanarias.com\/web\/wp-json\/wp\/v2\/posts\/4681\/revisions\/4683"}],"wp:featuredmedia":[{"embeddable":true,"href":"https:\/\/psoecanarias.com\/web\/wp-json\/wp\/v2\/media\/4682"}],"wp:attachment":[{"href":"https:\/\/psoecanarias.com\/web\/wp-json\/wp\/v2\/media?parent=4681"}],"wp:term":[{"taxonomy":"category","embeddable":true,"href":"https:\/\/psoecanarias.com\/web\/wp-json\/wp\/v2\/categories?post=4681"},{"taxonomy":"post_tag","embeddable":true,"href":"https:\/\/psoecanarias.com\/web\/wp-json\/wp\/v2\/tags?post=4681"}],"curies":[{"name":"wp","href":"https:\/\/api.w.org\/{rel}","templated":true}]}}