{"id":4685,"date":"2018-02-20T18:41:49","date_gmt":"2018-02-20T18:41:49","guid":{"rendered":"http:\/\/psoecanarias.com\/web\/?p=4685"},"modified":"2018-02-20T18:41:49","modified_gmt":"2018-02-20T18:41:49","slug":"dolores-corujo-no-caben-excusas-cuando-hablamos-derecho-no-una-limosna","status":"publish","type":"post","link":"https:\/\/psoecanarias.com\/web\/dolores-corujo-no-caben-excusas-cuando-hablamos-derecho-no-una-limosna\/","title":{"rendered":"Dolores Corujo: \u201cNo caben excusas cuando hablamos de un derecho y no de una limosna\u201d"},"content":{"rendered":"<p style=\"font-weight: 400;\">La portavoz del Grupo Parlamentario Socialista, Dolores Corujo Berriel, denunci\u00f3 este martes la incapacidad del Gobierno de Fernando Clavijo para dar respuesta a las casi 13.000 personas en situaci\u00f3n de dependencia que esperan por una prestaci\u00f3n que ya tienen reconocida. \u201cNo se trata de una limosna, sino de un derecho reconocido, por lo que aqu\u00ed ya no caben las excusas\u201d, dijo en el pleno de la C\u00e1mara.<\/p>\n<p style=\"font-weight: 400;\">Como record\u00f3, del\u00a0informe sobre dependencia de la Asociaci\u00f3n de Directores y Gerentes de Servicios Sociales se desprende, como principal conclusi\u00f3n, que al ritmo actual, Canarias tardar\u00eda 66 a\u00f1os en ponerse al d\u00eda con la ley de dependencia.<strong>\u00a0<\/strong>Explic\u00f3 que el archipi\u00e9lago<strong>\u00a0<\/strong>arrastra un retraso hist\u00f3rico \u201cconsecuencia de una \u00e9poca en la que Coalici\u00f3n Canaria y Partido Popular ignoraron ol\u00edmpicamente sus obligaciones, colocando a Canarias en ese \u00faltimo lugar que tanto averg\u00fcenza\u201d.<\/p>\n<p style=\"font-weight: 400;\">Subray\u00f3 que cuando el PSOE fue responsable del \u00e1rea, Canarias recibi\u00f3 por primera y \u00fanica vez una valoraci\u00f3n positiva en ese informe, \u201cpero ahora, cuando de nuevo recae en manos de Coalici\u00f3n Canaria la gesti\u00f3n de la dependencia, el ritmo de mejora logrado por el PSOE no solo se ha interrumpido, sino que se ha revertido\u201d.<\/p>\n<p style=\"font-weight: 400;\">Corujo remarc\u00f3 que causa de ello fue el hecho de que una de las primeras decisiones de la consejera Cristina Valido fuese dedicar t\u00e9cnicos que estaban trabajando en tramitar expedientes de dependencia a expedir carn\u00e9s de familia numerosa.\u00a0A Clavijo le pregunt\u00f3 \u201cde qu\u00e9 sirve aprobar los mayores presupuestos de la historia de Canarias, disponer de 827 millones m\u00e1s y pactar los presupuestos antisociales e insolidarios de Rajoy y el Partido Popular a cambio de una supuesta agenda canaria\u201d.<\/p>\n<p style=\"font-weight: 400;\">Tambi\u00e9n le pregunt\u00f3 al presidente, \u201cquien tanto habla de la seguridad jur\u00eddica cuando se refiere a empresarios, qu\u00e9 seguridad jur\u00eddica ofrece su Gobierno a quienes, teniendo reconocido legalmente un derecho, no pueden disfrutar de \u00e9l por la incapacidad de ese Ejecutivo\u201d.<\/p>\n<p style=\"font-weight: 400;\"><strong>\u00a0<\/strong><\/p>\n","protected":false},"excerpt":{"rendered":"<p>La portavoz del Grupo Parlamentario Socialista, Dolores Corujo Berriel, denunci\u00f3 este martes la incapacidad del Gobierno de Fernando Clavijo para dar respuesta a las casi 13.000 personas en situaci\u00f3n de dependencia que esperan por una prestaci\u00f3n que ya tienen reconocida. \u201cNo se trata de una limosna, sino de un derecho reconocido, por lo que aqu\u00ed [&hellip;]<\/p>\n","protected":false},"author":1,"featured_media":4686,"comment_status":"open","ping_status":"open","sticky":false,"template":"","format":"standard","meta":{"footnotes":""},"categories":[7],"tags":[],"class_list":["post-4685","post","type-post","status-publish","format-standard","has-post-thumbnail","hentry","category-politica"],"featured_image_src":"https:\/\/psoecanarias.com\/web\/wp-content\/uploads\/2018\/02\/DWer5r8WAAA4nss.jpg","author_info":{"display_name":"PSOE Canarias","author_link":"https:\/\/psoecanarias.com\/web\/author\/admin\/"},"yoast_head":"<!-- This site is optimized with the Yoast SEO plugin v27.2 - https:\/\/yoast.com\/product\/yoast-seo-wordpress\/ -->\n<title>Dolores Corujo: \u201cNo caben excusas cuando hablamos de un derecho y no de una limosna\u201d | PSOE Canarias<\/title>\n<meta name=\"robots\" content=\"index, follow, max-snippet:-1, max-image-preview:large, max-video-preview:-1\" \/>\n<link rel=\"canonical\" href=\"https:\/\/psoecanarias.com\/web\/dolores-corujo-no-caben-excusas-cuando-hablamos-derecho-no-una-limosna\/\" \/>\n<meta property=\"og:locale\" content=\"es_ES\" \/>\n<meta property=\"og:type\" content=\"article\" \/>\n<meta property=\"og:title\" content=\"Dolores Corujo: \u201cNo caben excusas cuando hablamos de un derecho y no de una limosna\u201d | PSOE Canarias\" \/>\n<meta property=\"og:description\" content=\"La portavoz del Grupo Parlamentario Socialista, Dolores Corujo Berriel, denunci\u00f3 este martes la incapacidad del Gobierno de Fernando Clavijo para dar respuesta a las casi 13.000 personas en situaci\u00f3n de dependencia que esperan por una prestaci\u00f3n que ya tienen reconocida. \u201cNo se trata de una limosna, sino de un derecho reconocido, por lo que aqu\u00ed [&hellip;]\" \/>\n<meta property=\"og:url\" content=\"https:\/\/psoecanarias.com\/web\/dolores-corujo-no-caben-excusas-cuando-hablamos-derecho-no-una-limosna\/\" \/>\n<meta property=\"og:site_name\" content=\"PSOE Canarias\" \/>\n<meta property=\"article:published_time\" content=\"2018-02-20T18:41:49+00:00\" \/>\n<meta property=\"og:image\" content=\"https:\/\/psoecanarias.com\/web\/wp-content\/uploads\/2018\/02\/DWer5r8WAAA4nss.jpg\" \/>\n\t<meta property=\"og:image:width\" content=\"596\" \/>\n\t<meta property=\"og:image:height\" content=\"369\" \/>\n\t<meta property=\"og:image:type\" content=\"image\/jpeg\" \/>\n<meta name=\"author\" content=\"PSOE Canarias\" \/>\n<meta name=\"twitter:card\" content=\"summary_large_image\" \/>\n<script type=\"application\/ld+json\" class=\"yoast-schema-graph\">{\"@context\":\"https:\/\/schema.org\",\"@graph\":[{\"@type\":\"Article\",\"@id\":\"https:\/\/psoecanarias.com\/web\/dolores-corujo-no-caben-excusas-cuando-hablamos-derecho-no-una-limosna\/#article\",\"isPartOf\":{\"@id\":\"https:\/\/psoecanarias.com\/web\/dolores-corujo-no-caben-excusas-cuando-hablamos-derecho-no-una-limosna\/\"},\"author\":{\"name\":\"PSOE Canarias\",\"@id\":\"https:\/\/psoecanarias.com\/web\/#\/schema\/person\/1ae43f9659d2fc599ca69c11e1dbf26f\"},\"headline\":\"Dolores Corujo: \u201cNo caben excusas cuando hablamos de un derecho y no de una limosna\u201d\",\"datePublished\":\"2018-02-20T18:41:49+00:00\",\"mainEntityOfPage\":{\"@id\":\"https:\/\/psoecanarias.com\/web\/dolores-corujo-no-caben-excusas-cuando-hablamos-derecho-no-una-limosna\/\"},\"wordCount\":349,\"commentCount\":0,\"image\":{\"@id\":\"https:\/\/psoecanarias.com\/web\/dolores-corujo-no-caben-excusas-cuando-hablamos-derecho-no-una-limosna\/#primaryimage\"},\"thumbnailUrl\":\"https:\/\/psoecanarias.com\/web\/wp-content\/uploads\/2018\/02\/DWer5r8WAAA4nss.jpg\",\"articleSection\":[\"Pol\u00edtica\"],\"inLanguage\":\"es\",\"potentialAction\":[{\"@type\":\"CommentAction\",\"name\":\"Comment\",\"target\":[\"https:\/\/psoecanarias.com\/web\/dolores-corujo-no-caben-excusas-cuando-hablamos-derecho-no-una-limosna\/#respond\"]}]},{\"@type\":\"WebPage\",\"@id\":\"https:\/\/psoecanarias.com\/web\/dolores-corujo-no-caben-excusas-cuando-hablamos-derecho-no-una-limosna\/\",\"url\":\"https:\/\/psoecanarias.com\/web\/dolores-corujo-no-caben-excusas-cuando-hablamos-derecho-no-una-limosna\/\",\"name\":\"Dolores Corujo: \u201cNo caben excusas cuando hablamos de un derecho y no de una limosna\u201d | PSOE Canarias\",\"isPartOf\":{\"@id\":\"https:\/\/psoecanarias.com\/web\/#website\"},\"primaryImageOfPage\":{\"@id\":\"https:\/\/psoecanarias.com\/web\/dolores-corujo-no-caben-excusas-cuando-hablamos-derecho-no-una-limosna\/#primaryimage\"},\"image\":{\"@id\":\"https:\/\/psoecanarias.com\/web\/dolores-corujo-no-caben-excusas-cuando-hablamos-derecho-no-una-limosna\/#primaryimage\"},\"thumbnailUrl\":\"https:\/\/psoecanarias.com\/web\/wp-content\/uploads\/2018\/02\/DWer5r8WAAA4nss.jpg\",\"datePublished\":\"2018-02-20T18:41:49+00:00\",\"author\":{\"@id\":\"https:\/\/psoecanarias.com\/web\/#\/schema\/person\/1ae43f9659d2fc599ca69c11e1dbf26f\"},\"breadcrumb\":{\"@id\":\"https:\/\/psoecanarias.com\/web\/dolores-corujo-no-caben-excusas-cuando-hablamos-derecho-no-una-limosna\/#breadcrumb\"},\"inLanguage\":\"es\",\"potentialAction\":[{\"@type\":\"ReadAction\",\"target\":[\"https:\/\/psoecanarias.com\/web\/dolores-corujo-no-caben-excusas-cuando-hablamos-derecho-no-una-limosna\/\"]}]},{\"@type\":\"ImageObject\",\"inLanguage\":\"es\",\"@id\":\"https:\/\/psoecanarias.com\/web\/dolores-corujo-no-caben-excusas-cuando-hablamos-derecho-no-una-limosna\/#primaryimage\",\"url\":\"https:\/\/psoecanarias.com\/web\/wp-content\/uploads\/2018\/02\/DWer5r8WAAA4nss.jpg\",\"contentUrl\":\"https:\/\/psoecanarias.com\/web\/wp-content\/uploads\/2018\/02\/DWer5r8WAAA4nss.jpg\",\"width\":596,\"height\":369},{\"@type\":\"BreadcrumbList\",\"@id\":\"https:\/\/psoecanarias.com\/web\/dolores-corujo-no-caben-excusas-cuando-hablamos-derecho-no-una-limosna\/#breadcrumb\",\"itemListElement\":[{\"@type\":\"ListItem\",\"position\":1,\"name\":\"Portada\",\"item\":\"https:\/\/psoecanarias.com\/web\/\"},{\"@type\":\"ListItem\",\"position\":2,\"name\":\"Dolores Corujo: \u201cNo caben excusas cuando hablamos de un derecho y no de una limosna\u201d\"}]},{\"@type\":\"WebSite\",\"@id\":\"https:\/\/psoecanarias.com\/web\/#website\",\"url\":\"https:\/\/psoecanarias.com\/web\/\",\"name\":\"PSOE Canarias\",\"description\":\"Partido Socialista Obrero Espa\u00f1ol Canarias\",\"potentialAction\":[{\"@type\":\"SearchAction\",\"target\":{\"@type\":\"EntryPoint\",\"urlTemplate\":\"https:\/\/psoecanarias.com\/web\/?s={search_term_string}\"},\"query-input\":{\"@type\":\"PropertyValueSpecification\",\"valueRequired\":true,\"valueName\":\"search_term_string\"}}],\"inLanguage\":\"es\"},{\"@type\":\"Person\",\"@id\":\"https:\/\/psoecanarias.com\/web\/#\/schema\/person\/1ae43f9659d2fc599ca69c11e1dbf26f\",\"name\":\"PSOE Canarias\",\"image\":{\"@type\":\"ImageObject\",\"inLanguage\":\"es\",\"@id\":\"https:\/\/secure.gravatar.com\/avatar\/4364d37f6f6f9cdb7af199b46151565f37d8a8c3c0e04c1d78c04e857a15e3a8?s=96&d=mm&r=g\",\"url\":\"https:\/\/secure.gravatar.com\/avatar\/4364d37f6f6f9cdb7af199b46151565f37d8a8c3c0e04c1d78c04e857a15e3a8?s=96&d=mm&r=g\",\"contentUrl\":\"https:\/\/secure.gravatar.com\/avatar\/4364d37f6f6f9cdb7af199b46151565f37d8a8c3c0e04c1d78c04e857a15e3a8?s=96&d=mm&r=g\",\"caption\":\"PSOE Canarias\"},\"url\":\"https:\/\/psoecanarias.com\/web\/author\/admin\/\"}]}<\/script>\n<!-- \/ Yoast SEO plugin. -->","yoast_head_json":{"title":"Dolores Corujo: \u201cNo caben excusas cuando hablamos de un derecho y no de una limosna\u201d | PSOE Canarias","robots":{"index":"index","follow":"follow","max-snippet":"max-snippet:-1","max-image-preview":"max-image-preview:large","max-video-preview":"max-video-preview:-1"},"canonical":"https:\/\/psoecanarias.com\/web\/dolores-corujo-no-caben-excusas-cuando-hablamos-derecho-no-una-limosna\/","og_locale":"es_ES","og_type":"article","og_title":"Dolores Corujo: \u201cNo caben excusas cuando hablamos de un derecho y no de una limosna\u201d | PSOE Canarias","og_description":"La portavoz del Grupo Parlamentario Socialista, Dolores Corujo Berriel, denunci\u00f3 este martes la incapacidad del Gobierno de Fernando Clavijo para dar respuesta a las casi 13.000 personas en situaci\u00f3n de dependencia que esperan por una prestaci\u00f3n que ya tienen reconocida. \u201cNo se trata de una limosna, sino de un derecho reconocido, por lo que aqu\u00ed [&hellip;]","og_url":"https:\/\/psoecanarias.com\/web\/dolores-corujo-no-caben-excusas-cuando-hablamos-derecho-no-una-limosna\/","og_site_name":"PSOE Canarias","article_published_time":"2018-02-20T18:41:49+00:00","og_image":[{"width":596,"height":369,"url":"https:\/\/psoecanarias.com\/web\/wp-content\/uploads\/2018\/02\/DWer5r8WAAA4nss.jpg","type":"image\/jpeg"}],"author":"PSOE Canarias","twitter_card":"summary_large_image","schema":{"@context":"https:\/\/schema.org","@graph":[{"@type":"Article","@id":"https:\/\/psoecanarias.com\/web\/dolores-corujo-no-caben-excusas-cuando-hablamos-derecho-no-una-limosna\/#article","isPartOf":{"@id":"https:\/\/psoecanarias.com\/web\/dolores-corujo-no-caben-excusas-cuando-hablamos-derecho-no-una-limosna\/"},"author":{"name":"PSOE Canarias","@id":"https:\/\/psoecanarias.com\/web\/#\/schema\/person\/1ae43f9659d2fc599ca69c11e1dbf26f"},"headline":"Dolores Corujo: \u201cNo caben excusas cuando hablamos de un derecho y no de una limosna\u201d","datePublished":"2018-02-20T18:41:49+00:00","mainEntityOfPage":{"@id":"https:\/\/psoecanarias.com\/web\/dolores-corujo-no-caben-excusas-cuando-hablamos-derecho-no-una-limosna\/"},"wordCount":349,"commentCount":0,"image":{"@id":"https:\/\/psoecanarias.com\/web\/dolores-corujo-no-caben-excusas-cuando-hablamos-derecho-no-una-limosna\/#primaryimage"},"thumbnailUrl":"https:\/\/psoecanarias.com\/web\/wp-content\/uploads\/2018\/02\/DWer5r8WAAA4nss.jpg","articleSection":["Pol\u00edtica"],"inLanguage":"es","potentialAction":[{"@type":"CommentAction","name":"Comment","target":["https:\/\/psoecanarias.com\/web\/dolores-corujo-no-caben-excusas-cuando-hablamos-derecho-no-una-limosna\/#respond"]}]},{"@type":"WebPage","@id":"https:\/\/psoecanarias.com\/web\/dolores-corujo-no-caben-excusas-cuando-hablamos-derecho-no-una-limosna\/","url":"https:\/\/psoecanarias.com\/web\/dolores-corujo-no-caben-excusas-cuando-hablamos-derecho-no-una-limosna\/","name":"Dolores Corujo: \u201cNo caben excusas cuando hablamos de un derecho y no de una limosna\u201d | PSOE Canarias","isPartOf":{"@id":"https:\/\/psoecanarias.com\/web\/#website"},"primaryImageOfPage":{"@id":"https:\/\/psoecanarias.com\/web\/dolores-corujo-no-caben-excusas-cuando-hablamos-derecho-no-una-limosna\/#primaryimage"},"image":{"@id":"https:\/\/psoecanarias.com\/web\/dolores-corujo-no-caben-excusas-cuando-hablamos-derecho-no-una-limosna\/#primaryimage"},"thumbnailUrl":"https:\/\/psoecanarias.com\/web\/wp-content\/uploads\/2018\/02\/DWer5r8WAAA4nss.jpg","datePublished":"2018-02-20T18:41:49+00:00","author":{"@id":"https:\/\/psoecanarias.com\/web\/#\/schema\/person\/1ae43f9659d2fc599ca69c11e1dbf26f"},"breadcrumb":{"@id":"https:\/\/psoecanarias.com\/web\/dolores-corujo-no-caben-excusas-cuando-hablamos-derecho-no-una-limosna\/#breadcrumb"},"inLanguage":"es","potentialAction":[{"@type":"ReadAction","target":["https:\/\/psoecanarias.com\/web\/dolores-corujo-no-caben-excusas-cuando-hablamos-derecho-no-una-limosna\/"]}]},{"@type":"ImageObject","inLanguage":"es","@id":"https:\/\/psoecanarias.com\/web\/dolores-corujo-no-caben-excusas-cuando-hablamos-derecho-no-una-limosna\/#primaryimage","url":"https:\/\/psoecanarias.com\/web\/wp-content\/uploads\/2018\/02\/DWer5r8WAAA4nss.jpg","contentUrl":"https:\/\/psoecanarias.com\/web\/wp-content\/uploads\/2018\/02\/DWer5r8WAAA4nss.jpg","width":596,"height":369},{"@type":"BreadcrumbList","@id":"https:\/\/psoecanarias.com\/web\/dolores-corujo-no-caben-excusas-cuando-hablamos-derecho-no-una-limosna\/#breadcrumb","itemListElement":[{"@type":"ListItem","position":1,"name":"Portada","item":"https:\/\/psoecanarias.com\/web\/"},{"@type":"ListItem","position":2,"name":"Dolores Corujo: \u201cNo caben excusas cuando hablamos de un derecho y no de una limosna\u201d"}]},{"@type":"WebSite","@id":"https:\/\/psoecanarias.com\/web\/#website","url":"https:\/\/psoecanarias.com\/web\/","name":"PSOE Canarias","description":"Partido Socialista Obrero Espa\u00f1ol Canarias","potentialAction":[{"@type":"SearchAction","target":{"@type":"EntryPoint","urlTemplate":"https:\/\/psoecanarias.com\/web\/?s={search_term_string}"},"query-input":{"@type":"PropertyValueSpecification","valueRequired":true,"valueName":"search_term_string"}}],"inLanguage":"es"},{"@type":"Person","@id":"https:\/\/psoecanarias.com\/web\/#\/schema\/person\/1ae43f9659d2fc599ca69c11e1dbf26f","name":"PSOE Canarias","image":{"@type":"ImageObject","inLanguage":"es","@id":"https:\/\/secure.gravatar.com\/avatar\/4364d37f6f6f9cdb7af199b46151565f37d8a8c3c0e04c1d78c04e857a15e3a8?s=96&d=mm&r=g","url":"https:\/\/secure.gravatar.com\/avatar\/4364d37f6f6f9cdb7af199b46151565f37d8a8c3c0e04c1d78c04e857a15e3a8?s=96&d=mm&r=g","contentUrl":"https:\/\/secure.gravatar.com\/avatar\/4364d37f6f6f9cdb7af199b46151565f37d8a8c3c0e04c1d78c04e857a15e3a8?s=96&d=mm&r=g","caption":"PSOE Canarias"},"url":"https:\/\/psoecanarias.com\/web\/author\/admin\/"}]}},"_links":{"self":[{"href":"https:\/\/psoecanarias.com\/web\/wp-json\/wp\/v2\/posts\/4685","targetHints":{"allow":["GET"]}}],"collection":[{"href":"https:\/\/psoecanarias.com\/web\/wp-json\/wp\/v2\/posts"}],"about":[{"href":"https:\/\/psoecanarias.com\/web\/wp-json\/wp\/v2\/types\/post"}],"author":[{"embeddable":true,"href":"https:\/\/psoecanarias.com\/web\/wp-json\/wp\/v2\/users\/1"}],"replies":[{"embeddable":true,"href":"https:\/\/psoecanarias.com\/web\/wp-json\/wp\/v2\/comments?post=4685"}],"version-history":[{"count":1,"href":"https:\/\/psoecanarias.com\/web\/wp-json\/wp\/v2\/posts\/4685\/revisions"}],"predecessor-version":[{"id":4687,"href":"https:\/\/psoecanarias.com\/web\/wp-json\/wp\/v2\/posts\/4685\/revisions\/4687"}],"wp:featuredmedia":[{"embeddable":true,"href":"https:\/\/psoecanarias.com\/web\/wp-json\/wp\/v2\/media\/4686"}],"wp:attachment":[{"href":"https:\/\/psoecanarias.com\/web\/wp-json\/wp\/v2\/media?parent=4685"}],"wp:term":[{"taxonomy":"category","embeddable":true,"href":"https:\/\/psoecanarias.com\/web\/wp-json\/wp\/v2\/categories?post=4685"},{"taxonomy":"post_tag","embeddable":true,"href":"https:\/\/psoecanarias.com\/web\/wp-json\/wp\/v2\/tags?post=4685"}],"curies":[{"name":"wp","href":"https:\/\/api.w.org\/{rel}","templated":true}]}}