{"id":4688,"date":"2018-02-21T12:09:48","date_gmt":"2018-02-21T12:09:48","guid":{"rendered":"http:\/\/psoecanarias.com\/web\/?p=4688"},"modified":"2018-02-21T12:09:48","modified_gmt":"2018-02-21T12:09:48","slug":"teresa-cruz-gobierno-clavijo-se-limita-vender-humo-reduce-contabilizar-expedientes-derecho-subjetivo-las-personas","status":"publish","type":"post","link":"https:\/\/psoecanarias.com\/web\/teresa-cruz-gobierno-clavijo-se-limita-vender-humo-reduce-contabilizar-expedientes-derecho-subjetivo-las-personas\/","title":{"rendered":"Teresa Cruz: \u201cEl Gobierno Clavijo se limita a vender humo mientras reduce a contabilizar expedientes un derecho subjetivo de las personas\u201d"},"content":{"rendered":"<p style=\"font-weight: 400;\">La portavoz de Pol\u00edticas Sociales del PSOE en el Parlamento de Canarias, Teresa Cruz Oval, afirm\u00f3 este mi\u00e9rcoles que en materia de dependencia, el Gobierno en minor\u00eda de Fernando Clavijo \u201cdice mucho pero hace poco, invirtiendo mucho tiempo en publicidad, vendiendo humo y convirtiendo un derecho subjetivo de las personas en una mera contabilizaci\u00f3n de expedientes\u201d.<\/p>\n<p style=\"font-weight: 400;\">\n<p style=\"font-weight: 400;\">En su intervenci\u00f3n en el pleno, pregunt\u00f3 a la consejera por \u201cesa f\u00f3rmula, esa proeza\u201d de \u201cm\u00e1s con menos\u201d que el presidente del Ejecutivo de CC le ha encomendado. Se\u00f1al\u00f3 que la responsable auton\u00f3mica del \u00e1rea, Cristina Valido, ha criticado la gesti\u00f3n de su predecesora, la socialista Patricia Hern\u00e1ndez, \u201cpese a que logr\u00f3 casi duplicar el presupuesto en a\u00f1o y medio, logr\u00f3 la primera valoraci\u00f3n positiva del sistema de la dependencia por la Asociaci\u00f3n de Directores de Servicios Sociales y trabaj\u00f3 intensamente para contar con un sistema sostenible, \u00e1gil y personalizado\u201d.<\/p>\n<p style=\"font-weight: 400;\">\n<p style=\"font-weight: 400;\">Cruz Oval mostr\u00f3 su temor a que Valido \u201creviva la \u00e9poca de la tan cuestionada consejera In\u00e9s Rojas, esa en la que hay que esperar en Canarias a que una persona fallezca para poder realizar nuevas incorporaciones al sistema\u201d. Recalc\u00f3 que esto es \u201cinhumano y vergonzoso\u201d porque, insisti\u00f3, \u201cestamos ante un derecho subjetivo que CC utiliza para prometer lluvia en plena sequ\u00eda extrema\u201d.<\/p>\n<p style=\"font-weight: 400;\">\n<p style=\"font-weight: 400;\">La diputada critic\u00f3 que el Gobierno en minor\u00eda de CC no haya puesto en marcha una sola medida para mejorar la situaci\u00f3n, pregunt\u00f3 al Ejecutivo si realmente pondr\u00e1 en macha un plan para los dependientes grado 1 y cuestion\u00f3 la viabilidad de seguir la senda del crecimiento en el sistema con un d\u00e9ficit de 33 millones de euros menos que el a\u00f1o anterior, seg\u00fan datos de la Consejer\u00eda.<\/p>\n<p style=\"font-weight: 400;\">\n<p style=\"font-weight: 400;\">Tambi\u00e9n pregunt\u00f3 por las previsiones de aprobaci\u00f3n este a\u00f1o del plan de prevenci\u00f3n de la dependencia que determine las intensidades de los servicios, las compatibilidades o incrementar las ratios de servicios, entre otros. En cuanto a los \u201cm\u00e9ritos\u201d de la actual consejera en 2017, dijo, figura el haber firmado el convenio con los cabildos cinco meses m\u00e1s tarde que la exconsejera Patricia Hern\u00e1ndez, el de promoci\u00f3n de la autonom\u00eda personal (5 millones de euros) entre noviembre y diciembre de 2017, \u201cde tal forma que transcurri\u00f3 todo un a\u00f1o para que lo considerase una prioridad\u201d, o que a\u00fan no se haya aprobado, tras todo un a\u00f1o, el decreto\u00a0para agilizar el tr\u00e1mite de la dependencia.<\/p>\n<p style=\"font-weight: 400;\">\n<p style=\"font-weight: 400;\">Asimismo, lament\u00f3 que pese a contar con 29 profesionales m\u00e1s con formaci\u00f3n espec\u00edfica de un plan de choque que tramit\u00f3 la anterior consejera, Valido decidi\u00f3 no priorizar la dependencia y destin\u00f3 parte de estos profesionales a otras tareas, por lo que se increment\u00f3 en 2 puntos porcentuales el limbo de la dependencia, pasando del 41 al 43 por ciento.<\/p>\n<p style=\"font-weight: 400;\">\n<p style=\"font-weight: 400;\">En cuanto al prop\u00f3sito del Gobierno de Clavijo de incrementar nuevas plazas para incorporar m\u00e1s personas dependientes al sistema, remarc\u00f3 que con la anterior consejera se lleg\u00f3 a 823 plazas nuevas, m\u00e1s que en toda la pasada legislatura, mientras que con la actual solo se lleg\u00f3 a 574. Tambi\u00e9n se refiri\u00f3 a las declaraciones de Valido en las que dijo que no ten\u00eda como meta\u00a0incorporar en su primer a\u00f1o de gesti\u00f3n 2.000 o 3.000 personas en el sistema porque su objetivo es \u201ccrear un sistema para el futuro\u201d.<\/p>\n<p style=\"font-weight: 400;\">\n<p style=\"font-weight: 400;\">\u201cDijo la verdad, olvid\u00e1ndose de que lo que les falta a estas personas es precisamente futuro. En 2016 se incorporaron 2.997 personas nuevas al sistema, finaliz\u00f3 el a\u00f1o con 16.852 personas beneficiarias con prestaciones y con 30.763 personas beneficiarias con derecho a la prestaci\u00f3n. En 2017 se concluy\u00f3 con 19.417 personas beneficiarias con prestaci\u00f3n y 30.637 con derecho reconocido de prestaci\u00f3n. Por tanto, en 2017 solo se incorporaron 2.565 personas nuevas, es decir, 432 personas menos beneficiarias y 126 personas menos con derecho reconocido\u201d, precis\u00f3.<\/p>\n<p style=\"font-weight: 400;\">\n<p style=\"font-weight: 400;\">Record\u00f3 que Canarias sigue con \u201ccero servicios\u201d en asistencia personal o plazas residenciales temporales, con 1,8 por ciento de servicio de ayuda a domicilio, se sit\u00faa de nuevo \u201ca la cola de la cola\u201d por tener \u201cel peor sistema de la dependencia de Espa\u00f1a y de Europa\u201d y las personas dependientes \u201ctienen ahora aqu\u00ed tres veces menos de posibilidades de recibir una prestaci\u00f3n o servicio que cualquier persona que viva en otra comunidad aut\u00f3noma\u201d.<\/p>\n<p style=\"font-weight: 400;\">\n<p style=\"font-weight: 400;\">Teresa Cruz Oval hizo hincapi\u00e9 en que el gran problema de Canarias es \u201cel Gobierno nacionalista que\u00a0se empe\u00f1a en justificarse con buenos datos contando expedientes y no personas con nombre y apellidos que\u00a0demandan derechos sociales que les corresponden y que necesitan no ganar m\u00e1s a\u00f1os a la vida, sino m\u00e1s vida a esos a\u00f1os\u201d.<\/p>\n","protected":false},"excerpt":{"rendered":"<p>La portavoz de Pol\u00edticas Sociales del PSOE en el Parlamento de Canarias, Teresa Cruz Oval, afirm\u00f3 este mi\u00e9rcoles que en materia de dependencia, el Gobierno en minor\u00eda de Fernando Clavijo \u201cdice mucho pero hace poco, invirtiendo mucho tiempo en publicidad, vendiendo humo y convirtiendo un derecho subjetivo de las personas en una mera contabilizaci\u00f3n de [&hellip;]<\/p>\n","protected":false},"author":1,"featured_media":4689,"comment_status":"open","ping_status":"open","sticky":false,"template":"","format":"standard","meta":{"footnotes":""},"categories":[7],"tags":[],"class_list":["post-4688","post","type-post","status-publish","format-standard","has-post-thumbnail","hentry","category-politica"],"featured_image_src":"https:\/\/psoecanarias.com\/web\/wp-content\/uploads\/2018\/02\/TCOfeb182.jpeg","author_info":{"display_name":"PSOE Canarias","author_link":"https:\/\/psoecanarias.com\/web\/author\/admin\/"},"yoast_head":"<!-- This site is optimized with the Yoast SEO plugin v27.2 - https:\/\/yoast.com\/product\/yoast-seo-wordpress\/ -->\n<title>Teresa Cruz: \u201cEl Gobierno Clavijo se limita a vender humo mientras reduce a contabilizar expedientes un derecho subjetivo de las personas\u201d | PSOE Canarias<\/title>\n<meta name=\"robots\" content=\"index, follow, max-snippet:-1, max-image-preview:large, max-video-preview:-1\" \/>\n<link rel=\"canonical\" href=\"https:\/\/psoecanarias.com\/web\/teresa-cruz-gobierno-clavijo-se-limita-vender-humo-reduce-contabilizar-expedientes-derecho-subjetivo-las-personas\/\" \/>\n<meta property=\"og:locale\" content=\"es_ES\" \/>\n<meta property=\"og:type\" content=\"article\" \/>\n<meta property=\"og:title\" content=\"Teresa Cruz: \u201cEl Gobierno Clavijo se limita a vender humo mientras reduce a contabilizar expedientes un derecho subjetivo de las personas\u201d | PSOE Canarias\" \/>\n<meta property=\"og:description\" content=\"La portavoz de Pol\u00edticas Sociales del PSOE en el Parlamento de Canarias, Teresa Cruz Oval, afirm\u00f3 este mi\u00e9rcoles que en materia de dependencia, el Gobierno en minor\u00eda de Fernando Clavijo \u201cdice mucho pero hace poco, invirtiendo mucho tiempo en publicidad, vendiendo humo y convirtiendo un derecho subjetivo de las personas en una mera contabilizaci\u00f3n de [&hellip;]\" \/>\n<meta property=\"og:url\" content=\"https:\/\/psoecanarias.com\/web\/teresa-cruz-gobierno-clavijo-se-limita-vender-humo-reduce-contabilizar-expedientes-derecho-subjetivo-las-personas\/\" \/>\n<meta property=\"og:site_name\" content=\"PSOE Canarias\" \/>\n<meta property=\"article:published_time\" content=\"2018-02-21T12:09:48+00:00\" \/>\n<meta property=\"og:image\" content=\"https:\/\/psoecanarias.com\/web\/wp-content\/uploads\/2018\/02\/TCOfeb182.jpeg\" \/>\n\t<meta property=\"og:image:width\" content=\"1066\" \/>\n\t<meta property=\"og:image:height\" content=\"1600\" \/>\n\t<meta property=\"og:image:type\" content=\"image\/jpeg\" \/>\n<meta name=\"author\" content=\"PSOE Canarias\" \/>\n<meta name=\"twitter:card\" content=\"summary_large_image\" \/>\n<script type=\"application\/ld+json\" class=\"yoast-schema-graph\">{\"@context\":\"https:\/\/schema.org\",\"@graph\":[{\"@type\":\"Article\",\"@id\":\"https:\/\/psoecanarias.com\/web\/teresa-cruz-gobierno-clavijo-se-limita-vender-humo-reduce-contabilizar-expedientes-derecho-subjetivo-las-personas\/#article\",\"isPartOf\":{\"@id\":\"https:\/\/psoecanarias.com\/web\/teresa-cruz-gobierno-clavijo-se-limita-vender-humo-reduce-contabilizar-expedientes-derecho-subjetivo-las-personas\/\"},\"author\":{\"name\":\"PSOE Canarias\",\"@id\":\"https:\/\/psoecanarias.com\/web\/#\/schema\/person\/1ae43f9659d2fc599ca69c11e1dbf26f\"},\"headline\":\"Teresa Cruz: \u201cEl Gobierno Clavijo se limita a vender humo mientras reduce a contabilizar expedientes un derecho subjetivo de las personas\u201d\",\"datePublished\":\"2018-02-21T12:09:48+00:00\",\"mainEntityOfPage\":{\"@id\":\"https:\/\/psoecanarias.com\/web\/teresa-cruz-gobierno-clavijo-se-limita-vender-humo-reduce-contabilizar-expedientes-derecho-subjetivo-las-personas\/\"},\"wordCount\":810,\"commentCount\":0,\"image\":{\"@id\":\"https:\/\/psoecanarias.com\/web\/teresa-cruz-gobierno-clavijo-se-limita-vender-humo-reduce-contabilizar-expedientes-derecho-subjetivo-las-personas\/#primaryimage\"},\"thumbnailUrl\":\"https:\/\/psoecanarias.com\/web\/wp-content\/uploads\/2018\/02\/TCOfeb182.jpeg\",\"articleSection\":[\"Pol\u00edtica\"],\"inLanguage\":\"es\",\"potentialAction\":[{\"@type\":\"CommentAction\",\"name\":\"Comment\",\"target\":[\"https:\/\/psoecanarias.com\/web\/teresa-cruz-gobierno-clavijo-se-limita-vender-humo-reduce-contabilizar-expedientes-derecho-subjetivo-las-personas\/#respond\"]}]},{\"@type\":\"WebPage\",\"@id\":\"https:\/\/psoecanarias.com\/web\/teresa-cruz-gobierno-clavijo-se-limita-vender-humo-reduce-contabilizar-expedientes-derecho-subjetivo-las-personas\/\",\"url\":\"https:\/\/psoecanarias.com\/web\/teresa-cruz-gobierno-clavijo-se-limita-vender-humo-reduce-contabilizar-expedientes-derecho-subjetivo-las-personas\/\",\"name\":\"Teresa Cruz: \u201cEl Gobierno Clavijo se limita a vender humo mientras reduce a contabilizar expedientes un derecho subjetivo de las personas\u201d | PSOE Canarias\",\"isPartOf\":{\"@id\":\"https:\/\/psoecanarias.com\/web\/#website\"},\"primaryImageOfPage\":{\"@id\":\"https:\/\/psoecanarias.com\/web\/teresa-cruz-gobierno-clavijo-se-limita-vender-humo-reduce-contabilizar-expedientes-derecho-subjetivo-las-personas\/#primaryimage\"},\"image\":{\"@id\":\"https:\/\/psoecanarias.com\/web\/teresa-cruz-gobierno-clavijo-se-limita-vender-humo-reduce-contabilizar-expedientes-derecho-subjetivo-las-personas\/#primaryimage\"},\"thumbnailUrl\":\"https:\/\/psoecanarias.com\/web\/wp-content\/uploads\/2018\/02\/TCOfeb182.jpeg\",\"datePublished\":\"2018-02-21T12:09:48+00:00\",\"author\":{\"@id\":\"https:\/\/psoecanarias.com\/web\/#\/schema\/person\/1ae43f9659d2fc599ca69c11e1dbf26f\"},\"breadcrumb\":{\"@id\":\"https:\/\/psoecanarias.com\/web\/teresa-cruz-gobierno-clavijo-se-limita-vender-humo-reduce-contabilizar-expedientes-derecho-subjetivo-las-personas\/#breadcrumb\"},\"inLanguage\":\"es\",\"potentialAction\":[{\"@type\":\"ReadAction\",\"target\":[\"https:\/\/psoecanarias.com\/web\/teresa-cruz-gobierno-clavijo-se-limita-vender-humo-reduce-contabilizar-expedientes-derecho-subjetivo-las-personas\/\"]}]},{\"@type\":\"ImageObject\",\"inLanguage\":\"es\",\"@id\":\"https:\/\/psoecanarias.com\/web\/teresa-cruz-gobierno-clavijo-se-limita-vender-humo-reduce-contabilizar-expedientes-derecho-subjetivo-las-personas\/#primaryimage\",\"url\":\"https:\/\/psoecanarias.com\/web\/wp-content\/uploads\/2018\/02\/TCOfeb182.jpeg\",\"contentUrl\":\"https:\/\/psoecanarias.com\/web\/wp-content\/uploads\/2018\/02\/TCOfeb182.jpeg\",\"width\":1066,\"height\":1600},{\"@type\":\"BreadcrumbList\",\"@id\":\"https:\/\/psoecanarias.com\/web\/teresa-cruz-gobierno-clavijo-se-limita-vender-humo-reduce-contabilizar-expedientes-derecho-subjetivo-las-personas\/#breadcrumb\",\"itemListElement\":[{\"@type\":\"ListItem\",\"position\":1,\"name\":\"Portada\",\"item\":\"https:\/\/psoecanarias.com\/web\/\"},{\"@type\":\"ListItem\",\"position\":2,\"name\":\"Teresa Cruz: \u201cEl Gobierno Clavijo se limita a vender humo mientras reduce a contabilizar expedientes un derecho subjetivo de las personas\u201d\"}]},{\"@type\":\"WebSite\",\"@id\":\"https:\/\/psoecanarias.com\/web\/#website\",\"url\":\"https:\/\/psoecanarias.com\/web\/\",\"name\":\"PSOE Canarias\",\"description\":\"Partido Socialista Obrero Espa\u00f1ol Canarias\",\"potentialAction\":[{\"@type\":\"SearchAction\",\"target\":{\"@type\":\"EntryPoint\",\"urlTemplate\":\"https:\/\/psoecanarias.com\/web\/?s={search_term_string}\"},\"query-input\":{\"@type\":\"PropertyValueSpecification\",\"valueRequired\":true,\"valueName\":\"search_term_string\"}}],\"inLanguage\":\"es\"},{\"@type\":\"Person\",\"@id\":\"https:\/\/psoecanarias.com\/web\/#\/schema\/person\/1ae43f9659d2fc599ca69c11e1dbf26f\",\"name\":\"PSOE Canarias\",\"image\":{\"@type\":\"ImageObject\",\"inLanguage\":\"es\",\"@id\":\"https:\/\/secure.gravatar.com\/avatar\/4364d37f6f6f9cdb7af199b46151565f37d8a8c3c0e04c1d78c04e857a15e3a8?s=96&d=mm&r=g\",\"url\":\"https:\/\/secure.gravatar.com\/avatar\/4364d37f6f6f9cdb7af199b46151565f37d8a8c3c0e04c1d78c04e857a15e3a8?s=96&d=mm&r=g\",\"contentUrl\":\"https:\/\/secure.gravatar.com\/avatar\/4364d37f6f6f9cdb7af199b46151565f37d8a8c3c0e04c1d78c04e857a15e3a8?s=96&d=mm&r=g\",\"caption\":\"PSOE Canarias\"},\"url\":\"https:\/\/psoecanarias.com\/web\/author\/admin\/\"}]}<\/script>\n<!-- \/ Yoast SEO plugin. -->","yoast_head_json":{"title":"Teresa Cruz: \u201cEl Gobierno Clavijo se limita a vender humo mientras reduce a contabilizar expedientes un derecho subjetivo de las personas\u201d | PSOE Canarias","robots":{"index":"index","follow":"follow","max-snippet":"max-snippet:-1","max-image-preview":"max-image-preview:large","max-video-preview":"max-video-preview:-1"},"canonical":"https:\/\/psoecanarias.com\/web\/teresa-cruz-gobierno-clavijo-se-limita-vender-humo-reduce-contabilizar-expedientes-derecho-subjetivo-las-personas\/","og_locale":"es_ES","og_type":"article","og_title":"Teresa Cruz: \u201cEl Gobierno Clavijo se limita a vender humo mientras reduce a contabilizar expedientes un derecho subjetivo de las personas\u201d | PSOE Canarias","og_description":"La portavoz de Pol\u00edticas Sociales del PSOE en el Parlamento de Canarias, Teresa Cruz Oval, afirm\u00f3 este mi\u00e9rcoles que en materia de dependencia, el Gobierno en minor\u00eda de Fernando Clavijo \u201cdice mucho pero hace poco, invirtiendo mucho tiempo en publicidad, vendiendo humo y convirtiendo un derecho subjetivo de las personas en una mera contabilizaci\u00f3n de [&hellip;]","og_url":"https:\/\/psoecanarias.com\/web\/teresa-cruz-gobierno-clavijo-se-limita-vender-humo-reduce-contabilizar-expedientes-derecho-subjetivo-las-personas\/","og_site_name":"PSOE Canarias","article_published_time":"2018-02-21T12:09:48+00:00","og_image":[{"width":1066,"height":1600,"url":"https:\/\/psoecanarias.com\/web\/wp-content\/uploads\/2018\/02\/TCOfeb182.jpeg","type":"image\/jpeg"}],"author":"PSOE Canarias","twitter_card":"summary_large_image","schema":{"@context":"https:\/\/schema.org","@graph":[{"@type":"Article","@id":"https:\/\/psoecanarias.com\/web\/teresa-cruz-gobierno-clavijo-se-limita-vender-humo-reduce-contabilizar-expedientes-derecho-subjetivo-las-personas\/#article","isPartOf":{"@id":"https:\/\/psoecanarias.com\/web\/teresa-cruz-gobierno-clavijo-se-limita-vender-humo-reduce-contabilizar-expedientes-derecho-subjetivo-las-personas\/"},"author":{"name":"PSOE Canarias","@id":"https:\/\/psoecanarias.com\/web\/#\/schema\/person\/1ae43f9659d2fc599ca69c11e1dbf26f"},"headline":"Teresa Cruz: \u201cEl Gobierno Clavijo se limita a vender humo mientras reduce a contabilizar expedientes un derecho subjetivo de las personas\u201d","datePublished":"2018-02-21T12:09:48+00:00","mainEntityOfPage":{"@id":"https:\/\/psoecanarias.com\/web\/teresa-cruz-gobierno-clavijo-se-limita-vender-humo-reduce-contabilizar-expedientes-derecho-subjetivo-las-personas\/"},"wordCount":810,"commentCount":0,"image":{"@id":"https:\/\/psoecanarias.com\/web\/teresa-cruz-gobierno-clavijo-se-limita-vender-humo-reduce-contabilizar-expedientes-derecho-subjetivo-las-personas\/#primaryimage"},"thumbnailUrl":"https:\/\/psoecanarias.com\/web\/wp-content\/uploads\/2018\/02\/TCOfeb182.jpeg","articleSection":["Pol\u00edtica"],"inLanguage":"es","potentialAction":[{"@type":"CommentAction","name":"Comment","target":["https:\/\/psoecanarias.com\/web\/teresa-cruz-gobierno-clavijo-se-limita-vender-humo-reduce-contabilizar-expedientes-derecho-subjetivo-las-personas\/#respond"]}]},{"@type":"WebPage","@id":"https:\/\/psoecanarias.com\/web\/teresa-cruz-gobierno-clavijo-se-limita-vender-humo-reduce-contabilizar-expedientes-derecho-subjetivo-las-personas\/","url":"https:\/\/psoecanarias.com\/web\/teresa-cruz-gobierno-clavijo-se-limita-vender-humo-reduce-contabilizar-expedientes-derecho-subjetivo-las-personas\/","name":"Teresa Cruz: \u201cEl Gobierno Clavijo se limita a vender humo mientras reduce a contabilizar expedientes un derecho subjetivo de las personas\u201d | PSOE Canarias","isPartOf":{"@id":"https:\/\/psoecanarias.com\/web\/#website"},"primaryImageOfPage":{"@id":"https:\/\/psoecanarias.com\/web\/teresa-cruz-gobierno-clavijo-se-limita-vender-humo-reduce-contabilizar-expedientes-derecho-subjetivo-las-personas\/#primaryimage"},"image":{"@id":"https:\/\/psoecanarias.com\/web\/teresa-cruz-gobierno-clavijo-se-limita-vender-humo-reduce-contabilizar-expedientes-derecho-subjetivo-las-personas\/#primaryimage"},"thumbnailUrl":"https:\/\/psoecanarias.com\/web\/wp-content\/uploads\/2018\/02\/TCOfeb182.jpeg","datePublished":"2018-02-21T12:09:48+00:00","author":{"@id":"https:\/\/psoecanarias.com\/web\/#\/schema\/person\/1ae43f9659d2fc599ca69c11e1dbf26f"},"breadcrumb":{"@id":"https:\/\/psoecanarias.com\/web\/teresa-cruz-gobierno-clavijo-se-limita-vender-humo-reduce-contabilizar-expedientes-derecho-subjetivo-las-personas\/#breadcrumb"},"inLanguage":"es","potentialAction":[{"@type":"ReadAction","target":["https:\/\/psoecanarias.com\/web\/teresa-cruz-gobierno-clavijo-se-limita-vender-humo-reduce-contabilizar-expedientes-derecho-subjetivo-las-personas\/"]}]},{"@type":"ImageObject","inLanguage":"es","@id":"https:\/\/psoecanarias.com\/web\/teresa-cruz-gobierno-clavijo-se-limita-vender-humo-reduce-contabilizar-expedientes-derecho-subjetivo-las-personas\/#primaryimage","url":"https:\/\/psoecanarias.com\/web\/wp-content\/uploads\/2018\/02\/TCOfeb182.jpeg","contentUrl":"https:\/\/psoecanarias.com\/web\/wp-content\/uploads\/2018\/02\/TCOfeb182.jpeg","width":1066,"height":1600},{"@type":"BreadcrumbList","@id":"https:\/\/psoecanarias.com\/web\/teresa-cruz-gobierno-clavijo-se-limita-vender-humo-reduce-contabilizar-expedientes-derecho-subjetivo-las-personas\/#breadcrumb","itemListElement":[{"@type":"ListItem","position":1,"name":"Portada","item":"https:\/\/psoecanarias.com\/web\/"},{"@type":"ListItem","position":2,"name":"Teresa Cruz: \u201cEl Gobierno Clavijo se limita a vender humo mientras reduce a contabilizar expedientes un derecho subjetivo de las personas\u201d"}]},{"@type":"WebSite","@id":"https:\/\/psoecanarias.com\/web\/#website","url":"https:\/\/psoecanarias.com\/web\/","name":"PSOE Canarias","description":"Partido Socialista Obrero Espa\u00f1ol Canarias","potentialAction":[{"@type":"SearchAction","target":{"@type":"EntryPoint","urlTemplate":"https:\/\/psoecanarias.com\/web\/?s={search_term_string}"},"query-input":{"@type":"PropertyValueSpecification","valueRequired":true,"valueName":"search_term_string"}}],"inLanguage":"es"},{"@type":"Person","@id":"https:\/\/psoecanarias.com\/web\/#\/schema\/person\/1ae43f9659d2fc599ca69c11e1dbf26f","name":"PSOE Canarias","image":{"@type":"ImageObject","inLanguage":"es","@id":"https:\/\/secure.gravatar.com\/avatar\/4364d37f6f6f9cdb7af199b46151565f37d8a8c3c0e04c1d78c04e857a15e3a8?s=96&d=mm&r=g","url":"https:\/\/secure.gravatar.com\/avatar\/4364d37f6f6f9cdb7af199b46151565f37d8a8c3c0e04c1d78c04e857a15e3a8?s=96&d=mm&r=g","contentUrl":"https:\/\/secure.gravatar.com\/avatar\/4364d37f6f6f9cdb7af199b46151565f37d8a8c3c0e04c1d78c04e857a15e3a8?s=96&d=mm&r=g","caption":"PSOE Canarias"},"url":"https:\/\/psoecanarias.com\/web\/author\/admin\/"}]}},"_links":{"self":[{"href":"https:\/\/psoecanarias.com\/web\/wp-json\/wp\/v2\/posts\/4688","targetHints":{"allow":["GET"]}}],"collection":[{"href":"https:\/\/psoecanarias.com\/web\/wp-json\/wp\/v2\/posts"}],"about":[{"href":"https:\/\/psoecanarias.com\/web\/wp-json\/wp\/v2\/types\/post"}],"author":[{"embeddable":true,"href":"https:\/\/psoecanarias.com\/web\/wp-json\/wp\/v2\/users\/1"}],"replies":[{"embeddable":true,"href":"https:\/\/psoecanarias.com\/web\/wp-json\/wp\/v2\/comments?post=4688"}],"version-history":[{"count":1,"href":"https:\/\/psoecanarias.com\/web\/wp-json\/wp\/v2\/posts\/4688\/revisions"}],"predecessor-version":[{"id":4690,"href":"https:\/\/psoecanarias.com\/web\/wp-json\/wp\/v2\/posts\/4688\/revisions\/4690"}],"wp:featuredmedia":[{"embeddable":true,"href":"https:\/\/psoecanarias.com\/web\/wp-json\/wp\/v2\/media\/4689"}],"wp:attachment":[{"href":"https:\/\/psoecanarias.com\/web\/wp-json\/wp\/v2\/media?parent=4688"}],"wp:term":[{"taxonomy":"category","embeddable":true,"href":"https:\/\/psoecanarias.com\/web\/wp-json\/wp\/v2\/categories?post=4688"},{"taxonomy":"post_tag","embeddable":true,"href":"https:\/\/psoecanarias.com\/web\/wp-json\/wp\/v2\/tags?post=4688"}],"curies":[{"name":"wp","href":"https:\/\/api.w.org\/{rel}","templated":true}]}}