{"id":4695,"date":"2018-02-22T11:17:20","date_gmt":"2018-02-22T11:17:20","guid":{"rendered":"http:\/\/psoecanarias.com\/web\/?p=4695"},"modified":"2018-02-22T11:17:20","modified_gmt":"2018-02-22T11:17:20","slug":"psoe-canarias-insta-al-pp-derogar-reforma-laboral-ha-traido-precariedad-pobreza-e-inestabilidad","status":"publish","type":"post","link":"https:\/\/psoecanarias.com\/web\/psoe-canarias-insta-al-pp-derogar-reforma-laboral-ha-traido-precariedad-pobreza-e-inestabilidad\/","title":{"rendered":"PSOE Canarias insta al PP a derogar su reforma laboral que ha tra\u00eddo precariedad, pobreza e inestabilidad"},"content":{"rendered":"<div>\n<div>El Partido Socialista de Canarias insta al Partido Popular a que derogue su reforma laboral, que cumple seis a\u00f1os, y que ha tra\u00eddo a la ciudadan\u00eda\u00a0\u00a0precariedad, temporalidad, fraude y abuso empresarial.<\/div>\n<\/div>\n<div><\/div>\n<div>El Secretario General, \u00c1ngel V\u00edctor Torres, ha mantenido el primer encuentro oficial con su hom\u00f3logo en UGT Canarias, Gustavo Santana, para abordar la problem\u00e1tica laboral en el Archipi\u00e9lago. Ambos han coincidido en que\u00a0\u00a0es\u00a0indispensable la derogaci\u00f3n de la reforma laboral y la aprobaci\u00f3n de un nuevo Estatuto de los Trabajadores que tenga el consenso de los agentes sociales.<\/div>\n<div><\/div>\n<div>\u00c1ngel V\u00edctor Torres afirma que &#8220;hay que actualizar la reforma laboral que hizo el PSOE porque los momentos de hoy no son los momentos de entonces cuando se elabor\u00f3 y derogar la que implant\u00f3 el PP. Sobre todo cuando la diferencia entre los que m\u00e1s tienen y los que menos poseen es cada vez mayor y, en Canarias, el 44 por ciento de la poblaci\u00f3n est\u00e1 sufriendo la pobreza&#8221;.<\/div>\n<div><\/div>\n<div>&#8220;Actualmente contamos con trabajadores y trabajadoras, que tienen un empleo, pero que son pobres, que no llegan a final de mes, que no pueden sostener la econom\u00eda familiar&#8221;, asegura el Secretario General del PSOE Canarias.<\/div>\n<div><\/div>\n<div>El PSOE en Canarias apela a aprovechar los cambios para construir un mercado laboral inclusivo, con pol\u00edticas p\u00fablicas que aseguren que nadie se quede fuera de este modelo productivo. Sobre todo aprovechar estos cambios tambi\u00e9n para corregir las disfunciones de la reforma laboral del PP.<\/div>\n<div><\/div>\n<div>El Secretario General del PSOE Canarias ha manifestado la coincidencia con UGT Canarias de que los Presupuestos en el Archipi\u00e9lago &#8220;supon\u00edan un cambio social y econ\u00f3micos. Lo que empez\u00f3 siendo una ilusi\u00f3n y esperanza se ha convertido en oportunidad perdida. No se corresponden con las necesidades de las personas que m\u00e1s lo necesitan, aquellas que no hacen la declaraci\u00f3n de la renta porque no superan los 14.000 euros anuales de ingresos&#8221;.<\/div>\n<div><\/div>\n<div>UGT y PSOE Canarias tambi\u00e9n est\u00e1n de acuerdo en que para los Presupuestos en Canarias no ha habido una carga fiscal justa.<\/div>\n<div><\/div>\n<div>&#8220;Es necesario &#8211; a\u00f1ade \u00c1ngel V\u00edctor Torres &#8211; un marco legal integral que remueva las dificultades en el acceso al mercado laboral de las mujeres y en su promoci\u00f3n profesional y que impulse medidas de conciliaci\u00f3n y corresponsabilidad&#8221;.<\/div>\n<div><\/div>\n<div>Ambas formaciones han hablado de la necesidad de conocer los planes formativos de las pol\u00edticas activas de empleo y saber d\u00f3nde se est\u00e1n empleando a nivel insular. &#8220;Tenemos que trabajar y gestionarlos juntos para que no se produzcan desequilibrios insulares. El porcentaje de las pol\u00edticas de empleo del FDCAN se tienen que establecer seg\u00fan criterios poblacionales&#8221;, afirma Gustavo Santana.<\/div>\n<div><\/div>\n<div>\n<div>Para el Partido Socialista y UGT Canarias es indispensable que la Renta Social Garantizada, que es de 353 euros, se complemente con el IPREM o el salario m\u00ednimo para poder llegar hasta los 537 euros. &#8220;Una diferencia que permitir\u00eda a las familias poder salir de la situaci\u00f3n de precariedad a la que est\u00e1 sometida en algunos casos&#8221;, concluy\u00f3 \u00c1ngel V\u00edctor Torres.<\/div>\n<div class=\"yj6qo\"><\/div>\n<\/div>\n","protected":false},"excerpt":{"rendered":"<p>El Partido Socialista de Canarias insta al Partido Popular a que derogue su reforma laboral, que cumple seis a\u00f1os, y que ha tra\u00eddo a la ciudadan\u00eda\u00a0\u00a0precariedad, temporalidad, fraude y abuso empresarial. El Secretario General, \u00c1ngel V\u00edctor Torres, ha mantenido el primer encuentro oficial con su hom\u00f3logo en UGT Canarias, Gustavo Santana, para abordar la problem\u00e1tica [&hellip;]<\/p>\n","protected":false},"author":1,"featured_media":4696,"comment_status":"open","ping_status":"open","sticky":false,"template":"","format":"standard","meta":{"footnotes":""},"categories":[7],"tags":[],"class_list":["post-4695","post","type-post","status-publish","format-standard","has-post-thumbnail","hentry","category-politica"],"featured_image_src":"https:\/\/psoecanarias.com\/web\/wp-content\/uploads\/2018\/02\/Reunio--n-AV-Torres-Gustavo-Santana-E-Manez.jpeg","author_info":{"display_name":"PSOE Canarias","author_link":"https:\/\/psoecanarias.com\/web\/author\/admin\/"},"yoast_head":"<!-- This site is optimized with the Yoast SEO plugin v27.2 - https:\/\/yoast.com\/product\/yoast-seo-wordpress\/ -->\n<title>PSOE Canarias insta al PP a derogar su reforma laboral que ha tra\u00eddo precariedad, pobreza e inestabilidad | PSOE Canarias<\/title>\n<meta name=\"robots\" content=\"index, follow, max-snippet:-1, max-image-preview:large, max-video-preview:-1\" \/>\n<link rel=\"canonical\" href=\"https:\/\/psoecanarias.com\/web\/psoe-canarias-insta-al-pp-derogar-reforma-laboral-ha-traido-precariedad-pobreza-e-inestabilidad\/\" \/>\n<meta property=\"og:locale\" content=\"es_ES\" \/>\n<meta property=\"og:type\" content=\"article\" \/>\n<meta property=\"og:title\" content=\"PSOE Canarias insta al PP a derogar su reforma laboral que ha tra\u00eddo precariedad, pobreza e inestabilidad | PSOE Canarias\" \/>\n<meta property=\"og:description\" content=\"El Partido Socialista de Canarias insta al Partido Popular a que derogue su reforma laboral, que cumple seis a\u00f1os, y que ha tra\u00eddo a la ciudadan\u00eda\u00a0\u00a0precariedad, temporalidad, fraude y abuso empresarial. El Secretario General, \u00c1ngel V\u00edctor Torres, ha mantenido el primer encuentro oficial con su hom\u00f3logo en UGT Canarias, Gustavo Santana, para abordar la problem\u00e1tica [&hellip;]\" \/>\n<meta property=\"og:url\" content=\"https:\/\/psoecanarias.com\/web\/psoe-canarias-insta-al-pp-derogar-reforma-laboral-ha-traido-precariedad-pobreza-e-inestabilidad\/\" \/>\n<meta property=\"og:site_name\" content=\"PSOE Canarias\" \/>\n<meta property=\"article:published_time\" content=\"2018-02-22T11:17:20+00:00\" \/>\n<meta property=\"og:image\" content=\"https:\/\/psoecanarias.com\/web\/wp-content\/uploads\/2018\/02\/Reunio--n-AV-Torres-Gustavo-Santana-E-Manez.jpeg\" \/>\n\t<meta property=\"og:image:width\" content=\"1024\" \/>\n\t<meta property=\"og:image:height\" content=\"768\" \/>\n\t<meta property=\"og:image:type\" content=\"image\/jpeg\" \/>\n<meta name=\"author\" content=\"PSOE Canarias\" \/>\n<meta name=\"twitter:card\" content=\"summary_large_image\" \/>\n<script type=\"application\/ld+json\" class=\"yoast-schema-graph\">{\"@context\":\"https:\/\/schema.org\",\"@graph\":[{\"@type\":\"Article\",\"@id\":\"https:\/\/psoecanarias.com\/web\/psoe-canarias-insta-al-pp-derogar-reforma-laboral-ha-traido-precariedad-pobreza-e-inestabilidad\/#article\",\"isPartOf\":{\"@id\":\"https:\/\/psoecanarias.com\/web\/psoe-canarias-insta-al-pp-derogar-reforma-laboral-ha-traido-precariedad-pobreza-e-inestabilidad\/\"},\"author\":{\"name\":\"PSOE Canarias\",\"@id\":\"https:\/\/psoecanarias.com\/web\/#\/schema\/person\/1ae43f9659d2fc599ca69c11e1dbf26f\"},\"headline\":\"PSOE Canarias insta al PP a derogar su reforma laboral que ha tra\u00eddo precariedad, pobreza e inestabilidad\",\"datePublished\":\"2018-02-22T11:17:20+00:00\",\"mainEntityOfPage\":{\"@id\":\"https:\/\/psoecanarias.com\/web\/psoe-canarias-insta-al-pp-derogar-reforma-laboral-ha-traido-precariedad-pobreza-e-inestabilidad\/\"},\"wordCount\":542,\"commentCount\":0,\"image\":{\"@id\":\"https:\/\/psoecanarias.com\/web\/psoe-canarias-insta-al-pp-derogar-reforma-laboral-ha-traido-precariedad-pobreza-e-inestabilidad\/#primaryimage\"},\"thumbnailUrl\":\"https:\/\/psoecanarias.com\/web\/wp-content\/uploads\/2018\/02\/Reunio--n-AV-Torres-Gustavo-Santana-E-Manez.jpeg\",\"articleSection\":[\"Pol\u00edtica\"],\"inLanguage\":\"es\",\"potentialAction\":[{\"@type\":\"CommentAction\",\"name\":\"Comment\",\"target\":[\"https:\/\/psoecanarias.com\/web\/psoe-canarias-insta-al-pp-derogar-reforma-laboral-ha-traido-precariedad-pobreza-e-inestabilidad\/#respond\"]}]},{\"@type\":\"WebPage\",\"@id\":\"https:\/\/psoecanarias.com\/web\/psoe-canarias-insta-al-pp-derogar-reforma-laboral-ha-traido-precariedad-pobreza-e-inestabilidad\/\",\"url\":\"https:\/\/psoecanarias.com\/web\/psoe-canarias-insta-al-pp-derogar-reforma-laboral-ha-traido-precariedad-pobreza-e-inestabilidad\/\",\"name\":\"PSOE Canarias insta al PP a derogar su reforma laboral que ha tra\u00eddo precariedad, pobreza e inestabilidad | PSOE Canarias\",\"isPartOf\":{\"@id\":\"https:\/\/psoecanarias.com\/web\/#website\"},\"primaryImageOfPage\":{\"@id\":\"https:\/\/psoecanarias.com\/web\/psoe-canarias-insta-al-pp-derogar-reforma-laboral-ha-traido-precariedad-pobreza-e-inestabilidad\/#primaryimage\"},\"image\":{\"@id\":\"https:\/\/psoecanarias.com\/web\/psoe-canarias-insta-al-pp-derogar-reforma-laboral-ha-traido-precariedad-pobreza-e-inestabilidad\/#primaryimage\"},\"thumbnailUrl\":\"https:\/\/psoecanarias.com\/web\/wp-content\/uploads\/2018\/02\/Reunio--n-AV-Torres-Gustavo-Santana-E-Manez.jpeg\",\"datePublished\":\"2018-02-22T11:17:20+00:00\",\"author\":{\"@id\":\"https:\/\/psoecanarias.com\/web\/#\/schema\/person\/1ae43f9659d2fc599ca69c11e1dbf26f\"},\"breadcrumb\":{\"@id\":\"https:\/\/psoecanarias.com\/web\/psoe-canarias-insta-al-pp-derogar-reforma-laboral-ha-traido-precariedad-pobreza-e-inestabilidad\/#breadcrumb\"},\"inLanguage\":\"es\",\"potentialAction\":[{\"@type\":\"ReadAction\",\"target\":[\"https:\/\/psoecanarias.com\/web\/psoe-canarias-insta-al-pp-derogar-reforma-laboral-ha-traido-precariedad-pobreza-e-inestabilidad\/\"]}]},{\"@type\":\"ImageObject\",\"inLanguage\":\"es\",\"@id\":\"https:\/\/psoecanarias.com\/web\/psoe-canarias-insta-al-pp-derogar-reforma-laboral-ha-traido-precariedad-pobreza-e-inestabilidad\/#primaryimage\",\"url\":\"https:\/\/psoecanarias.com\/web\/wp-content\/uploads\/2018\/02\/Reunio--n-AV-Torres-Gustavo-Santana-E-Manez.jpeg\",\"contentUrl\":\"https:\/\/psoecanarias.com\/web\/wp-content\/uploads\/2018\/02\/Reunio--n-AV-Torres-Gustavo-Santana-E-Manez.jpeg\",\"width\":1024,\"height\":768},{\"@type\":\"BreadcrumbList\",\"@id\":\"https:\/\/psoecanarias.com\/web\/psoe-canarias-insta-al-pp-derogar-reforma-laboral-ha-traido-precariedad-pobreza-e-inestabilidad\/#breadcrumb\",\"itemListElement\":[{\"@type\":\"ListItem\",\"position\":1,\"name\":\"Portada\",\"item\":\"https:\/\/psoecanarias.com\/web\/\"},{\"@type\":\"ListItem\",\"position\":2,\"name\":\"PSOE Canarias insta al PP a derogar su reforma laboral que ha tra\u00eddo precariedad, pobreza e inestabilidad\"}]},{\"@type\":\"WebSite\",\"@id\":\"https:\/\/psoecanarias.com\/web\/#website\",\"url\":\"https:\/\/psoecanarias.com\/web\/\",\"name\":\"PSOE Canarias\",\"description\":\"Partido Socialista Obrero Espa\u00f1ol Canarias\",\"potentialAction\":[{\"@type\":\"SearchAction\",\"target\":{\"@type\":\"EntryPoint\",\"urlTemplate\":\"https:\/\/psoecanarias.com\/web\/?s={search_term_string}\"},\"query-input\":{\"@type\":\"PropertyValueSpecification\",\"valueRequired\":true,\"valueName\":\"search_term_string\"}}],\"inLanguage\":\"es\"},{\"@type\":\"Person\",\"@id\":\"https:\/\/psoecanarias.com\/web\/#\/schema\/person\/1ae43f9659d2fc599ca69c11e1dbf26f\",\"name\":\"PSOE Canarias\",\"image\":{\"@type\":\"ImageObject\",\"inLanguage\":\"es\",\"@id\":\"https:\/\/secure.gravatar.com\/avatar\/4364d37f6f6f9cdb7af199b46151565f37d8a8c3c0e04c1d78c04e857a15e3a8?s=96&d=mm&r=g\",\"url\":\"https:\/\/secure.gravatar.com\/avatar\/4364d37f6f6f9cdb7af199b46151565f37d8a8c3c0e04c1d78c04e857a15e3a8?s=96&d=mm&r=g\",\"contentUrl\":\"https:\/\/secure.gravatar.com\/avatar\/4364d37f6f6f9cdb7af199b46151565f37d8a8c3c0e04c1d78c04e857a15e3a8?s=96&d=mm&r=g\",\"caption\":\"PSOE Canarias\"},\"url\":\"https:\/\/psoecanarias.com\/web\/author\/admin\/\"}]}<\/script>\n<!-- \/ Yoast SEO plugin. -->","yoast_head_json":{"title":"PSOE Canarias insta al PP a derogar su reforma laboral que ha tra\u00eddo precariedad, pobreza e inestabilidad | PSOE Canarias","robots":{"index":"index","follow":"follow","max-snippet":"max-snippet:-1","max-image-preview":"max-image-preview:large","max-video-preview":"max-video-preview:-1"},"canonical":"https:\/\/psoecanarias.com\/web\/psoe-canarias-insta-al-pp-derogar-reforma-laboral-ha-traido-precariedad-pobreza-e-inestabilidad\/","og_locale":"es_ES","og_type":"article","og_title":"PSOE Canarias insta al PP a derogar su reforma laboral que ha tra\u00eddo precariedad, pobreza e inestabilidad | PSOE Canarias","og_description":"El Partido Socialista de Canarias insta al Partido Popular a que derogue su reforma laboral, que cumple seis a\u00f1os, y que ha tra\u00eddo a la ciudadan\u00eda\u00a0\u00a0precariedad, temporalidad, fraude y abuso empresarial. El Secretario General, \u00c1ngel V\u00edctor Torres, ha mantenido el primer encuentro oficial con su hom\u00f3logo en UGT Canarias, Gustavo Santana, para abordar la problem\u00e1tica [&hellip;]","og_url":"https:\/\/psoecanarias.com\/web\/psoe-canarias-insta-al-pp-derogar-reforma-laboral-ha-traido-precariedad-pobreza-e-inestabilidad\/","og_site_name":"PSOE Canarias","article_published_time":"2018-02-22T11:17:20+00:00","og_image":[{"width":1024,"height":768,"url":"https:\/\/psoecanarias.com\/web\/wp-content\/uploads\/2018\/02\/Reunio--n-AV-Torres-Gustavo-Santana-E-Manez.jpeg","type":"image\/jpeg"}],"author":"PSOE Canarias","twitter_card":"summary_large_image","schema":{"@context":"https:\/\/schema.org","@graph":[{"@type":"Article","@id":"https:\/\/psoecanarias.com\/web\/psoe-canarias-insta-al-pp-derogar-reforma-laboral-ha-traido-precariedad-pobreza-e-inestabilidad\/#article","isPartOf":{"@id":"https:\/\/psoecanarias.com\/web\/psoe-canarias-insta-al-pp-derogar-reforma-laboral-ha-traido-precariedad-pobreza-e-inestabilidad\/"},"author":{"name":"PSOE Canarias","@id":"https:\/\/psoecanarias.com\/web\/#\/schema\/person\/1ae43f9659d2fc599ca69c11e1dbf26f"},"headline":"PSOE Canarias insta al PP a derogar su reforma laboral que ha tra\u00eddo precariedad, pobreza e inestabilidad","datePublished":"2018-02-22T11:17:20+00:00","mainEntityOfPage":{"@id":"https:\/\/psoecanarias.com\/web\/psoe-canarias-insta-al-pp-derogar-reforma-laboral-ha-traido-precariedad-pobreza-e-inestabilidad\/"},"wordCount":542,"commentCount":0,"image":{"@id":"https:\/\/psoecanarias.com\/web\/psoe-canarias-insta-al-pp-derogar-reforma-laboral-ha-traido-precariedad-pobreza-e-inestabilidad\/#primaryimage"},"thumbnailUrl":"https:\/\/psoecanarias.com\/web\/wp-content\/uploads\/2018\/02\/Reunio--n-AV-Torres-Gustavo-Santana-E-Manez.jpeg","articleSection":["Pol\u00edtica"],"inLanguage":"es","potentialAction":[{"@type":"CommentAction","name":"Comment","target":["https:\/\/psoecanarias.com\/web\/psoe-canarias-insta-al-pp-derogar-reforma-laboral-ha-traido-precariedad-pobreza-e-inestabilidad\/#respond"]}]},{"@type":"WebPage","@id":"https:\/\/psoecanarias.com\/web\/psoe-canarias-insta-al-pp-derogar-reforma-laboral-ha-traido-precariedad-pobreza-e-inestabilidad\/","url":"https:\/\/psoecanarias.com\/web\/psoe-canarias-insta-al-pp-derogar-reforma-laboral-ha-traido-precariedad-pobreza-e-inestabilidad\/","name":"PSOE Canarias insta al PP a derogar su reforma laboral que ha tra\u00eddo precariedad, pobreza e inestabilidad | PSOE Canarias","isPartOf":{"@id":"https:\/\/psoecanarias.com\/web\/#website"},"primaryImageOfPage":{"@id":"https:\/\/psoecanarias.com\/web\/psoe-canarias-insta-al-pp-derogar-reforma-laboral-ha-traido-precariedad-pobreza-e-inestabilidad\/#primaryimage"},"image":{"@id":"https:\/\/psoecanarias.com\/web\/psoe-canarias-insta-al-pp-derogar-reforma-laboral-ha-traido-precariedad-pobreza-e-inestabilidad\/#primaryimage"},"thumbnailUrl":"https:\/\/psoecanarias.com\/web\/wp-content\/uploads\/2018\/02\/Reunio--n-AV-Torres-Gustavo-Santana-E-Manez.jpeg","datePublished":"2018-02-22T11:17:20+00:00","author":{"@id":"https:\/\/psoecanarias.com\/web\/#\/schema\/person\/1ae43f9659d2fc599ca69c11e1dbf26f"},"breadcrumb":{"@id":"https:\/\/psoecanarias.com\/web\/psoe-canarias-insta-al-pp-derogar-reforma-laboral-ha-traido-precariedad-pobreza-e-inestabilidad\/#breadcrumb"},"inLanguage":"es","potentialAction":[{"@type":"ReadAction","target":["https:\/\/psoecanarias.com\/web\/psoe-canarias-insta-al-pp-derogar-reforma-laboral-ha-traido-precariedad-pobreza-e-inestabilidad\/"]}]},{"@type":"ImageObject","inLanguage":"es","@id":"https:\/\/psoecanarias.com\/web\/psoe-canarias-insta-al-pp-derogar-reforma-laboral-ha-traido-precariedad-pobreza-e-inestabilidad\/#primaryimage","url":"https:\/\/psoecanarias.com\/web\/wp-content\/uploads\/2018\/02\/Reunio--n-AV-Torres-Gustavo-Santana-E-Manez.jpeg","contentUrl":"https:\/\/psoecanarias.com\/web\/wp-content\/uploads\/2018\/02\/Reunio--n-AV-Torres-Gustavo-Santana-E-Manez.jpeg","width":1024,"height":768},{"@type":"BreadcrumbList","@id":"https:\/\/psoecanarias.com\/web\/psoe-canarias-insta-al-pp-derogar-reforma-laboral-ha-traido-precariedad-pobreza-e-inestabilidad\/#breadcrumb","itemListElement":[{"@type":"ListItem","position":1,"name":"Portada","item":"https:\/\/psoecanarias.com\/web\/"},{"@type":"ListItem","position":2,"name":"PSOE Canarias insta al PP a derogar su reforma laboral que ha tra\u00eddo precariedad, pobreza e inestabilidad"}]},{"@type":"WebSite","@id":"https:\/\/psoecanarias.com\/web\/#website","url":"https:\/\/psoecanarias.com\/web\/","name":"PSOE Canarias","description":"Partido Socialista Obrero Espa\u00f1ol Canarias","potentialAction":[{"@type":"SearchAction","target":{"@type":"EntryPoint","urlTemplate":"https:\/\/psoecanarias.com\/web\/?s={search_term_string}"},"query-input":{"@type":"PropertyValueSpecification","valueRequired":true,"valueName":"search_term_string"}}],"inLanguage":"es"},{"@type":"Person","@id":"https:\/\/psoecanarias.com\/web\/#\/schema\/person\/1ae43f9659d2fc599ca69c11e1dbf26f","name":"PSOE Canarias","image":{"@type":"ImageObject","inLanguage":"es","@id":"https:\/\/secure.gravatar.com\/avatar\/4364d37f6f6f9cdb7af199b46151565f37d8a8c3c0e04c1d78c04e857a15e3a8?s=96&d=mm&r=g","url":"https:\/\/secure.gravatar.com\/avatar\/4364d37f6f6f9cdb7af199b46151565f37d8a8c3c0e04c1d78c04e857a15e3a8?s=96&d=mm&r=g","contentUrl":"https:\/\/secure.gravatar.com\/avatar\/4364d37f6f6f9cdb7af199b46151565f37d8a8c3c0e04c1d78c04e857a15e3a8?s=96&d=mm&r=g","caption":"PSOE Canarias"},"url":"https:\/\/psoecanarias.com\/web\/author\/admin\/"}]}},"_links":{"self":[{"href":"https:\/\/psoecanarias.com\/web\/wp-json\/wp\/v2\/posts\/4695","targetHints":{"allow":["GET"]}}],"collection":[{"href":"https:\/\/psoecanarias.com\/web\/wp-json\/wp\/v2\/posts"}],"about":[{"href":"https:\/\/psoecanarias.com\/web\/wp-json\/wp\/v2\/types\/post"}],"author":[{"embeddable":true,"href":"https:\/\/psoecanarias.com\/web\/wp-json\/wp\/v2\/users\/1"}],"replies":[{"embeddable":true,"href":"https:\/\/psoecanarias.com\/web\/wp-json\/wp\/v2\/comments?post=4695"}],"version-history":[{"count":1,"href":"https:\/\/psoecanarias.com\/web\/wp-json\/wp\/v2\/posts\/4695\/revisions"}],"predecessor-version":[{"id":4697,"href":"https:\/\/psoecanarias.com\/web\/wp-json\/wp\/v2\/posts\/4695\/revisions\/4697"}],"wp:featuredmedia":[{"embeddable":true,"href":"https:\/\/psoecanarias.com\/web\/wp-json\/wp\/v2\/media\/4696"}],"wp:attachment":[{"href":"https:\/\/psoecanarias.com\/web\/wp-json\/wp\/v2\/media?parent=4695"}],"wp:term":[{"taxonomy":"category","embeddable":true,"href":"https:\/\/psoecanarias.com\/web\/wp-json\/wp\/v2\/categories?post=4695"},{"taxonomy":"post_tag","embeddable":true,"href":"https:\/\/psoecanarias.com\/web\/wp-json\/wp\/v2\/tags?post=4695"}],"curies":[{"name":"wp","href":"https:\/\/api.w.org\/{rel}","templated":true}]}}