{"id":4700,"date":"2018-03-06T20:06:36","date_gmt":"2018-03-06T20:06:36","guid":{"rendered":"http:\/\/psoecanarias.com\/web\/?p=4700"},"modified":"2018-03-06T20:06:36","modified_gmt":"2018-03-06T20:06:36","slug":"psoe-lamenta-marta-cantero-carmen-zamora-no-hayan-apoyadas-consejo-rtvc","status":"publish","type":"post","link":"https:\/\/psoecanarias.com\/web\/psoe-lamenta-marta-cantero-carmen-zamora-no-hayan-apoyadas-consejo-rtvc\/","title":{"rendered":"El PSOE lamenta que Marta Cantero y Carmen Zamora no hayan sido apoyadas para el consejo de RTVC"},"content":{"rendered":"<p>El PSOE Canarias lamenta el resultado de la votaci\u00f3n a las vacantes del Consejo Rector de RTVC, por el que las profesionales propuestas, Marta Cantero y Carmen Zamora, han vuelto a ver rechazada su candidatura para acceder a este \u00f3rgano.<\/p>\n<p>En primer lugar, el PSOE Canarias manifiesta todo su apoyo y reconocimiento a Cantero y Zamora, a quienes pide disculpas por la incertidumbre de estos meses y por el resultado de esta nueva votaci\u00f3n.<\/p>\n<p>Hay que recordar que bastaba con 15 votos del PSOE, los 18 de CC y los 3 de ASG. No obstante, al parecer, un diputado o diputada socialista no cumpli\u00f3 con el mandato un\u00e1nime de la Direcci\u00f3n Regional, vulnerando los estatutos del Partido y, por tanto, colocando al resto de diputados y diputadas en una situaci\u00f3n que no merecen.<\/p>\n<p>El secretario de Organizaci\u00f3n del PSOE Canarias, Jorge Gonz\u00e1lez, quien ha estado presente en el pleno de hoy, expresa su malestar y tristeza por lo sucedido hoy. \u201cQuien ha roto la disciplina de voto tiene que asumir las consecuencias estatutariamente establecidas. Se indagar\u00e1 para que se puedan depurar responsabilidades\u201d.<\/p>\n<p>Gonz\u00e1lez subraya que el PSOE es un partido riguroso, de debate, que asume las decisiones democr\u00e1ticamente. \u201cLo que no puede aceptarse es que haya un diputado o diputada que, escondi\u00e9ndose bajo el anonimato, bajo un voto secreto, no respete la decisi\u00f3n de la organizaci\u00f3n y, con ello, tampoco a sus compa\u00f1eros y compa\u00f1eras de grupo\u201d, afirma.<\/p>\n<p>Por \u00faltimo, afirma que la persona que ha \u201cactuado con tal nivel de deslealtad se ha colocado voluntariamente fuera del PSOE\u201d.<\/p>\n","protected":false},"excerpt":{"rendered":"<p>El PSOE Canarias lamenta el resultado de la votaci\u00f3n a las vacantes del Consejo Rector de RTVC, por el que las profesionales propuestas, Marta Cantero y Carmen Zamora, han vuelto a ver rechazada su candidatura para acceder a este \u00f3rgano. En primer lugar, el PSOE Canarias manifiesta todo su apoyo y reconocimiento a Cantero y [&hellip;]<\/p>\n","protected":false},"author":1,"featured_media":8406,"comment_status":"open","ping_status":"open","sticky":false,"template":"","format":"standard","meta":{"footnotes":""},"categories":[7],"tags":[],"class_list":["post-4700","post","type-post","status-publish","format-standard","has-post-thumbnail","hentry","category-politica"],"featured_image_src":"https:\/\/psoecanarias.com\/web\/wp-content\/uploads\/2020\/03\/thumb_noimages.jpg","author_info":{"display_name":"PSOE Canarias","author_link":"https:\/\/psoecanarias.com\/web\/author\/admin\/"},"yoast_head":"<!-- This site is optimized with the Yoast SEO plugin v27.2 - https:\/\/yoast.com\/product\/yoast-seo-wordpress\/ -->\n<title>El PSOE lamenta que Marta Cantero y Carmen Zamora no hayan sido apoyadas para el consejo de RTVC | PSOE Canarias<\/title>\n<meta name=\"robots\" content=\"index, follow, max-snippet:-1, max-image-preview:large, max-video-preview:-1\" \/>\n<link rel=\"canonical\" href=\"https:\/\/psoecanarias.com\/web\/psoe-lamenta-marta-cantero-carmen-zamora-no-hayan-apoyadas-consejo-rtvc\/\" \/>\n<meta property=\"og:locale\" content=\"es_ES\" \/>\n<meta property=\"og:type\" content=\"article\" \/>\n<meta property=\"og:title\" content=\"El PSOE lamenta que Marta Cantero y Carmen Zamora no hayan sido apoyadas para el consejo de RTVC | PSOE Canarias\" \/>\n<meta property=\"og:description\" content=\"El PSOE Canarias lamenta el resultado de la votaci\u00f3n a las vacantes del Consejo Rector de RTVC, por el que las profesionales propuestas, Marta Cantero y Carmen Zamora, han vuelto a ver rechazada su candidatura para acceder a este \u00f3rgano. En primer lugar, el PSOE Canarias manifiesta todo su apoyo y reconocimiento a Cantero y [&hellip;]\" \/>\n<meta property=\"og:url\" content=\"https:\/\/psoecanarias.com\/web\/psoe-lamenta-marta-cantero-carmen-zamora-no-hayan-apoyadas-consejo-rtvc\/\" \/>\n<meta property=\"og:site_name\" content=\"PSOE Canarias\" \/>\n<meta property=\"article:published_time\" content=\"2018-03-06T20:06:36+00:00\" \/>\n<meta property=\"og:image\" content=\"https:\/\/psoecanarias.com\/web\/wp-content\/uploads\/2020\/03\/thumb_noimages.jpg\" \/>\n\t<meta property=\"og:image:width\" content=\"303\" \/>\n\t<meta property=\"og:image:height\" content=\"200\" \/>\n\t<meta property=\"og:image:type\" content=\"image\/jpeg\" \/>\n<meta name=\"author\" content=\"PSOE Canarias\" \/>\n<meta name=\"twitter:card\" content=\"summary_large_image\" \/>\n<script type=\"application\/ld+json\" class=\"yoast-schema-graph\">{\"@context\":\"https:\/\/schema.org\",\"@graph\":[{\"@type\":\"Article\",\"@id\":\"https:\/\/psoecanarias.com\/web\/psoe-lamenta-marta-cantero-carmen-zamora-no-hayan-apoyadas-consejo-rtvc\/#article\",\"isPartOf\":{\"@id\":\"https:\/\/psoecanarias.com\/web\/psoe-lamenta-marta-cantero-carmen-zamora-no-hayan-apoyadas-consejo-rtvc\/\"},\"author\":{\"name\":\"PSOE Canarias\",\"@id\":\"https:\/\/psoecanarias.com\/web\/#\/schema\/person\/1ae43f9659d2fc599ca69c11e1dbf26f\"},\"headline\":\"El PSOE lamenta que Marta Cantero y Carmen Zamora no hayan sido apoyadas para el consejo de RTVC\",\"datePublished\":\"2018-03-06T20:06:36+00:00\",\"mainEntityOfPage\":{\"@id\":\"https:\/\/psoecanarias.com\/web\/psoe-lamenta-marta-cantero-carmen-zamora-no-hayan-apoyadas-consejo-rtvc\/\"},\"wordCount\":288,\"commentCount\":1,\"image\":{\"@id\":\"https:\/\/psoecanarias.com\/web\/psoe-lamenta-marta-cantero-carmen-zamora-no-hayan-apoyadas-consejo-rtvc\/#primaryimage\"},\"thumbnailUrl\":\"https:\/\/psoecanarias.com\/web\/wp-content\/uploads\/2020\/03\/thumb_noimages.jpg\",\"articleSection\":[\"Pol\u00edtica\"],\"inLanguage\":\"es\",\"potentialAction\":[{\"@type\":\"CommentAction\",\"name\":\"Comment\",\"target\":[\"https:\/\/psoecanarias.com\/web\/psoe-lamenta-marta-cantero-carmen-zamora-no-hayan-apoyadas-consejo-rtvc\/#respond\"]}]},{\"@type\":\"WebPage\",\"@id\":\"https:\/\/psoecanarias.com\/web\/psoe-lamenta-marta-cantero-carmen-zamora-no-hayan-apoyadas-consejo-rtvc\/\",\"url\":\"https:\/\/psoecanarias.com\/web\/psoe-lamenta-marta-cantero-carmen-zamora-no-hayan-apoyadas-consejo-rtvc\/\",\"name\":\"El PSOE lamenta que Marta Cantero y Carmen Zamora no hayan sido apoyadas para el consejo de RTVC | PSOE Canarias\",\"isPartOf\":{\"@id\":\"https:\/\/psoecanarias.com\/web\/#website\"},\"primaryImageOfPage\":{\"@id\":\"https:\/\/psoecanarias.com\/web\/psoe-lamenta-marta-cantero-carmen-zamora-no-hayan-apoyadas-consejo-rtvc\/#primaryimage\"},\"image\":{\"@id\":\"https:\/\/psoecanarias.com\/web\/psoe-lamenta-marta-cantero-carmen-zamora-no-hayan-apoyadas-consejo-rtvc\/#primaryimage\"},\"thumbnailUrl\":\"https:\/\/psoecanarias.com\/web\/wp-content\/uploads\/2020\/03\/thumb_noimages.jpg\",\"datePublished\":\"2018-03-06T20:06:36+00:00\",\"author\":{\"@id\":\"https:\/\/psoecanarias.com\/web\/#\/schema\/person\/1ae43f9659d2fc599ca69c11e1dbf26f\"},\"breadcrumb\":{\"@id\":\"https:\/\/psoecanarias.com\/web\/psoe-lamenta-marta-cantero-carmen-zamora-no-hayan-apoyadas-consejo-rtvc\/#breadcrumb\"},\"inLanguage\":\"es\",\"potentialAction\":[{\"@type\":\"ReadAction\",\"target\":[\"https:\/\/psoecanarias.com\/web\/psoe-lamenta-marta-cantero-carmen-zamora-no-hayan-apoyadas-consejo-rtvc\/\"]}]},{\"@type\":\"ImageObject\",\"inLanguage\":\"es\",\"@id\":\"https:\/\/psoecanarias.com\/web\/psoe-lamenta-marta-cantero-carmen-zamora-no-hayan-apoyadas-consejo-rtvc\/#primaryimage\",\"url\":\"https:\/\/psoecanarias.com\/web\/wp-content\/uploads\/2020\/03\/thumb_noimages.jpg\",\"contentUrl\":\"https:\/\/psoecanarias.com\/web\/wp-content\/uploads\/2020\/03\/thumb_noimages.jpg\",\"width\":303,\"height\":200},{\"@type\":\"BreadcrumbList\",\"@id\":\"https:\/\/psoecanarias.com\/web\/psoe-lamenta-marta-cantero-carmen-zamora-no-hayan-apoyadas-consejo-rtvc\/#breadcrumb\",\"itemListElement\":[{\"@type\":\"ListItem\",\"position\":1,\"name\":\"Portada\",\"item\":\"https:\/\/psoecanarias.com\/web\/\"},{\"@type\":\"ListItem\",\"position\":2,\"name\":\"El PSOE lamenta que Marta Cantero y Carmen Zamora no hayan sido apoyadas para el consejo de RTVC\"}]},{\"@type\":\"WebSite\",\"@id\":\"https:\/\/psoecanarias.com\/web\/#website\",\"url\":\"https:\/\/psoecanarias.com\/web\/\",\"name\":\"PSOE Canarias\",\"description\":\"Partido Socialista Obrero Espa\u00f1ol Canarias\",\"potentialAction\":[{\"@type\":\"SearchAction\",\"target\":{\"@type\":\"EntryPoint\",\"urlTemplate\":\"https:\/\/psoecanarias.com\/web\/?s={search_term_string}\"},\"query-input\":{\"@type\":\"PropertyValueSpecification\",\"valueRequired\":true,\"valueName\":\"search_term_string\"}}],\"inLanguage\":\"es\"},{\"@type\":\"Person\",\"@id\":\"https:\/\/psoecanarias.com\/web\/#\/schema\/person\/1ae43f9659d2fc599ca69c11e1dbf26f\",\"name\":\"PSOE Canarias\",\"image\":{\"@type\":\"ImageObject\",\"inLanguage\":\"es\",\"@id\":\"https:\/\/secure.gravatar.com\/avatar\/4364d37f6f6f9cdb7af199b46151565f37d8a8c3c0e04c1d78c04e857a15e3a8?s=96&d=mm&r=g\",\"url\":\"https:\/\/secure.gravatar.com\/avatar\/4364d37f6f6f9cdb7af199b46151565f37d8a8c3c0e04c1d78c04e857a15e3a8?s=96&d=mm&r=g\",\"contentUrl\":\"https:\/\/secure.gravatar.com\/avatar\/4364d37f6f6f9cdb7af199b46151565f37d8a8c3c0e04c1d78c04e857a15e3a8?s=96&d=mm&r=g\",\"caption\":\"PSOE Canarias\"},\"url\":\"https:\/\/psoecanarias.com\/web\/author\/admin\/\"}]}<\/script>\n<!-- \/ Yoast SEO plugin. -->","yoast_head_json":{"title":"El PSOE lamenta que Marta Cantero y Carmen Zamora no hayan sido apoyadas para el consejo de RTVC | PSOE Canarias","robots":{"index":"index","follow":"follow","max-snippet":"max-snippet:-1","max-image-preview":"max-image-preview:large","max-video-preview":"max-video-preview:-1"},"canonical":"https:\/\/psoecanarias.com\/web\/psoe-lamenta-marta-cantero-carmen-zamora-no-hayan-apoyadas-consejo-rtvc\/","og_locale":"es_ES","og_type":"article","og_title":"El PSOE lamenta que Marta Cantero y Carmen Zamora no hayan sido apoyadas para el consejo de RTVC | PSOE Canarias","og_description":"El PSOE Canarias lamenta el resultado de la votaci\u00f3n a las vacantes del Consejo Rector de RTVC, por el que las profesionales propuestas, Marta Cantero y Carmen Zamora, han vuelto a ver rechazada su candidatura para acceder a este \u00f3rgano. En primer lugar, el PSOE Canarias manifiesta todo su apoyo y reconocimiento a Cantero y [&hellip;]","og_url":"https:\/\/psoecanarias.com\/web\/psoe-lamenta-marta-cantero-carmen-zamora-no-hayan-apoyadas-consejo-rtvc\/","og_site_name":"PSOE Canarias","article_published_time":"2018-03-06T20:06:36+00:00","og_image":[{"width":303,"height":200,"url":"https:\/\/psoecanarias.com\/web\/wp-content\/uploads\/2020\/03\/thumb_noimages.jpg","type":"image\/jpeg"}],"author":"PSOE Canarias","twitter_card":"summary_large_image","schema":{"@context":"https:\/\/schema.org","@graph":[{"@type":"Article","@id":"https:\/\/psoecanarias.com\/web\/psoe-lamenta-marta-cantero-carmen-zamora-no-hayan-apoyadas-consejo-rtvc\/#article","isPartOf":{"@id":"https:\/\/psoecanarias.com\/web\/psoe-lamenta-marta-cantero-carmen-zamora-no-hayan-apoyadas-consejo-rtvc\/"},"author":{"name":"PSOE Canarias","@id":"https:\/\/psoecanarias.com\/web\/#\/schema\/person\/1ae43f9659d2fc599ca69c11e1dbf26f"},"headline":"El PSOE lamenta que Marta Cantero y Carmen Zamora no hayan sido apoyadas para el consejo de RTVC","datePublished":"2018-03-06T20:06:36+00:00","mainEntityOfPage":{"@id":"https:\/\/psoecanarias.com\/web\/psoe-lamenta-marta-cantero-carmen-zamora-no-hayan-apoyadas-consejo-rtvc\/"},"wordCount":288,"commentCount":1,"image":{"@id":"https:\/\/psoecanarias.com\/web\/psoe-lamenta-marta-cantero-carmen-zamora-no-hayan-apoyadas-consejo-rtvc\/#primaryimage"},"thumbnailUrl":"https:\/\/psoecanarias.com\/web\/wp-content\/uploads\/2020\/03\/thumb_noimages.jpg","articleSection":["Pol\u00edtica"],"inLanguage":"es","potentialAction":[{"@type":"CommentAction","name":"Comment","target":["https:\/\/psoecanarias.com\/web\/psoe-lamenta-marta-cantero-carmen-zamora-no-hayan-apoyadas-consejo-rtvc\/#respond"]}]},{"@type":"WebPage","@id":"https:\/\/psoecanarias.com\/web\/psoe-lamenta-marta-cantero-carmen-zamora-no-hayan-apoyadas-consejo-rtvc\/","url":"https:\/\/psoecanarias.com\/web\/psoe-lamenta-marta-cantero-carmen-zamora-no-hayan-apoyadas-consejo-rtvc\/","name":"El PSOE lamenta que Marta Cantero y Carmen Zamora no hayan sido apoyadas para el consejo de RTVC | PSOE Canarias","isPartOf":{"@id":"https:\/\/psoecanarias.com\/web\/#website"},"primaryImageOfPage":{"@id":"https:\/\/psoecanarias.com\/web\/psoe-lamenta-marta-cantero-carmen-zamora-no-hayan-apoyadas-consejo-rtvc\/#primaryimage"},"image":{"@id":"https:\/\/psoecanarias.com\/web\/psoe-lamenta-marta-cantero-carmen-zamora-no-hayan-apoyadas-consejo-rtvc\/#primaryimage"},"thumbnailUrl":"https:\/\/psoecanarias.com\/web\/wp-content\/uploads\/2020\/03\/thumb_noimages.jpg","datePublished":"2018-03-06T20:06:36+00:00","author":{"@id":"https:\/\/psoecanarias.com\/web\/#\/schema\/person\/1ae43f9659d2fc599ca69c11e1dbf26f"},"breadcrumb":{"@id":"https:\/\/psoecanarias.com\/web\/psoe-lamenta-marta-cantero-carmen-zamora-no-hayan-apoyadas-consejo-rtvc\/#breadcrumb"},"inLanguage":"es","potentialAction":[{"@type":"ReadAction","target":["https:\/\/psoecanarias.com\/web\/psoe-lamenta-marta-cantero-carmen-zamora-no-hayan-apoyadas-consejo-rtvc\/"]}]},{"@type":"ImageObject","inLanguage":"es","@id":"https:\/\/psoecanarias.com\/web\/psoe-lamenta-marta-cantero-carmen-zamora-no-hayan-apoyadas-consejo-rtvc\/#primaryimage","url":"https:\/\/psoecanarias.com\/web\/wp-content\/uploads\/2020\/03\/thumb_noimages.jpg","contentUrl":"https:\/\/psoecanarias.com\/web\/wp-content\/uploads\/2020\/03\/thumb_noimages.jpg","width":303,"height":200},{"@type":"BreadcrumbList","@id":"https:\/\/psoecanarias.com\/web\/psoe-lamenta-marta-cantero-carmen-zamora-no-hayan-apoyadas-consejo-rtvc\/#breadcrumb","itemListElement":[{"@type":"ListItem","position":1,"name":"Portada","item":"https:\/\/psoecanarias.com\/web\/"},{"@type":"ListItem","position":2,"name":"El PSOE lamenta que Marta Cantero y Carmen Zamora no hayan sido apoyadas para el consejo de RTVC"}]},{"@type":"WebSite","@id":"https:\/\/psoecanarias.com\/web\/#website","url":"https:\/\/psoecanarias.com\/web\/","name":"PSOE Canarias","description":"Partido Socialista Obrero Espa\u00f1ol Canarias","potentialAction":[{"@type":"SearchAction","target":{"@type":"EntryPoint","urlTemplate":"https:\/\/psoecanarias.com\/web\/?s={search_term_string}"},"query-input":{"@type":"PropertyValueSpecification","valueRequired":true,"valueName":"search_term_string"}}],"inLanguage":"es"},{"@type":"Person","@id":"https:\/\/psoecanarias.com\/web\/#\/schema\/person\/1ae43f9659d2fc599ca69c11e1dbf26f","name":"PSOE Canarias","image":{"@type":"ImageObject","inLanguage":"es","@id":"https:\/\/secure.gravatar.com\/avatar\/4364d37f6f6f9cdb7af199b46151565f37d8a8c3c0e04c1d78c04e857a15e3a8?s=96&d=mm&r=g","url":"https:\/\/secure.gravatar.com\/avatar\/4364d37f6f6f9cdb7af199b46151565f37d8a8c3c0e04c1d78c04e857a15e3a8?s=96&d=mm&r=g","contentUrl":"https:\/\/secure.gravatar.com\/avatar\/4364d37f6f6f9cdb7af199b46151565f37d8a8c3c0e04c1d78c04e857a15e3a8?s=96&d=mm&r=g","caption":"PSOE Canarias"},"url":"https:\/\/psoecanarias.com\/web\/author\/admin\/"}]}},"_links":{"self":[{"href":"https:\/\/psoecanarias.com\/web\/wp-json\/wp\/v2\/posts\/4700","targetHints":{"allow":["GET"]}}],"collection":[{"href":"https:\/\/psoecanarias.com\/web\/wp-json\/wp\/v2\/posts"}],"about":[{"href":"https:\/\/psoecanarias.com\/web\/wp-json\/wp\/v2\/types\/post"}],"author":[{"embeddable":true,"href":"https:\/\/psoecanarias.com\/web\/wp-json\/wp\/v2\/users\/1"}],"replies":[{"embeddable":true,"href":"https:\/\/psoecanarias.com\/web\/wp-json\/wp\/v2\/comments?post=4700"}],"version-history":[{"count":1,"href":"https:\/\/psoecanarias.com\/web\/wp-json\/wp\/v2\/posts\/4700\/revisions"}],"predecessor-version":[{"id":4701,"href":"https:\/\/psoecanarias.com\/web\/wp-json\/wp\/v2\/posts\/4700\/revisions\/4701"}],"wp:featuredmedia":[{"embeddable":true,"href":"https:\/\/psoecanarias.com\/web\/wp-json\/wp\/v2\/media\/8406"}],"wp:attachment":[{"href":"https:\/\/psoecanarias.com\/web\/wp-json\/wp\/v2\/media?parent=4700"}],"wp:term":[{"taxonomy":"category","embeddable":true,"href":"https:\/\/psoecanarias.com\/web\/wp-json\/wp\/v2\/categories?post=4700"},{"taxonomy":"post_tag","embeddable":true,"href":"https:\/\/psoecanarias.com\/web\/wp-json\/wp\/v2\/tags?post=4700"}],"curies":[{"name":"wp","href":"https:\/\/api.w.org\/{rel}","templated":true}]}}