{"id":4705,"date":"2018-03-09T16:15:49","date_gmt":"2018-03-09T16:15:49","guid":{"rendered":"http:\/\/psoecanarias.com\/web\/?p=4705"},"modified":"2018-03-09T16:15:49","modified_gmt":"2018-03-09T16:15:49","slug":"psoe-presenta-lunes-propuesta-modificacion-la-ley-rtvc","status":"publish","type":"post","link":"https:\/\/psoecanarias.com\/web\/psoe-presenta-lunes-propuesta-modificacion-la-ley-rtvc\/","title":{"rendered":"El PSOE presenta el lunes su propuesta de modificaci\u00f3n de la ley de RTVC"},"content":{"rendered":"<p style=\"font-weight: 400;\">El PSOE Canarias, tal y como han venido anunciando su secretario general, \u00c1ngel V\u00edctor Torres, y la portavoz parlamentaria, Dolores Corujo, registrar\u00e1 el pr\u00f3ximo lunes su propuesta de modificaci\u00f3n de la Ley de RTVC, documento que responde tambi\u00e9n a uno de los acuerdos adoptados por la Comisi\u00f3n Ejecutiva Regional en su reuni\u00f3n celebrada en La Palma el pasado 3 de marzo.<\/p>\n<p style=\"font-weight: 400;\">Torres explica que con esta proposici\u00f3n de ley se da un primer paso para asegurar la prestaci\u00f3n de unos servicios informativos \u00edntegramente p\u00fablicos. Para ello, se sustituye el mandato marco por una carta de servicio p\u00fablico que, si bien mantiene en el Parlamento la decisi\u00f3n sobre su aprobaci\u00f3n, garantiza en su elaboraci\u00f3n la participaci\u00f3n del Gobierno a efectos de establecer un marco plurianual de aportaciones presupuestarias.<\/p>\n<p style=\"font-weight: 400;\">Adem\u00e1s, mediante una disposici\u00f3n adicional, se mandata un estudio econ\u00f3mico y jur\u00eddico independiente que establezca los costes y los procedimientos a abordar de cara a una futura integraci\u00f3n.<\/p>\n<p style=\"font-weight: 400;\">El secretario general considera que el modelo vigente de RTVC debe ser reforzado y dotado de mayor seguridad jur\u00eddica. \u201cCon los cambios propuestos no pretendemos revertir el modelo de la ley de 2014, sino desarrollarlo y perfeccionarlo corrigiendo las carencias detectadas en su primera etapa de aplicaci\u00f3n\u201d, explica.<\/p>\n<p style=\"font-weight: 400;\">Con la iniciativa del PSOE se configura una direcci\u00f3n general como \u00f3rgano ejecutivo, as\u00ed como un consejo de administraci\u00f3n encargado de su fiscalizaci\u00f3n y respaldo, manteniendo este \u00f3rgano colegiado importantes facultades en las decisiones pol\u00edticas del ente desde la mayor agilidad. El consejo de administraci\u00f3n tendr\u00eda entre 5 y 7 miembros, con un presidente\/a y, por otro lado, el director o directora general. Asimismo, la presidencia del consejo ser\u00eda rotatoria.<\/p>\n<p style=\"font-weight: 400;\">En coherencia con la modificaci\u00f3n de la ley canaria de igualdad registrada por el Grupo Parlamentario Socialista esta misma semana, la propuesta del PSOE para RTVC establece mecanismos para garantizar la representaci\u00f3n de las mujeres en el \u00f3rgano, reserv\u00e1ndoles un m\u00ednimo de puestos.<\/p>\n<p style=\"font-weight: 400;\">Para el consejo asesor, contempla dos representantes de los trabajadores y trabajadoras de la propia casa y dos de las empresas, aumentando su representaci\u00f3n.<\/p>\n<p style=\"font-weight: 400;\">Tanto la direcci\u00f3n general como el consejo de administraci\u00f3n los elegir\u00eda el Parlamento con mayor\u00edas reforzadas. Por otra parte, el PSOE comparte que se agilicen los procedimientos para ocupar las vacantes, \u201cporque no es admisible que pasen meses y meses sin ser cubiertas\u201d. Se\u00f1ala que debe hacerse cuanto antes \u201cpor una mejor operatividad\u201d.<\/p>\n<p style=\"font-weight: 400;\">\u00c1ngel V\u00edctor Torres apela al consenso para sacar adelante todas estas propuestas contenidas en la modificaci\u00f3n que defiende el PSOE. Por \u00faltimo, recuerda que el PSOE Canarias, en la reuni\u00f3n celebrada por su Comisi\u00f3n Ejecutiva Regional el 14 de noviembre de 2017, acord\u00f3 presentar una propuesta para modificar la ley actual para, entre otras cuestiones, apostar por la gesti\u00f3n p\u00fablica de los servicios informativos.<\/p>\n","protected":false},"excerpt":{"rendered":"<p>El PSOE Canarias, tal y como han venido anunciando su secretario general, \u00c1ngel V\u00edctor Torres, y la portavoz parlamentaria, Dolores Corujo, registrar\u00e1 el pr\u00f3ximo lunes su propuesta de modificaci\u00f3n de la Ley de RTVC, documento que responde tambi\u00e9n a uno de los acuerdos adoptados por la Comisi\u00f3n Ejecutiva Regional en su reuni\u00f3n celebrada en La [&hellip;]<\/p>\n","protected":false},"author":1,"featured_media":4632,"comment_status":"open","ping_status":"open","sticky":false,"template":"","format":"standard","meta":{"footnotes":""},"categories":[7],"tags":[],"class_list":["post-4705","post","type-post","status-publish","format-standard","has-post-thumbnail","hentry","category-politica"],"featured_image_src":"https:\/\/psoecanarias.com\/web\/wp-content\/uploads\/2018\/02\/050218.-RP-PSOE-1.jpg","author_info":{"display_name":"PSOE Canarias","author_link":"https:\/\/psoecanarias.com\/web\/author\/admin\/"},"yoast_head":"<!-- This site is optimized with the Yoast SEO plugin v27.2 - https:\/\/yoast.com\/product\/yoast-seo-wordpress\/ -->\n<title>El PSOE presenta el lunes su propuesta de modificaci\u00f3n de la ley de RTVC | PSOE Canarias<\/title>\n<meta name=\"robots\" content=\"index, follow, max-snippet:-1, max-image-preview:large, max-video-preview:-1\" \/>\n<link rel=\"canonical\" href=\"https:\/\/psoecanarias.com\/web\/psoe-presenta-lunes-propuesta-modificacion-la-ley-rtvc\/\" \/>\n<meta property=\"og:locale\" content=\"es_ES\" \/>\n<meta property=\"og:type\" content=\"article\" \/>\n<meta property=\"og:title\" content=\"El PSOE presenta el lunes su propuesta de modificaci\u00f3n de la ley de RTVC | PSOE Canarias\" \/>\n<meta property=\"og:description\" content=\"El PSOE Canarias, tal y como han venido anunciando su secretario general, \u00c1ngel V\u00edctor Torres, y la portavoz parlamentaria, Dolores Corujo, registrar\u00e1 el pr\u00f3ximo lunes su propuesta de modificaci\u00f3n de la Ley de RTVC, documento que responde tambi\u00e9n a uno de los acuerdos adoptados por la Comisi\u00f3n Ejecutiva Regional en su reuni\u00f3n celebrada en La [&hellip;]\" \/>\n<meta property=\"og:url\" content=\"https:\/\/psoecanarias.com\/web\/psoe-presenta-lunes-propuesta-modificacion-la-ley-rtvc\/\" \/>\n<meta property=\"og:site_name\" content=\"PSOE Canarias\" \/>\n<meta property=\"article:published_time\" content=\"2018-03-09T16:15:49+00:00\" \/>\n<meta property=\"og:image\" content=\"https:\/\/psoecanarias.com\/web\/wp-content\/uploads\/2018\/02\/050218.-RP-PSOE-1.jpg\" \/>\n\t<meta property=\"og:image:width\" content=\"2000\" \/>\n\t<meta property=\"og:image:height\" content=\"1335\" \/>\n\t<meta property=\"og:image:type\" content=\"image\/jpeg\" \/>\n<meta name=\"author\" content=\"PSOE Canarias\" \/>\n<meta name=\"twitter:card\" content=\"summary_large_image\" \/>\n<script type=\"application\/ld+json\" class=\"yoast-schema-graph\">{\"@context\":\"https:\/\/schema.org\",\"@graph\":[{\"@type\":\"Article\",\"@id\":\"https:\/\/psoecanarias.com\/web\/psoe-presenta-lunes-propuesta-modificacion-la-ley-rtvc\/#article\",\"isPartOf\":{\"@id\":\"https:\/\/psoecanarias.com\/web\/psoe-presenta-lunes-propuesta-modificacion-la-ley-rtvc\/\"},\"author\":{\"name\":\"PSOE Canarias\",\"@id\":\"https:\/\/psoecanarias.com\/web\/#\/schema\/person\/1ae43f9659d2fc599ca69c11e1dbf26f\"},\"headline\":\"El PSOE presenta el lunes su propuesta de modificaci\u00f3n de la ley de RTVC\",\"datePublished\":\"2018-03-09T16:15:49+00:00\",\"mainEntityOfPage\":{\"@id\":\"https:\/\/psoecanarias.com\/web\/psoe-presenta-lunes-propuesta-modificacion-la-ley-rtvc\/\"},\"wordCount\":511,\"commentCount\":0,\"image\":{\"@id\":\"https:\/\/psoecanarias.com\/web\/psoe-presenta-lunes-propuesta-modificacion-la-ley-rtvc\/#primaryimage\"},\"thumbnailUrl\":\"https:\/\/psoecanarias.com\/web\/wp-content\/uploads\/2018\/02\/050218.-RP-PSOE-1.jpg\",\"articleSection\":[\"Pol\u00edtica\"],\"inLanguage\":\"es\",\"potentialAction\":[{\"@type\":\"CommentAction\",\"name\":\"Comment\",\"target\":[\"https:\/\/psoecanarias.com\/web\/psoe-presenta-lunes-propuesta-modificacion-la-ley-rtvc\/#respond\"]}]},{\"@type\":\"WebPage\",\"@id\":\"https:\/\/psoecanarias.com\/web\/psoe-presenta-lunes-propuesta-modificacion-la-ley-rtvc\/\",\"url\":\"https:\/\/psoecanarias.com\/web\/psoe-presenta-lunes-propuesta-modificacion-la-ley-rtvc\/\",\"name\":\"El PSOE presenta el lunes su propuesta de modificaci\u00f3n de la ley de RTVC | PSOE Canarias\",\"isPartOf\":{\"@id\":\"https:\/\/psoecanarias.com\/web\/#website\"},\"primaryImageOfPage\":{\"@id\":\"https:\/\/psoecanarias.com\/web\/psoe-presenta-lunes-propuesta-modificacion-la-ley-rtvc\/#primaryimage\"},\"image\":{\"@id\":\"https:\/\/psoecanarias.com\/web\/psoe-presenta-lunes-propuesta-modificacion-la-ley-rtvc\/#primaryimage\"},\"thumbnailUrl\":\"https:\/\/psoecanarias.com\/web\/wp-content\/uploads\/2018\/02\/050218.-RP-PSOE-1.jpg\",\"datePublished\":\"2018-03-09T16:15:49+00:00\",\"author\":{\"@id\":\"https:\/\/psoecanarias.com\/web\/#\/schema\/person\/1ae43f9659d2fc599ca69c11e1dbf26f\"},\"breadcrumb\":{\"@id\":\"https:\/\/psoecanarias.com\/web\/psoe-presenta-lunes-propuesta-modificacion-la-ley-rtvc\/#breadcrumb\"},\"inLanguage\":\"es\",\"potentialAction\":[{\"@type\":\"ReadAction\",\"target\":[\"https:\/\/psoecanarias.com\/web\/psoe-presenta-lunes-propuesta-modificacion-la-ley-rtvc\/\"]}]},{\"@type\":\"ImageObject\",\"inLanguage\":\"es\",\"@id\":\"https:\/\/psoecanarias.com\/web\/psoe-presenta-lunes-propuesta-modificacion-la-ley-rtvc\/#primaryimage\",\"url\":\"https:\/\/psoecanarias.com\/web\/wp-content\/uploads\/2018\/02\/050218.-RP-PSOE-1.jpg\",\"contentUrl\":\"https:\/\/psoecanarias.com\/web\/wp-content\/uploads\/2018\/02\/050218.-RP-PSOE-1.jpg\",\"width\":2000,\"height\":1335},{\"@type\":\"BreadcrumbList\",\"@id\":\"https:\/\/psoecanarias.com\/web\/psoe-presenta-lunes-propuesta-modificacion-la-ley-rtvc\/#breadcrumb\",\"itemListElement\":[{\"@type\":\"ListItem\",\"position\":1,\"name\":\"Portada\",\"item\":\"https:\/\/psoecanarias.com\/web\/\"},{\"@type\":\"ListItem\",\"position\":2,\"name\":\"El PSOE presenta el lunes su propuesta de modificaci\u00f3n de la ley de RTVC\"}]},{\"@type\":\"WebSite\",\"@id\":\"https:\/\/psoecanarias.com\/web\/#website\",\"url\":\"https:\/\/psoecanarias.com\/web\/\",\"name\":\"PSOE Canarias\",\"description\":\"Partido Socialista Obrero Espa\u00f1ol Canarias\",\"potentialAction\":[{\"@type\":\"SearchAction\",\"target\":{\"@type\":\"EntryPoint\",\"urlTemplate\":\"https:\/\/psoecanarias.com\/web\/?s={search_term_string}\"},\"query-input\":{\"@type\":\"PropertyValueSpecification\",\"valueRequired\":true,\"valueName\":\"search_term_string\"}}],\"inLanguage\":\"es\"},{\"@type\":\"Person\",\"@id\":\"https:\/\/psoecanarias.com\/web\/#\/schema\/person\/1ae43f9659d2fc599ca69c11e1dbf26f\",\"name\":\"PSOE Canarias\",\"image\":{\"@type\":\"ImageObject\",\"inLanguage\":\"es\",\"@id\":\"https:\/\/secure.gravatar.com\/avatar\/4364d37f6f6f9cdb7af199b46151565f37d8a8c3c0e04c1d78c04e857a15e3a8?s=96&d=mm&r=g\",\"url\":\"https:\/\/secure.gravatar.com\/avatar\/4364d37f6f6f9cdb7af199b46151565f37d8a8c3c0e04c1d78c04e857a15e3a8?s=96&d=mm&r=g\",\"contentUrl\":\"https:\/\/secure.gravatar.com\/avatar\/4364d37f6f6f9cdb7af199b46151565f37d8a8c3c0e04c1d78c04e857a15e3a8?s=96&d=mm&r=g\",\"caption\":\"PSOE Canarias\"},\"url\":\"https:\/\/psoecanarias.com\/web\/author\/admin\/\"}]}<\/script>\n<!-- \/ Yoast SEO plugin. -->","yoast_head_json":{"title":"El PSOE presenta el lunes su propuesta de modificaci\u00f3n de la ley de RTVC | PSOE Canarias","robots":{"index":"index","follow":"follow","max-snippet":"max-snippet:-1","max-image-preview":"max-image-preview:large","max-video-preview":"max-video-preview:-1"},"canonical":"https:\/\/psoecanarias.com\/web\/psoe-presenta-lunes-propuesta-modificacion-la-ley-rtvc\/","og_locale":"es_ES","og_type":"article","og_title":"El PSOE presenta el lunes su propuesta de modificaci\u00f3n de la ley de RTVC | PSOE Canarias","og_description":"El PSOE Canarias, tal y como han venido anunciando su secretario general, \u00c1ngel V\u00edctor Torres, y la portavoz parlamentaria, Dolores Corujo, registrar\u00e1 el pr\u00f3ximo lunes su propuesta de modificaci\u00f3n de la Ley de RTVC, documento que responde tambi\u00e9n a uno de los acuerdos adoptados por la Comisi\u00f3n Ejecutiva Regional en su reuni\u00f3n celebrada en La [&hellip;]","og_url":"https:\/\/psoecanarias.com\/web\/psoe-presenta-lunes-propuesta-modificacion-la-ley-rtvc\/","og_site_name":"PSOE Canarias","article_published_time":"2018-03-09T16:15:49+00:00","og_image":[{"width":2000,"height":1335,"url":"https:\/\/psoecanarias.com\/web\/wp-content\/uploads\/2018\/02\/050218.-RP-PSOE-1.jpg","type":"image\/jpeg"}],"author":"PSOE Canarias","twitter_card":"summary_large_image","schema":{"@context":"https:\/\/schema.org","@graph":[{"@type":"Article","@id":"https:\/\/psoecanarias.com\/web\/psoe-presenta-lunes-propuesta-modificacion-la-ley-rtvc\/#article","isPartOf":{"@id":"https:\/\/psoecanarias.com\/web\/psoe-presenta-lunes-propuesta-modificacion-la-ley-rtvc\/"},"author":{"name":"PSOE Canarias","@id":"https:\/\/psoecanarias.com\/web\/#\/schema\/person\/1ae43f9659d2fc599ca69c11e1dbf26f"},"headline":"El PSOE presenta el lunes su propuesta de modificaci\u00f3n de la ley de RTVC","datePublished":"2018-03-09T16:15:49+00:00","mainEntityOfPage":{"@id":"https:\/\/psoecanarias.com\/web\/psoe-presenta-lunes-propuesta-modificacion-la-ley-rtvc\/"},"wordCount":511,"commentCount":0,"image":{"@id":"https:\/\/psoecanarias.com\/web\/psoe-presenta-lunes-propuesta-modificacion-la-ley-rtvc\/#primaryimage"},"thumbnailUrl":"https:\/\/psoecanarias.com\/web\/wp-content\/uploads\/2018\/02\/050218.-RP-PSOE-1.jpg","articleSection":["Pol\u00edtica"],"inLanguage":"es","potentialAction":[{"@type":"CommentAction","name":"Comment","target":["https:\/\/psoecanarias.com\/web\/psoe-presenta-lunes-propuesta-modificacion-la-ley-rtvc\/#respond"]}]},{"@type":"WebPage","@id":"https:\/\/psoecanarias.com\/web\/psoe-presenta-lunes-propuesta-modificacion-la-ley-rtvc\/","url":"https:\/\/psoecanarias.com\/web\/psoe-presenta-lunes-propuesta-modificacion-la-ley-rtvc\/","name":"El PSOE presenta el lunes su propuesta de modificaci\u00f3n de la ley de RTVC | PSOE Canarias","isPartOf":{"@id":"https:\/\/psoecanarias.com\/web\/#website"},"primaryImageOfPage":{"@id":"https:\/\/psoecanarias.com\/web\/psoe-presenta-lunes-propuesta-modificacion-la-ley-rtvc\/#primaryimage"},"image":{"@id":"https:\/\/psoecanarias.com\/web\/psoe-presenta-lunes-propuesta-modificacion-la-ley-rtvc\/#primaryimage"},"thumbnailUrl":"https:\/\/psoecanarias.com\/web\/wp-content\/uploads\/2018\/02\/050218.-RP-PSOE-1.jpg","datePublished":"2018-03-09T16:15:49+00:00","author":{"@id":"https:\/\/psoecanarias.com\/web\/#\/schema\/person\/1ae43f9659d2fc599ca69c11e1dbf26f"},"breadcrumb":{"@id":"https:\/\/psoecanarias.com\/web\/psoe-presenta-lunes-propuesta-modificacion-la-ley-rtvc\/#breadcrumb"},"inLanguage":"es","potentialAction":[{"@type":"ReadAction","target":["https:\/\/psoecanarias.com\/web\/psoe-presenta-lunes-propuesta-modificacion-la-ley-rtvc\/"]}]},{"@type":"ImageObject","inLanguage":"es","@id":"https:\/\/psoecanarias.com\/web\/psoe-presenta-lunes-propuesta-modificacion-la-ley-rtvc\/#primaryimage","url":"https:\/\/psoecanarias.com\/web\/wp-content\/uploads\/2018\/02\/050218.-RP-PSOE-1.jpg","contentUrl":"https:\/\/psoecanarias.com\/web\/wp-content\/uploads\/2018\/02\/050218.-RP-PSOE-1.jpg","width":2000,"height":1335},{"@type":"BreadcrumbList","@id":"https:\/\/psoecanarias.com\/web\/psoe-presenta-lunes-propuesta-modificacion-la-ley-rtvc\/#breadcrumb","itemListElement":[{"@type":"ListItem","position":1,"name":"Portada","item":"https:\/\/psoecanarias.com\/web\/"},{"@type":"ListItem","position":2,"name":"El PSOE presenta el lunes su propuesta de modificaci\u00f3n de la ley de RTVC"}]},{"@type":"WebSite","@id":"https:\/\/psoecanarias.com\/web\/#website","url":"https:\/\/psoecanarias.com\/web\/","name":"PSOE Canarias","description":"Partido Socialista Obrero Espa\u00f1ol Canarias","potentialAction":[{"@type":"SearchAction","target":{"@type":"EntryPoint","urlTemplate":"https:\/\/psoecanarias.com\/web\/?s={search_term_string}"},"query-input":{"@type":"PropertyValueSpecification","valueRequired":true,"valueName":"search_term_string"}}],"inLanguage":"es"},{"@type":"Person","@id":"https:\/\/psoecanarias.com\/web\/#\/schema\/person\/1ae43f9659d2fc599ca69c11e1dbf26f","name":"PSOE Canarias","image":{"@type":"ImageObject","inLanguage":"es","@id":"https:\/\/secure.gravatar.com\/avatar\/4364d37f6f6f9cdb7af199b46151565f37d8a8c3c0e04c1d78c04e857a15e3a8?s=96&d=mm&r=g","url":"https:\/\/secure.gravatar.com\/avatar\/4364d37f6f6f9cdb7af199b46151565f37d8a8c3c0e04c1d78c04e857a15e3a8?s=96&d=mm&r=g","contentUrl":"https:\/\/secure.gravatar.com\/avatar\/4364d37f6f6f9cdb7af199b46151565f37d8a8c3c0e04c1d78c04e857a15e3a8?s=96&d=mm&r=g","caption":"PSOE Canarias"},"url":"https:\/\/psoecanarias.com\/web\/author\/admin\/"}]}},"_links":{"self":[{"href":"https:\/\/psoecanarias.com\/web\/wp-json\/wp\/v2\/posts\/4705","targetHints":{"allow":["GET"]}}],"collection":[{"href":"https:\/\/psoecanarias.com\/web\/wp-json\/wp\/v2\/posts"}],"about":[{"href":"https:\/\/psoecanarias.com\/web\/wp-json\/wp\/v2\/types\/post"}],"author":[{"embeddable":true,"href":"https:\/\/psoecanarias.com\/web\/wp-json\/wp\/v2\/users\/1"}],"replies":[{"embeddable":true,"href":"https:\/\/psoecanarias.com\/web\/wp-json\/wp\/v2\/comments?post=4705"}],"version-history":[{"count":1,"href":"https:\/\/psoecanarias.com\/web\/wp-json\/wp\/v2\/posts\/4705\/revisions"}],"predecessor-version":[{"id":4706,"href":"https:\/\/psoecanarias.com\/web\/wp-json\/wp\/v2\/posts\/4705\/revisions\/4706"}],"wp:featuredmedia":[{"embeddable":true,"href":"https:\/\/psoecanarias.com\/web\/wp-json\/wp\/v2\/media\/4632"}],"wp:attachment":[{"href":"https:\/\/psoecanarias.com\/web\/wp-json\/wp\/v2\/media?parent=4705"}],"wp:term":[{"taxonomy":"category","embeddable":true,"href":"https:\/\/psoecanarias.com\/web\/wp-json\/wp\/v2\/categories?post=4705"},{"taxonomy":"post_tag","embeddable":true,"href":"https:\/\/psoecanarias.com\/web\/wp-json\/wp\/v2\/tags?post=4705"}],"curies":[{"name":"wp","href":"https:\/\/api.w.org\/{rel}","templated":true}]}}