{"id":4708,"date":"2018-03-12T17:56:05","date_gmt":"2018-03-12T17:56:05","guid":{"rendered":"http:\/\/psoecanarias.com\/web\/?p=4708"},"modified":"2018-03-12T17:56:05","modified_gmt":"2018-03-12T17:56:05","slug":"los-secretarios-insulares-canarias-cierran-filas-secretario-regional","status":"publish","type":"post","link":"https:\/\/psoecanarias.com\/web\/los-secretarios-insulares-canarias-cierran-filas-secretario-regional\/","title":{"rendered":"Los secretarios insulares de Canarias cierran filas con el secretario regional"},"content":{"rendered":"<p>El secretario regional del PSOE Canarias, \u00c1ngel V\u00edctor Torres, ha mantenido este lunes una reuni\u00f3n de trabajo con los secretarios generales insulares donde han cerrado filas y han aunado fuerzas para seguir trabajando en los asuntos que preocupan a la ciudadan\u00eda canaria.<\/p>\n<p>Parte de los mismos, ser\u00e1n trasladados, el pr\u00f3ximo jueves, al secretario federal del PSOE, Pedro S\u00e1nchez, en la reuni\u00f3n que \u00c1ngel V\u00edctor Torres mantendr\u00e1 en Madrid: \u201cUna agenda canaria, con cuestiones fundamentales y de trabajo inmediato para las islas\u201d, afirm\u00f3 el secretario de PSOE Canarias.<\/p>\n<p>Todos los secretarios insulares han estado de acuerdo en que tienen que estar ya presentados unos Presupuestos para Canarias. \u00c1ngel V\u00edctor Torres asevera que \u201cel PSOE ya ha adelantado que Rajoy debe presentarlos, o si no, someterse a una cuesti\u00f3n de confianza. Desde el PSOE en Canarias le trasladaremos, entonces, qu\u00e9 necesitamos se incluyan en ellos para poder trabajar desde las islas\u201d<\/p>\n<p>Otro de los asuntos de m\u00e1xima urgencia se centra en el convenio de carreteras por el que Canarias no puede seguir esperando , aunque PP y CC digan que la firma es inminente. \u201cTodos los secretarios insulares han reivindicado la urgencia de infraestructuras en sus islas y es lamentable que el PSOE, que tuvo \u00e1reas de gobierno en Canarias y lo reclam\u00f3, que lo ha llevado a las instituciones donde gobernamos, y ahora en la oposici\u00f3n del Gobierno de Canarias, tenga como \u00a0\u00fanica respuesta el que hay que tener Presupuestos aprobados \u00a0para que se produzca la firma. Es una mentira del gobierno central que cuenta con la complicidad de CC,\u00a0 \u00a0que no exige con rotundidad la firma, y que ese convenio \u00a0haya estado vigente a 1 de enero de 2018\u201d, manifiesta el secretario general.<\/p>\n<p>Adem\u00e1s, \u00c1ngel V\u00edctor Torres comunicar\u00e1 a Pedro S\u00e1nchez, la necesidad presupuestaria \u00a0de Canarias para convenios de car\u00e1cter hidr\u00e1ulico, entre otros, por el car\u00e1cter de ultraperificidad de las islas y su propio R\u00e9gimen Econ\u00f3mico y Fiscal.<\/p>\n<p>Los representantes socialistas han compartido tambi\u00e9n la necesidad de que se derogue la Ley de Racionalizaci\u00f3n de la Administraci\u00f3n Local aprobada por el Partido Popular, ya que, independientemente de la poblaci\u00f3n que tengan unos municipios u otros, todos ellos tienen que poder cubrir las necesidades de las personas que peor lo pasan desde los propios ayuntamientos. \u201cNosotros enmendaremos cualquier ley que tenga que ver con los Servicios Sociales para que cualquier ciudadano o ciudadana, viva en municipios de cualquier \u00a0poblaci\u00f3n, \u00a0tenga cubierto, desde su ayuntamiento, \u00a0el acceso a los servicios b\u00e1sicos\u201d, manifest\u00f3 Torres.<\/p>\n<p>Por \u00faltimo, en cuanto a la reforma del Estatuto, todos los secretarios insulares y el secretario regional, coinciden en que debe hacerse desde el consenso, pero no est\u00e1n de acuerdo con la propuesta de reforma electoral en Canarias de CC, que consiste en incrementar tres diputados, uno por Gran Canaria, otro por Tenerife y uno m\u00e1s por Fuerteventura.<\/p>\n<p>El PSOE no va a ser culpable del fracaso de la modificaci\u00f3n de la reforma electoral, por lo que debe hacerse de inmediato, \u00a0y le pedimos a CC una propuesta razonable, equilibrada, con f\u00f3rmulas para que se autorregule el Parlamento y no suponga m\u00e1s gasto. \u201cLa propuesta de reforma electoral de Coalici\u00f3n Canaria, y as\u00ed tambi\u00e9n lo consideran todos los secretarios insulares, es inaceptable; \u00a0\u00a0\u00a0no basta con incrementar uno, m\u00e1s uno, m\u00e1s uno, pues esa propuesta \u00a0no respeta la proporcionalidad ni la justicia que se demanda en nuestra tierra\u201d, asegura Torres.<\/p>\n<p>\u00c1ngel V\u00edctor Torres ha querido trasladar, y as\u00ed se lo har\u00e1 saber al secretario federal, Pedro S\u00e1nchez, que hay encuestas en Canarias, a las que el PSOE ha tenido acceso junto a otros partidos, que evidencian que en Canarias el PSOE, trabajando duro, va en el camino adecuado, \u00a0sumando apoyos entre los ciudadanos y ganando voto a voto. Los datos a los que ha accedido el PSOE son mejores que los del inmediato pasado, y \u00a0puede el PSOE Canarias \u00a0llegar a ser no s\u00f3lo la primera fuerza en votos, como \u00a0ya lo fue en 2015, sino \u00a0tambi\u00e9n en diputados en 2019.<\/p>\n<p>\u201cEs por este motivo por el que, quiz\u00e1, haya partidos que se han puesto nerviosos y han activado mecanismos para debilitar al PSOE en Canarias, que tiene en su capacidad de gobierno y en su historia su baza; y ese ser\u00e1 nuestro objetivo de futuro: que los canarios y canarias tengan en el gobierno de Canarias gobiernos como los que lideramos en instituciones canarias\u201d, concluy\u00f3<\/p>\n","protected":false},"excerpt":{"rendered":"<p>El secretario regional del PSOE Canarias, \u00c1ngel V\u00edctor Torres, ha mantenido este lunes una reuni\u00f3n de trabajo con los secretarios generales insulares donde han cerrado filas y han aunado fuerzas para seguir trabajando en los asuntos que preocupan a la ciudadan\u00eda canaria. Parte de los mismos, ser\u00e1n trasladados, el pr\u00f3ximo jueves, al secretario federal del [&hellip;]<\/p>\n","protected":false},"author":1,"featured_media":4709,"comment_status":"open","ping_status":"open","sticky":false,"template":"","format":"standard","meta":{"footnotes":""},"categories":[7],"tags":[],"class_list":["post-4708","post","type-post","status-publish","format-standard","has-post-thumbnail","hentry","category-politica"],"featured_image_src":"https:\/\/psoecanarias.com\/web\/wp-content\/uploads\/2018\/03\/Reunion-AV-con-secretarios-insulares.jpg","author_info":{"display_name":"PSOE Canarias","author_link":"https:\/\/psoecanarias.com\/web\/author\/admin\/"},"yoast_head":"<!-- This site is optimized with the Yoast SEO plugin v27.2 - https:\/\/yoast.com\/product\/yoast-seo-wordpress\/ -->\n<title>Los secretarios insulares de Canarias cierran filas con el secretario regional | PSOE Canarias<\/title>\n<meta name=\"robots\" content=\"index, follow, max-snippet:-1, max-image-preview:large, max-video-preview:-1\" \/>\n<link rel=\"canonical\" href=\"https:\/\/psoecanarias.com\/web\/los-secretarios-insulares-canarias-cierran-filas-secretario-regional\/\" \/>\n<meta property=\"og:locale\" content=\"es_ES\" \/>\n<meta property=\"og:type\" content=\"article\" \/>\n<meta property=\"og:title\" content=\"Los secretarios insulares de Canarias cierran filas con el secretario regional | PSOE Canarias\" \/>\n<meta property=\"og:description\" content=\"El secretario regional del PSOE Canarias, \u00c1ngel V\u00edctor Torres, ha mantenido este lunes una reuni\u00f3n de trabajo con los secretarios generales insulares donde han cerrado filas y han aunado fuerzas para seguir trabajando en los asuntos que preocupan a la ciudadan\u00eda canaria. Parte de los mismos, ser\u00e1n trasladados, el pr\u00f3ximo jueves, al secretario federal del [&hellip;]\" \/>\n<meta property=\"og:url\" content=\"https:\/\/psoecanarias.com\/web\/los-secretarios-insulares-canarias-cierran-filas-secretario-regional\/\" \/>\n<meta property=\"og:site_name\" content=\"PSOE Canarias\" \/>\n<meta property=\"article:published_time\" content=\"2018-03-12T17:56:05+00:00\" \/>\n<meta property=\"og:image\" content=\"https:\/\/psoecanarias.com\/web\/wp-content\/uploads\/2018\/03\/Reunion-AV-con-secretarios-insulares.jpg\" \/>\n\t<meta property=\"og:image:width\" content=\"4032\" \/>\n\t<meta property=\"og:image:height\" content=\"1565\" \/>\n\t<meta property=\"og:image:type\" content=\"image\/jpeg\" \/>\n<meta name=\"author\" content=\"PSOE Canarias\" \/>\n<meta name=\"twitter:card\" content=\"summary_large_image\" \/>\n<script type=\"application\/ld+json\" class=\"yoast-schema-graph\">{\"@context\":\"https:\/\/schema.org\",\"@graph\":[{\"@type\":\"Article\",\"@id\":\"https:\/\/psoecanarias.com\/web\/los-secretarios-insulares-canarias-cierran-filas-secretario-regional\/#article\",\"isPartOf\":{\"@id\":\"https:\/\/psoecanarias.com\/web\/los-secretarios-insulares-canarias-cierran-filas-secretario-regional\/\"},\"author\":{\"name\":\"PSOE Canarias\",\"@id\":\"https:\/\/psoecanarias.com\/web\/#\/schema\/person\/1ae43f9659d2fc599ca69c11e1dbf26f\"},\"headline\":\"Los secretarios insulares de Canarias cierran filas con el secretario regional\",\"datePublished\":\"2018-03-12T17:56:05+00:00\",\"mainEntityOfPage\":{\"@id\":\"https:\/\/psoecanarias.com\/web\/los-secretarios-insulares-canarias-cierran-filas-secretario-regional\/\"},\"wordCount\":771,\"commentCount\":1,\"image\":{\"@id\":\"https:\/\/psoecanarias.com\/web\/los-secretarios-insulares-canarias-cierran-filas-secretario-regional\/#primaryimage\"},\"thumbnailUrl\":\"https:\/\/psoecanarias.com\/web\/wp-content\/uploads\/2018\/03\/Reunion-AV-con-secretarios-insulares.jpg\",\"articleSection\":[\"Pol\u00edtica\"],\"inLanguage\":\"es\",\"potentialAction\":[{\"@type\":\"CommentAction\",\"name\":\"Comment\",\"target\":[\"https:\/\/psoecanarias.com\/web\/los-secretarios-insulares-canarias-cierran-filas-secretario-regional\/#respond\"]}]},{\"@type\":\"WebPage\",\"@id\":\"https:\/\/psoecanarias.com\/web\/los-secretarios-insulares-canarias-cierran-filas-secretario-regional\/\",\"url\":\"https:\/\/psoecanarias.com\/web\/los-secretarios-insulares-canarias-cierran-filas-secretario-regional\/\",\"name\":\"Los secretarios insulares de Canarias cierran filas con el secretario regional | PSOE Canarias\",\"isPartOf\":{\"@id\":\"https:\/\/psoecanarias.com\/web\/#website\"},\"primaryImageOfPage\":{\"@id\":\"https:\/\/psoecanarias.com\/web\/los-secretarios-insulares-canarias-cierran-filas-secretario-regional\/#primaryimage\"},\"image\":{\"@id\":\"https:\/\/psoecanarias.com\/web\/los-secretarios-insulares-canarias-cierran-filas-secretario-regional\/#primaryimage\"},\"thumbnailUrl\":\"https:\/\/psoecanarias.com\/web\/wp-content\/uploads\/2018\/03\/Reunion-AV-con-secretarios-insulares.jpg\",\"datePublished\":\"2018-03-12T17:56:05+00:00\",\"author\":{\"@id\":\"https:\/\/psoecanarias.com\/web\/#\/schema\/person\/1ae43f9659d2fc599ca69c11e1dbf26f\"},\"breadcrumb\":{\"@id\":\"https:\/\/psoecanarias.com\/web\/los-secretarios-insulares-canarias-cierran-filas-secretario-regional\/#breadcrumb\"},\"inLanguage\":\"es\",\"potentialAction\":[{\"@type\":\"ReadAction\",\"target\":[\"https:\/\/psoecanarias.com\/web\/los-secretarios-insulares-canarias-cierran-filas-secretario-regional\/\"]}]},{\"@type\":\"ImageObject\",\"inLanguage\":\"es\",\"@id\":\"https:\/\/psoecanarias.com\/web\/los-secretarios-insulares-canarias-cierran-filas-secretario-regional\/#primaryimage\",\"url\":\"https:\/\/psoecanarias.com\/web\/wp-content\/uploads\/2018\/03\/Reunion-AV-con-secretarios-insulares.jpg\",\"contentUrl\":\"https:\/\/psoecanarias.com\/web\/wp-content\/uploads\/2018\/03\/Reunion-AV-con-secretarios-insulares.jpg\",\"width\":4032,\"height\":1565},{\"@type\":\"BreadcrumbList\",\"@id\":\"https:\/\/psoecanarias.com\/web\/los-secretarios-insulares-canarias-cierran-filas-secretario-regional\/#breadcrumb\",\"itemListElement\":[{\"@type\":\"ListItem\",\"position\":1,\"name\":\"Portada\",\"item\":\"https:\/\/psoecanarias.com\/web\/\"},{\"@type\":\"ListItem\",\"position\":2,\"name\":\"Los secretarios insulares de Canarias cierran filas con el secretario regional\"}]},{\"@type\":\"WebSite\",\"@id\":\"https:\/\/psoecanarias.com\/web\/#website\",\"url\":\"https:\/\/psoecanarias.com\/web\/\",\"name\":\"PSOE Canarias\",\"description\":\"Partido Socialista Obrero Espa\u00f1ol Canarias\",\"potentialAction\":[{\"@type\":\"SearchAction\",\"target\":{\"@type\":\"EntryPoint\",\"urlTemplate\":\"https:\/\/psoecanarias.com\/web\/?s={search_term_string}\"},\"query-input\":{\"@type\":\"PropertyValueSpecification\",\"valueRequired\":true,\"valueName\":\"search_term_string\"}}],\"inLanguage\":\"es\"},{\"@type\":\"Person\",\"@id\":\"https:\/\/psoecanarias.com\/web\/#\/schema\/person\/1ae43f9659d2fc599ca69c11e1dbf26f\",\"name\":\"PSOE Canarias\",\"image\":{\"@type\":\"ImageObject\",\"inLanguage\":\"es\",\"@id\":\"https:\/\/secure.gravatar.com\/avatar\/4364d37f6f6f9cdb7af199b46151565f37d8a8c3c0e04c1d78c04e857a15e3a8?s=96&d=mm&r=g\",\"url\":\"https:\/\/secure.gravatar.com\/avatar\/4364d37f6f6f9cdb7af199b46151565f37d8a8c3c0e04c1d78c04e857a15e3a8?s=96&d=mm&r=g\",\"contentUrl\":\"https:\/\/secure.gravatar.com\/avatar\/4364d37f6f6f9cdb7af199b46151565f37d8a8c3c0e04c1d78c04e857a15e3a8?s=96&d=mm&r=g\",\"caption\":\"PSOE Canarias\"},\"url\":\"https:\/\/psoecanarias.com\/web\/author\/admin\/\"}]}<\/script>\n<!-- \/ Yoast SEO plugin. -->","yoast_head_json":{"title":"Los secretarios insulares de Canarias cierran filas con el secretario regional | PSOE Canarias","robots":{"index":"index","follow":"follow","max-snippet":"max-snippet:-1","max-image-preview":"max-image-preview:large","max-video-preview":"max-video-preview:-1"},"canonical":"https:\/\/psoecanarias.com\/web\/los-secretarios-insulares-canarias-cierran-filas-secretario-regional\/","og_locale":"es_ES","og_type":"article","og_title":"Los secretarios insulares de Canarias cierran filas con el secretario regional | PSOE Canarias","og_description":"El secretario regional del PSOE Canarias, \u00c1ngel V\u00edctor Torres, ha mantenido este lunes una reuni\u00f3n de trabajo con los secretarios generales insulares donde han cerrado filas y han aunado fuerzas para seguir trabajando en los asuntos que preocupan a la ciudadan\u00eda canaria. Parte de los mismos, ser\u00e1n trasladados, el pr\u00f3ximo jueves, al secretario federal del [&hellip;]","og_url":"https:\/\/psoecanarias.com\/web\/los-secretarios-insulares-canarias-cierran-filas-secretario-regional\/","og_site_name":"PSOE Canarias","article_published_time":"2018-03-12T17:56:05+00:00","og_image":[{"width":4032,"height":1565,"url":"https:\/\/psoecanarias.com\/web\/wp-content\/uploads\/2018\/03\/Reunion-AV-con-secretarios-insulares.jpg","type":"image\/jpeg"}],"author":"PSOE Canarias","twitter_card":"summary_large_image","schema":{"@context":"https:\/\/schema.org","@graph":[{"@type":"Article","@id":"https:\/\/psoecanarias.com\/web\/los-secretarios-insulares-canarias-cierran-filas-secretario-regional\/#article","isPartOf":{"@id":"https:\/\/psoecanarias.com\/web\/los-secretarios-insulares-canarias-cierran-filas-secretario-regional\/"},"author":{"name":"PSOE Canarias","@id":"https:\/\/psoecanarias.com\/web\/#\/schema\/person\/1ae43f9659d2fc599ca69c11e1dbf26f"},"headline":"Los secretarios insulares de Canarias cierran filas con el secretario regional","datePublished":"2018-03-12T17:56:05+00:00","mainEntityOfPage":{"@id":"https:\/\/psoecanarias.com\/web\/los-secretarios-insulares-canarias-cierran-filas-secretario-regional\/"},"wordCount":771,"commentCount":1,"image":{"@id":"https:\/\/psoecanarias.com\/web\/los-secretarios-insulares-canarias-cierran-filas-secretario-regional\/#primaryimage"},"thumbnailUrl":"https:\/\/psoecanarias.com\/web\/wp-content\/uploads\/2018\/03\/Reunion-AV-con-secretarios-insulares.jpg","articleSection":["Pol\u00edtica"],"inLanguage":"es","potentialAction":[{"@type":"CommentAction","name":"Comment","target":["https:\/\/psoecanarias.com\/web\/los-secretarios-insulares-canarias-cierran-filas-secretario-regional\/#respond"]}]},{"@type":"WebPage","@id":"https:\/\/psoecanarias.com\/web\/los-secretarios-insulares-canarias-cierran-filas-secretario-regional\/","url":"https:\/\/psoecanarias.com\/web\/los-secretarios-insulares-canarias-cierran-filas-secretario-regional\/","name":"Los secretarios insulares de Canarias cierran filas con el secretario regional | PSOE Canarias","isPartOf":{"@id":"https:\/\/psoecanarias.com\/web\/#website"},"primaryImageOfPage":{"@id":"https:\/\/psoecanarias.com\/web\/los-secretarios-insulares-canarias-cierran-filas-secretario-regional\/#primaryimage"},"image":{"@id":"https:\/\/psoecanarias.com\/web\/los-secretarios-insulares-canarias-cierran-filas-secretario-regional\/#primaryimage"},"thumbnailUrl":"https:\/\/psoecanarias.com\/web\/wp-content\/uploads\/2018\/03\/Reunion-AV-con-secretarios-insulares.jpg","datePublished":"2018-03-12T17:56:05+00:00","author":{"@id":"https:\/\/psoecanarias.com\/web\/#\/schema\/person\/1ae43f9659d2fc599ca69c11e1dbf26f"},"breadcrumb":{"@id":"https:\/\/psoecanarias.com\/web\/los-secretarios-insulares-canarias-cierran-filas-secretario-regional\/#breadcrumb"},"inLanguage":"es","potentialAction":[{"@type":"ReadAction","target":["https:\/\/psoecanarias.com\/web\/los-secretarios-insulares-canarias-cierran-filas-secretario-regional\/"]}]},{"@type":"ImageObject","inLanguage":"es","@id":"https:\/\/psoecanarias.com\/web\/los-secretarios-insulares-canarias-cierran-filas-secretario-regional\/#primaryimage","url":"https:\/\/psoecanarias.com\/web\/wp-content\/uploads\/2018\/03\/Reunion-AV-con-secretarios-insulares.jpg","contentUrl":"https:\/\/psoecanarias.com\/web\/wp-content\/uploads\/2018\/03\/Reunion-AV-con-secretarios-insulares.jpg","width":4032,"height":1565},{"@type":"BreadcrumbList","@id":"https:\/\/psoecanarias.com\/web\/los-secretarios-insulares-canarias-cierran-filas-secretario-regional\/#breadcrumb","itemListElement":[{"@type":"ListItem","position":1,"name":"Portada","item":"https:\/\/psoecanarias.com\/web\/"},{"@type":"ListItem","position":2,"name":"Los secretarios insulares de Canarias cierran filas con el secretario regional"}]},{"@type":"WebSite","@id":"https:\/\/psoecanarias.com\/web\/#website","url":"https:\/\/psoecanarias.com\/web\/","name":"PSOE Canarias","description":"Partido Socialista Obrero Espa\u00f1ol Canarias","potentialAction":[{"@type":"SearchAction","target":{"@type":"EntryPoint","urlTemplate":"https:\/\/psoecanarias.com\/web\/?s={search_term_string}"},"query-input":{"@type":"PropertyValueSpecification","valueRequired":true,"valueName":"search_term_string"}}],"inLanguage":"es"},{"@type":"Person","@id":"https:\/\/psoecanarias.com\/web\/#\/schema\/person\/1ae43f9659d2fc599ca69c11e1dbf26f","name":"PSOE Canarias","image":{"@type":"ImageObject","inLanguage":"es","@id":"https:\/\/secure.gravatar.com\/avatar\/4364d37f6f6f9cdb7af199b46151565f37d8a8c3c0e04c1d78c04e857a15e3a8?s=96&d=mm&r=g","url":"https:\/\/secure.gravatar.com\/avatar\/4364d37f6f6f9cdb7af199b46151565f37d8a8c3c0e04c1d78c04e857a15e3a8?s=96&d=mm&r=g","contentUrl":"https:\/\/secure.gravatar.com\/avatar\/4364d37f6f6f9cdb7af199b46151565f37d8a8c3c0e04c1d78c04e857a15e3a8?s=96&d=mm&r=g","caption":"PSOE Canarias"},"url":"https:\/\/psoecanarias.com\/web\/author\/admin\/"}]}},"_links":{"self":[{"href":"https:\/\/psoecanarias.com\/web\/wp-json\/wp\/v2\/posts\/4708","targetHints":{"allow":["GET"]}}],"collection":[{"href":"https:\/\/psoecanarias.com\/web\/wp-json\/wp\/v2\/posts"}],"about":[{"href":"https:\/\/psoecanarias.com\/web\/wp-json\/wp\/v2\/types\/post"}],"author":[{"embeddable":true,"href":"https:\/\/psoecanarias.com\/web\/wp-json\/wp\/v2\/users\/1"}],"replies":[{"embeddable":true,"href":"https:\/\/psoecanarias.com\/web\/wp-json\/wp\/v2\/comments?post=4708"}],"version-history":[{"count":1,"href":"https:\/\/psoecanarias.com\/web\/wp-json\/wp\/v2\/posts\/4708\/revisions"}],"predecessor-version":[{"id":4710,"href":"https:\/\/psoecanarias.com\/web\/wp-json\/wp\/v2\/posts\/4708\/revisions\/4710"}],"wp:featuredmedia":[{"embeddable":true,"href":"https:\/\/psoecanarias.com\/web\/wp-json\/wp\/v2\/media\/4709"}],"wp:attachment":[{"href":"https:\/\/psoecanarias.com\/web\/wp-json\/wp\/v2\/media?parent=4708"}],"wp:term":[{"taxonomy":"category","embeddable":true,"href":"https:\/\/psoecanarias.com\/web\/wp-json\/wp\/v2\/categories?post=4708"},{"taxonomy":"post_tag","embeddable":true,"href":"https:\/\/psoecanarias.com\/web\/wp-json\/wp\/v2\/tags?post=4708"}],"curies":[{"name":"wp","href":"https:\/\/api.w.org\/{rel}","templated":true}]}}