{"id":4711,"date":"2018-03-13T16:12:14","date_gmt":"2018-03-13T16:12:14","guid":{"rendered":"http:\/\/psoecanarias.com\/web\/?p=4711"},"modified":"2018-03-13T16:12:14","modified_gmt":"2018-03-13T16:12:14","slug":"psoe-denuncia-la-existencia-pacto-tacito-pp-cc","status":"publish","type":"post","link":"https:\/\/psoecanarias.com\/web\/psoe-denuncia-la-existencia-pacto-tacito-pp-cc\/","title":{"rendered":"El PSOE denuncia la existencia de un pacto t\u00e1cito PP y CC"},"content":{"rendered":"<p>El Partido Socialista en Canarias, a trav\u00e9s de su Secretario Regional, \u00c1ngel V\u00edctor Torres,\u00a0ha denunciado hoy en rueda de prensa la existencia de un pacto t\u00e1cito entre Partido Popular y Coalici\u00f3n Canaria que ha tenido su episodio m\u00e1s reciente en el anuncio, conocido a trav\u00e9s de los medios de comunicaci\u00f3n, de la sustituci\u00f3n de Luis Ibarra por el popular Juan Jos\u00e9 Cardona como presidente de la Autoridad Portuaria.<\/p>\n<p>El PSOE considera que la decisi\u00f3n de sustituir a Luis Ibarra responde a razones estrat\u00e9gicas y pol\u00edticas ya que hasta ahora el actual presidente hab\u00eda realizado una labor aplaudida por los distintos sectores empresariales y laborales.\u00a0 Este hecho viene a confirmar definitivamente que \u201cla derecha vuelve a unirse en Canarias\u201d.<\/p>\n<p>Ante esta evidencia, el PSOE canario, con el apoyo de los distintos secretarios insulares, ha anunciado hoy que da por rotos los acuerdos con CC y el PP para renovar los \u00f3rganos dependientes del Parlamento regional (Audiencia de Cuentas, Consejo Consultivo y Diputado del Com\u00fan) que deb\u00edan votarse el pr\u00f3ximo martes.<\/p>\n<p>Para los socialistas, queda claro que \u201clos ataques de Asier Antona a Clavijo son mero postureo, y por su parte el presidente de Canarias muestra su debilidad cediendo poder suyo en el Puerto de Tenerife al Partido Popular\u201d.<\/p>\n<p>El PSOE considera que se ha producido una alianza de par\u00e1lisis y parasitismo y que \u201ces una l\u00e1stima se reflejen en Canarias las pol\u00edticas de Rajoy. Es una relaci\u00f3n de parasitismo porque se necesitan ambos para sobrevivir\u201d, apostilla el secretario general.<\/p>\n<p>Seg\u00fan las \u00faltimas encuestas, PP y CC pierden apoyos y su uni\u00f3n es una decisi\u00f3n estrat\u00e9gica de quienes pierden apoyo ciudadano. Por ello se al\u00edan contra los partidos que en esas encuestas crecen o llegan al Parlamento de Canarias;\u00a0 en nuestro caso, contra el PSOE.<\/p>\n<p>\u00c1ngel V\u00edctor Torres manifiesta que ha sido duro el camino para llegar a un acuerdo con los \u00f3rganos dependientes del Parlamento, como se ha evidenciado ante el concepto de la paridad, cuesti\u00f3n que s\u00ed ha respetado el Psoe para la Audiencia de Cuentas &#8211; un hombre; una mujer-\u00a0 pero no CC &#8211; dos hombres- lo que ha supuesto \u201cun inconveniente a\u00f1adido\u201d.<\/p>\n<p>La realidad pol\u00edtica en Canarias es que CC necesita al PP, \u00a0pero no es cre\u00edble tampoco el doble discurso de los Populares en Canarias. \u201cNo se entiende \u2013 afirma el l\u00edder de los socialistas canarios- que Antona diga que va a ser duro contra Clavijo, y le d\u00e9 su absoluto apoyo en los Presupuestos. Rajoy necesita en Espa\u00f1a a CC y si a este hecho se suma que las encuestas van mal, el objetivo a batir es el PSOE. Nuestro rival pol\u00edtico en Canarias es CC y el rival ideol\u00f3gico es el PP. Ahora, la derecha se ha unido en un pacto de absoluta necesidad estrat\u00e9gica y electoralista\u201d.<\/p>\n<p>Es importante saber, destac\u00f3 \u00c1ngel V\u00edctor Torres, a partir de ahora cu\u00e1l ser\u00e1 la postura del PP ante la reforma electoral, ante la Televisi\u00f3n Auton\u00f3mica o ante unos presupuestos que no son sensibles con quienes peor lo pasan.<\/p>\n<p>El PSOE anuncia su intenci\u00f3n de seguir trabajando para que el 2019 sea el a\u00f1o en el que sea posible contar con un gobierno progresista en Canarias.<\/p>\n","protected":false},"excerpt":{"rendered":"<p>El Partido Socialista en Canarias, a trav\u00e9s de su Secretario Regional, \u00c1ngel V\u00edctor Torres,\u00a0ha denunciado hoy en rueda de prensa la existencia de un pacto t\u00e1cito entre Partido Popular y Coalici\u00f3n Canaria que ha tenido su episodio m\u00e1s reciente en el anuncio, conocido a trav\u00e9s de los medios de comunicaci\u00f3n, de la sustituci\u00f3n de Luis [&hellip;]<\/p>\n","protected":false},"author":1,"featured_media":4712,"comment_status":"open","ping_status":"open","sticky":false,"template":"","format":"standard","meta":{"footnotes":""},"categories":[7],"tags":[],"class_list":["post-4711","post","type-post","status-publish","format-standard","has-post-thumbnail","hentry","category-politica"],"featured_image_src":"https:\/\/psoecanarias.com\/web\/wp-content\/uploads\/2018\/03\/130318.-AV-RP-Pacto.jpg","author_info":{"display_name":"PSOE Canarias","author_link":"https:\/\/psoecanarias.com\/web\/author\/admin\/"},"yoast_head":"<!-- This site is optimized with the Yoast SEO plugin v27.2 - https:\/\/yoast.com\/product\/yoast-seo-wordpress\/ -->\n<title>El PSOE denuncia la existencia de un pacto t\u00e1cito PP y CC | PSOE Canarias<\/title>\n<meta name=\"robots\" content=\"index, follow, max-snippet:-1, max-image-preview:large, max-video-preview:-1\" \/>\n<link rel=\"canonical\" href=\"https:\/\/psoecanarias.com\/web\/psoe-denuncia-la-existencia-pacto-tacito-pp-cc\/\" \/>\n<meta property=\"og:locale\" content=\"es_ES\" \/>\n<meta property=\"og:type\" content=\"article\" \/>\n<meta property=\"og:title\" content=\"El PSOE denuncia la existencia de un pacto t\u00e1cito PP y CC | PSOE Canarias\" \/>\n<meta property=\"og:description\" content=\"El Partido Socialista en Canarias, a trav\u00e9s de su Secretario Regional, \u00c1ngel V\u00edctor Torres,\u00a0ha denunciado hoy en rueda de prensa la existencia de un pacto t\u00e1cito entre Partido Popular y Coalici\u00f3n Canaria que ha tenido su episodio m\u00e1s reciente en el anuncio, conocido a trav\u00e9s de los medios de comunicaci\u00f3n, de la sustituci\u00f3n de Luis [&hellip;]\" \/>\n<meta property=\"og:url\" content=\"https:\/\/psoecanarias.com\/web\/psoe-denuncia-la-existencia-pacto-tacito-pp-cc\/\" \/>\n<meta property=\"og:site_name\" content=\"PSOE Canarias\" \/>\n<meta property=\"article:published_time\" content=\"2018-03-13T16:12:14+00:00\" \/>\n<meta property=\"og:image\" content=\"https:\/\/psoecanarias.com\/web\/wp-content\/uploads\/2018\/03\/130318.-AV-RP-Pacto.jpg\" \/>\n\t<meta property=\"og:image:width\" content=\"4032\" \/>\n\t<meta property=\"og:image:height\" content=\"3024\" \/>\n\t<meta property=\"og:image:type\" content=\"image\/jpeg\" \/>\n<meta name=\"author\" content=\"PSOE Canarias\" \/>\n<meta name=\"twitter:card\" content=\"summary_large_image\" \/>\n<script type=\"application\/ld+json\" class=\"yoast-schema-graph\">{\"@context\":\"https:\/\/schema.org\",\"@graph\":[{\"@type\":\"Article\",\"@id\":\"https:\/\/psoecanarias.com\/web\/psoe-denuncia-la-existencia-pacto-tacito-pp-cc\/#article\",\"isPartOf\":{\"@id\":\"https:\/\/psoecanarias.com\/web\/psoe-denuncia-la-existencia-pacto-tacito-pp-cc\/\"},\"author\":{\"name\":\"PSOE Canarias\",\"@id\":\"https:\/\/psoecanarias.com\/web\/#\/schema\/person\/1ae43f9659d2fc599ca69c11e1dbf26f\"},\"headline\":\"El PSOE denuncia la existencia de un pacto t\u00e1cito PP y CC\",\"datePublished\":\"2018-03-13T16:12:14+00:00\",\"mainEntityOfPage\":{\"@id\":\"https:\/\/psoecanarias.com\/web\/psoe-denuncia-la-existencia-pacto-tacito-pp-cc\/\"},\"wordCount\":579,\"commentCount\":1,\"image\":{\"@id\":\"https:\/\/psoecanarias.com\/web\/psoe-denuncia-la-existencia-pacto-tacito-pp-cc\/#primaryimage\"},\"thumbnailUrl\":\"https:\/\/psoecanarias.com\/web\/wp-content\/uploads\/2018\/03\/130318.-AV-RP-Pacto.jpg\",\"articleSection\":[\"Pol\u00edtica\"],\"inLanguage\":\"es\",\"potentialAction\":[{\"@type\":\"CommentAction\",\"name\":\"Comment\",\"target\":[\"https:\/\/psoecanarias.com\/web\/psoe-denuncia-la-existencia-pacto-tacito-pp-cc\/#respond\"]}]},{\"@type\":\"WebPage\",\"@id\":\"https:\/\/psoecanarias.com\/web\/psoe-denuncia-la-existencia-pacto-tacito-pp-cc\/\",\"url\":\"https:\/\/psoecanarias.com\/web\/psoe-denuncia-la-existencia-pacto-tacito-pp-cc\/\",\"name\":\"El PSOE denuncia la existencia de un pacto t\u00e1cito PP y CC | PSOE Canarias\",\"isPartOf\":{\"@id\":\"https:\/\/psoecanarias.com\/web\/#website\"},\"primaryImageOfPage\":{\"@id\":\"https:\/\/psoecanarias.com\/web\/psoe-denuncia-la-existencia-pacto-tacito-pp-cc\/#primaryimage\"},\"image\":{\"@id\":\"https:\/\/psoecanarias.com\/web\/psoe-denuncia-la-existencia-pacto-tacito-pp-cc\/#primaryimage\"},\"thumbnailUrl\":\"https:\/\/psoecanarias.com\/web\/wp-content\/uploads\/2018\/03\/130318.-AV-RP-Pacto.jpg\",\"datePublished\":\"2018-03-13T16:12:14+00:00\",\"author\":{\"@id\":\"https:\/\/psoecanarias.com\/web\/#\/schema\/person\/1ae43f9659d2fc599ca69c11e1dbf26f\"},\"breadcrumb\":{\"@id\":\"https:\/\/psoecanarias.com\/web\/psoe-denuncia-la-existencia-pacto-tacito-pp-cc\/#breadcrumb\"},\"inLanguage\":\"es\",\"potentialAction\":[{\"@type\":\"ReadAction\",\"target\":[\"https:\/\/psoecanarias.com\/web\/psoe-denuncia-la-existencia-pacto-tacito-pp-cc\/\"]}]},{\"@type\":\"ImageObject\",\"inLanguage\":\"es\",\"@id\":\"https:\/\/psoecanarias.com\/web\/psoe-denuncia-la-existencia-pacto-tacito-pp-cc\/#primaryimage\",\"url\":\"https:\/\/psoecanarias.com\/web\/wp-content\/uploads\/2018\/03\/130318.-AV-RP-Pacto.jpg\",\"contentUrl\":\"https:\/\/psoecanarias.com\/web\/wp-content\/uploads\/2018\/03\/130318.-AV-RP-Pacto.jpg\",\"width\":4032,\"height\":3024},{\"@type\":\"BreadcrumbList\",\"@id\":\"https:\/\/psoecanarias.com\/web\/psoe-denuncia-la-existencia-pacto-tacito-pp-cc\/#breadcrumb\",\"itemListElement\":[{\"@type\":\"ListItem\",\"position\":1,\"name\":\"Portada\",\"item\":\"https:\/\/psoecanarias.com\/web\/\"},{\"@type\":\"ListItem\",\"position\":2,\"name\":\"El PSOE denuncia la existencia de un pacto t\u00e1cito PP y CC\"}]},{\"@type\":\"WebSite\",\"@id\":\"https:\/\/psoecanarias.com\/web\/#website\",\"url\":\"https:\/\/psoecanarias.com\/web\/\",\"name\":\"PSOE Canarias\",\"description\":\"Partido Socialista Obrero Espa\u00f1ol Canarias\",\"potentialAction\":[{\"@type\":\"SearchAction\",\"target\":{\"@type\":\"EntryPoint\",\"urlTemplate\":\"https:\/\/psoecanarias.com\/web\/?s={search_term_string}\"},\"query-input\":{\"@type\":\"PropertyValueSpecification\",\"valueRequired\":true,\"valueName\":\"search_term_string\"}}],\"inLanguage\":\"es\"},{\"@type\":\"Person\",\"@id\":\"https:\/\/psoecanarias.com\/web\/#\/schema\/person\/1ae43f9659d2fc599ca69c11e1dbf26f\",\"name\":\"PSOE Canarias\",\"image\":{\"@type\":\"ImageObject\",\"inLanguage\":\"es\",\"@id\":\"https:\/\/secure.gravatar.com\/avatar\/4364d37f6f6f9cdb7af199b46151565f37d8a8c3c0e04c1d78c04e857a15e3a8?s=96&d=mm&r=g\",\"url\":\"https:\/\/secure.gravatar.com\/avatar\/4364d37f6f6f9cdb7af199b46151565f37d8a8c3c0e04c1d78c04e857a15e3a8?s=96&d=mm&r=g\",\"contentUrl\":\"https:\/\/secure.gravatar.com\/avatar\/4364d37f6f6f9cdb7af199b46151565f37d8a8c3c0e04c1d78c04e857a15e3a8?s=96&d=mm&r=g\",\"caption\":\"PSOE Canarias\"},\"url\":\"https:\/\/psoecanarias.com\/web\/author\/admin\/\"}]}<\/script>\n<!-- \/ Yoast SEO plugin. -->","yoast_head_json":{"title":"El PSOE denuncia la existencia de un pacto t\u00e1cito PP y CC | PSOE Canarias","robots":{"index":"index","follow":"follow","max-snippet":"max-snippet:-1","max-image-preview":"max-image-preview:large","max-video-preview":"max-video-preview:-1"},"canonical":"https:\/\/psoecanarias.com\/web\/psoe-denuncia-la-existencia-pacto-tacito-pp-cc\/","og_locale":"es_ES","og_type":"article","og_title":"El PSOE denuncia la existencia de un pacto t\u00e1cito PP y CC | PSOE Canarias","og_description":"El Partido Socialista en Canarias, a trav\u00e9s de su Secretario Regional, \u00c1ngel V\u00edctor Torres,\u00a0ha denunciado hoy en rueda de prensa la existencia de un pacto t\u00e1cito entre Partido Popular y Coalici\u00f3n Canaria que ha tenido su episodio m\u00e1s reciente en el anuncio, conocido a trav\u00e9s de los medios de comunicaci\u00f3n, de la sustituci\u00f3n de Luis [&hellip;]","og_url":"https:\/\/psoecanarias.com\/web\/psoe-denuncia-la-existencia-pacto-tacito-pp-cc\/","og_site_name":"PSOE Canarias","article_published_time":"2018-03-13T16:12:14+00:00","og_image":[{"width":4032,"height":3024,"url":"https:\/\/psoecanarias.com\/web\/wp-content\/uploads\/2018\/03\/130318.-AV-RP-Pacto.jpg","type":"image\/jpeg"}],"author":"PSOE Canarias","twitter_card":"summary_large_image","schema":{"@context":"https:\/\/schema.org","@graph":[{"@type":"Article","@id":"https:\/\/psoecanarias.com\/web\/psoe-denuncia-la-existencia-pacto-tacito-pp-cc\/#article","isPartOf":{"@id":"https:\/\/psoecanarias.com\/web\/psoe-denuncia-la-existencia-pacto-tacito-pp-cc\/"},"author":{"name":"PSOE Canarias","@id":"https:\/\/psoecanarias.com\/web\/#\/schema\/person\/1ae43f9659d2fc599ca69c11e1dbf26f"},"headline":"El PSOE denuncia la existencia de un pacto t\u00e1cito PP y CC","datePublished":"2018-03-13T16:12:14+00:00","mainEntityOfPage":{"@id":"https:\/\/psoecanarias.com\/web\/psoe-denuncia-la-existencia-pacto-tacito-pp-cc\/"},"wordCount":579,"commentCount":1,"image":{"@id":"https:\/\/psoecanarias.com\/web\/psoe-denuncia-la-existencia-pacto-tacito-pp-cc\/#primaryimage"},"thumbnailUrl":"https:\/\/psoecanarias.com\/web\/wp-content\/uploads\/2018\/03\/130318.-AV-RP-Pacto.jpg","articleSection":["Pol\u00edtica"],"inLanguage":"es","potentialAction":[{"@type":"CommentAction","name":"Comment","target":["https:\/\/psoecanarias.com\/web\/psoe-denuncia-la-existencia-pacto-tacito-pp-cc\/#respond"]}]},{"@type":"WebPage","@id":"https:\/\/psoecanarias.com\/web\/psoe-denuncia-la-existencia-pacto-tacito-pp-cc\/","url":"https:\/\/psoecanarias.com\/web\/psoe-denuncia-la-existencia-pacto-tacito-pp-cc\/","name":"El PSOE denuncia la existencia de un pacto t\u00e1cito PP y CC | PSOE Canarias","isPartOf":{"@id":"https:\/\/psoecanarias.com\/web\/#website"},"primaryImageOfPage":{"@id":"https:\/\/psoecanarias.com\/web\/psoe-denuncia-la-existencia-pacto-tacito-pp-cc\/#primaryimage"},"image":{"@id":"https:\/\/psoecanarias.com\/web\/psoe-denuncia-la-existencia-pacto-tacito-pp-cc\/#primaryimage"},"thumbnailUrl":"https:\/\/psoecanarias.com\/web\/wp-content\/uploads\/2018\/03\/130318.-AV-RP-Pacto.jpg","datePublished":"2018-03-13T16:12:14+00:00","author":{"@id":"https:\/\/psoecanarias.com\/web\/#\/schema\/person\/1ae43f9659d2fc599ca69c11e1dbf26f"},"breadcrumb":{"@id":"https:\/\/psoecanarias.com\/web\/psoe-denuncia-la-existencia-pacto-tacito-pp-cc\/#breadcrumb"},"inLanguage":"es","potentialAction":[{"@type":"ReadAction","target":["https:\/\/psoecanarias.com\/web\/psoe-denuncia-la-existencia-pacto-tacito-pp-cc\/"]}]},{"@type":"ImageObject","inLanguage":"es","@id":"https:\/\/psoecanarias.com\/web\/psoe-denuncia-la-existencia-pacto-tacito-pp-cc\/#primaryimage","url":"https:\/\/psoecanarias.com\/web\/wp-content\/uploads\/2018\/03\/130318.-AV-RP-Pacto.jpg","contentUrl":"https:\/\/psoecanarias.com\/web\/wp-content\/uploads\/2018\/03\/130318.-AV-RP-Pacto.jpg","width":4032,"height":3024},{"@type":"BreadcrumbList","@id":"https:\/\/psoecanarias.com\/web\/psoe-denuncia-la-existencia-pacto-tacito-pp-cc\/#breadcrumb","itemListElement":[{"@type":"ListItem","position":1,"name":"Portada","item":"https:\/\/psoecanarias.com\/web\/"},{"@type":"ListItem","position":2,"name":"El PSOE denuncia la existencia de un pacto t\u00e1cito PP y CC"}]},{"@type":"WebSite","@id":"https:\/\/psoecanarias.com\/web\/#website","url":"https:\/\/psoecanarias.com\/web\/","name":"PSOE Canarias","description":"Partido Socialista Obrero Espa\u00f1ol Canarias","potentialAction":[{"@type":"SearchAction","target":{"@type":"EntryPoint","urlTemplate":"https:\/\/psoecanarias.com\/web\/?s={search_term_string}"},"query-input":{"@type":"PropertyValueSpecification","valueRequired":true,"valueName":"search_term_string"}}],"inLanguage":"es"},{"@type":"Person","@id":"https:\/\/psoecanarias.com\/web\/#\/schema\/person\/1ae43f9659d2fc599ca69c11e1dbf26f","name":"PSOE Canarias","image":{"@type":"ImageObject","inLanguage":"es","@id":"https:\/\/secure.gravatar.com\/avatar\/4364d37f6f6f9cdb7af199b46151565f37d8a8c3c0e04c1d78c04e857a15e3a8?s=96&d=mm&r=g","url":"https:\/\/secure.gravatar.com\/avatar\/4364d37f6f6f9cdb7af199b46151565f37d8a8c3c0e04c1d78c04e857a15e3a8?s=96&d=mm&r=g","contentUrl":"https:\/\/secure.gravatar.com\/avatar\/4364d37f6f6f9cdb7af199b46151565f37d8a8c3c0e04c1d78c04e857a15e3a8?s=96&d=mm&r=g","caption":"PSOE Canarias"},"url":"https:\/\/psoecanarias.com\/web\/author\/admin\/"}]}},"_links":{"self":[{"href":"https:\/\/psoecanarias.com\/web\/wp-json\/wp\/v2\/posts\/4711","targetHints":{"allow":["GET"]}}],"collection":[{"href":"https:\/\/psoecanarias.com\/web\/wp-json\/wp\/v2\/posts"}],"about":[{"href":"https:\/\/psoecanarias.com\/web\/wp-json\/wp\/v2\/types\/post"}],"author":[{"embeddable":true,"href":"https:\/\/psoecanarias.com\/web\/wp-json\/wp\/v2\/users\/1"}],"replies":[{"embeddable":true,"href":"https:\/\/psoecanarias.com\/web\/wp-json\/wp\/v2\/comments?post=4711"}],"version-history":[{"count":1,"href":"https:\/\/psoecanarias.com\/web\/wp-json\/wp\/v2\/posts\/4711\/revisions"}],"predecessor-version":[{"id":4713,"href":"https:\/\/psoecanarias.com\/web\/wp-json\/wp\/v2\/posts\/4711\/revisions\/4713"}],"wp:featuredmedia":[{"embeddable":true,"href":"https:\/\/psoecanarias.com\/web\/wp-json\/wp\/v2\/media\/4712"}],"wp:attachment":[{"href":"https:\/\/psoecanarias.com\/web\/wp-json\/wp\/v2\/media?parent=4711"}],"wp:term":[{"taxonomy":"category","embeddable":true,"href":"https:\/\/psoecanarias.com\/web\/wp-json\/wp\/v2\/categories?post=4711"},{"taxonomy":"post_tag","embeddable":true,"href":"https:\/\/psoecanarias.com\/web\/wp-json\/wp\/v2\/tags?post=4711"}],"curies":[{"name":"wp","href":"https:\/\/api.w.org\/{rel}","templated":true}]}}