{"id":4719,"date":"2018-03-15T19:30:16","date_gmt":"2018-03-15T19:30:16","guid":{"rendered":"http:\/\/psoecanarias.com\/web\/?p=4719"},"modified":"2018-03-15T19:30:16","modified_gmt":"2018-03-15T19:30:16","slug":"psoe-propone-licitar-manera-urgente-las-carreteras-canarias","status":"publish","type":"post","link":"https:\/\/psoecanarias.com\/web\/psoe-propone-licitar-manera-urgente-las-carreteras-canarias\/","title":{"rendered":"El PSOE propone licitar de manera urgente las carreteras canarias"},"content":{"rendered":"<p style=\"font-weight: 400;\">El secretario general de los socialistas canarios, \u00c1ngel V\u00edctor Torres, se ha reunido esta ma\u00f1ana con el secretario general del PSOE, Pedro S\u00e1nchez, para\u00a0\u00a0\u00a0analizar la situaci\u00f3n actual de Canarias y aunar esfuerzos para la resoluci\u00f3n de uno de los temas m\u00e1s importantes para el Archipi\u00e9lago: el convenio de carreteras. En este sentido, Torres expuso el retraso que sufre dicho convenio\u00a0\u00a0y la necesidad de utilizar todas las herramientas para desbloquear el acuerdo.<\/p>\n<p style=\"font-weight: 400;\">Este retraso en la firma del nuevo convenio, que deber\u00eda hacerse suscrito antes de finales de 2017, est\u00e1 impidiendo la licitaci\u00f3n de obras nuevas programadas en las siete islas, que son de vital importancia para la ciudadan\u00eda.<\/p>\n<p style=\"font-weight: 400;\">En este sentido, \u00c1ngel V\u00edctor Torres le ha manifestado que m\u00e1s all\u00e1 de la firma del convenio se propone que por parte del Gobierno de Espa\u00f1a y del de Canarias, se estudie este modelo de financiaci\u00f3n, que ya est\u00e1 siendo utilizado\u00a0\u00a0en el Plan Extraordinario de Carreteras 2018 de \u00e1mbito nacional.<\/p>\n<p style=\"font-weight: 400;\">Este Plan, sujeto a la colaboraci\u00f3n p\u00fablico-privada, permitir\u00eda a\u00a0\u00a0las empresas ejecutar de forma inmediata las obras, garantiz\u00e1ndose el pago durante los pr\u00f3ximo 30 a\u00f1os, sin que ello suponga un aumento de la deuda\u00a0\u00a0\u00a0y sin que los usuarios tengan que pagar por circular por ella.<\/p>\n<p style=\"font-weight: 400;\">En el caso de Canarias, \u00c1ngel V\u00edctor Torres expuso al secretario general de los socialistas, Pedro S\u00e1nchez, que la financiaci\u00f3n para la ejecuci\u00f3n de las carreteras prioritarias y necesarias para el Archipi\u00e9lago podr\u00eda desarrollarse por este mismo sistema, lo que permitir\u00eda que \u201clas obras de la red viaria canaria se vieran desbloqueadas al\u00a0\u00a0adelantar las empresas privadas la financiaci\u00f3n y no tener\u00a0\u00a0que esperar a que haya disponibilidad presupuestaria para su ejecuci\u00f3n\u201d.<\/p>\n<p style=\"font-weight: 400;\">\u201cTodav\u00eda existen muchas infraestructuras prioritarias en Canarias pendientes de ejecutar. Un convenio para Canarias en el que se aplicara el modelo utilizado hasta ahora, en el que la Administraci\u00f3n P\u00fablica paga el coste total de la obra al estar concluida, har\u00eda que las inversiones necesarias en las Islas se dilataran a lo largo de muchos a\u00f1os, ya que habr\u00eda que esperar a contar con partida presupuestaria para ello\u201d.<\/p>\n<p style=\"font-weight: 400;\">\n<p style=\"font-weight: 400;\"><strong>Un sistema de financiaci\u00f3n recogido en el Plan Extraordinario de Carreteras<\/strong><\/p>\n<p style=\"font-weight: 400;\">El\u00a0\u00a0Gobierno de Espa\u00f1a present\u00f3 el pasado mes de julio el Plan Extraordinario de Inversi\u00f3n en Carreteras (PIC), un plan basado en la colaboraci\u00f3n con el sector privado y que cuenta con la garant\u00eda de la financiaci\u00f3n europea en las mejores condiciones a trav\u00e9s del Banco Europeo de Inversiones (BEI). A ello se une, adem\u00e1s, la posibilidad de que proyectos previstos en este plan extraordinario de inversiones se puedan financiar bajo el Plan de Inversiones para Europa.<\/p>\n","protected":false},"excerpt":{"rendered":"<p>El secretario general de los socialistas canarios, \u00c1ngel V\u00edctor Torres, se ha reunido esta ma\u00f1ana con el secretario general del PSOE, Pedro S\u00e1nchez, para\u00a0\u00a0\u00a0analizar la situaci\u00f3n actual de Canarias y aunar esfuerzos para la resoluci\u00f3n de uno de los temas m\u00e1s importantes para el Archipi\u00e9lago: el convenio de carreteras. En este sentido, Torres expuso el [&hellip;]<\/p>\n","protected":false},"author":1,"featured_media":4720,"comment_status":"open","ping_status":"open","sticky":false,"template":"","format":"standard","meta":{"footnotes":""},"categories":[7],"tags":[],"class_list":["post-4719","post","type-post","status-publish","format-standard","has-post-thumbnail","hentry","category-politica"],"featured_image_src":"https:\/\/psoecanarias.com\/web\/wp-content\/uploads\/2018\/03\/AV-Torres-y-Pedro-Sa--nchez1-1.jpg","author_info":{"display_name":"PSOE Canarias","author_link":"https:\/\/psoecanarias.com\/web\/author\/admin\/"},"yoast_head":"<!-- This site is optimized with the Yoast SEO plugin v27.2 - https:\/\/yoast.com\/product\/yoast-seo-wordpress\/ -->\n<title>El PSOE propone licitar de manera urgente las carreteras canarias | PSOE Canarias<\/title>\n<meta name=\"robots\" content=\"index, follow, max-snippet:-1, max-image-preview:large, max-video-preview:-1\" \/>\n<link rel=\"canonical\" href=\"https:\/\/psoecanarias.com\/web\/psoe-propone-licitar-manera-urgente-las-carreteras-canarias\/\" \/>\n<meta property=\"og:locale\" content=\"es_ES\" \/>\n<meta property=\"og:type\" content=\"article\" \/>\n<meta property=\"og:title\" content=\"El PSOE propone licitar de manera urgente las carreteras canarias | PSOE Canarias\" \/>\n<meta property=\"og:description\" content=\"El secretario general de los socialistas canarios, \u00c1ngel V\u00edctor Torres, se ha reunido esta ma\u00f1ana con el secretario general del PSOE, Pedro S\u00e1nchez, para\u00a0\u00a0\u00a0analizar la situaci\u00f3n actual de Canarias y aunar esfuerzos para la resoluci\u00f3n de uno de los temas m\u00e1s importantes para el Archipi\u00e9lago: el convenio de carreteras. En este sentido, Torres expuso el [&hellip;]\" \/>\n<meta property=\"og:url\" content=\"https:\/\/psoecanarias.com\/web\/psoe-propone-licitar-manera-urgente-las-carreteras-canarias\/\" \/>\n<meta property=\"og:site_name\" content=\"PSOE Canarias\" \/>\n<meta property=\"article:published_time\" content=\"2018-03-15T19:30:16+00:00\" \/>\n<meta property=\"og:image\" content=\"https:\/\/psoecanarias.com\/web\/wp-content\/uploads\/2018\/03\/AV-Torres-y-Pedro-Sa--nchez1-1-1024x683.jpg\" \/>\n\t<meta property=\"og:image:width\" content=\"1024\" \/>\n\t<meta property=\"og:image:height\" content=\"683\" \/>\n\t<meta property=\"og:image:type\" content=\"image\/jpeg\" \/>\n<meta name=\"author\" content=\"PSOE Canarias\" \/>\n<meta name=\"twitter:card\" content=\"summary_large_image\" \/>\n<script type=\"application\/ld+json\" class=\"yoast-schema-graph\">{\"@context\":\"https:\/\/schema.org\",\"@graph\":[{\"@type\":\"Article\",\"@id\":\"https:\/\/psoecanarias.com\/web\/psoe-propone-licitar-manera-urgente-las-carreteras-canarias\/#article\",\"isPartOf\":{\"@id\":\"https:\/\/psoecanarias.com\/web\/psoe-propone-licitar-manera-urgente-las-carreteras-canarias\/\"},\"author\":{\"name\":\"PSOE Canarias\",\"@id\":\"https:\/\/psoecanarias.com\/web\/#\/schema\/person\/1ae43f9659d2fc599ca69c11e1dbf26f\"},\"headline\":\"El PSOE propone licitar de manera urgente las carreteras canarias\",\"datePublished\":\"2018-03-15T19:30:16+00:00\",\"mainEntityOfPage\":{\"@id\":\"https:\/\/psoecanarias.com\/web\/psoe-propone-licitar-manera-urgente-las-carreteras-canarias\/\"},\"wordCount\":485,\"commentCount\":0,\"image\":{\"@id\":\"https:\/\/psoecanarias.com\/web\/psoe-propone-licitar-manera-urgente-las-carreteras-canarias\/#primaryimage\"},\"thumbnailUrl\":\"https:\/\/psoecanarias.com\/web\/wp-content\/uploads\/2018\/03\/AV-Torres-y-Pedro-Sa--nchez1-1.jpg\",\"articleSection\":[\"Pol\u00edtica\"],\"inLanguage\":\"es\",\"potentialAction\":[{\"@type\":\"CommentAction\",\"name\":\"Comment\",\"target\":[\"https:\/\/psoecanarias.com\/web\/psoe-propone-licitar-manera-urgente-las-carreteras-canarias\/#respond\"]}]},{\"@type\":\"WebPage\",\"@id\":\"https:\/\/psoecanarias.com\/web\/psoe-propone-licitar-manera-urgente-las-carreteras-canarias\/\",\"url\":\"https:\/\/psoecanarias.com\/web\/psoe-propone-licitar-manera-urgente-las-carreteras-canarias\/\",\"name\":\"El PSOE propone licitar de manera urgente las carreteras canarias | PSOE Canarias\",\"isPartOf\":{\"@id\":\"https:\/\/psoecanarias.com\/web\/#website\"},\"primaryImageOfPage\":{\"@id\":\"https:\/\/psoecanarias.com\/web\/psoe-propone-licitar-manera-urgente-las-carreteras-canarias\/#primaryimage\"},\"image\":{\"@id\":\"https:\/\/psoecanarias.com\/web\/psoe-propone-licitar-manera-urgente-las-carreteras-canarias\/#primaryimage\"},\"thumbnailUrl\":\"https:\/\/psoecanarias.com\/web\/wp-content\/uploads\/2018\/03\/AV-Torres-y-Pedro-Sa--nchez1-1.jpg\",\"datePublished\":\"2018-03-15T19:30:16+00:00\",\"author\":{\"@id\":\"https:\/\/psoecanarias.com\/web\/#\/schema\/person\/1ae43f9659d2fc599ca69c11e1dbf26f\"},\"breadcrumb\":{\"@id\":\"https:\/\/psoecanarias.com\/web\/psoe-propone-licitar-manera-urgente-las-carreteras-canarias\/#breadcrumb\"},\"inLanguage\":\"es\",\"potentialAction\":[{\"@type\":\"ReadAction\",\"target\":[\"https:\/\/psoecanarias.com\/web\/psoe-propone-licitar-manera-urgente-las-carreteras-canarias\/\"]}]},{\"@type\":\"ImageObject\",\"inLanguage\":\"es\",\"@id\":\"https:\/\/psoecanarias.com\/web\/psoe-propone-licitar-manera-urgente-las-carreteras-canarias\/#primaryimage\",\"url\":\"https:\/\/psoecanarias.com\/web\/wp-content\/uploads\/2018\/03\/AV-Torres-y-Pedro-Sa--nchez1-1.jpg\",\"contentUrl\":\"https:\/\/psoecanarias.com\/web\/wp-content\/uploads\/2018\/03\/AV-Torres-y-Pedro-Sa--nchez1-1.jpg\",\"width\":3000,\"height\":2000},{\"@type\":\"BreadcrumbList\",\"@id\":\"https:\/\/psoecanarias.com\/web\/psoe-propone-licitar-manera-urgente-las-carreteras-canarias\/#breadcrumb\",\"itemListElement\":[{\"@type\":\"ListItem\",\"position\":1,\"name\":\"Portada\",\"item\":\"https:\/\/psoecanarias.com\/web\/\"},{\"@type\":\"ListItem\",\"position\":2,\"name\":\"El PSOE propone licitar de manera urgente las carreteras canarias\"}]},{\"@type\":\"WebSite\",\"@id\":\"https:\/\/psoecanarias.com\/web\/#website\",\"url\":\"https:\/\/psoecanarias.com\/web\/\",\"name\":\"PSOE Canarias\",\"description\":\"Partido Socialista Obrero Espa\u00f1ol Canarias\",\"potentialAction\":[{\"@type\":\"SearchAction\",\"target\":{\"@type\":\"EntryPoint\",\"urlTemplate\":\"https:\/\/psoecanarias.com\/web\/?s={search_term_string}\"},\"query-input\":{\"@type\":\"PropertyValueSpecification\",\"valueRequired\":true,\"valueName\":\"search_term_string\"}}],\"inLanguage\":\"es\"},{\"@type\":\"Person\",\"@id\":\"https:\/\/psoecanarias.com\/web\/#\/schema\/person\/1ae43f9659d2fc599ca69c11e1dbf26f\",\"name\":\"PSOE Canarias\",\"image\":{\"@type\":\"ImageObject\",\"inLanguage\":\"es\",\"@id\":\"https:\/\/secure.gravatar.com\/avatar\/4364d37f6f6f9cdb7af199b46151565f37d8a8c3c0e04c1d78c04e857a15e3a8?s=96&d=mm&r=g\",\"url\":\"https:\/\/secure.gravatar.com\/avatar\/4364d37f6f6f9cdb7af199b46151565f37d8a8c3c0e04c1d78c04e857a15e3a8?s=96&d=mm&r=g\",\"contentUrl\":\"https:\/\/secure.gravatar.com\/avatar\/4364d37f6f6f9cdb7af199b46151565f37d8a8c3c0e04c1d78c04e857a15e3a8?s=96&d=mm&r=g\",\"caption\":\"PSOE Canarias\"},\"url\":\"https:\/\/psoecanarias.com\/web\/author\/admin\/\"}]}<\/script>\n<!-- \/ Yoast SEO plugin. -->","yoast_head_json":{"title":"El PSOE propone licitar de manera urgente las carreteras canarias | PSOE Canarias","robots":{"index":"index","follow":"follow","max-snippet":"max-snippet:-1","max-image-preview":"max-image-preview:large","max-video-preview":"max-video-preview:-1"},"canonical":"https:\/\/psoecanarias.com\/web\/psoe-propone-licitar-manera-urgente-las-carreteras-canarias\/","og_locale":"es_ES","og_type":"article","og_title":"El PSOE propone licitar de manera urgente las carreteras canarias | PSOE Canarias","og_description":"El secretario general de los socialistas canarios, \u00c1ngel V\u00edctor Torres, se ha reunido esta ma\u00f1ana con el secretario general del PSOE, Pedro S\u00e1nchez, para\u00a0\u00a0\u00a0analizar la situaci\u00f3n actual de Canarias y aunar esfuerzos para la resoluci\u00f3n de uno de los temas m\u00e1s importantes para el Archipi\u00e9lago: el convenio de carreteras. En este sentido, Torres expuso el [&hellip;]","og_url":"https:\/\/psoecanarias.com\/web\/psoe-propone-licitar-manera-urgente-las-carreteras-canarias\/","og_site_name":"PSOE Canarias","article_published_time":"2018-03-15T19:30:16+00:00","og_image":[{"width":1024,"height":683,"url":"https:\/\/psoecanarias.com\/web\/wp-content\/uploads\/2018\/03\/AV-Torres-y-Pedro-Sa--nchez1-1-1024x683.jpg","type":"image\/jpeg"}],"author":"PSOE Canarias","twitter_card":"summary_large_image","schema":{"@context":"https:\/\/schema.org","@graph":[{"@type":"Article","@id":"https:\/\/psoecanarias.com\/web\/psoe-propone-licitar-manera-urgente-las-carreteras-canarias\/#article","isPartOf":{"@id":"https:\/\/psoecanarias.com\/web\/psoe-propone-licitar-manera-urgente-las-carreteras-canarias\/"},"author":{"name":"PSOE Canarias","@id":"https:\/\/psoecanarias.com\/web\/#\/schema\/person\/1ae43f9659d2fc599ca69c11e1dbf26f"},"headline":"El PSOE propone licitar de manera urgente las carreteras canarias","datePublished":"2018-03-15T19:30:16+00:00","mainEntityOfPage":{"@id":"https:\/\/psoecanarias.com\/web\/psoe-propone-licitar-manera-urgente-las-carreteras-canarias\/"},"wordCount":485,"commentCount":0,"image":{"@id":"https:\/\/psoecanarias.com\/web\/psoe-propone-licitar-manera-urgente-las-carreteras-canarias\/#primaryimage"},"thumbnailUrl":"https:\/\/psoecanarias.com\/web\/wp-content\/uploads\/2018\/03\/AV-Torres-y-Pedro-Sa--nchez1-1.jpg","articleSection":["Pol\u00edtica"],"inLanguage":"es","potentialAction":[{"@type":"CommentAction","name":"Comment","target":["https:\/\/psoecanarias.com\/web\/psoe-propone-licitar-manera-urgente-las-carreteras-canarias\/#respond"]}]},{"@type":"WebPage","@id":"https:\/\/psoecanarias.com\/web\/psoe-propone-licitar-manera-urgente-las-carreteras-canarias\/","url":"https:\/\/psoecanarias.com\/web\/psoe-propone-licitar-manera-urgente-las-carreteras-canarias\/","name":"El PSOE propone licitar de manera urgente las carreteras canarias | PSOE Canarias","isPartOf":{"@id":"https:\/\/psoecanarias.com\/web\/#website"},"primaryImageOfPage":{"@id":"https:\/\/psoecanarias.com\/web\/psoe-propone-licitar-manera-urgente-las-carreteras-canarias\/#primaryimage"},"image":{"@id":"https:\/\/psoecanarias.com\/web\/psoe-propone-licitar-manera-urgente-las-carreteras-canarias\/#primaryimage"},"thumbnailUrl":"https:\/\/psoecanarias.com\/web\/wp-content\/uploads\/2018\/03\/AV-Torres-y-Pedro-Sa--nchez1-1.jpg","datePublished":"2018-03-15T19:30:16+00:00","author":{"@id":"https:\/\/psoecanarias.com\/web\/#\/schema\/person\/1ae43f9659d2fc599ca69c11e1dbf26f"},"breadcrumb":{"@id":"https:\/\/psoecanarias.com\/web\/psoe-propone-licitar-manera-urgente-las-carreteras-canarias\/#breadcrumb"},"inLanguage":"es","potentialAction":[{"@type":"ReadAction","target":["https:\/\/psoecanarias.com\/web\/psoe-propone-licitar-manera-urgente-las-carreteras-canarias\/"]}]},{"@type":"ImageObject","inLanguage":"es","@id":"https:\/\/psoecanarias.com\/web\/psoe-propone-licitar-manera-urgente-las-carreteras-canarias\/#primaryimage","url":"https:\/\/psoecanarias.com\/web\/wp-content\/uploads\/2018\/03\/AV-Torres-y-Pedro-Sa--nchez1-1.jpg","contentUrl":"https:\/\/psoecanarias.com\/web\/wp-content\/uploads\/2018\/03\/AV-Torres-y-Pedro-Sa--nchez1-1.jpg","width":3000,"height":2000},{"@type":"BreadcrumbList","@id":"https:\/\/psoecanarias.com\/web\/psoe-propone-licitar-manera-urgente-las-carreteras-canarias\/#breadcrumb","itemListElement":[{"@type":"ListItem","position":1,"name":"Portada","item":"https:\/\/psoecanarias.com\/web\/"},{"@type":"ListItem","position":2,"name":"El PSOE propone licitar de manera urgente las carreteras canarias"}]},{"@type":"WebSite","@id":"https:\/\/psoecanarias.com\/web\/#website","url":"https:\/\/psoecanarias.com\/web\/","name":"PSOE Canarias","description":"Partido Socialista Obrero Espa\u00f1ol Canarias","potentialAction":[{"@type":"SearchAction","target":{"@type":"EntryPoint","urlTemplate":"https:\/\/psoecanarias.com\/web\/?s={search_term_string}"},"query-input":{"@type":"PropertyValueSpecification","valueRequired":true,"valueName":"search_term_string"}}],"inLanguage":"es"},{"@type":"Person","@id":"https:\/\/psoecanarias.com\/web\/#\/schema\/person\/1ae43f9659d2fc599ca69c11e1dbf26f","name":"PSOE Canarias","image":{"@type":"ImageObject","inLanguage":"es","@id":"https:\/\/secure.gravatar.com\/avatar\/4364d37f6f6f9cdb7af199b46151565f37d8a8c3c0e04c1d78c04e857a15e3a8?s=96&d=mm&r=g","url":"https:\/\/secure.gravatar.com\/avatar\/4364d37f6f6f9cdb7af199b46151565f37d8a8c3c0e04c1d78c04e857a15e3a8?s=96&d=mm&r=g","contentUrl":"https:\/\/secure.gravatar.com\/avatar\/4364d37f6f6f9cdb7af199b46151565f37d8a8c3c0e04c1d78c04e857a15e3a8?s=96&d=mm&r=g","caption":"PSOE Canarias"},"url":"https:\/\/psoecanarias.com\/web\/author\/admin\/"}]}},"_links":{"self":[{"href":"https:\/\/psoecanarias.com\/web\/wp-json\/wp\/v2\/posts\/4719","targetHints":{"allow":["GET"]}}],"collection":[{"href":"https:\/\/psoecanarias.com\/web\/wp-json\/wp\/v2\/posts"}],"about":[{"href":"https:\/\/psoecanarias.com\/web\/wp-json\/wp\/v2\/types\/post"}],"author":[{"embeddable":true,"href":"https:\/\/psoecanarias.com\/web\/wp-json\/wp\/v2\/users\/1"}],"replies":[{"embeddable":true,"href":"https:\/\/psoecanarias.com\/web\/wp-json\/wp\/v2\/comments?post=4719"}],"version-history":[{"count":1,"href":"https:\/\/psoecanarias.com\/web\/wp-json\/wp\/v2\/posts\/4719\/revisions"}],"predecessor-version":[{"id":4721,"href":"https:\/\/psoecanarias.com\/web\/wp-json\/wp\/v2\/posts\/4719\/revisions\/4721"}],"wp:featuredmedia":[{"embeddable":true,"href":"https:\/\/psoecanarias.com\/web\/wp-json\/wp\/v2\/media\/4720"}],"wp:attachment":[{"href":"https:\/\/psoecanarias.com\/web\/wp-json\/wp\/v2\/media?parent=4719"}],"wp:term":[{"taxonomy":"category","embeddable":true,"href":"https:\/\/psoecanarias.com\/web\/wp-json\/wp\/v2\/categories?post=4719"},{"taxonomy":"post_tag","embeddable":true,"href":"https:\/\/psoecanarias.com\/web\/wp-json\/wp\/v2\/tags?post=4719"}],"curies":[{"name":"wp","href":"https:\/\/api.w.org\/{rel}","templated":true}]}}