{"id":4725,"date":"2018-03-27T22:13:03","date_gmt":"2018-03-27T21:13:03","guid":{"rendered":"http:\/\/psoecanarias.com\/web\/?p=4725"},"modified":"2018-03-27T22:13:03","modified_gmt":"2018-03-27T21:13:03","slug":"psoe-exige-clavijo-se-plante-ante-gobierno-rajoy-autorice-gastar-superavit-servicios-esenciales","status":"publish","type":"post","link":"https:\/\/psoecanarias.com\/web\/psoe-exige-clavijo-se-plante-ante-gobierno-rajoy-autorice-gastar-superavit-servicios-esenciales\/","title":{"rendered":"El PSOE exige a Clavijo que se plante ante el Gobierno de Rajoy para que autorice gastar el super\u00e1vit en servicios esenciales"},"content":{"rendered":"<div><span style=\"font-size: medium;\">La portavoz del Grupo Parlamentario Socialista, Dolores Corujo, exige al presidente Clavijo que se plante ante el Gobierno de Espa\u00f1a para reclamarle a Rajoy que permita a la Comunidad Aut\u00f3noma gastar el super\u00e1vit de 295 millones de euros en servicios esenciales. Subraya que esa cantidad permitir\u00eda, por ejemplo, que la dependencia en las islas quedase a cero, saliendo as\u00ed del vag\u00f3n de cola donde la ha instalado Coalici\u00f3n Canaria.\u00a0<\/span><\/div>\n<div><span style=\"font-size: medium;\">\u00a0<\/span><\/div>\n<div><span style=\"font-size: medium;\">Corujo recuerda que Canarias es una de las cuatro autonom\u00edas que cerraron 2017 con m\u00e1s ingresos que gastos, seg\u00fan datos del Ministerio de Hacienda hechos p\u00fablicos esta semana. Indica que a esos 295 millones de euros se suman otros 264 millones asumibles como d\u00e9ficit, de tal forma que hablamos de casi 560 millones de euros que el presidente Clavijo no ha querido gastar por su obsesi\u00f3n en ser los primeros en austeridad a costa de ser los \u00faltimos en pol\u00edticas sociales.<\/span><\/div>\n<div><span style=\"font-size: medium;\">\u00a0<\/span><\/div>\n<div><span style=\"font-size: medium;\">La portavoz considera \u201cespecialmente lamentable\u201d esta pol\u00edtica del Gobierno en minor\u00eda de Clavijo a la vista de que 227.000 personas viven en el archipi\u00e9lago en situaci\u00f3n de privaci\u00f3n material severa, \u201ca las que este Ejecutivo ha dado de lado\u201d. Critica que la econom\u00eda canaria es la que a mejor ritmo crece, \u201cmientras que tambi\u00e9n es Canarias el territorio donde m\u00e1s aumenta la pobreza\u201d<\/span><\/div>\n<div><span style=\"font-size: medium;\">\u00a0<\/span><\/div>\n<div><span style=\"font-size: medium;\">Corujo hace hincapi\u00e9 en que 43.400 canarios y canarias subsisten con pensiones no contributivas que no alcanzan los 390 euros, de los que m\u00e1s del 66% son mujeres. \u201cPese a todo ello, Clavijo no quiere rebelarse contra una interpretaci\u00f3n injusta de una ley injusta; no es capaz de reclamar ante el Ministerio que le dejen gastar ese dinero en las personas\u201d, critica.<\/span><\/div>\n<div><span style=\"font-size: medium;\">\u00a0<\/span><\/div>\n<div><span style=\"font-size: medium;\">La parlamentaria del PSOE explica que recientemente, el presidente Clavijo respaldaba el pulso que la Federaci\u00f3n Espa\u00f1ola de Municipios y Provincias planteaba al ministro Montoro para exigir que les dejaran gastar el super\u00e1vit municipal. \u201cNo entendemos por qu\u00e9 Clavijo da por buenas las reivindicaciones municipales cuando afectan al Ministerio pero se cierra en banda cuando hablamos del Fondo Canario de Financiaci\u00f3n Municipal\u201d, expone.<\/span><\/div>\n<div><span style=\"font-size: medium;\">\u00a0<\/span><\/div>\n<div><span style=\"font-size: medium;\">Dolores Corujo insiste en la necesidad de que el presidente del Gobierno canario \u201creaccione de una vez por todas ante la contundencia de las cifras en Canarias\u201d y sostiene que si las islas est\u00e1n \u201ca la cola de la cola\u201d es por las decisiones pol\u00edticas del Ejecutivo Clavijo.<\/span><\/div>\n","protected":false},"excerpt":{"rendered":"<p>La portavoz del Grupo Parlamentario Socialista, Dolores Corujo, exige al presidente Clavijo que se plante ante el Gobierno de Espa\u00f1a para reclamarle a Rajoy que permita a la Comunidad Aut\u00f3noma gastar el super\u00e1vit de 295 millones de euros en servicios esenciales. Subraya que esa cantidad permitir\u00eda, por ejemplo, que la dependencia en las islas quedase [&hellip;]<\/p>\n","protected":false},"author":1,"featured_media":4641,"comment_status":"open","ping_status":"open","sticky":false,"template":"","format":"standard","meta":{"footnotes":""},"categories":[7],"tags":[],"class_list":["post-4725","post","type-post","status-publish","format-standard","has-post-thumbnail","hentry","category-politica"],"featured_image_src":"https:\/\/psoecanarias.com\/web\/wp-content\/uploads\/2018\/02\/LCorujo.jpg","author_info":{"display_name":"PSOE Canarias","author_link":"https:\/\/psoecanarias.com\/web\/author\/admin\/"},"yoast_head":"<!-- This site is optimized with the Yoast SEO plugin v27.2 - https:\/\/yoast.com\/product\/yoast-seo-wordpress\/ -->\n<title>El PSOE exige a Clavijo que se plante ante el Gobierno de Rajoy para que autorice gastar el super\u00e1vit en servicios esenciales | PSOE Canarias<\/title>\n<meta name=\"robots\" content=\"index, follow, max-snippet:-1, max-image-preview:large, max-video-preview:-1\" \/>\n<link rel=\"canonical\" href=\"https:\/\/psoecanarias.com\/web\/psoe-exige-clavijo-se-plante-ante-gobierno-rajoy-autorice-gastar-superavit-servicios-esenciales\/\" \/>\n<meta property=\"og:locale\" content=\"es_ES\" \/>\n<meta property=\"og:type\" content=\"article\" \/>\n<meta property=\"og:title\" content=\"El PSOE exige a Clavijo que se plante ante el Gobierno de Rajoy para que autorice gastar el super\u00e1vit en servicios esenciales | PSOE Canarias\" \/>\n<meta property=\"og:description\" content=\"La portavoz del Grupo Parlamentario Socialista, Dolores Corujo, exige al presidente Clavijo que se plante ante el Gobierno de Espa\u00f1a para reclamarle a Rajoy que permita a la Comunidad Aut\u00f3noma gastar el super\u00e1vit de 295 millones de euros en servicios esenciales. Subraya que esa cantidad permitir\u00eda, por ejemplo, que la dependencia en las islas quedase [&hellip;]\" \/>\n<meta property=\"og:url\" content=\"https:\/\/psoecanarias.com\/web\/psoe-exige-clavijo-se-plante-ante-gobierno-rajoy-autorice-gastar-superavit-servicios-esenciales\/\" \/>\n<meta property=\"og:site_name\" content=\"PSOE Canarias\" \/>\n<meta property=\"article:published_time\" content=\"2018-03-27T21:13:03+00:00\" \/>\n<meta property=\"og:image\" content=\"https:\/\/psoecanarias.com\/web\/wp-content\/uploads\/2018\/02\/LCorujo.jpg\" \/>\n\t<meta property=\"og:image:width\" content=\"640\" \/>\n\t<meta property=\"og:image:height\" content=\"417\" \/>\n\t<meta property=\"og:image:type\" content=\"image\/jpeg\" \/>\n<meta name=\"author\" content=\"PSOE Canarias\" \/>\n<meta name=\"twitter:card\" content=\"summary_large_image\" \/>\n<script type=\"application\/ld+json\" class=\"yoast-schema-graph\">{\"@context\":\"https:\/\/schema.org\",\"@graph\":[{\"@type\":\"Article\",\"@id\":\"https:\/\/psoecanarias.com\/web\/psoe-exige-clavijo-se-plante-ante-gobierno-rajoy-autorice-gastar-superavit-servicios-esenciales\/#article\",\"isPartOf\":{\"@id\":\"https:\/\/psoecanarias.com\/web\/psoe-exige-clavijo-se-plante-ante-gobierno-rajoy-autorice-gastar-superavit-servicios-esenciales\/\"},\"author\":{\"name\":\"PSOE Canarias\",\"@id\":\"https:\/\/psoecanarias.com\/web\/#\/schema\/person\/1ae43f9659d2fc599ca69c11e1dbf26f\"},\"headline\":\"El PSOE exige a Clavijo que se plante ante el Gobierno de Rajoy para que autorice gastar el super\u00e1vit en servicios esenciales\",\"datePublished\":\"2018-03-27T21:13:03+00:00\",\"mainEntityOfPage\":{\"@id\":\"https:\/\/psoecanarias.com\/web\/psoe-exige-clavijo-se-plante-ante-gobierno-rajoy-autorice-gastar-superavit-servicios-esenciales\/\"},\"wordCount\":429,\"commentCount\":0,\"image\":{\"@id\":\"https:\/\/psoecanarias.com\/web\/psoe-exige-clavijo-se-plante-ante-gobierno-rajoy-autorice-gastar-superavit-servicios-esenciales\/#primaryimage\"},\"thumbnailUrl\":\"https:\/\/psoecanarias.com\/web\/wp-content\/uploads\/2018\/02\/LCorujo.jpg\",\"articleSection\":[\"Pol\u00edtica\"],\"inLanguage\":\"es\",\"potentialAction\":[{\"@type\":\"CommentAction\",\"name\":\"Comment\",\"target\":[\"https:\/\/psoecanarias.com\/web\/psoe-exige-clavijo-se-plante-ante-gobierno-rajoy-autorice-gastar-superavit-servicios-esenciales\/#respond\"]}]},{\"@type\":\"WebPage\",\"@id\":\"https:\/\/psoecanarias.com\/web\/psoe-exige-clavijo-se-plante-ante-gobierno-rajoy-autorice-gastar-superavit-servicios-esenciales\/\",\"url\":\"https:\/\/psoecanarias.com\/web\/psoe-exige-clavijo-se-plante-ante-gobierno-rajoy-autorice-gastar-superavit-servicios-esenciales\/\",\"name\":\"El PSOE exige a Clavijo que se plante ante el Gobierno de Rajoy para que autorice gastar el super\u00e1vit en servicios esenciales | PSOE Canarias\",\"isPartOf\":{\"@id\":\"https:\/\/psoecanarias.com\/web\/#website\"},\"primaryImageOfPage\":{\"@id\":\"https:\/\/psoecanarias.com\/web\/psoe-exige-clavijo-se-plante-ante-gobierno-rajoy-autorice-gastar-superavit-servicios-esenciales\/#primaryimage\"},\"image\":{\"@id\":\"https:\/\/psoecanarias.com\/web\/psoe-exige-clavijo-se-plante-ante-gobierno-rajoy-autorice-gastar-superavit-servicios-esenciales\/#primaryimage\"},\"thumbnailUrl\":\"https:\/\/psoecanarias.com\/web\/wp-content\/uploads\/2018\/02\/LCorujo.jpg\",\"datePublished\":\"2018-03-27T21:13:03+00:00\",\"author\":{\"@id\":\"https:\/\/psoecanarias.com\/web\/#\/schema\/person\/1ae43f9659d2fc599ca69c11e1dbf26f\"},\"breadcrumb\":{\"@id\":\"https:\/\/psoecanarias.com\/web\/psoe-exige-clavijo-se-plante-ante-gobierno-rajoy-autorice-gastar-superavit-servicios-esenciales\/#breadcrumb\"},\"inLanguage\":\"es\",\"potentialAction\":[{\"@type\":\"ReadAction\",\"target\":[\"https:\/\/psoecanarias.com\/web\/psoe-exige-clavijo-se-plante-ante-gobierno-rajoy-autorice-gastar-superavit-servicios-esenciales\/\"]}]},{\"@type\":\"ImageObject\",\"inLanguage\":\"es\",\"@id\":\"https:\/\/psoecanarias.com\/web\/psoe-exige-clavijo-se-plante-ante-gobierno-rajoy-autorice-gastar-superavit-servicios-esenciales\/#primaryimage\",\"url\":\"https:\/\/psoecanarias.com\/web\/wp-content\/uploads\/2018\/02\/LCorujo.jpg\",\"contentUrl\":\"https:\/\/psoecanarias.com\/web\/wp-content\/uploads\/2018\/02\/LCorujo.jpg\",\"width\":640,\"height\":417},{\"@type\":\"BreadcrumbList\",\"@id\":\"https:\/\/psoecanarias.com\/web\/psoe-exige-clavijo-se-plante-ante-gobierno-rajoy-autorice-gastar-superavit-servicios-esenciales\/#breadcrumb\",\"itemListElement\":[{\"@type\":\"ListItem\",\"position\":1,\"name\":\"Portada\",\"item\":\"https:\/\/psoecanarias.com\/web\/\"},{\"@type\":\"ListItem\",\"position\":2,\"name\":\"El PSOE exige a Clavijo que se plante ante el Gobierno de Rajoy para que autorice gastar el super\u00e1vit en servicios esenciales\"}]},{\"@type\":\"WebSite\",\"@id\":\"https:\/\/psoecanarias.com\/web\/#website\",\"url\":\"https:\/\/psoecanarias.com\/web\/\",\"name\":\"PSOE Canarias\",\"description\":\"Partido Socialista Obrero Espa\u00f1ol Canarias\",\"potentialAction\":[{\"@type\":\"SearchAction\",\"target\":{\"@type\":\"EntryPoint\",\"urlTemplate\":\"https:\/\/psoecanarias.com\/web\/?s={search_term_string}\"},\"query-input\":{\"@type\":\"PropertyValueSpecification\",\"valueRequired\":true,\"valueName\":\"search_term_string\"}}],\"inLanguage\":\"es\"},{\"@type\":\"Person\",\"@id\":\"https:\/\/psoecanarias.com\/web\/#\/schema\/person\/1ae43f9659d2fc599ca69c11e1dbf26f\",\"name\":\"PSOE Canarias\",\"image\":{\"@type\":\"ImageObject\",\"inLanguage\":\"es\",\"@id\":\"https:\/\/secure.gravatar.com\/avatar\/4364d37f6f6f9cdb7af199b46151565f37d8a8c3c0e04c1d78c04e857a15e3a8?s=96&d=mm&r=g\",\"url\":\"https:\/\/secure.gravatar.com\/avatar\/4364d37f6f6f9cdb7af199b46151565f37d8a8c3c0e04c1d78c04e857a15e3a8?s=96&d=mm&r=g\",\"contentUrl\":\"https:\/\/secure.gravatar.com\/avatar\/4364d37f6f6f9cdb7af199b46151565f37d8a8c3c0e04c1d78c04e857a15e3a8?s=96&d=mm&r=g\",\"caption\":\"PSOE Canarias\"},\"url\":\"https:\/\/psoecanarias.com\/web\/author\/admin\/\"}]}<\/script>\n<!-- \/ Yoast SEO plugin. -->","yoast_head_json":{"title":"El PSOE exige a Clavijo que se plante ante el Gobierno de Rajoy para que autorice gastar el super\u00e1vit en servicios esenciales | PSOE Canarias","robots":{"index":"index","follow":"follow","max-snippet":"max-snippet:-1","max-image-preview":"max-image-preview:large","max-video-preview":"max-video-preview:-1"},"canonical":"https:\/\/psoecanarias.com\/web\/psoe-exige-clavijo-se-plante-ante-gobierno-rajoy-autorice-gastar-superavit-servicios-esenciales\/","og_locale":"es_ES","og_type":"article","og_title":"El PSOE exige a Clavijo que se plante ante el Gobierno de Rajoy para que autorice gastar el super\u00e1vit en servicios esenciales | PSOE Canarias","og_description":"La portavoz del Grupo Parlamentario Socialista, Dolores Corujo, exige al presidente Clavijo que se plante ante el Gobierno de Espa\u00f1a para reclamarle a Rajoy que permita a la Comunidad Aut\u00f3noma gastar el super\u00e1vit de 295 millones de euros en servicios esenciales. Subraya que esa cantidad permitir\u00eda, por ejemplo, que la dependencia en las islas quedase [&hellip;]","og_url":"https:\/\/psoecanarias.com\/web\/psoe-exige-clavijo-se-plante-ante-gobierno-rajoy-autorice-gastar-superavit-servicios-esenciales\/","og_site_name":"PSOE Canarias","article_published_time":"2018-03-27T21:13:03+00:00","og_image":[{"width":640,"height":417,"url":"https:\/\/psoecanarias.com\/web\/wp-content\/uploads\/2018\/02\/LCorujo.jpg","type":"image\/jpeg"}],"author":"PSOE Canarias","twitter_card":"summary_large_image","schema":{"@context":"https:\/\/schema.org","@graph":[{"@type":"Article","@id":"https:\/\/psoecanarias.com\/web\/psoe-exige-clavijo-se-plante-ante-gobierno-rajoy-autorice-gastar-superavit-servicios-esenciales\/#article","isPartOf":{"@id":"https:\/\/psoecanarias.com\/web\/psoe-exige-clavijo-se-plante-ante-gobierno-rajoy-autorice-gastar-superavit-servicios-esenciales\/"},"author":{"name":"PSOE Canarias","@id":"https:\/\/psoecanarias.com\/web\/#\/schema\/person\/1ae43f9659d2fc599ca69c11e1dbf26f"},"headline":"El PSOE exige a Clavijo que se plante ante el Gobierno de Rajoy para que autorice gastar el super\u00e1vit en servicios esenciales","datePublished":"2018-03-27T21:13:03+00:00","mainEntityOfPage":{"@id":"https:\/\/psoecanarias.com\/web\/psoe-exige-clavijo-se-plante-ante-gobierno-rajoy-autorice-gastar-superavit-servicios-esenciales\/"},"wordCount":429,"commentCount":0,"image":{"@id":"https:\/\/psoecanarias.com\/web\/psoe-exige-clavijo-se-plante-ante-gobierno-rajoy-autorice-gastar-superavit-servicios-esenciales\/#primaryimage"},"thumbnailUrl":"https:\/\/psoecanarias.com\/web\/wp-content\/uploads\/2018\/02\/LCorujo.jpg","articleSection":["Pol\u00edtica"],"inLanguage":"es","potentialAction":[{"@type":"CommentAction","name":"Comment","target":["https:\/\/psoecanarias.com\/web\/psoe-exige-clavijo-se-plante-ante-gobierno-rajoy-autorice-gastar-superavit-servicios-esenciales\/#respond"]}]},{"@type":"WebPage","@id":"https:\/\/psoecanarias.com\/web\/psoe-exige-clavijo-se-plante-ante-gobierno-rajoy-autorice-gastar-superavit-servicios-esenciales\/","url":"https:\/\/psoecanarias.com\/web\/psoe-exige-clavijo-se-plante-ante-gobierno-rajoy-autorice-gastar-superavit-servicios-esenciales\/","name":"El PSOE exige a Clavijo que se plante ante el Gobierno de Rajoy para que autorice gastar el super\u00e1vit en servicios esenciales | PSOE Canarias","isPartOf":{"@id":"https:\/\/psoecanarias.com\/web\/#website"},"primaryImageOfPage":{"@id":"https:\/\/psoecanarias.com\/web\/psoe-exige-clavijo-se-plante-ante-gobierno-rajoy-autorice-gastar-superavit-servicios-esenciales\/#primaryimage"},"image":{"@id":"https:\/\/psoecanarias.com\/web\/psoe-exige-clavijo-se-plante-ante-gobierno-rajoy-autorice-gastar-superavit-servicios-esenciales\/#primaryimage"},"thumbnailUrl":"https:\/\/psoecanarias.com\/web\/wp-content\/uploads\/2018\/02\/LCorujo.jpg","datePublished":"2018-03-27T21:13:03+00:00","author":{"@id":"https:\/\/psoecanarias.com\/web\/#\/schema\/person\/1ae43f9659d2fc599ca69c11e1dbf26f"},"breadcrumb":{"@id":"https:\/\/psoecanarias.com\/web\/psoe-exige-clavijo-se-plante-ante-gobierno-rajoy-autorice-gastar-superavit-servicios-esenciales\/#breadcrumb"},"inLanguage":"es","potentialAction":[{"@type":"ReadAction","target":["https:\/\/psoecanarias.com\/web\/psoe-exige-clavijo-se-plante-ante-gobierno-rajoy-autorice-gastar-superavit-servicios-esenciales\/"]}]},{"@type":"ImageObject","inLanguage":"es","@id":"https:\/\/psoecanarias.com\/web\/psoe-exige-clavijo-se-plante-ante-gobierno-rajoy-autorice-gastar-superavit-servicios-esenciales\/#primaryimage","url":"https:\/\/psoecanarias.com\/web\/wp-content\/uploads\/2018\/02\/LCorujo.jpg","contentUrl":"https:\/\/psoecanarias.com\/web\/wp-content\/uploads\/2018\/02\/LCorujo.jpg","width":640,"height":417},{"@type":"BreadcrumbList","@id":"https:\/\/psoecanarias.com\/web\/psoe-exige-clavijo-se-plante-ante-gobierno-rajoy-autorice-gastar-superavit-servicios-esenciales\/#breadcrumb","itemListElement":[{"@type":"ListItem","position":1,"name":"Portada","item":"https:\/\/psoecanarias.com\/web\/"},{"@type":"ListItem","position":2,"name":"El PSOE exige a Clavijo que se plante ante el Gobierno de Rajoy para que autorice gastar el super\u00e1vit en servicios esenciales"}]},{"@type":"WebSite","@id":"https:\/\/psoecanarias.com\/web\/#website","url":"https:\/\/psoecanarias.com\/web\/","name":"PSOE Canarias","description":"Partido Socialista Obrero Espa\u00f1ol Canarias","potentialAction":[{"@type":"SearchAction","target":{"@type":"EntryPoint","urlTemplate":"https:\/\/psoecanarias.com\/web\/?s={search_term_string}"},"query-input":{"@type":"PropertyValueSpecification","valueRequired":true,"valueName":"search_term_string"}}],"inLanguage":"es"},{"@type":"Person","@id":"https:\/\/psoecanarias.com\/web\/#\/schema\/person\/1ae43f9659d2fc599ca69c11e1dbf26f","name":"PSOE Canarias","image":{"@type":"ImageObject","inLanguage":"es","@id":"https:\/\/secure.gravatar.com\/avatar\/4364d37f6f6f9cdb7af199b46151565f37d8a8c3c0e04c1d78c04e857a15e3a8?s=96&d=mm&r=g","url":"https:\/\/secure.gravatar.com\/avatar\/4364d37f6f6f9cdb7af199b46151565f37d8a8c3c0e04c1d78c04e857a15e3a8?s=96&d=mm&r=g","contentUrl":"https:\/\/secure.gravatar.com\/avatar\/4364d37f6f6f9cdb7af199b46151565f37d8a8c3c0e04c1d78c04e857a15e3a8?s=96&d=mm&r=g","caption":"PSOE Canarias"},"url":"https:\/\/psoecanarias.com\/web\/author\/admin\/"}]}},"_links":{"self":[{"href":"https:\/\/psoecanarias.com\/web\/wp-json\/wp\/v2\/posts\/4725","targetHints":{"allow":["GET"]}}],"collection":[{"href":"https:\/\/psoecanarias.com\/web\/wp-json\/wp\/v2\/posts"}],"about":[{"href":"https:\/\/psoecanarias.com\/web\/wp-json\/wp\/v2\/types\/post"}],"author":[{"embeddable":true,"href":"https:\/\/psoecanarias.com\/web\/wp-json\/wp\/v2\/users\/1"}],"replies":[{"embeddable":true,"href":"https:\/\/psoecanarias.com\/web\/wp-json\/wp\/v2\/comments?post=4725"}],"version-history":[{"count":1,"href":"https:\/\/psoecanarias.com\/web\/wp-json\/wp\/v2\/posts\/4725\/revisions"}],"predecessor-version":[{"id":4726,"href":"https:\/\/psoecanarias.com\/web\/wp-json\/wp\/v2\/posts\/4725\/revisions\/4726"}],"wp:featuredmedia":[{"embeddable":true,"href":"https:\/\/psoecanarias.com\/web\/wp-json\/wp\/v2\/media\/4641"}],"wp:attachment":[{"href":"https:\/\/psoecanarias.com\/web\/wp-json\/wp\/v2\/media?parent=4725"}],"wp:term":[{"taxonomy":"category","embeddable":true,"href":"https:\/\/psoecanarias.com\/web\/wp-json\/wp\/v2\/categories?post=4725"},{"taxonomy":"post_tag","embeddable":true,"href":"https:\/\/psoecanarias.com\/web\/wp-json\/wp\/v2\/tags?post=4725"}],"curies":[{"name":"wp","href":"https:\/\/api.w.org\/{rel}","templated":true}]}}