{"id":4727,"date":"2018-03-27T22:17:54","date_gmt":"2018-03-27T21:17:54","guid":{"rendered":"http:\/\/psoecanarias.com\/web\/?p=4727"},"modified":"2018-03-27T22:17:54","modified_gmt":"2018-03-27T21:17:54","slug":"psoe-pide-la-dimision-del-secretario-estado-pesca","status":"publish","type":"post","link":"https:\/\/psoecanarias.com\/web\/psoe-pide-la-dimision-del-secretario-estado-pesca\/","title":{"rendered":"El PSOE pide la dimisi\u00f3n del secretario de Estado de Pesca"},"content":{"rendered":"<div><span style=\"font-size: medium;\">El PSOE pide la dimisi\u00f3n del secretario de Estado de Pesca, Alberto L\u00f3pez-Asenjo, por el caos del que es responsable en lo que respecta a la planificaci\u00f3n de la pesca del at\u00fan rojo, por no aumentar la cuota de nuevo este a\u00f1o y por ser el causante del enfrentamiento entre los barcos canarios.<\/span><\/div>\n<div><span style=\"font-size: medium;\">\u00a0<\/span><\/div>\n<div><span style=\"font-size: medium;\">La portavoz de sector primario del Grupo Parlamentario Socialista y diputada por La Gomera, Ventura del Carmen Rodr\u00edguez, denuncia la arbitrariedad en el trato a la flota canaria por el departamento dependiente del Gobierno de Espa\u00f1a y recuerda que la lucha \u201cdebe centrarse en lograr esa mayor cuota y no en generar conflictos entre los profesionales del sector, que es precisamente lo que est\u00e1 haciendo el secretario de Estado\u201d.<\/span><\/div>\n<div><span style=\"font-size: medium;\">\u00a0<\/span><\/div>\n<div><span style=\"font-size: medium;\">La diputada del PSOE afirma que el Ejecutivo del PP \u201cdesoye&#8221; a los pescadores canarios y mantiene una &#8220;m\u00edsera cuota&#8221; del 1,2 por ciento del total asignado a Espa\u00f1a. \u201cLo peor es que la Secretar\u00eda de Estado saca unas instrucciones asignando un reparto por barco dentro de Canarias, instrucciones que cambia un d\u00eda antes de la apertura, de forma que enfrenta a los barcos canarios, generando contradicciones e inseguridad\u201d.<\/span><\/div>\n<div><span style=\"font-size: medium;\">\u00a0<\/span><\/div>\n<div><span style=\"font-size: medium;\">Para Rodr\u00edguez Herrera, resulta \u201cpenoso\u201d que a la flota canaria le corresponda el 1,2 por ciento de la cuota estatal, es decir, apenas 57,4 toneladas. \u201cEn esta lucha llevan ya muchos a\u00f1os los pescadores canarios, pero la respuesta del Gobierno del PP ha sido siempre chapucera y arbitraria\u201d, lamenta.<\/span><\/div>\n<div><span style=\"font-size: medium;\">\u00a0<\/span><\/div>\n<div><span style=\"font-size: medium;\">La parlamentaria indica que el PSOE ha presentados varias iniciativas y presentar\u00e1, en el pr\u00f3ximo pleno, una proposici\u00f3n no de ley para comprometer al Estado a un incremento m\u00ednimo del 10 por ciento. Afirma que este aumento est\u00e1 avalado por el hecho de que la flota canaria es artesanal, sostenible y por estudios de las universidades, que determinan que no existe riesgo de subsistencia de la especie a su paso por Canarias.\u00a0<\/span><\/div>\n<div><span style=\"font-size: medium;\">\u00a0<\/span><\/div>\n<div><span style=\"font-size: medium;\">Subraya que la pesca de at\u00fan rojo en Canarias cumple exquisitamente con las exigencias europeas, por lo que si el Gobierno de Rajoy no responde, habr\u00e1 que acudir a instancias europeas. \u201cSi estuvi\u00e9ramos hablando de 700-800 toneladas para los barcos canarios y no de 255, seguro que la tensi\u00f3n ser\u00eda bastante menor en el sector\u201d, sostiene.<\/span><\/div>\n<div><span style=\"font-size: medium;\">\u00a0<\/span><\/div>\n<div><span style=\"font-size: medium;\">Por \u00faltimo, se\u00f1ala que mediante resoluci\u00f3n de la Secretar\u00eda General de Pesca por la que se establecen disposiciones para la campa\u00f1a del at\u00fan rojo en 2018 para los buques autorizados a la pesca activa de esta especie en el caladero canario ya se reconoce que la cuota asignada a la flota canaria es injusta y se le suman 197 toneladas del fondo de maniobra.<\/span><\/div>\n","protected":false},"excerpt":{"rendered":"<p>El PSOE pide la dimisi\u00f3n del secretario de Estado de Pesca, Alberto L\u00f3pez-Asenjo, por el caos del que es responsable en lo que respecta a la planificaci\u00f3n de la pesca del at\u00fan rojo, por no aumentar la cuota de nuevo este a\u00f1o y por ser el causante del enfrentamiento entre los barcos canarios. \u00a0 La [&hellip;]<\/p>\n","protected":false},"author":1,"featured_media":4728,"comment_status":"open","ping_status":"open","sticky":false,"template":"","format":"standard","meta":{"footnotes":""},"categories":[7],"tags":[],"class_list":["post-4727","post","type-post","status-publish","format-standard","has-post-thumbnail","hentry","category-politica"],"featured_image_src":"https:\/\/psoecanarias.com\/web\/wp-content\/uploads\/2018\/03\/ventura.jpeg","author_info":{"display_name":"PSOE Canarias","author_link":"https:\/\/psoecanarias.com\/web\/author\/admin\/"},"yoast_head":"<!-- This site is optimized with the Yoast SEO plugin v27.2 - https:\/\/yoast.com\/product\/yoast-seo-wordpress\/ -->\n<title>El PSOE pide la dimisi\u00f3n del secretario de Estado de Pesca | PSOE Canarias<\/title>\n<meta name=\"robots\" content=\"index, follow, max-snippet:-1, max-image-preview:large, max-video-preview:-1\" \/>\n<link rel=\"canonical\" href=\"https:\/\/psoecanarias.com\/web\/psoe-pide-la-dimision-del-secretario-estado-pesca\/\" \/>\n<meta property=\"og:locale\" content=\"es_ES\" \/>\n<meta property=\"og:type\" content=\"article\" \/>\n<meta property=\"og:title\" content=\"El PSOE pide la dimisi\u00f3n del secretario de Estado de Pesca | PSOE Canarias\" \/>\n<meta property=\"og:description\" content=\"El PSOE pide la dimisi\u00f3n del secretario de Estado de Pesca, Alberto L\u00f3pez-Asenjo, por el caos del que es responsable en lo que respecta a la planificaci\u00f3n de la pesca del at\u00fan rojo, por no aumentar la cuota de nuevo este a\u00f1o y por ser el causante del enfrentamiento entre los barcos canarios. \u00a0 La [&hellip;]\" \/>\n<meta property=\"og:url\" content=\"https:\/\/psoecanarias.com\/web\/psoe-pide-la-dimision-del-secretario-estado-pesca\/\" \/>\n<meta property=\"og:site_name\" content=\"PSOE Canarias\" \/>\n<meta property=\"article:published_time\" content=\"2018-03-27T21:17:54+00:00\" \/>\n<meta property=\"og:image\" content=\"https:\/\/psoecanarias.com\/web\/wp-content\/uploads\/2018\/03\/ventura.jpeg\" \/>\n\t<meta property=\"og:image:width\" content=\"474\" \/>\n\t<meta property=\"og:image:height\" content=\"682\" \/>\n\t<meta property=\"og:image:type\" content=\"image\/jpeg\" \/>\n<meta name=\"author\" content=\"PSOE Canarias\" \/>\n<meta name=\"twitter:card\" content=\"summary_large_image\" \/>\n<script type=\"application\/ld+json\" class=\"yoast-schema-graph\">{\"@context\":\"https:\/\/schema.org\",\"@graph\":[{\"@type\":\"Article\",\"@id\":\"https:\/\/psoecanarias.com\/web\/psoe-pide-la-dimision-del-secretario-estado-pesca\/#article\",\"isPartOf\":{\"@id\":\"https:\/\/psoecanarias.com\/web\/psoe-pide-la-dimision-del-secretario-estado-pesca\/\"},\"author\":{\"name\":\"PSOE Canarias\",\"@id\":\"https:\/\/psoecanarias.com\/web\/#\/schema\/person\/1ae43f9659d2fc599ca69c11e1dbf26f\"},\"headline\":\"El PSOE pide la dimisi\u00f3n del secretario de Estado de Pesca\",\"datePublished\":\"2018-03-27T21:17:54+00:00\",\"mainEntityOfPage\":{\"@id\":\"https:\/\/psoecanarias.com\/web\/psoe-pide-la-dimision-del-secretario-estado-pesca\/\"},\"wordCount\":462,\"commentCount\":0,\"image\":{\"@id\":\"https:\/\/psoecanarias.com\/web\/psoe-pide-la-dimision-del-secretario-estado-pesca\/#primaryimage\"},\"thumbnailUrl\":\"https:\/\/psoecanarias.com\/web\/wp-content\/uploads\/2018\/03\/ventura.jpeg\",\"articleSection\":[\"Pol\u00edtica\"],\"inLanguage\":\"es\",\"potentialAction\":[{\"@type\":\"CommentAction\",\"name\":\"Comment\",\"target\":[\"https:\/\/psoecanarias.com\/web\/psoe-pide-la-dimision-del-secretario-estado-pesca\/#respond\"]}]},{\"@type\":\"WebPage\",\"@id\":\"https:\/\/psoecanarias.com\/web\/psoe-pide-la-dimision-del-secretario-estado-pesca\/\",\"url\":\"https:\/\/psoecanarias.com\/web\/psoe-pide-la-dimision-del-secretario-estado-pesca\/\",\"name\":\"El PSOE pide la dimisi\u00f3n del secretario de Estado de Pesca | PSOE Canarias\",\"isPartOf\":{\"@id\":\"https:\/\/psoecanarias.com\/web\/#website\"},\"primaryImageOfPage\":{\"@id\":\"https:\/\/psoecanarias.com\/web\/psoe-pide-la-dimision-del-secretario-estado-pesca\/#primaryimage\"},\"image\":{\"@id\":\"https:\/\/psoecanarias.com\/web\/psoe-pide-la-dimision-del-secretario-estado-pesca\/#primaryimage\"},\"thumbnailUrl\":\"https:\/\/psoecanarias.com\/web\/wp-content\/uploads\/2018\/03\/ventura.jpeg\",\"datePublished\":\"2018-03-27T21:17:54+00:00\",\"author\":{\"@id\":\"https:\/\/psoecanarias.com\/web\/#\/schema\/person\/1ae43f9659d2fc599ca69c11e1dbf26f\"},\"breadcrumb\":{\"@id\":\"https:\/\/psoecanarias.com\/web\/psoe-pide-la-dimision-del-secretario-estado-pesca\/#breadcrumb\"},\"inLanguage\":\"es\",\"potentialAction\":[{\"@type\":\"ReadAction\",\"target\":[\"https:\/\/psoecanarias.com\/web\/psoe-pide-la-dimision-del-secretario-estado-pesca\/\"]}]},{\"@type\":\"ImageObject\",\"inLanguage\":\"es\",\"@id\":\"https:\/\/psoecanarias.com\/web\/psoe-pide-la-dimision-del-secretario-estado-pesca\/#primaryimage\",\"url\":\"https:\/\/psoecanarias.com\/web\/wp-content\/uploads\/2018\/03\/ventura.jpeg\",\"contentUrl\":\"https:\/\/psoecanarias.com\/web\/wp-content\/uploads\/2018\/03\/ventura.jpeg\",\"width\":474,\"height\":682},{\"@type\":\"BreadcrumbList\",\"@id\":\"https:\/\/psoecanarias.com\/web\/psoe-pide-la-dimision-del-secretario-estado-pesca\/#breadcrumb\",\"itemListElement\":[{\"@type\":\"ListItem\",\"position\":1,\"name\":\"Portada\",\"item\":\"https:\/\/psoecanarias.com\/web\/\"},{\"@type\":\"ListItem\",\"position\":2,\"name\":\"El PSOE pide la dimisi\u00f3n del secretario de Estado de Pesca\"}]},{\"@type\":\"WebSite\",\"@id\":\"https:\/\/psoecanarias.com\/web\/#website\",\"url\":\"https:\/\/psoecanarias.com\/web\/\",\"name\":\"PSOE Canarias\",\"description\":\"Partido Socialista Obrero Espa\u00f1ol Canarias\",\"potentialAction\":[{\"@type\":\"SearchAction\",\"target\":{\"@type\":\"EntryPoint\",\"urlTemplate\":\"https:\/\/psoecanarias.com\/web\/?s={search_term_string}\"},\"query-input\":{\"@type\":\"PropertyValueSpecification\",\"valueRequired\":true,\"valueName\":\"search_term_string\"}}],\"inLanguage\":\"es\"},{\"@type\":\"Person\",\"@id\":\"https:\/\/psoecanarias.com\/web\/#\/schema\/person\/1ae43f9659d2fc599ca69c11e1dbf26f\",\"name\":\"PSOE Canarias\",\"image\":{\"@type\":\"ImageObject\",\"inLanguage\":\"es\",\"@id\":\"https:\/\/secure.gravatar.com\/avatar\/4364d37f6f6f9cdb7af199b46151565f37d8a8c3c0e04c1d78c04e857a15e3a8?s=96&d=mm&r=g\",\"url\":\"https:\/\/secure.gravatar.com\/avatar\/4364d37f6f6f9cdb7af199b46151565f37d8a8c3c0e04c1d78c04e857a15e3a8?s=96&d=mm&r=g\",\"contentUrl\":\"https:\/\/secure.gravatar.com\/avatar\/4364d37f6f6f9cdb7af199b46151565f37d8a8c3c0e04c1d78c04e857a15e3a8?s=96&d=mm&r=g\",\"caption\":\"PSOE Canarias\"},\"url\":\"https:\/\/psoecanarias.com\/web\/author\/admin\/\"}]}<\/script>\n<!-- \/ Yoast SEO plugin. -->","yoast_head_json":{"title":"El PSOE pide la dimisi\u00f3n del secretario de Estado de Pesca | PSOE Canarias","robots":{"index":"index","follow":"follow","max-snippet":"max-snippet:-1","max-image-preview":"max-image-preview:large","max-video-preview":"max-video-preview:-1"},"canonical":"https:\/\/psoecanarias.com\/web\/psoe-pide-la-dimision-del-secretario-estado-pesca\/","og_locale":"es_ES","og_type":"article","og_title":"El PSOE pide la dimisi\u00f3n del secretario de Estado de Pesca | PSOE Canarias","og_description":"El PSOE pide la dimisi\u00f3n del secretario de Estado de Pesca, Alberto L\u00f3pez-Asenjo, por el caos del que es responsable en lo que respecta a la planificaci\u00f3n de la pesca del at\u00fan rojo, por no aumentar la cuota de nuevo este a\u00f1o y por ser el causante del enfrentamiento entre los barcos canarios. \u00a0 La [&hellip;]","og_url":"https:\/\/psoecanarias.com\/web\/psoe-pide-la-dimision-del-secretario-estado-pesca\/","og_site_name":"PSOE Canarias","article_published_time":"2018-03-27T21:17:54+00:00","og_image":[{"width":474,"height":682,"url":"https:\/\/psoecanarias.com\/web\/wp-content\/uploads\/2018\/03\/ventura.jpeg","type":"image\/jpeg"}],"author":"PSOE Canarias","twitter_card":"summary_large_image","schema":{"@context":"https:\/\/schema.org","@graph":[{"@type":"Article","@id":"https:\/\/psoecanarias.com\/web\/psoe-pide-la-dimision-del-secretario-estado-pesca\/#article","isPartOf":{"@id":"https:\/\/psoecanarias.com\/web\/psoe-pide-la-dimision-del-secretario-estado-pesca\/"},"author":{"name":"PSOE Canarias","@id":"https:\/\/psoecanarias.com\/web\/#\/schema\/person\/1ae43f9659d2fc599ca69c11e1dbf26f"},"headline":"El PSOE pide la dimisi\u00f3n del secretario de Estado de Pesca","datePublished":"2018-03-27T21:17:54+00:00","mainEntityOfPage":{"@id":"https:\/\/psoecanarias.com\/web\/psoe-pide-la-dimision-del-secretario-estado-pesca\/"},"wordCount":462,"commentCount":0,"image":{"@id":"https:\/\/psoecanarias.com\/web\/psoe-pide-la-dimision-del-secretario-estado-pesca\/#primaryimage"},"thumbnailUrl":"https:\/\/psoecanarias.com\/web\/wp-content\/uploads\/2018\/03\/ventura.jpeg","articleSection":["Pol\u00edtica"],"inLanguage":"es","potentialAction":[{"@type":"CommentAction","name":"Comment","target":["https:\/\/psoecanarias.com\/web\/psoe-pide-la-dimision-del-secretario-estado-pesca\/#respond"]}]},{"@type":"WebPage","@id":"https:\/\/psoecanarias.com\/web\/psoe-pide-la-dimision-del-secretario-estado-pesca\/","url":"https:\/\/psoecanarias.com\/web\/psoe-pide-la-dimision-del-secretario-estado-pesca\/","name":"El PSOE pide la dimisi\u00f3n del secretario de Estado de Pesca | PSOE Canarias","isPartOf":{"@id":"https:\/\/psoecanarias.com\/web\/#website"},"primaryImageOfPage":{"@id":"https:\/\/psoecanarias.com\/web\/psoe-pide-la-dimision-del-secretario-estado-pesca\/#primaryimage"},"image":{"@id":"https:\/\/psoecanarias.com\/web\/psoe-pide-la-dimision-del-secretario-estado-pesca\/#primaryimage"},"thumbnailUrl":"https:\/\/psoecanarias.com\/web\/wp-content\/uploads\/2018\/03\/ventura.jpeg","datePublished":"2018-03-27T21:17:54+00:00","author":{"@id":"https:\/\/psoecanarias.com\/web\/#\/schema\/person\/1ae43f9659d2fc599ca69c11e1dbf26f"},"breadcrumb":{"@id":"https:\/\/psoecanarias.com\/web\/psoe-pide-la-dimision-del-secretario-estado-pesca\/#breadcrumb"},"inLanguage":"es","potentialAction":[{"@type":"ReadAction","target":["https:\/\/psoecanarias.com\/web\/psoe-pide-la-dimision-del-secretario-estado-pesca\/"]}]},{"@type":"ImageObject","inLanguage":"es","@id":"https:\/\/psoecanarias.com\/web\/psoe-pide-la-dimision-del-secretario-estado-pesca\/#primaryimage","url":"https:\/\/psoecanarias.com\/web\/wp-content\/uploads\/2018\/03\/ventura.jpeg","contentUrl":"https:\/\/psoecanarias.com\/web\/wp-content\/uploads\/2018\/03\/ventura.jpeg","width":474,"height":682},{"@type":"BreadcrumbList","@id":"https:\/\/psoecanarias.com\/web\/psoe-pide-la-dimision-del-secretario-estado-pesca\/#breadcrumb","itemListElement":[{"@type":"ListItem","position":1,"name":"Portada","item":"https:\/\/psoecanarias.com\/web\/"},{"@type":"ListItem","position":2,"name":"El PSOE pide la dimisi\u00f3n del secretario de Estado de Pesca"}]},{"@type":"WebSite","@id":"https:\/\/psoecanarias.com\/web\/#website","url":"https:\/\/psoecanarias.com\/web\/","name":"PSOE Canarias","description":"Partido Socialista Obrero Espa\u00f1ol Canarias","potentialAction":[{"@type":"SearchAction","target":{"@type":"EntryPoint","urlTemplate":"https:\/\/psoecanarias.com\/web\/?s={search_term_string}"},"query-input":{"@type":"PropertyValueSpecification","valueRequired":true,"valueName":"search_term_string"}}],"inLanguage":"es"},{"@type":"Person","@id":"https:\/\/psoecanarias.com\/web\/#\/schema\/person\/1ae43f9659d2fc599ca69c11e1dbf26f","name":"PSOE Canarias","image":{"@type":"ImageObject","inLanguage":"es","@id":"https:\/\/secure.gravatar.com\/avatar\/4364d37f6f6f9cdb7af199b46151565f37d8a8c3c0e04c1d78c04e857a15e3a8?s=96&d=mm&r=g","url":"https:\/\/secure.gravatar.com\/avatar\/4364d37f6f6f9cdb7af199b46151565f37d8a8c3c0e04c1d78c04e857a15e3a8?s=96&d=mm&r=g","contentUrl":"https:\/\/secure.gravatar.com\/avatar\/4364d37f6f6f9cdb7af199b46151565f37d8a8c3c0e04c1d78c04e857a15e3a8?s=96&d=mm&r=g","caption":"PSOE Canarias"},"url":"https:\/\/psoecanarias.com\/web\/author\/admin\/"}]}},"_links":{"self":[{"href":"https:\/\/psoecanarias.com\/web\/wp-json\/wp\/v2\/posts\/4727","targetHints":{"allow":["GET"]}}],"collection":[{"href":"https:\/\/psoecanarias.com\/web\/wp-json\/wp\/v2\/posts"}],"about":[{"href":"https:\/\/psoecanarias.com\/web\/wp-json\/wp\/v2\/types\/post"}],"author":[{"embeddable":true,"href":"https:\/\/psoecanarias.com\/web\/wp-json\/wp\/v2\/users\/1"}],"replies":[{"embeddable":true,"href":"https:\/\/psoecanarias.com\/web\/wp-json\/wp\/v2\/comments?post=4727"}],"version-history":[{"count":1,"href":"https:\/\/psoecanarias.com\/web\/wp-json\/wp\/v2\/posts\/4727\/revisions"}],"predecessor-version":[{"id":4729,"href":"https:\/\/psoecanarias.com\/web\/wp-json\/wp\/v2\/posts\/4727\/revisions\/4729"}],"wp:featuredmedia":[{"embeddable":true,"href":"https:\/\/psoecanarias.com\/web\/wp-json\/wp\/v2\/media\/4728"}],"wp:attachment":[{"href":"https:\/\/psoecanarias.com\/web\/wp-json\/wp\/v2\/media?parent=4727"}],"wp:term":[{"taxonomy":"category","embeddable":true,"href":"https:\/\/psoecanarias.com\/web\/wp-json\/wp\/v2\/categories?post=4727"},{"taxonomy":"post_tag","embeddable":true,"href":"https:\/\/psoecanarias.com\/web\/wp-json\/wp\/v2\/tags?post=4727"}],"curies":[{"name":"wp","href":"https:\/\/api.w.org\/{rel}","templated":true}]}}