{"id":4730,"date":"2018-03-25T18:46:46","date_gmt":"2018-03-25T17:46:46","guid":{"rendered":"http:\/\/psoecanarias.com\/web\/?p=4730"},"modified":"2018-03-28T19:51:31","modified_gmt":"2018-03-28T18:51:31","slug":"clavijo-presidente-virtual-lejos-la-canarias-real","status":"publish","type":"post","link":"https:\/\/psoecanarias.com\/web\/clavijo-presidente-virtual-lejos-la-canarias-real\/","title":{"rendered":"Clavijo, un presidente virtual lejos de la Canarias real"},"content":{"rendered":"<div>Fernando Clavijo ha protagonizado esta semana uno de los debates de la Nacionalidad m\u00e1s surrealistas\u00a0 de los \u00faltimos a\u00f1os. Ha sido un debate poco beneficioso para nuestra tierra, porque es dif\u00edcil avanzar en ideas o en propuestas con quien vive en un mundo virtual, con quien est\u00e1 convencido de que las cifras de las listas de espera sanitarias, de la dependencia o de las familias que no reciben ning\u00fan tipo de ingreso son parte de la estad\u00edstica de una Canarias a la que no reconoce.<\/div>\n<div><\/div>\n<div>Fernando Clavijo vive en una tierra que no es la que los Socialistas palpamos. Una Canarias en la que las grandes cifras macroecon\u00f3micas no le dejan ver la realidad de un Archipi\u00e9lago que sigue estando a la cola en cuanto a prestaciones sociales se refiere y que sigue estando a la cabeza en cuanto al desempleo.<\/div>\n<div><\/div>\n<div>El actual presidente del Gobierno habl\u00f3 de una Canarias diferente a la real, de una Canarias virtual creada a modo de videojuego, de esos de los que se reconoce fiel seguidor. Porque la Canarias real no puede permitirse el lujo de que Clavijo dedique l\u00edneas y p\u00e1rrafos a los e-sports y ni una palabra a la educaci\u00f3n de cero a tres a\u00f1os.<\/div>\n<div><\/div>\n<div>Canarias tiene que mirar hacia adelante pero no puede dejar en ese andar a miles de canarios por el camino. No puede ser que en un debate sobre la Nacionalidad no se hable de las ayudas necesarias para generalizar esa educaci\u00f3n, de 0 a 3 a\u00f1os, ni de los desahucios, ni de las miles de familias canarias que est\u00e1n bajo el umbral de la pobreza.<\/div>\n<div>Sufrimos en el Parlamento un discurso agotado y agotador de quienes despu\u00e9s de 30 a\u00f1os gobernando en esta tierra se han alejado tanto de ella que ni la reconocen. Se anclan en un an\u00e1lisis autocomplaciente que habla de que Canarias est\u00e1 mejor que hace unos a\u00f1os, pero la pregunta ser\u00eda para qui\u00e9n est\u00e1 mejor \u00bfPara Todos? La respuesta por obvia no deja de ser cruel. Mejor para pocos, peor para muchos.<\/div>\n<div><\/div>\n<div>Nos hablan de la pr\u00f3xima firma de un Convenio de Carreteras que debi\u00f3 haberse firmado hace tiempo, dando por buenas las mentiras de un Partido Popular que se escuda en la necesidad de unos presupuestos. Nos hablan de la implantaci\u00f3n de un Plan de Emergencias Geri\u00e1tricas pero no de c\u00f3mo se va a solucionar el colapso y el hacinamiento en un servicio que ha protagonizado alguna de las im\u00e1genes m\u00e1s vergonzosas de los \u00faltimos tiempos.<\/div>\n<div><\/div>\n<div>Nos hablan de implantar las energ\u00edas renovables y a la vez nos informan de inversiones millonarias para generalizar el gas. Nos dicen que batimos todos los r\u00e9cords tur\u00edsticos pero poco hablan de mejorar las condiciones de las camareras de piso. En definitiva, el pasado martes asistimos a un discurso decepcionante de un gobierno en minor\u00eda, absolutamente desenfocado de la realidad de las familias canarias.<\/div>\n<div><\/div>\n<div>Porque en un momento en el que la sociedad de toda Espa\u00f1a ha salido a la calle para pedir sensibilidad con las pensiones, el Gobierno de CC se niega a complementar, como as\u00ed lo hacen ya muchas comunidades aut\u00f3nomas, las pensiones no contributivas, aquellas que reciben los que menos tienen.<\/div>\n<div><\/div>\n<div>Canarias est\u00e1 viviendo un final de legislatura perdido. Estamos ante el mayor presupuesto de la historia de Canarias y probablemente tambi\u00e9n, ante el mayor fiasco. Indudablemente hace falta una Canarias nueva, una pol\u00edtica renovada que acabe con este modelo agotado. Un aumento de 1.000 millones de euros en el Presupuesto debi\u00f3 exigir una pol\u00edtica social diferenciadora y no limitarse a una inercia que sigue dejando en la cuneta a miles de canarios.<\/div>\n<div><\/div>\n<div>Porque el pasado martes no escuchamos ni una medida fiscal para quienes cobran menos de 14.000 \u20ac, aquellos que al no realizar la declaraci\u00f3n de la renta quedan fuera de cualquiera de los beneficios fiscales. Ni una referencia a la demandada reforma electoral que mucho nos tememos quedar\u00e1 escondida bajo el silencio c\u00f3mplice del Partido Popular.<\/div>\n<div><\/div>\n<div>Lo mejor de esta semana es que apenas queda un a\u00f1o para que la Canarias real tenga una oportunidad, con un gobierno nuevo que desde ideas progresistas pueda generar un verdadero cambio social en esta tierra.<\/div>\n<div><\/div>\n<div><strong>\u00c1ngel V\u00edctor Torres<\/strong><\/div>\n<div><strong>Secretario General PSOE Canarias<\/strong><\/div>\n","protected":false},"excerpt":{"rendered":"<p>Fernando Clavijo ha protagonizado esta semana uno de los debates de la Nacionalidad m\u00e1s surrealistas\u00a0 de los \u00faltimos a\u00f1os. Ha sido un debate poco beneficioso para nuestra tierra, porque es dif\u00edcil avanzar en ideas o en propuestas con quien vive en un mundo virtual, con quien est\u00e1 convencido de que las cifras de las listas [&hellip;]<\/p>\n","protected":false},"author":1,"featured_media":8406,"comment_status":"open","ping_status":"open","sticky":false,"template":"","format":"standard","meta":{"footnotes":""},"categories":[7],"tags":[],"class_list":["post-4730","post","type-post","status-publish","format-standard","has-post-thumbnail","hentry","category-politica"],"featured_image_src":"https:\/\/psoecanarias.com\/web\/wp-content\/uploads\/2020\/03\/thumb_noimages.jpg","author_info":{"display_name":"PSOE Canarias","author_link":"https:\/\/psoecanarias.com\/web\/author\/admin\/"},"yoast_head":"<!-- This site is optimized with the Yoast SEO plugin v27.2 - https:\/\/yoast.com\/product\/yoast-seo-wordpress\/ -->\n<title>Clavijo, un presidente virtual lejos de la Canarias real | PSOE Canarias<\/title>\n<meta name=\"robots\" content=\"index, follow, max-snippet:-1, max-image-preview:large, max-video-preview:-1\" \/>\n<link rel=\"canonical\" href=\"https:\/\/psoecanarias.com\/web\/clavijo-presidente-virtual-lejos-la-canarias-real\/\" \/>\n<meta property=\"og:locale\" content=\"es_ES\" \/>\n<meta property=\"og:type\" content=\"article\" \/>\n<meta property=\"og:title\" content=\"Clavijo, un presidente virtual lejos de la Canarias real | PSOE Canarias\" \/>\n<meta property=\"og:description\" content=\"Fernando Clavijo ha protagonizado esta semana uno de los debates de la Nacionalidad m\u00e1s surrealistas\u00a0 de los \u00faltimos a\u00f1os. Ha sido un debate poco beneficioso para nuestra tierra, porque es dif\u00edcil avanzar en ideas o en propuestas con quien vive en un mundo virtual, con quien est\u00e1 convencido de que las cifras de las listas [&hellip;]\" \/>\n<meta property=\"og:url\" content=\"https:\/\/psoecanarias.com\/web\/clavijo-presidente-virtual-lejos-la-canarias-real\/\" \/>\n<meta property=\"og:site_name\" content=\"PSOE Canarias\" \/>\n<meta property=\"article:published_time\" content=\"2018-03-25T17:46:46+00:00\" \/>\n<meta property=\"article:modified_time\" content=\"2018-03-28T18:51:31+00:00\" \/>\n<meta property=\"og:image\" content=\"https:\/\/psoecanarias.com\/web\/wp-content\/uploads\/2020\/03\/thumb_noimages.jpg\" \/>\n\t<meta property=\"og:image:width\" content=\"303\" \/>\n\t<meta property=\"og:image:height\" content=\"200\" \/>\n\t<meta property=\"og:image:type\" content=\"image\/jpeg\" \/>\n<meta name=\"author\" content=\"PSOE Canarias\" \/>\n<meta name=\"twitter:card\" content=\"summary_large_image\" \/>\n<script type=\"application\/ld+json\" class=\"yoast-schema-graph\">{\"@context\":\"https:\/\/schema.org\",\"@graph\":[{\"@type\":\"Article\",\"@id\":\"https:\/\/psoecanarias.com\/web\/clavijo-presidente-virtual-lejos-la-canarias-real\/#article\",\"isPartOf\":{\"@id\":\"https:\/\/psoecanarias.com\/web\/clavijo-presidente-virtual-lejos-la-canarias-real\/\"},\"author\":{\"name\":\"PSOE Canarias\",\"@id\":\"https:\/\/psoecanarias.com\/web\/#\/schema\/person\/1ae43f9659d2fc599ca69c11e1dbf26f\"},\"headline\":\"Clavijo, un presidente virtual lejos de la Canarias real\",\"datePublished\":\"2018-03-25T17:46:46+00:00\",\"dateModified\":\"2018-03-28T18:51:31+00:00\",\"mainEntityOfPage\":{\"@id\":\"https:\/\/psoecanarias.com\/web\/clavijo-presidente-virtual-lejos-la-canarias-real\/\"},\"wordCount\":741,\"commentCount\":0,\"image\":{\"@id\":\"https:\/\/psoecanarias.com\/web\/clavijo-presidente-virtual-lejos-la-canarias-real\/#primaryimage\"},\"thumbnailUrl\":\"https:\/\/psoecanarias.com\/web\/wp-content\/uploads\/2020\/03\/thumb_noimages.jpg\",\"articleSection\":[\"Pol\u00edtica\"],\"inLanguage\":\"es\",\"potentialAction\":[{\"@type\":\"CommentAction\",\"name\":\"Comment\",\"target\":[\"https:\/\/psoecanarias.com\/web\/clavijo-presidente-virtual-lejos-la-canarias-real\/#respond\"]}]},{\"@type\":\"WebPage\",\"@id\":\"https:\/\/psoecanarias.com\/web\/clavijo-presidente-virtual-lejos-la-canarias-real\/\",\"url\":\"https:\/\/psoecanarias.com\/web\/clavijo-presidente-virtual-lejos-la-canarias-real\/\",\"name\":\"Clavijo, un presidente virtual lejos de la Canarias real | PSOE Canarias\",\"isPartOf\":{\"@id\":\"https:\/\/psoecanarias.com\/web\/#website\"},\"primaryImageOfPage\":{\"@id\":\"https:\/\/psoecanarias.com\/web\/clavijo-presidente-virtual-lejos-la-canarias-real\/#primaryimage\"},\"image\":{\"@id\":\"https:\/\/psoecanarias.com\/web\/clavijo-presidente-virtual-lejos-la-canarias-real\/#primaryimage\"},\"thumbnailUrl\":\"https:\/\/psoecanarias.com\/web\/wp-content\/uploads\/2020\/03\/thumb_noimages.jpg\",\"datePublished\":\"2018-03-25T17:46:46+00:00\",\"dateModified\":\"2018-03-28T18:51:31+00:00\",\"author\":{\"@id\":\"https:\/\/psoecanarias.com\/web\/#\/schema\/person\/1ae43f9659d2fc599ca69c11e1dbf26f\"},\"breadcrumb\":{\"@id\":\"https:\/\/psoecanarias.com\/web\/clavijo-presidente-virtual-lejos-la-canarias-real\/#breadcrumb\"},\"inLanguage\":\"es\",\"potentialAction\":[{\"@type\":\"ReadAction\",\"target\":[\"https:\/\/psoecanarias.com\/web\/clavijo-presidente-virtual-lejos-la-canarias-real\/\"]}]},{\"@type\":\"ImageObject\",\"inLanguage\":\"es\",\"@id\":\"https:\/\/psoecanarias.com\/web\/clavijo-presidente-virtual-lejos-la-canarias-real\/#primaryimage\",\"url\":\"https:\/\/psoecanarias.com\/web\/wp-content\/uploads\/2020\/03\/thumb_noimages.jpg\",\"contentUrl\":\"https:\/\/psoecanarias.com\/web\/wp-content\/uploads\/2020\/03\/thumb_noimages.jpg\",\"width\":303,\"height\":200},{\"@type\":\"BreadcrumbList\",\"@id\":\"https:\/\/psoecanarias.com\/web\/clavijo-presidente-virtual-lejos-la-canarias-real\/#breadcrumb\",\"itemListElement\":[{\"@type\":\"ListItem\",\"position\":1,\"name\":\"Portada\",\"item\":\"https:\/\/psoecanarias.com\/web\/\"},{\"@type\":\"ListItem\",\"position\":2,\"name\":\"Clavijo, un presidente virtual lejos de la Canarias real\"}]},{\"@type\":\"WebSite\",\"@id\":\"https:\/\/psoecanarias.com\/web\/#website\",\"url\":\"https:\/\/psoecanarias.com\/web\/\",\"name\":\"PSOE Canarias\",\"description\":\"Partido Socialista Obrero Espa\u00f1ol Canarias\",\"potentialAction\":[{\"@type\":\"SearchAction\",\"target\":{\"@type\":\"EntryPoint\",\"urlTemplate\":\"https:\/\/psoecanarias.com\/web\/?s={search_term_string}\"},\"query-input\":{\"@type\":\"PropertyValueSpecification\",\"valueRequired\":true,\"valueName\":\"search_term_string\"}}],\"inLanguage\":\"es\"},{\"@type\":\"Person\",\"@id\":\"https:\/\/psoecanarias.com\/web\/#\/schema\/person\/1ae43f9659d2fc599ca69c11e1dbf26f\",\"name\":\"PSOE Canarias\",\"image\":{\"@type\":\"ImageObject\",\"inLanguage\":\"es\",\"@id\":\"https:\/\/secure.gravatar.com\/avatar\/4364d37f6f6f9cdb7af199b46151565f37d8a8c3c0e04c1d78c04e857a15e3a8?s=96&d=mm&r=g\",\"url\":\"https:\/\/secure.gravatar.com\/avatar\/4364d37f6f6f9cdb7af199b46151565f37d8a8c3c0e04c1d78c04e857a15e3a8?s=96&d=mm&r=g\",\"contentUrl\":\"https:\/\/secure.gravatar.com\/avatar\/4364d37f6f6f9cdb7af199b46151565f37d8a8c3c0e04c1d78c04e857a15e3a8?s=96&d=mm&r=g\",\"caption\":\"PSOE Canarias\"},\"url\":\"https:\/\/psoecanarias.com\/web\/author\/admin\/\"}]}<\/script>\n<!-- \/ Yoast SEO plugin. -->","yoast_head_json":{"title":"Clavijo, un presidente virtual lejos de la Canarias real | PSOE Canarias","robots":{"index":"index","follow":"follow","max-snippet":"max-snippet:-1","max-image-preview":"max-image-preview:large","max-video-preview":"max-video-preview:-1"},"canonical":"https:\/\/psoecanarias.com\/web\/clavijo-presidente-virtual-lejos-la-canarias-real\/","og_locale":"es_ES","og_type":"article","og_title":"Clavijo, un presidente virtual lejos de la Canarias real | PSOE Canarias","og_description":"Fernando Clavijo ha protagonizado esta semana uno de los debates de la Nacionalidad m\u00e1s surrealistas\u00a0 de los \u00faltimos a\u00f1os. Ha sido un debate poco beneficioso para nuestra tierra, porque es dif\u00edcil avanzar en ideas o en propuestas con quien vive en un mundo virtual, con quien est\u00e1 convencido de que las cifras de las listas [&hellip;]","og_url":"https:\/\/psoecanarias.com\/web\/clavijo-presidente-virtual-lejos-la-canarias-real\/","og_site_name":"PSOE Canarias","article_published_time":"2018-03-25T17:46:46+00:00","article_modified_time":"2018-03-28T18:51:31+00:00","og_image":[{"width":303,"height":200,"url":"https:\/\/psoecanarias.com\/web\/wp-content\/uploads\/2020\/03\/thumb_noimages.jpg","type":"image\/jpeg"}],"author":"PSOE Canarias","twitter_card":"summary_large_image","schema":{"@context":"https:\/\/schema.org","@graph":[{"@type":"Article","@id":"https:\/\/psoecanarias.com\/web\/clavijo-presidente-virtual-lejos-la-canarias-real\/#article","isPartOf":{"@id":"https:\/\/psoecanarias.com\/web\/clavijo-presidente-virtual-lejos-la-canarias-real\/"},"author":{"name":"PSOE Canarias","@id":"https:\/\/psoecanarias.com\/web\/#\/schema\/person\/1ae43f9659d2fc599ca69c11e1dbf26f"},"headline":"Clavijo, un presidente virtual lejos de la Canarias real","datePublished":"2018-03-25T17:46:46+00:00","dateModified":"2018-03-28T18:51:31+00:00","mainEntityOfPage":{"@id":"https:\/\/psoecanarias.com\/web\/clavijo-presidente-virtual-lejos-la-canarias-real\/"},"wordCount":741,"commentCount":0,"image":{"@id":"https:\/\/psoecanarias.com\/web\/clavijo-presidente-virtual-lejos-la-canarias-real\/#primaryimage"},"thumbnailUrl":"https:\/\/psoecanarias.com\/web\/wp-content\/uploads\/2020\/03\/thumb_noimages.jpg","articleSection":["Pol\u00edtica"],"inLanguage":"es","potentialAction":[{"@type":"CommentAction","name":"Comment","target":["https:\/\/psoecanarias.com\/web\/clavijo-presidente-virtual-lejos-la-canarias-real\/#respond"]}]},{"@type":"WebPage","@id":"https:\/\/psoecanarias.com\/web\/clavijo-presidente-virtual-lejos-la-canarias-real\/","url":"https:\/\/psoecanarias.com\/web\/clavijo-presidente-virtual-lejos-la-canarias-real\/","name":"Clavijo, un presidente virtual lejos de la Canarias real | PSOE Canarias","isPartOf":{"@id":"https:\/\/psoecanarias.com\/web\/#website"},"primaryImageOfPage":{"@id":"https:\/\/psoecanarias.com\/web\/clavijo-presidente-virtual-lejos-la-canarias-real\/#primaryimage"},"image":{"@id":"https:\/\/psoecanarias.com\/web\/clavijo-presidente-virtual-lejos-la-canarias-real\/#primaryimage"},"thumbnailUrl":"https:\/\/psoecanarias.com\/web\/wp-content\/uploads\/2020\/03\/thumb_noimages.jpg","datePublished":"2018-03-25T17:46:46+00:00","dateModified":"2018-03-28T18:51:31+00:00","author":{"@id":"https:\/\/psoecanarias.com\/web\/#\/schema\/person\/1ae43f9659d2fc599ca69c11e1dbf26f"},"breadcrumb":{"@id":"https:\/\/psoecanarias.com\/web\/clavijo-presidente-virtual-lejos-la-canarias-real\/#breadcrumb"},"inLanguage":"es","potentialAction":[{"@type":"ReadAction","target":["https:\/\/psoecanarias.com\/web\/clavijo-presidente-virtual-lejos-la-canarias-real\/"]}]},{"@type":"ImageObject","inLanguage":"es","@id":"https:\/\/psoecanarias.com\/web\/clavijo-presidente-virtual-lejos-la-canarias-real\/#primaryimage","url":"https:\/\/psoecanarias.com\/web\/wp-content\/uploads\/2020\/03\/thumb_noimages.jpg","contentUrl":"https:\/\/psoecanarias.com\/web\/wp-content\/uploads\/2020\/03\/thumb_noimages.jpg","width":303,"height":200},{"@type":"BreadcrumbList","@id":"https:\/\/psoecanarias.com\/web\/clavijo-presidente-virtual-lejos-la-canarias-real\/#breadcrumb","itemListElement":[{"@type":"ListItem","position":1,"name":"Portada","item":"https:\/\/psoecanarias.com\/web\/"},{"@type":"ListItem","position":2,"name":"Clavijo, un presidente virtual lejos de la Canarias real"}]},{"@type":"WebSite","@id":"https:\/\/psoecanarias.com\/web\/#website","url":"https:\/\/psoecanarias.com\/web\/","name":"PSOE Canarias","description":"Partido Socialista Obrero Espa\u00f1ol Canarias","potentialAction":[{"@type":"SearchAction","target":{"@type":"EntryPoint","urlTemplate":"https:\/\/psoecanarias.com\/web\/?s={search_term_string}"},"query-input":{"@type":"PropertyValueSpecification","valueRequired":true,"valueName":"search_term_string"}}],"inLanguage":"es"},{"@type":"Person","@id":"https:\/\/psoecanarias.com\/web\/#\/schema\/person\/1ae43f9659d2fc599ca69c11e1dbf26f","name":"PSOE Canarias","image":{"@type":"ImageObject","inLanguage":"es","@id":"https:\/\/secure.gravatar.com\/avatar\/4364d37f6f6f9cdb7af199b46151565f37d8a8c3c0e04c1d78c04e857a15e3a8?s=96&d=mm&r=g","url":"https:\/\/secure.gravatar.com\/avatar\/4364d37f6f6f9cdb7af199b46151565f37d8a8c3c0e04c1d78c04e857a15e3a8?s=96&d=mm&r=g","contentUrl":"https:\/\/secure.gravatar.com\/avatar\/4364d37f6f6f9cdb7af199b46151565f37d8a8c3c0e04c1d78c04e857a15e3a8?s=96&d=mm&r=g","caption":"PSOE Canarias"},"url":"https:\/\/psoecanarias.com\/web\/author\/admin\/"}]}},"_links":{"self":[{"href":"https:\/\/psoecanarias.com\/web\/wp-json\/wp\/v2\/posts\/4730","targetHints":{"allow":["GET"]}}],"collection":[{"href":"https:\/\/psoecanarias.com\/web\/wp-json\/wp\/v2\/posts"}],"about":[{"href":"https:\/\/psoecanarias.com\/web\/wp-json\/wp\/v2\/types\/post"}],"author":[{"embeddable":true,"href":"https:\/\/psoecanarias.com\/web\/wp-json\/wp\/v2\/users\/1"}],"replies":[{"embeddable":true,"href":"https:\/\/psoecanarias.com\/web\/wp-json\/wp\/v2\/comments?post=4730"}],"version-history":[{"count":1,"href":"https:\/\/psoecanarias.com\/web\/wp-json\/wp\/v2\/posts\/4730\/revisions"}],"predecessor-version":[{"id":4731,"href":"https:\/\/psoecanarias.com\/web\/wp-json\/wp\/v2\/posts\/4730\/revisions\/4731"}],"wp:featuredmedia":[{"embeddable":true,"href":"https:\/\/psoecanarias.com\/web\/wp-json\/wp\/v2\/media\/8406"}],"wp:attachment":[{"href":"https:\/\/psoecanarias.com\/web\/wp-json\/wp\/v2\/media?parent=4730"}],"wp:term":[{"taxonomy":"category","embeddable":true,"href":"https:\/\/psoecanarias.com\/web\/wp-json\/wp\/v2\/categories?post=4730"},{"taxonomy":"post_tag","embeddable":true,"href":"https:\/\/psoecanarias.com\/web\/wp-json\/wp\/v2\/tags?post=4730"}],"curies":[{"name":"wp","href":"https:\/\/api.w.org\/{rel}","templated":true}]}}