{"id":47825,"date":"2024-07-25T18:10:54","date_gmt":"2024-07-25T17:10:54","guid":{"rendered":"https:\/\/psoecanarias.com\/web\/?p=47825"},"modified":"2024-09-22T13:20:28","modified_gmt":"2024-09-22T12:20:28","slug":"el-psoe-exige-la-convocatoria-urgente-del-pacto-canario-por-la-inmigracion","status":"publish","type":"post","link":"https:\/\/psoecanarias.com\/web\/el-psoe-exige-la-convocatoria-urgente-del-pacto-canario-por-la-inmigracion\/","title":{"rendered":"El PSOE exige la convocatoria urgente del Pacto Canario por la Inmigraci\u00f3n"},"content":{"rendered":"<p><strong>Canarias, 25 de julio de 2024.-<\/strong> El portavoz del Grupo Parlamentario Socialista, Sebasti\u00e1n Franquis, ha remitido una carta al presidente de Canarias, Fernando Clavijo, para que convoque de forma urgente a las fuerzas pol\u00edticas que forman parte del Pacto Canario la Inmigraci\u00f3n, firmado por todos los grupos parlamentarios de la C\u00e1mara regional excepto Vox, para que el Ejecutivo canario de Coalici\u00f3n Canaria (CC) y Partido Popular (PP) explique su \u201cincumplimiento\u201d en la acogida solidaria de menores migrantes.<\/p>\n<p>El Grupo Socialista considera \u201capremiante\u201d la convocatoria del Pacto tras el rechazo esta misma semana de la toma en consideraci\u00f3n de la reforma de la Ley de Extranjer\u00eda en el Congreso de los Diputados, con los votos en contra del PP, socio de gobierno de Fernando Clavijo en Canarias, y de VOX, y poder abordar con ello la actual coyuntura.<\/p>\n<p>La carta de los y las socialistas dirigida al presidente de Canarias, recuerda que la aprobaci\u00f3n de una reforma legal que propicie una adecuada acogida entre el conjunto de las comunidades aut\u00f3nomas de los menores extranjeros que llegan a las costas canarias en el marco de la inmigraci\u00f3n irregular, forma parte del \u201cn\u00facleo esencial\u201d de los acuerdos alcanzados en el Pacto Canario por la Inmigraci\u00f3n, suscrito entre las fuerzas pol\u00edticas canarias el pasado 19 de octubre de 2023, y que se vio refrendado por el conjunto de las instituciones canarias y la sociedad civil el pasado 8 de julio.<\/p>\n<p>Para Franquis, Canarias tiene muchos problemas, y uno de ellos es el Gobierno de Fernando Clavijo. \u201cEste martes en el Congreso de los Diputados se fren\u00f3 la soluci\u00f3n a los ni\u00f1os y ni\u00f1as menores que llegan a nuestras fronteras, con el voto en contra del PP, el socio de Gobierno de Clavijo en Canarias, para poder iniciar los tr\u00e1mites y encontrar una soluci\u00f3n a la acogida solidaria de estos menores. Los verdaderos responsables que sigamos sin soluci\u00f3n para estos menores son los que votaron que no, mientras que el Gobierno de Espa\u00f1a s\u00ed ha cumplido\u201d.<\/p>\n<p>\u201cLe recordamos a Clavijo que a los que hay que se\u00f1alar son a los que han votado no, y no a los que hemos cumplido que hemos votado que s\u00ed. Lo que se llev\u00f3 al Congreso de los Diputados era un acuerdo entre el Gobierno de Canarias y el Gobierno de Espa\u00f1a, que s\u00ed ha cumplido\u201d, advirti\u00f3.<br \/>\nEn este sentido, pidi\u00f3 a Clavijo no trate \u201cpor tonta\u201d a la ciudadan\u00eda de Canarias. \u201cLos que votaron que no a la reforma de la Ley de Extranjer\u00eda no fueron ni Espa\u00f1a ni Europa, fue el PP, su socio de gobierno\u201d.<\/p>\n<p>Franquis volvi\u00f3 a exigir a Clavijo que \u201casuma responsabilidades\u201d con su socio de Gobierno, el PP, ante su \u201cfracaso\u201d en la acogida de menores migrantes y el rechazo de la modificaci\u00f3n de la Ley de Extranjer\u00eda este martes en el Congreso de los Diputados con los votos en contra de los populares.<\/p>\n<p>El portavoz socialista insisti\u00f3 en que Clavijo debe asumir su responsabilidad como presidente, cesar a los consejeros del PP y si no es capaz, convocar elecciones y que decida la ciudadan\u00eda de Canarias. \u201cYa lo dijimos los socialistas en el Pleno del Parlamento de Canarias esta semana. No es un problema del Gobierno de Espa\u00f1a, es un problema del Gobierno de Canarias y de Clavijo como presidente. Esto es un fracaso de su Gobierno, y las consecuencias del fracaso de Clavijo las pagar\u00e1 Canarias\u201d.<br \/>\n\u201cQue no mire para el Gobierno nacional, que mire a la derecha, a los socios que tiene en el Gobierno, que son los responsables. Los responsables de dejar a Canarias sola. De dejar a Canarias sola ante la crisis humanitaria. El PP trata a Canarias como una colonia con la complicidad de Clavijo, que solo le preocupa mantenerse en el poder\u201d.<\/p>\n","protected":false},"excerpt":{"rendered":"<p>Ante el incumplimiento por parte del Gobierno de CC y PP en reforma de la Ley de Extranjer\u00eda para la acogida territorial de menores migrantes <\/p>\n","protected":false},"author":1,"featured_media":47826,"comment_status":"open","ping_status":"open","sticky":false,"template":"","format":"standard","meta":{"footnotes":""},"categories":[1185,1184,7],"tags":[278],"class_list":["post-47825","post","type-post","status-publish","format-standard","has-post-thumbnail","hentry","category-grupo-parlamentario","category-noticias","category-politica","tag-chano-franquis"],"featured_image_src":"https:\/\/psoecanarias.com\/web\/wp-content\/uploads\/2024\/07\/ddddd.jpg","author_info":{"display_name":"PSOE Canarias","author_link":"https:\/\/psoecanarias.com\/web\/author\/admin\/"},"yoast_head":"<!-- This site is optimized with the Yoast SEO plugin v27.2 - https:\/\/yoast.com\/product\/yoast-seo-wordpress\/ -->\n<title>El PSOE exige la convocatoria urgente del Pacto Canario por la Inmigraci\u00f3n | PSOE Canarias<\/title>\n<meta name=\"robots\" content=\"index, follow, max-snippet:-1, max-image-preview:large, max-video-preview:-1\" \/>\n<link rel=\"canonical\" href=\"https:\/\/psoecanarias.com\/web\/el-psoe-exige-la-convocatoria-urgente-del-pacto-canario-por-la-inmigracion\/\" \/>\n<meta property=\"og:locale\" content=\"es_ES\" \/>\n<meta property=\"og:type\" content=\"article\" \/>\n<meta property=\"og:title\" content=\"El PSOE exige la convocatoria urgente del Pacto Canario por la Inmigraci\u00f3n | PSOE Canarias\" \/>\n<meta property=\"og:description\" content=\"Ante el incumplimiento por parte del Gobierno de CC y PP en reforma de la Ley de Extranjer\u00eda para la acogida territorial de menores migrantes\" \/>\n<meta property=\"og:url\" content=\"https:\/\/psoecanarias.com\/web\/el-psoe-exige-la-convocatoria-urgente-del-pacto-canario-por-la-inmigracion\/\" \/>\n<meta property=\"og:site_name\" content=\"PSOE Canarias\" \/>\n<meta property=\"article:published_time\" content=\"2024-07-25T17:10:54+00:00\" \/>\n<meta property=\"article:modified_time\" content=\"2024-09-22T12:20:28+00:00\" \/>\n<meta property=\"og:image\" content=\"https:\/\/psoecanarias.com\/web\/wp-content\/uploads\/2024\/07\/ddddd.jpg\" \/>\n\t<meta property=\"og:image:width\" content=\"1600\" \/>\n\t<meta property=\"og:image:height\" content=\"900\" \/>\n\t<meta property=\"og:image:type\" content=\"image\/jpeg\" \/>\n<meta name=\"author\" content=\"PSOE Canarias\" \/>\n<meta name=\"twitter:card\" content=\"summary_large_image\" \/>\n<script type=\"application\/ld+json\" class=\"yoast-schema-graph\">{\"@context\":\"https:\/\/schema.org\",\"@graph\":[{\"@type\":\"Article\",\"@id\":\"https:\/\/psoecanarias.com\/web\/el-psoe-exige-la-convocatoria-urgente-del-pacto-canario-por-la-inmigracion\/#article\",\"isPartOf\":{\"@id\":\"https:\/\/psoecanarias.com\/web\/el-psoe-exige-la-convocatoria-urgente-del-pacto-canario-por-la-inmigracion\/\"},\"author\":{\"name\":\"PSOE Canarias\",\"@id\":\"https:\/\/psoecanarias.com\/web\/#\/schema\/person\/1ae43f9659d2fc599ca69c11e1dbf26f\"},\"headline\":\"El PSOE exige la convocatoria urgente del Pacto Canario por la Inmigraci\u00f3n\",\"datePublished\":\"2024-07-25T17:10:54+00:00\",\"dateModified\":\"2024-09-22T12:20:28+00:00\",\"mainEntityOfPage\":{\"@id\":\"https:\/\/psoecanarias.com\/web\/el-psoe-exige-la-convocatoria-urgente-del-pacto-canario-por-la-inmigracion\/\"},\"wordCount\":664,\"commentCount\":0,\"image\":{\"@id\":\"https:\/\/psoecanarias.com\/web\/el-psoe-exige-la-convocatoria-urgente-del-pacto-canario-por-la-inmigracion\/#primaryimage\"},\"thumbnailUrl\":\"https:\/\/psoecanarias.com\/web\/wp-content\/uploads\/2024\/07\/ddddd.jpg\",\"keywords\":[\"Chano Franquis\"],\"articleSection\":[\"Grupo Parlamentario\",\"Noticias\",\"Pol\u00edtica\"],\"inLanguage\":\"es\",\"potentialAction\":[{\"@type\":\"CommentAction\",\"name\":\"Comment\",\"target\":[\"https:\/\/psoecanarias.com\/web\/el-psoe-exige-la-convocatoria-urgente-del-pacto-canario-por-la-inmigracion\/#respond\"]}]},{\"@type\":\"WebPage\",\"@id\":\"https:\/\/psoecanarias.com\/web\/el-psoe-exige-la-convocatoria-urgente-del-pacto-canario-por-la-inmigracion\/\",\"url\":\"https:\/\/psoecanarias.com\/web\/el-psoe-exige-la-convocatoria-urgente-del-pacto-canario-por-la-inmigracion\/\",\"name\":\"El PSOE exige la convocatoria urgente del Pacto Canario por la Inmigraci\u00f3n | PSOE Canarias\",\"isPartOf\":{\"@id\":\"https:\/\/psoecanarias.com\/web\/#website\"},\"primaryImageOfPage\":{\"@id\":\"https:\/\/psoecanarias.com\/web\/el-psoe-exige-la-convocatoria-urgente-del-pacto-canario-por-la-inmigracion\/#primaryimage\"},\"image\":{\"@id\":\"https:\/\/psoecanarias.com\/web\/el-psoe-exige-la-convocatoria-urgente-del-pacto-canario-por-la-inmigracion\/#primaryimage\"},\"thumbnailUrl\":\"https:\/\/psoecanarias.com\/web\/wp-content\/uploads\/2024\/07\/ddddd.jpg\",\"datePublished\":\"2024-07-25T17:10:54+00:00\",\"dateModified\":\"2024-09-22T12:20:28+00:00\",\"author\":{\"@id\":\"https:\/\/psoecanarias.com\/web\/#\/schema\/person\/1ae43f9659d2fc599ca69c11e1dbf26f\"},\"breadcrumb\":{\"@id\":\"https:\/\/psoecanarias.com\/web\/el-psoe-exige-la-convocatoria-urgente-del-pacto-canario-por-la-inmigracion\/#breadcrumb\"},\"inLanguage\":\"es\",\"potentialAction\":[{\"@type\":\"ReadAction\",\"target\":[\"https:\/\/psoecanarias.com\/web\/el-psoe-exige-la-convocatoria-urgente-del-pacto-canario-por-la-inmigracion\/\"]}]},{\"@type\":\"ImageObject\",\"inLanguage\":\"es\",\"@id\":\"https:\/\/psoecanarias.com\/web\/el-psoe-exige-la-convocatoria-urgente-del-pacto-canario-por-la-inmigracion\/#primaryimage\",\"url\":\"https:\/\/psoecanarias.com\/web\/wp-content\/uploads\/2024\/07\/ddddd.jpg\",\"contentUrl\":\"https:\/\/psoecanarias.com\/web\/wp-content\/uploads\/2024\/07\/ddddd.jpg\",\"width\":1600,\"height\":900,\"caption\":\"Parte de la direcci\u00f3n del Grupo Parlamentario Socialista, en una comparecencia reciente.\"},{\"@type\":\"BreadcrumbList\",\"@id\":\"https:\/\/psoecanarias.com\/web\/el-psoe-exige-la-convocatoria-urgente-del-pacto-canario-por-la-inmigracion\/#breadcrumb\",\"itemListElement\":[{\"@type\":\"ListItem\",\"position\":1,\"name\":\"Portada\",\"item\":\"https:\/\/psoecanarias.com\/web\/\"},{\"@type\":\"ListItem\",\"position\":2,\"name\":\"El PSOE exige la convocatoria urgente del Pacto Canario por la Inmigraci\u00f3n\"}]},{\"@type\":\"WebSite\",\"@id\":\"https:\/\/psoecanarias.com\/web\/#website\",\"url\":\"https:\/\/psoecanarias.com\/web\/\",\"name\":\"PSOE Canarias\",\"description\":\"Partido Socialista Obrero Espa\u00f1ol Canarias\",\"potentialAction\":[{\"@type\":\"SearchAction\",\"target\":{\"@type\":\"EntryPoint\",\"urlTemplate\":\"https:\/\/psoecanarias.com\/web\/?s={search_term_string}\"},\"query-input\":{\"@type\":\"PropertyValueSpecification\",\"valueRequired\":true,\"valueName\":\"search_term_string\"}}],\"inLanguage\":\"es\"},{\"@type\":\"Person\",\"@id\":\"https:\/\/psoecanarias.com\/web\/#\/schema\/person\/1ae43f9659d2fc599ca69c11e1dbf26f\",\"name\":\"PSOE Canarias\",\"image\":{\"@type\":\"ImageObject\",\"inLanguage\":\"es\",\"@id\":\"https:\/\/secure.gravatar.com\/avatar\/4364d37f6f6f9cdb7af199b46151565f37d8a8c3c0e04c1d78c04e857a15e3a8?s=96&d=mm&r=g\",\"url\":\"https:\/\/secure.gravatar.com\/avatar\/4364d37f6f6f9cdb7af199b46151565f37d8a8c3c0e04c1d78c04e857a15e3a8?s=96&d=mm&r=g\",\"contentUrl\":\"https:\/\/secure.gravatar.com\/avatar\/4364d37f6f6f9cdb7af199b46151565f37d8a8c3c0e04c1d78c04e857a15e3a8?s=96&d=mm&r=g\",\"caption\":\"PSOE Canarias\"},\"url\":\"https:\/\/psoecanarias.com\/web\/author\/admin\/\"}]}<\/script>\n<!-- \/ Yoast SEO plugin. -->","yoast_head_json":{"title":"El PSOE exige la convocatoria urgente del Pacto Canario por la Inmigraci\u00f3n | PSOE Canarias","robots":{"index":"index","follow":"follow","max-snippet":"max-snippet:-1","max-image-preview":"max-image-preview:large","max-video-preview":"max-video-preview:-1"},"canonical":"https:\/\/psoecanarias.com\/web\/el-psoe-exige-la-convocatoria-urgente-del-pacto-canario-por-la-inmigracion\/","og_locale":"es_ES","og_type":"article","og_title":"El PSOE exige la convocatoria urgente del Pacto Canario por la Inmigraci\u00f3n | PSOE Canarias","og_description":"Ante el incumplimiento por parte del Gobierno de CC y PP en reforma de la Ley de Extranjer\u00eda para la acogida territorial de menores migrantes","og_url":"https:\/\/psoecanarias.com\/web\/el-psoe-exige-la-convocatoria-urgente-del-pacto-canario-por-la-inmigracion\/","og_site_name":"PSOE Canarias","article_published_time":"2024-07-25T17:10:54+00:00","article_modified_time":"2024-09-22T12:20:28+00:00","og_image":[{"width":1600,"height":900,"url":"https:\/\/psoecanarias.com\/web\/wp-content\/uploads\/2024\/07\/ddddd.jpg","type":"image\/jpeg"}],"author":"PSOE Canarias","twitter_card":"summary_large_image","schema":{"@context":"https:\/\/schema.org","@graph":[{"@type":"Article","@id":"https:\/\/psoecanarias.com\/web\/el-psoe-exige-la-convocatoria-urgente-del-pacto-canario-por-la-inmigracion\/#article","isPartOf":{"@id":"https:\/\/psoecanarias.com\/web\/el-psoe-exige-la-convocatoria-urgente-del-pacto-canario-por-la-inmigracion\/"},"author":{"name":"PSOE Canarias","@id":"https:\/\/psoecanarias.com\/web\/#\/schema\/person\/1ae43f9659d2fc599ca69c11e1dbf26f"},"headline":"El PSOE exige la convocatoria urgente del Pacto Canario por la Inmigraci\u00f3n","datePublished":"2024-07-25T17:10:54+00:00","dateModified":"2024-09-22T12:20:28+00:00","mainEntityOfPage":{"@id":"https:\/\/psoecanarias.com\/web\/el-psoe-exige-la-convocatoria-urgente-del-pacto-canario-por-la-inmigracion\/"},"wordCount":664,"commentCount":0,"image":{"@id":"https:\/\/psoecanarias.com\/web\/el-psoe-exige-la-convocatoria-urgente-del-pacto-canario-por-la-inmigracion\/#primaryimage"},"thumbnailUrl":"https:\/\/psoecanarias.com\/web\/wp-content\/uploads\/2024\/07\/ddddd.jpg","keywords":["Chano Franquis"],"articleSection":["Grupo Parlamentario","Noticias","Pol\u00edtica"],"inLanguage":"es","potentialAction":[{"@type":"CommentAction","name":"Comment","target":["https:\/\/psoecanarias.com\/web\/el-psoe-exige-la-convocatoria-urgente-del-pacto-canario-por-la-inmigracion\/#respond"]}]},{"@type":"WebPage","@id":"https:\/\/psoecanarias.com\/web\/el-psoe-exige-la-convocatoria-urgente-del-pacto-canario-por-la-inmigracion\/","url":"https:\/\/psoecanarias.com\/web\/el-psoe-exige-la-convocatoria-urgente-del-pacto-canario-por-la-inmigracion\/","name":"El PSOE exige la convocatoria urgente del Pacto Canario por la Inmigraci\u00f3n | PSOE Canarias","isPartOf":{"@id":"https:\/\/psoecanarias.com\/web\/#website"},"primaryImageOfPage":{"@id":"https:\/\/psoecanarias.com\/web\/el-psoe-exige-la-convocatoria-urgente-del-pacto-canario-por-la-inmigracion\/#primaryimage"},"image":{"@id":"https:\/\/psoecanarias.com\/web\/el-psoe-exige-la-convocatoria-urgente-del-pacto-canario-por-la-inmigracion\/#primaryimage"},"thumbnailUrl":"https:\/\/psoecanarias.com\/web\/wp-content\/uploads\/2024\/07\/ddddd.jpg","datePublished":"2024-07-25T17:10:54+00:00","dateModified":"2024-09-22T12:20:28+00:00","author":{"@id":"https:\/\/psoecanarias.com\/web\/#\/schema\/person\/1ae43f9659d2fc599ca69c11e1dbf26f"},"breadcrumb":{"@id":"https:\/\/psoecanarias.com\/web\/el-psoe-exige-la-convocatoria-urgente-del-pacto-canario-por-la-inmigracion\/#breadcrumb"},"inLanguage":"es","potentialAction":[{"@type":"ReadAction","target":["https:\/\/psoecanarias.com\/web\/el-psoe-exige-la-convocatoria-urgente-del-pacto-canario-por-la-inmigracion\/"]}]},{"@type":"ImageObject","inLanguage":"es","@id":"https:\/\/psoecanarias.com\/web\/el-psoe-exige-la-convocatoria-urgente-del-pacto-canario-por-la-inmigracion\/#primaryimage","url":"https:\/\/psoecanarias.com\/web\/wp-content\/uploads\/2024\/07\/ddddd.jpg","contentUrl":"https:\/\/psoecanarias.com\/web\/wp-content\/uploads\/2024\/07\/ddddd.jpg","width":1600,"height":900,"caption":"Parte de la direcci\u00f3n del Grupo Parlamentario Socialista, en una comparecencia reciente."},{"@type":"BreadcrumbList","@id":"https:\/\/psoecanarias.com\/web\/el-psoe-exige-la-convocatoria-urgente-del-pacto-canario-por-la-inmigracion\/#breadcrumb","itemListElement":[{"@type":"ListItem","position":1,"name":"Portada","item":"https:\/\/psoecanarias.com\/web\/"},{"@type":"ListItem","position":2,"name":"El PSOE exige la convocatoria urgente del Pacto Canario por la Inmigraci\u00f3n"}]},{"@type":"WebSite","@id":"https:\/\/psoecanarias.com\/web\/#website","url":"https:\/\/psoecanarias.com\/web\/","name":"PSOE Canarias","description":"Partido Socialista Obrero Espa\u00f1ol Canarias","potentialAction":[{"@type":"SearchAction","target":{"@type":"EntryPoint","urlTemplate":"https:\/\/psoecanarias.com\/web\/?s={search_term_string}"},"query-input":{"@type":"PropertyValueSpecification","valueRequired":true,"valueName":"search_term_string"}}],"inLanguage":"es"},{"@type":"Person","@id":"https:\/\/psoecanarias.com\/web\/#\/schema\/person\/1ae43f9659d2fc599ca69c11e1dbf26f","name":"PSOE Canarias","image":{"@type":"ImageObject","inLanguage":"es","@id":"https:\/\/secure.gravatar.com\/avatar\/4364d37f6f6f9cdb7af199b46151565f37d8a8c3c0e04c1d78c04e857a15e3a8?s=96&d=mm&r=g","url":"https:\/\/secure.gravatar.com\/avatar\/4364d37f6f6f9cdb7af199b46151565f37d8a8c3c0e04c1d78c04e857a15e3a8?s=96&d=mm&r=g","contentUrl":"https:\/\/secure.gravatar.com\/avatar\/4364d37f6f6f9cdb7af199b46151565f37d8a8c3c0e04c1d78c04e857a15e3a8?s=96&d=mm&r=g","caption":"PSOE Canarias"},"url":"https:\/\/psoecanarias.com\/web\/author\/admin\/"}]}},"_links":{"self":[{"href":"https:\/\/psoecanarias.com\/web\/wp-json\/wp\/v2\/posts\/47825","targetHints":{"allow":["GET"]}}],"collection":[{"href":"https:\/\/psoecanarias.com\/web\/wp-json\/wp\/v2\/posts"}],"about":[{"href":"https:\/\/psoecanarias.com\/web\/wp-json\/wp\/v2\/types\/post"}],"author":[{"embeddable":true,"href":"https:\/\/psoecanarias.com\/web\/wp-json\/wp\/v2\/users\/1"}],"replies":[{"embeddable":true,"href":"https:\/\/psoecanarias.com\/web\/wp-json\/wp\/v2\/comments?post=47825"}],"version-history":[{"count":1,"href":"https:\/\/psoecanarias.com\/web\/wp-json\/wp\/v2\/posts\/47825\/revisions"}],"predecessor-version":[{"id":47827,"href":"https:\/\/psoecanarias.com\/web\/wp-json\/wp\/v2\/posts\/47825\/revisions\/47827"}],"wp:featuredmedia":[{"embeddable":true,"href":"https:\/\/psoecanarias.com\/web\/wp-json\/wp\/v2\/media\/47826"}],"wp:attachment":[{"href":"https:\/\/psoecanarias.com\/web\/wp-json\/wp\/v2\/media?parent=47825"}],"wp:term":[{"taxonomy":"category","embeddable":true,"href":"https:\/\/psoecanarias.com\/web\/wp-json\/wp\/v2\/categories?post=47825"},{"taxonomy":"post_tag","embeddable":true,"href":"https:\/\/psoecanarias.com\/web\/wp-json\/wp\/v2\/tags?post=47825"}],"curies":[{"name":"wp","href":"https:\/\/api.w.org\/{rel}","templated":true}]}}