{"id":4799,"date":"2018-04-15T11:52:09","date_gmt":"2018-04-15T10:52:09","guid":{"rendered":"http:\/\/psoecanarias.com\/web\/?p=4799"},"modified":"2018-04-15T11:52:09","modified_gmt":"2018-04-15T10:52:09","slug":"el-psoe-se-compromete-con-intersindical-canaria-a-seguir-apostando-por-una-sanidad-publica-y-de-calidad","status":"publish","type":"post","link":"https:\/\/psoecanarias.com\/web\/el-psoe-se-compromete-con-intersindical-canaria-a-seguir-apostando-por-una-sanidad-publica-y-de-calidad\/","title":{"rendered":"El PSOE se compromete con Intersindical Canaria a seguir apostando por una sanidad p\u00fablica y de calidad"},"content":{"rendered":"<p style=\"font-weight: 400;\">El Partido Socialista en Canarias ha mantenido recientemente una reuni\u00f3n con representantes de Intersindical Canaria donde ambos se han comprometido a mantener encuentros peri\u00f3dicos para realizar un seguimiento que garantice la apuesta por una Sanidad p\u00fablica y de calidad en el Archipi\u00e9lago.<\/p>\n<p style=\"font-weight: 400;\">\n<p style=\"font-weight: 400;\">Durante el encuentro, \u00c1ngel V\u00edctor Torres, secretario general del PSOE Canarias, critic\u00f3 que el gobierno de Clavijo est\u00e1 anteponiendo nuevamente la sanidad privada a la p\u00fablica, \u201canteponiendo los empresarios a los pacientes, sin que mejore la calidad y disminuyendo los requisitos\u201d<\/p>\n<p style=\"font-weight: 400;\">Por su parte, Intersindical Canaria, que ha denunciado ante los tribunales la pol\u00edtica en materia de concertaci\u00f3n sanitaria mantenida durante a\u00f1os por el Gobierno de Canarias, manifest\u00f3 al PSOE que Canarias est\u00e1 soportando los peores salarios, la precariedad laboral mayor del conjunto del estado y no ha habido medidas que abiertamente y de forma mantenida obligue a los gobiernos a tomar medidas legislativas en el estado y en Canarias para que el empresariado deje de acumular beneficios en detrimento de la ciudadan\u00eda.<\/p>\n<p style=\"font-weight: 400;\">\u00c1ngel V\u00edctor Torres y Marcos Hern\u00e1ndez, diputado socialista, insistieron en que\u00a0si el colapso no es mayor en la sanidad canaria \u201ces gracias al trabajo sin descanso de los profesionales, quienes est\u00e1n pagando, junto a los pacientes, las consecuencias de la ca\u00f3tica gesti\u00f3n de CC\u201d.<\/p>\n<p style=\"font-weight: 400;\">De hecho, recientemente, el Partido Socialista en Canarias, ha reclamado mayor transparencia en los datos de Sanidad porque\u00a0es\u00a0la comunidad aut\u00f3noma donde m\u00e1s tiempo se espera para ser visto por un especialista o para ser operado en un quir\u00f3fano, con r\u00e9cords en todos los indicadores y mientras algunos se benefician, muchos sufren, se agravan sus enfermedades, los resultados en salud se deterioran.<\/p>\n<p style=\"font-weight: 400;\">Por eso, en dicha reuni\u00f3 la importancia de contar con la informaci\u00f3n suficiente para adoptar las decisiones necesarias para que la poblaci\u00f3n y sus representantes puedan ejercer un control pol\u00edtico suficiente, propiciando con ello una mejor gesti\u00f3n p\u00fablica y una mayor calidad democr\u00e1tica, con total transparencia en los conciertos sanitarios.<\/p>\n","protected":false},"excerpt":{"rendered":"<p>El Partido Socialista en Canarias ha mantenido recientemente una reuni\u00f3n con representantes de Intersindical Canaria donde ambos se han comprometido a mantener encuentros peri\u00f3dicos para realizar un seguimiento que garantice la apuesta por una Sanidad p\u00fablica y de calidad en el Archipi\u00e9lago. Durante el encuentro, \u00c1ngel V\u00edctor Torres, secretario general del PSOE Canarias, critic\u00f3 que [&hellip;]<\/p>\n","protected":false},"author":1,"featured_media":4800,"comment_status":"open","ping_status":"open","sticky":false,"template":"","format":"standard","meta":{"footnotes":""},"categories":[7],"tags":[],"class_list":["post-4799","post","type-post","status-publish","format-standard","has-post-thumbnail","hentry","category-politica"],"featured_image_src":"https:\/\/psoecanarias.com\/web\/wp-content\/uploads\/2018\/04\/Reunion-PSOE-IC.jpg","author_info":{"display_name":"PSOE Canarias","author_link":"https:\/\/psoecanarias.com\/web\/author\/admin\/"},"yoast_head":"<!-- This site is optimized with the Yoast SEO plugin v27.2 - https:\/\/yoast.com\/product\/yoast-seo-wordpress\/ -->\n<title>El PSOE se compromete con Intersindical Canaria a seguir apostando por una sanidad p\u00fablica y de calidad | PSOE Canarias<\/title>\n<meta name=\"robots\" content=\"index, follow, max-snippet:-1, max-image-preview:large, max-video-preview:-1\" \/>\n<link rel=\"canonical\" href=\"https:\/\/psoecanarias.com\/web\/el-psoe-se-compromete-con-intersindical-canaria-a-seguir-apostando-por-una-sanidad-publica-y-de-calidad\/\" \/>\n<meta property=\"og:locale\" content=\"es_ES\" \/>\n<meta property=\"og:type\" content=\"article\" \/>\n<meta property=\"og:title\" content=\"El PSOE se compromete con Intersindical Canaria a seguir apostando por una sanidad p\u00fablica y de calidad | PSOE Canarias\" \/>\n<meta property=\"og:description\" content=\"El Partido Socialista en Canarias ha mantenido recientemente una reuni\u00f3n con representantes de Intersindical Canaria donde ambos se han comprometido a mantener encuentros peri\u00f3dicos para realizar un seguimiento que garantice la apuesta por una Sanidad p\u00fablica y de calidad en el Archipi\u00e9lago. Durante el encuentro, \u00c1ngel V\u00edctor Torres, secretario general del PSOE Canarias, critic\u00f3 que [&hellip;]\" \/>\n<meta property=\"og:url\" content=\"https:\/\/psoecanarias.com\/web\/el-psoe-se-compromete-con-intersindical-canaria-a-seguir-apostando-por-una-sanidad-publica-y-de-calidad\/\" \/>\n<meta property=\"og:site_name\" content=\"PSOE Canarias\" \/>\n<meta property=\"article:published_time\" content=\"2018-04-15T10:52:09+00:00\" \/>\n<meta property=\"og:image\" content=\"https:\/\/psoecanarias.com\/web\/wp-content\/uploads\/2018\/04\/Reunion-PSOE-IC.jpg\" \/>\n\t<meta property=\"og:image:width\" content=\"1600\" \/>\n\t<meta property=\"og:image:height\" content=\"1200\" \/>\n\t<meta property=\"og:image:type\" content=\"image\/jpeg\" \/>\n<meta name=\"author\" content=\"PSOE Canarias\" \/>\n<meta name=\"twitter:card\" content=\"summary_large_image\" \/>\n<script type=\"application\/ld+json\" class=\"yoast-schema-graph\">{\"@context\":\"https:\/\/schema.org\",\"@graph\":[{\"@type\":\"Article\",\"@id\":\"https:\/\/psoecanarias.com\/web\/el-psoe-se-compromete-con-intersindical-canaria-a-seguir-apostando-por-una-sanidad-publica-y-de-calidad\/#article\",\"isPartOf\":{\"@id\":\"https:\/\/psoecanarias.com\/web\/el-psoe-se-compromete-con-intersindical-canaria-a-seguir-apostando-por-una-sanidad-publica-y-de-calidad\/\"},\"author\":{\"name\":\"PSOE Canarias\",\"@id\":\"https:\/\/psoecanarias.com\/web\/#\/schema\/person\/1ae43f9659d2fc599ca69c11e1dbf26f\"},\"headline\":\"El PSOE se compromete con Intersindical Canaria a seguir apostando por una sanidad p\u00fablica y de calidad\",\"datePublished\":\"2018-04-15T10:52:09+00:00\",\"mainEntityOfPage\":{\"@id\":\"https:\/\/psoecanarias.com\/web\/el-psoe-se-compromete-con-intersindical-canaria-a-seguir-apostando-por-una-sanidad-publica-y-de-calidad\/\"},\"wordCount\":366,\"commentCount\":0,\"image\":{\"@id\":\"https:\/\/psoecanarias.com\/web\/el-psoe-se-compromete-con-intersindical-canaria-a-seguir-apostando-por-una-sanidad-publica-y-de-calidad\/#primaryimage\"},\"thumbnailUrl\":\"https:\/\/psoecanarias.com\/web\/wp-content\/uploads\/2018\/04\/Reunion-PSOE-IC.jpg\",\"articleSection\":[\"Pol\u00edtica\"],\"inLanguage\":\"es\",\"potentialAction\":[{\"@type\":\"CommentAction\",\"name\":\"Comment\",\"target\":[\"https:\/\/psoecanarias.com\/web\/el-psoe-se-compromete-con-intersindical-canaria-a-seguir-apostando-por-una-sanidad-publica-y-de-calidad\/#respond\"]}]},{\"@type\":\"WebPage\",\"@id\":\"https:\/\/psoecanarias.com\/web\/el-psoe-se-compromete-con-intersindical-canaria-a-seguir-apostando-por-una-sanidad-publica-y-de-calidad\/\",\"url\":\"https:\/\/psoecanarias.com\/web\/el-psoe-se-compromete-con-intersindical-canaria-a-seguir-apostando-por-una-sanidad-publica-y-de-calidad\/\",\"name\":\"El PSOE se compromete con Intersindical Canaria a seguir apostando por una sanidad p\u00fablica y de calidad | PSOE Canarias\",\"isPartOf\":{\"@id\":\"https:\/\/psoecanarias.com\/web\/#website\"},\"primaryImageOfPage\":{\"@id\":\"https:\/\/psoecanarias.com\/web\/el-psoe-se-compromete-con-intersindical-canaria-a-seguir-apostando-por-una-sanidad-publica-y-de-calidad\/#primaryimage\"},\"image\":{\"@id\":\"https:\/\/psoecanarias.com\/web\/el-psoe-se-compromete-con-intersindical-canaria-a-seguir-apostando-por-una-sanidad-publica-y-de-calidad\/#primaryimage\"},\"thumbnailUrl\":\"https:\/\/psoecanarias.com\/web\/wp-content\/uploads\/2018\/04\/Reunion-PSOE-IC.jpg\",\"datePublished\":\"2018-04-15T10:52:09+00:00\",\"author\":{\"@id\":\"https:\/\/psoecanarias.com\/web\/#\/schema\/person\/1ae43f9659d2fc599ca69c11e1dbf26f\"},\"breadcrumb\":{\"@id\":\"https:\/\/psoecanarias.com\/web\/el-psoe-se-compromete-con-intersindical-canaria-a-seguir-apostando-por-una-sanidad-publica-y-de-calidad\/#breadcrumb\"},\"inLanguage\":\"es\",\"potentialAction\":[{\"@type\":\"ReadAction\",\"target\":[\"https:\/\/psoecanarias.com\/web\/el-psoe-se-compromete-con-intersindical-canaria-a-seguir-apostando-por-una-sanidad-publica-y-de-calidad\/\"]}]},{\"@type\":\"ImageObject\",\"inLanguage\":\"es\",\"@id\":\"https:\/\/psoecanarias.com\/web\/el-psoe-se-compromete-con-intersindical-canaria-a-seguir-apostando-por-una-sanidad-publica-y-de-calidad\/#primaryimage\",\"url\":\"https:\/\/psoecanarias.com\/web\/wp-content\/uploads\/2018\/04\/Reunion-PSOE-IC.jpg\",\"contentUrl\":\"https:\/\/psoecanarias.com\/web\/wp-content\/uploads\/2018\/04\/Reunion-PSOE-IC.jpg\",\"width\":1600,\"height\":1200},{\"@type\":\"BreadcrumbList\",\"@id\":\"https:\/\/psoecanarias.com\/web\/el-psoe-se-compromete-con-intersindical-canaria-a-seguir-apostando-por-una-sanidad-publica-y-de-calidad\/#breadcrumb\",\"itemListElement\":[{\"@type\":\"ListItem\",\"position\":1,\"name\":\"Portada\",\"item\":\"https:\/\/psoecanarias.com\/web\/\"},{\"@type\":\"ListItem\",\"position\":2,\"name\":\"El PSOE se compromete con Intersindical Canaria a seguir apostando por una sanidad p\u00fablica y de calidad\"}]},{\"@type\":\"WebSite\",\"@id\":\"https:\/\/psoecanarias.com\/web\/#website\",\"url\":\"https:\/\/psoecanarias.com\/web\/\",\"name\":\"PSOE Canarias\",\"description\":\"Partido Socialista Obrero Espa\u00f1ol Canarias\",\"potentialAction\":[{\"@type\":\"SearchAction\",\"target\":{\"@type\":\"EntryPoint\",\"urlTemplate\":\"https:\/\/psoecanarias.com\/web\/?s={search_term_string}\"},\"query-input\":{\"@type\":\"PropertyValueSpecification\",\"valueRequired\":true,\"valueName\":\"search_term_string\"}}],\"inLanguage\":\"es\"},{\"@type\":\"Person\",\"@id\":\"https:\/\/psoecanarias.com\/web\/#\/schema\/person\/1ae43f9659d2fc599ca69c11e1dbf26f\",\"name\":\"PSOE Canarias\",\"image\":{\"@type\":\"ImageObject\",\"inLanguage\":\"es\",\"@id\":\"https:\/\/secure.gravatar.com\/avatar\/4364d37f6f6f9cdb7af199b46151565f37d8a8c3c0e04c1d78c04e857a15e3a8?s=96&d=mm&r=g\",\"url\":\"https:\/\/secure.gravatar.com\/avatar\/4364d37f6f6f9cdb7af199b46151565f37d8a8c3c0e04c1d78c04e857a15e3a8?s=96&d=mm&r=g\",\"contentUrl\":\"https:\/\/secure.gravatar.com\/avatar\/4364d37f6f6f9cdb7af199b46151565f37d8a8c3c0e04c1d78c04e857a15e3a8?s=96&d=mm&r=g\",\"caption\":\"PSOE Canarias\"},\"url\":\"https:\/\/psoecanarias.com\/web\/author\/admin\/\"}]}<\/script>\n<!-- \/ Yoast SEO plugin. -->","yoast_head_json":{"title":"El PSOE se compromete con Intersindical Canaria a seguir apostando por una sanidad p\u00fablica y de calidad | PSOE Canarias","robots":{"index":"index","follow":"follow","max-snippet":"max-snippet:-1","max-image-preview":"max-image-preview:large","max-video-preview":"max-video-preview:-1"},"canonical":"https:\/\/psoecanarias.com\/web\/el-psoe-se-compromete-con-intersindical-canaria-a-seguir-apostando-por-una-sanidad-publica-y-de-calidad\/","og_locale":"es_ES","og_type":"article","og_title":"El PSOE se compromete con Intersindical Canaria a seguir apostando por una sanidad p\u00fablica y de calidad | PSOE Canarias","og_description":"El Partido Socialista en Canarias ha mantenido recientemente una reuni\u00f3n con representantes de Intersindical Canaria donde ambos se han comprometido a mantener encuentros peri\u00f3dicos para realizar un seguimiento que garantice la apuesta por una Sanidad p\u00fablica y de calidad en el Archipi\u00e9lago. Durante el encuentro, \u00c1ngel V\u00edctor Torres, secretario general del PSOE Canarias, critic\u00f3 que [&hellip;]","og_url":"https:\/\/psoecanarias.com\/web\/el-psoe-se-compromete-con-intersindical-canaria-a-seguir-apostando-por-una-sanidad-publica-y-de-calidad\/","og_site_name":"PSOE Canarias","article_published_time":"2018-04-15T10:52:09+00:00","og_image":[{"width":1600,"height":1200,"url":"https:\/\/psoecanarias.com\/web\/wp-content\/uploads\/2018\/04\/Reunion-PSOE-IC.jpg","type":"image\/jpeg"}],"author":"PSOE Canarias","twitter_card":"summary_large_image","schema":{"@context":"https:\/\/schema.org","@graph":[{"@type":"Article","@id":"https:\/\/psoecanarias.com\/web\/el-psoe-se-compromete-con-intersindical-canaria-a-seguir-apostando-por-una-sanidad-publica-y-de-calidad\/#article","isPartOf":{"@id":"https:\/\/psoecanarias.com\/web\/el-psoe-se-compromete-con-intersindical-canaria-a-seguir-apostando-por-una-sanidad-publica-y-de-calidad\/"},"author":{"name":"PSOE Canarias","@id":"https:\/\/psoecanarias.com\/web\/#\/schema\/person\/1ae43f9659d2fc599ca69c11e1dbf26f"},"headline":"El PSOE se compromete con Intersindical Canaria a seguir apostando por una sanidad p\u00fablica y de calidad","datePublished":"2018-04-15T10:52:09+00:00","mainEntityOfPage":{"@id":"https:\/\/psoecanarias.com\/web\/el-psoe-se-compromete-con-intersindical-canaria-a-seguir-apostando-por-una-sanidad-publica-y-de-calidad\/"},"wordCount":366,"commentCount":0,"image":{"@id":"https:\/\/psoecanarias.com\/web\/el-psoe-se-compromete-con-intersindical-canaria-a-seguir-apostando-por-una-sanidad-publica-y-de-calidad\/#primaryimage"},"thumbnailUrl":"https:\/\/psoecanarias.com\/web\/wp-content\/uploads\/2018\/04\/Reunion-PSOE-IC.jpg","articleSection":["Pol\u00edtica"],"inLanguage":"es","potentialAction":[{"@type":"CommentAction","name":"Comment","target":["https:\/\/psoecanarias.com\/web\/el-psoe-se-compromete-con-intersindical-canaria-a-seguir-apostando-por-una-sanidad-publica-y-de-calidad\/#respond"]}]},{"@type":"WebPage","@id":"https:\/\/psoecanarias.com\/web\/el-psoe-se-compromete-con-intersindical-canaria-a-seguir-apostando-por-una-sanidad-publica-y-de-calidad\/","url":"https:\/\/psoecanarias.com\/web\/el-psoe-se-compromete-con-intersindical-canaria-a-seguir-apostando-por-una-sanidad-publica-y-de-calidad\/","name":"El PSOE se compromete con Intersindical Canaria a seguir apostando por una sanidad p\u00fablica y de calidad | PSOE Canarias","isPartOf":{"@id":"https:\/\/psoecanarias.com\/web\/#website"},"primaryImageOfPage":{"@id":"https:\/\/psoecanarias.com\/web\/el-psoe-se-compromete-con-intersindical-canaria-a-seguir-apostando-por-una-sanidad-publica-y-de-calidad\/#primaryimage"},"image":{"@id":"https:\/\/psoecanarias.com\/web\/el-psoe-se-compromete-con-intersindical-canaria-a-seguir-apostando-por-una-sanidad-publica-y-de-calidad\/#primaryimage"},"thumbnailUrl":"https:\/\/psoecanarias.com\/web\/wp-content\/uploads\/2018\/04\/Reunion-PSOE-IC.jpg","datePublished":"2018-04-15T10:52:09+00:00","author":{"@id":"https:\/\/psoecanarias.com\/web\/#\/schema\/person\/1ae43f9659d2fc599ca69c11e1dbf26f"},"breadcrumb":{"@id":"https:\/\/psoecanarias.com\/web\/el-psoe-se-compromete-con-intersindical-canaria-a-seguir-apostando-por-una-sanidad-publica-y-de-calidad\/#breadcrumb"},"inLanguage":"es","potentialAction":[{"@type":"ReadAction","target":["https:\/\/psoecanarias.com\/web\/el-psoe-se-compromete-con-intersindical-canaria-a-seguir-apostando-por-una-sanidad-publica-y-de-calidad\/"]}]},{"@type":"ImageObject","inLanguage":"es","@id":"https:\/\/psoecanarias.com\/web\/el-psoe-se-compromete-con-intersindical-canaria-a-seguir-apostando-por-una-sanidad-publica-y-de-calidad\/#primaryimage","url":"https:\/\/psoecanarias.com\/web\/wp-content\/uploads\/2018\/04\/Reunion-PSOE-IC.jpg","contentUrl":"https:\/\/psoecanarias.com\/web\/wp-content\/uploads\/2018\/04\/Reunion-PSOE-IC.jpg","width":1600,"height":1200},{"@type":"BreadcrumbList","@id":"https:\/\/psoecanarias.com\/web\/el-psoe-se-compromete-con-intersindical-canaria-a-seguir-apostando-por-una-sanidad-publica-y-de-calidad\/#breadcrumb","itemListElement":[{"@type":"ListItem","position":1,"name":"Portada","item":"https:\/\/psoecanarias.com\/web\/"},{"@type":"ListItem","position":2,"name":"El PSOE se compromete con Intersindical Canaria a seguir apostando por una sanidad p\u00fablica y de calidad"}]},{"@type":"WebSite","@id":"https:\/\/psoecanarias.com\/web\/#website","url":"https:\/\/psoecanarias.com\/web\/","name":"PSOE Canarias","description":"Partido Socialista Obrero Espa\u00f1ol Canarias","potentialAction":[{"@type":"SearchAction","target":{"@type":"EntryPoint","urlTemplate":"https:\/\/psoecanarias.com\/web\/?s={search_term_string}"},"query-input":{"@type":"PropertyValueSpecification","valueRequired":true,"valueName":"search_term_string"}}],"inLanguage":"es"},{"@type":"Person","@id":"https:\/\/psoecanarias.com\/web\/#\/schema\/person\/1ae43f9659d2fc599ca69c11e1dbf26f","name":"PSOE Canarias","image":{"@type":"ImageObject","inLanguage":"es","@id":"https:\/\/secure.gravatar.com\/avatar\/4364d37f6f6f9cdb7af199b46151565f37d8a8c3c0e04c1d78c04e857a15e3a8?s=96&d=mm&r=g","url":"https:\/\/secure.gravatar.com\/avatar\/4364d37f6f6f9cdb7af199b46151565f37d8a8c3c0e04c1d78c04e857a15e3a8?s=96&d=mm&r=g","contentUrl":"https:\/\/secure.gravatar.com\/avatar\/4364d37f6f6f9cdb7af199b46151565f37d8a8c3c0e04c1d78c04e857a15e3a8?s=96&d=mm&r=g","caption":"PSOE Canarias"},"url":"https:\/\/psoecanarias.com\/web\/author\/admin\/"}]}},"_links":{"self":[{"href":"https:\/\/psoecanarias.com\/web\/wp-json\/wp\/v2\/posts\/4799","targetHints":{"allow":["GET"]}}],"collection":[{"href":"https:\/\/psoecanarias.com\/web\/wp-json\/wp\/v2\/posts"}],"about":[{"href":"https:\/\/psoecanarias.com\/web\/wp-json\/wp\/v2\/types\/post"}],"author":[{"embeddable":true,"href":"https:\/\/psoecanarias.com\/web\/wp-json\/wp\/v2\/users\/1"}],"replies":[{"embeddable":true,"href":"https:\/\/psoecanarias.com\/web\/wp-json\/wp\/v2\/comments?post=4799"}],"version-history":[{"count":1,"href":"https:\/\/psoecanarias.com\/web\/wp-json\/wp\/v2\/posts\/4799\/revisions"}],"predecessor-version":[{"id":4801,"href":"https:\/\/psoecanarias.com\/web\/wp-json\/wp\/v2\/posts\/4799\/revisions\/4801"}],"wp:featuredmedia":[{"embeddable":true,"href":"https:\/\/psoecanarias.com\/web\/wp-json\/wp\/v2\/media\/4800"}],"wp:attachment":[{"href":"https:\/\/psoecanarias.com\/web\/wp-json\/wp\/v2\/media?parent=4799"}],"wp:term":[{"taxonomy":"category","embeddable":true,"href":"https:\/\/psoecanarias.com\/web\/wp-json\/wp\/v2\/categories?post=4799"},{"taxonomy":"post_tag","embeddable":true,"href":"https:\/\/psoecanarias.com\/web\/wp-json\/wp\/v2\/tags?post=4799"}],"curies":[{"name":"wp","href":"https:\/\/api.w.org\/{rel}","templated":true}]}}