{"id":4822,"date":"2018-04-20T11:09:06","date_gmt":"2018-04-20T10:09:06","guid":{"rendered":"http:\/\/psoecanarias.com\/web\/?p=4822"},"modified":"2018-04-20T11:09:06","modified_gmt":"2018-04-20T10:09:06","slug":"el-psoe-pide-en-la-camara-informacion-sobre-la-declaracion-como-bic-de-la-fiesta-de-la-cruz","status":"publish","type":"post","link":"https:\/\/psoecanarias.com\/web\/el-psoe-pide-en-la-camara-informacion-sobre-la-declaracion-como-bic-de-la-fiesta-de-la-cruz\/","title":{"rendered":"El PSOE pide en la C\u00e1mara informaci\u00f3n sobre la declaraci\u00f3n como BIC de la Fiesta De La Cruz"},"content":{"rendered":"<p style=\"font-weight: 400;\">La diputada del PSOE por El Hierro, Ana Gonz\u00e1lez, ha presentado una iniciativa en la C\u00e1mara, a petici\u00f3n del Ayuntamiento de El Pinar de El Hierro, interes\u00e1ndose por el expediente para la declaraci\u00f3n como Bien de Inter\u00e9s Cultural (BIC) de la Fiesta de la Cruz del municipio herre\u00f1o.<\/p>\n<p style=\"font-weight: 400;\">\u201cEsperamos que el Gobierno de Canarias, cuanto antes, confiera a esta fiesta la declaraci\u00f3n de BIC por la importancia que entra\u00f1a para la gente del municipio, por su arraigo y por ser ejemplo de respeto a las tradiciones\u201d, explica Gonz\u00e1lez.<\/p>\n<p style=\"font-weight: 400;\">Como recuerda, esta fiesta se celebra cada 3 de mayo, reuniendo en El Pinar a los vecinos y vecinas de Las Casas y Taibique que han elaborado las dos cruces. Desde el m\u00e1ximo respeto a la tradici\u00f3n, se celebra el recorrido desde Las Casas y Taibique para concluir en la plaza del Ayuntamiento, donde permanecen expuestas hasta por la tarde.<\/p>\n<p style=\"font-weight: 400;\">La diputada del PSOE destaca el importante papel de los bailarines en esta celebraci\u00f3n, as\u00ed como la implicaci\u00f3n de las vecinas y vecinos, especialmente de las j\u00f3venes encargadas de engalanar las cruces, que se vuelcan en la organizaci\u00f3n de una fiesta de enorme significado para el municipio y que merece la declaraci\u00f3n de BIC.<\/p>\n","protected":false},"excerpt":{"rendered":"<p>La diputada del PSOE por El Hierro, Ana Gonz\u00e1lez, ha presentado una iniciativa en la C\u00e1mara, a petici\u00f3n del Ayuntamiento de El Pinar de El Hierro, interes\u00e1ndose por el expediente para la declaraci\u00f3n como Bien de Inter\u00e9s Cultural (BIC) de la Fiesta de la Cruz del municipio herre\u00f1o. \u201cEsperamos que el Gobierno de Canarias, cuanto [&hellip;]<\/p>\n","protected":false},"author":1,"featured_media":4823,"comment_status":"open","ping_status":"open","sticky":false,"template":"","format":"standard","meta":{"footnotes":""},"categories":[7],"tags":[],"class_list":["post-4822","post","type-post","status-publish","format-standard","has-post-thumbnail","hentry","category-politica"],"featured_image_src":"https:\/\/psoecanarias.com\/web\/wp-content\/uploads\/2018\/04\/ana-gonzalez.jpg","author_info":{"display_name":"PSOE Canarias","author_link":"https:\/\/psoecanarias.com\/web\/author\/admin\/"},"yoast_head":"<!-- This site is optimized with the Yoast SEO plugin v27.2 - https:\/\/yoast.com\/product\/yoast-seo-wordpress\/ -->\n<title>El PSOE pide en la C\u00e1mara informaci\u00f3n sobre la declaraci\u00f3n como BIC de la Fiesta De La Cruz | PSOE Canarias<\/title>\n<meta name=\"robots\" content=\"index, follow, max-snippet:-1, max-image-preview:large, max-video-preview:-1\" \/>\n<link rel=\"canonical\" href=\"https:\/\/psoecanarias.com\/web\/el-psoe-pide-en-la-camara-informacion-sobre-la-declaracion-como-bic-de-la-fiesta-de-la-cruz\/\" \/>\n<meta property=\"og:locale\" content=\"es_ES\" \/>\n<meta property=\"og:type\" content=\"article\" \/>\n<meta property=\"og:title\" content=\"El PSOE pide en la C\u00e1mara informaci\u00f3n sobre la declaraci\u00f3n como BIC de la Fiesta De La Cruz | PSOE Canarias\" \/>\n<meta property=\"og:description\" content=\"La diputada del PSOE por El Hierro, Ana Gonz\u00e1lez, ha presentado una iniciativa en la C\u00e1mara, a petici\u00f3n del Ayuntamiento de El Pinar de El Hierro, interes\u00e1ndose por el expediente para la declaraci\u00f3n como Bien de Inter\u00e9s Cultural (BIC) de la Fiesta de la Cruz del municipio herre\u00f1o. \u201cEsperamos que el Gobierno de Canarias, cuanto [&hellip;]\" \/>\n<meta property=\"og:url\" content=\"https:\/\/psoecanarias.com\/web\/el-psoe-pide-en-la-camara-informacion-sobre-la-declaracion-como-bic-de-la-fiesta-de-la-cruz\/\" \/>\n<meta property=\"og:site_name\" content=\"PSOE Canarias\" \/>\n<meta property=\"article:published_time\" content=\"2018-04-20T10:09:06+00:00\" \/>\n<meta property=\"og:image\" content=\"https:\/\/psoecanarias.com\/web\/wp-content\/uploads\/2018\/04\/ana-gonzalez.jpg\" \/>\n\t<meta property=\"og:image:width\" content=\"683\" \/>\n\t<meta property=\"og:image:height\" content=\"1024\" \/>\n\t<meta property=\"og:image:type\" content=\"image\/jpeg\" \/>\n<meta name=\"author\" content=\"PSOE Canarias\" \/>\n<meta name=\"twitter:card\" content=\"summary_large_image\" \/>\n<script type=\"application\/ld+json\" class=\"yoast-schema-graph\">{\"@context\":\"https:\/\/schema.org\",\"@graph\":[{\"@type\":\"Article\",\"@id\":\"https:\/\/psoecanarias.com\/web\/el-psoe-pide-en-la-camara-informacion-sobre-la-declaracion-como-bic-de-la-fiesta-de-la-cruz\/#article\",\"isPartOf\":{\"@id\":\"https:\/\/psoecanarias.com\/web\/el-psoe-pide-en-la-camara-informacion-sobre-la-declaracion-como-bic-de-la-fiesta-de-la-cruz\/\"},\"author\":{\"name\":\"PSOE Canarias\",\"@id\":\"https:\/\/psoecanarias.com\/web\/#\/schema\/person\/1ae43f9659d2fc599ca69c11e1dbf26f\"},\"headline\":\"El PSOE pide en la C\u00e1mara informaci\u00f3n sobre la declaraci\u00f3n como BIC de la Fiesta De La Cruz\",\"datePublished\":\"2018-04-20T10:09:06+00:00\",\"mainEntityOfPage\":{\"@id\":\"https:\/\/psoecanarias.com\/web\/el-psoe-pide-en-la-camara-informacion-sobre-la-declaracion-como-bic-de-la-fiesta-de-la-cruz\/\"},\"wordCount\":239,\"commentCount\":0,\"image\":{\"@id\":\"https:\/\/psoecanarias.com\/web\/el-psoe-pide-en-la-camara-informacion-sobre-la-declaracion-como-bic-de-la-fiesta-de-la-cruz\/#primaryimage\"},\"thumbnailUrl\":\"https:\/\/psoecanarias.com\/web\/wp-content\/uploads\/2018\/04\/ana-gonzalez.jpg\",\"articleSection\":[\"Pol\u00edtica\"],\"inLanguage\":\"es\",\"potentialAction\":[{\"@type\":\"CommentAction\",\"name\":\"Comment\",\"target\":[\"https:\/\/psoecanarias.com\/web\/el-psoe-pide-en-la-camara-informacion-sobre-la-declaracion-como-bic-de-la-fiesta-de-la-cruz\/#respond\"]}]},{\"@type\":\"WebPage\",\"@id\":\"https:\/\/psoecanarias.com\/web\/el-psoe-pide-en-la-camara-informacion-sobre-la-declaracion-como-bic-de-la-fiesta-de-la-cruz\/\",\"url\":\"https:\/\/psoecanarias.com\/web\/el-psoe-pide-en-la-camara-informacion-sobre-la-declaracion-como-bic-de-la-fiesta-de-la-cruz\/\",\"name\":\"El PSOE pide en la C\u00e1mara informaci\u00f3n sobre la declaraci\u00f3n como BIC de la Fiesta De La Cruz | PSOE Canarias\",\"isPartOf\":{\"@id\":\"https:\/\/psoecanarias.com\/web\/#website\"},\"primaryImageOfPage\":{\"@id\":\"https:\/\/psoecanarias.com\/web\/el-psoe-pide-en-la-camara-informacion-sobre-la-declaracion-como-bic-de-la-fiesta-de-la-cruz\/#primaryimage\"},\"image\":{\"@id\":\"https:\/\/psoecanarias.com\/web\/el-psoe-pide-en-la-camara-informacion-sobre-la-declaracion-como-bic-de-la-fiesta-de-la-cruz\/#primaryimage\"},\"thumbnailUrl\":\"https:\/\/psoecanarias.com\/web\/wp-content\/uploads\/2018\/04\/ana-gonzalez.jpg\",\"datePublished\":\"2018-04-20T10:09:06+00:00\",\"author\":{\"@id\":\"https:\/\/psoecanarias.com\/web\/#\/schema\/person\/1ae43f9659d2fc599ca69c11e1dbf26f\"},\"breadcrumb\":{\"@id\":\"https:\/\/psoecanarias.com\/web\/el-psoe-pide-en-la-camara-informacion-sobre-la-declaracion-como-bic-de-la-fiesta-de-la-cruz\/#breadcrumb\"},\"inLanguage\":\"es\",\"potentialAction\":[{\"@type\":\"ReadAction\",\"target\":[\"https:\/\/psoecanarias.com\/web\/el-psoe-pide-en-la-camara-informacion-sobre-la-declaracion-como-bic-de-la-fiesta-de-la-cruz\/\"]}]},{\"@type\":\"ImageObject\",\"inLanguage\":\"es\",\"@id\":\"https:\/\/psoecanarias.com\/web\/el-psoe-pide-en-la-camara-informacion-sobre-la-declaracion-como-bic-de-la-fiesta-de-la-cruz\/#primaryimage\",\"url\":\"https:\/\/psoecanarias.com\/web\/wp-content\/uploads\/2018\/04\/ana-gonzalez.jpg\",\"contentUrl\":\"https:\/\/psoecanarias.com\/web\/wp-content\/uploads\/2018\/04\/ana-gonzalez.jpg\",\"width\":683,\"height\":1024},{\"@type\":\"BreadcrumbList\",\"@id\":\"https:\/\/psoecanarias.com\/web\/el-psoe-pide-en-la-camara-informacion-sobre-la-declaracion-como-bic-de-la-fiesta-de-la-cruz\/#breadcrumb\",\"itemListElement\":[{\"@type\":\"ListItem\",\"position\":1,\"name\":\"Portada\",\"item\":\"https:\/\/psoecanarias.com\/web\/\"},{\"@type\":\"ListItem\",\"position\":2,\"name\":\"El PSOE pide en la C\u00e1mara informaci\u00f3n sobre la declaraci\u00f3n como BIC de la Fiesta De La Cruz\"}]},{\"@type\":\"WebSite\",\"@id\":\"https:\/\/psoecanarias.com\/web\/#website\",\"url\":\"https:\/\/psoecanarias.com\/web\/\",\"name\":\"PSOE Canarias\",\"description\":\"Partido Socialista Obrero Espa\u00f1ol Canarias\",\"potentialAction\":[{\"@type\":\"SearchAction\",\"target\":{\"@type\":\"EntryPoint\",\"urlTemplate\":\"https:\/\/psoecanarias.com\/web\/?s={search_term_string}\"},\"query-input\":{\"@type\":\"PropertyValueSpecification\",\"valueRequired\":true,\"valueName\":\"search_term_string\"}}],\"inLanguage\":\"es\"},{\"@type\":\"Person\",\"@id\":\"https:\/\/psoecanarias.com\/web\/#\/schema\/person\/1ae43f9659d2fc599ca69c11e1dbf26f\",\"name\":\"PSOE Canarias\",\"image\":{\"@type\":\"ImageObject\",\"inLanguage\":\"es\",\"@id\":\"https:\/\/secure.gravatar.com\/avatar\/4364d37f6f6f9cdb7af199b46151565f37d8a8c3c0e04c1d78c04e857a15e3a8?s=96&d=mm&r=g\",\"url\":\"https:\/\/secure.gravatar.com\/avatar\/4364d37f6f6f9cdb7af199b46151565f37d8a8c3c0e04c1d78c04e857a15e3a8?s=96&d=mm&r=g\",\"contentUrl\":\"https:\/\/secure.gravatar.com\/avatar\/4364d37f6f6f9cdb7af199b46151565f37d8a8c3c0e04c1d78c04e857a15e3a8?s=96&d=mm&r=g\",\"caption\":\"PSOE Canarias\"},\"url\":\"https:\/\/psoecanarias.com\/web\/author\/admin\/\"}]}<\/script>\n<!-- \/ Yoast SEO plugin. -->","yoast_head_json":{"title":"El PSOE pide en la C\u00e1mara informaci\u00f3n sobre la declaraci\u00f3n como BIC de la Fiesta De La Cruz | PSOE Canarias","robots":{"index":"index","follow":"follow","max-snippet":"max-snippet:-1","max-image-preview":"max-image-preview:large","max-video-preview":"max-video-preview:-1"},"canonical":"https:\/\/psoecanarias.com\/web\/el-psoe-pide-en-la-camara-informacion-sobre-la-declaracion-como-bic-de-la-fiesta-de-la-cruz\/","og_locale":"es_ES","og_type":"article","og_title":"El PSOE pide en la C\u00e1mara informaci\u00f3n sobre la declaraci\u00f3n como BIC de la Fiesta De La Cruz | PSOE Canarias","og_description":"La diputada del PSOE por El Hierro, Ana Gonz\u00e1lez, ha presentado una iniciativa en la C\u00e1mara, a petici\u00f3n del Ayuntamiento de El Pinar de El Hierro, interes\u00e1ndose por el expediente para la declaraci\u00f3n como Bien de Inter\u00e9s Cultural (BIC) de la Fiesta de la Cruz del municipio herre\u00f1o. \u201cEsperamos que el Gobierno de Canarias, cuanto [&hellip;]","og_url":"https:\/\/psoecanarias.com\/web\/el-psoe-pide-en-la-camara-informacion-sobre-la-declaracion-como-bic-de-la-fiesta-de-la-cruz\/","og_site_name":"PSOE Canarias","article_published_time":"2018-04-20T10:09:06+00:00","og_image":[{"width":683,"height":1024,"url":"https:\/\/psoecanarias.com\/web\/wp-content\/uploads\/2018\/04\/ana-gonzalez.jpg","type":"image\/jpeg"}],"author":"PSOE Canarias","twitter_card":"summary_large_image","schema":{"@context":"https:\/\/schema.org","@graph":[{"@type":"Article","@id":"https:\/\/psoecanarias.com\/web\/el-psoe-pide-en-la-camara-informacion-sobre-la-declaracion-como-bic-de-la-fiesta-de-la-cruz\/#article","isPartOf":{"@id":"https:\/\/psoecanarias.com\/web\/el-psoe-pide-en-la-camara-informacion-sobre-la-declaracion-como-bic-de-la-fiesta-de-la-cruz\/"},"author":{"name":"PSOE Canarias","@id":"https:\/\/psoecanarias.com\/web\/#\/schema\/person\/1ae43f9659d2fc599ca69c11e1dbf26f"},"headline":"El PSOE pide en la C\u00e1mara informaci\u00f3n sobre la declaraci\u00f3n como BIC de la Fiesta De La Cruz","datePublished":"2018-04-20T10:09:06+00:00","mainEntityOfPage":{"@id":"https:\/\/psoecanarias.com\/web\/el-psoe-pide-en-la-camara-informacion-sobre-la-declaracion-como-bic-de-la-fiesta-de-la-cruz\/"},"wordCount":239,"commentCount":0,"image":{"@id":"https:\/\/psoecanarias.com\/web\/el-psoe-pide-en-la-camara-informacion-sobre-la-declaracion-como-bic-de-la-fiesta-de-la-cruz\/#primaryimage"},"thumbnailUrl":"https:\/\/psoecanarias.com\/web\/wp-content\/uploads\/2018\/04\/ana-gonzalez.jpg","articleSection":["Pol\u00edtica"],"inLanguage":"es","potentialAction":[{"@type":"CommentAction","name":"Comment","target":["https:\/\/psoecanarias.com\/web\/el-psoe-pide-en-la-camara-informacion-sobre-la-declaracion-como-bic-de-la-fiesta-de-la-cruz\/#respond"]}]},{"@type":"WebPage","@id":"https:\/\/psoecanarias.com\/web\/el-psoe-pide-en-la-camara-informacion-sobre-la-declaracion-como-bic-de-la-fiesta-de-la-cruz\/","url":"https:\/\/psoecanarias.com\/web\/el-psoe-pide-en-la-camara-informacion-sobre-la-declaracion-como-bic-de-la-fiesta-de-la-cruz\/","name":"El PSOE pide en la C\u00e1mara informaci\u00f3n sobre la declaraci\u00f3n como BIC de la Fiesta De La Cruz | PSOE Canarias","isPartOf":{"@id":"https:\/\/psoecanarias.com\/web\/#website"},"primaryImageOfPage":{"@id":"https:\/\/psoecanarias.com\/web\/el-psoe-pide-en-la-camara-informacion-sobre-la-declaracion-como-bic-de-la-fiesta-de-la-cruz\/#primaryimage"},"image":{"@id":"https:\/\/psoecanarias.com\/web\/el-psoe-pide-en-la-camara-informacion-sobre-la-declaracion-como-bic-de-la-fiesta-de-la-cruz\/#primaryimage"},"thumbnailUrl":"https:\/\/psoecanarias.com\/web\/wp-content\/uploads\/2018\/04\/ana-gonzalez.jpg","datePublished":"2018-04-20T10:09:06+00:00","author":{"@id":"https:\/\/psoecanarias.com\/web\/#\/schema\/person\/1ae43f9659d2fc599ca69c11e1dbf26f"},"breadcrumb":{"@id":"https:\/\/psoecanarias.com\/web\/el-psoe-pide-en-la-camara-informacion-sobre-la-declaracion-como-bic-de-la-fiesta-de-la-cruz\/#breadcrumb"},"inLanguage":"es","potentialAction":[{"@type":"ReadAction","target":["https:\/\/psoecanarias.com\/web\/el-psoe-pide-en-la-camara-informacion-sobre-la-declaracion-como-bic-de-la-fiesta-de-la-cruz\/"]}]},{"@type":"ImageObject","inLanguage":"es","@id":"https:\/\/psoecanarias.com\/web\/el-psoe-pide-en-la-camara-informacion-sobre-la-declaracion-como-bic-de-la-fiesta-de-la-cruz\/#primaryimage","url":"https:\/\/psoecanarias.com\/web\/wp-content\/uploads\/2018\/04\/ana-gonzalez.jpg","contentUrl":"https:\/\/psoecanarias.com\/web\/wp-content\/uploads\/2018\/04\/ana-gonzalez.jpg","width":683,"height":1024},{"@type":"BreadcrumbList","@id":"https:\/\/psoecanarias.com\/web\/el-psoe-pide-en-la-camara-informacion-sobre-la-declaracion-como-bic-de-la-fiesta-de-la-cruz\/#breadcrumb","itemListElement":[{"@type":"ListItem","position":1,"name":"Portada","item":"https:\/\/psoecanarias.com\/web\/"},{"@type":"ListItem","position":2,"name":"El PSOE pide en la C\u00e1mara informaci\u00f3n sobre la declaraci\u00f3n como BIC de la Fiesta De La Cruz"}]},{"@type":"WebSite","@id":"https:\/\/psoecanarias.com\/web\/#website","url":"https:\/\/psoecanarias.com\/web\/","name":"PSOE Canarias","description":"Partido Socialista Obrero Espa\u00f1ol Canarias","potentialAction":[{"@type":"SearchAction","target":{"@type":"EntryPoint","urlTemplate":"https:\/\/psoecanarias.com\/web\/?s={search_term_string}"},"query-input":{"@type":"PropertyValueSpecification","valueRequired":true,"valueName":"search_term_string"}}],"inLanguage":"es"},{"@type":"Person","@id":"https:\/\/psoecanarias.com\/web\/#\/schema\/person\/1ae43f9659d2fc599ca69c11e1dbf26f","name":"PSOE Canarias","image":{"@type":"ImageObject","inLanguage":"es","@id":"https:\/\/secure.gravatar.com\/avatar\/4364d37f6f6f9cdb7af199b46151565f37d8a8c3c0e04c1d78c04e857a15e3a8?s=96&d=mm&r=g","url":"https:\/\/secure.gravatar.com\/avatar\/4364d37f6f6f9cdb7af199b46151565f37d8a8c3c0e04c1d78c04e857a15e3a8?s=96&d=mm&r=g","contentUrl":"https:\/\/secure.gravatar.com\/avatar\/4364d37f6f6f9cdb7af199b46151565f37d8a8c3c0e04c1d78c04e857a15e3a8?s=96&d=mm&r=g","caption":"PSOE Canarias"},"url":"https:\/\/psoecanarias.com\/web\/author\/admin\/"}]}},"_links":{"self":[{"href":"https:\/\/psoecanarias.com\/web\/wp-json\/wp\/v2\/posts\/4822","targetHints":{"allow":["GET"]}}],"collection":[{"href":"https:\/\/psoecanarias.com\/web\/wp-json\/wp\/v2\/posts"}],"about":[{"href":"https:\/\/psoecanarias.com\/web\/wp-json\/wp\/v2\/types\/post"}],"author":[{"embeddable":true,"href":"https:\/\/psoecanarias.com\/web\/wp-json\/wp\/v2\/users\/1"}],"replies":[{"embeddable":true,"href":"https:\/\/psoecanarias.com\/web\/wp-json\/wp\/v2\/comments?post=4822"}],"version-history":[{"count":1,"href":"https:\/\/psoecanarias.com\/web\/wp-json\/wp\/v2\/posts\/4822\/revisions"}],"predecessor-version":[{"id":4824,"href":"https:\/\/psoecanarias.com\/web\/wp-json\/wp\/v2\/posts\/4822\/revisions\/4824"}],"wp:featuredmedia":[{"embeddable":true,"href":"https:\/\/psoecanarias.com\/web\/wp-json\/wp\/v2\/media\/4823"}],"wp:attachment":[{"href":"https:\/\/psoecanarias.com\/web\/wp-json\/wp\/v2\/media?parent=4822"}],"wp:term":[{"taxonomy":"category","embeddable":true,"href":"https:\/\/psoecanarias.com\/web\/wp-json\/wp\/v2\/categories?post=4822"},{"taxonomy":"post_tag","embeddable":true,"href":"https:\/\/psoecanarias.com\/web\/wp-json\/wp\/v2\/tags?post=4822"}],"curies":[{"name":"wp","href":"https:\/\/api.w.org\/{rel}","templated":true}]}}