{"id":49383,"date":"2024-10-07T19:15:02","date_gmt":"2024-10-07T18:15:02","guid":{"rendered":"https:\/\/psoecanarias.com\/web\/?p=49383"},"modified":"2024-10-14T14:19:20","modified_gmt":"2024-10-14T13:19:20","slug":"dolores-corujo-es-designada-nueva-portavoz-socialista-de-insularidad-en-las-cortes-generales","status":"publish","type":"post","link":"https:\/\/psoecanarias.com\/web\/dolores-corujo-es-designada-nueva-portavoz-socialista-de-insularidad-en-las-cortes-generales\/","title":{"rendered":"Dolores Corujo es designada nueva portavoz socialista de Insularidad en las Cortes"},"content":{"rendered":"<p><strong>Canarias, 8 de octubre de 2024.&#8211;<\/strong> La diputada del PSOE Canarias, Dolores Corujo, ha sido designada nueva portavoz socialista en la Comisi\u00f3n Mixta sobre Insularidad de las Cortes Generales. A propuesta de la direcci\u00f3n del Grupo Socialista en el Congreso, Corujo ser\u00e1 la encargada a partir de ahora de dar voz y defender las iniciativas parlamentarias que se aborden en esta comisi\u00f3n relacionadas con las singularidades tanto de Canarias como Baleares.<\/p>\n<p>La Comisi\u00f3n Mixta sobre Insularidad tiene car\u00e1cter permanente desde el pasado a\u00f1o y est\u00e1 formada por representantes en el Senado y del Congreso de las distintas formaciones pol\u00edticas. Su prop\u00f3sito es analizar y debatir sobre asuntos propios de los territorios insulares, as\u00ed como plantear propuestas relacionadas con esas mismas particularidades. Con este fin, est\u00e1 previsto que a lo largo de la legislatura puedan participar en ella expertos, cargos p\u00fablicos e institucionales, as\u00ed como otros representantes pol\u00edticos.<\/p>\n<p>Diputada por la provincia de Las Palmas y natural de Lanzarote, Dolores Corujo asume esta nueva responsabilidad con el firme prop\u00f3sito de &#8220;reforzar la presencia de Canarias en la agenda de la acci\u00f3n legislativa&#8221;.<\/p>\n<p>Ha destacado, en este sentido, las posibilidades que ofrece esta comisi\u00f3n mixta para el atendimiento de especificidades de los archipi\u00e9lagos, algunas de ellas tan sensibles como el mercado de la vivienda, el R\u00e9gimen Econ\u00f3mico y Fiscal, el transporte y la conectividad, la fuerte dependencia del turismo como principal motor del PIB, la lucha contra el cambio clim\u00e1tico o el bloque social.<\/p>\n<p>Junto a Dolores Corujo como portavoz, el PSOE Canarias tambi\u00e9n cuenta, desde el pasado mes de diciembre, con la presidencia de esta Comisi\u00f3n sobre Insularidad, por medio del senador auton\u00f3mico Jos\u00e9 Antonio Valbuena.<\/p>\n","protected":false},"excerpt":{"rendered":"<p>La diputada del PSOE Canarias asume esta nueva responsabilidad con el firme prop\u00f3sito de &#8220;reforzar la presencia de Canarias en la agenda de la acci\u00f3n legislativa&#8221;.<\/p>\n","protected":false},"author":1,"featured_media":49384,"comment_status":"open","ping_status":"open","sticky":false,"template":"","format":"standard","meta":{"footnotes":""},"categories":[1197,1184],"tags":[247],"class_list":["post-49383","post","type-post","status-publish","format-standard","has-post-thumbnail","hentry","category-cortes-generales","category-noticias","tag-dolores-corujo"],"featured_image_src":"https:\/\/psoecanarias.com\/web\/wp-content\/uploads\/2024\/10\/53582355222_32cc4a6919_k.jpg","author_info":{"display_name":"PSOE Canarias","author_link":"https:\/\/psoecanarias.com\/web\/author\/admin\/"},"yoast_head":"<!-- This site is optimized with the Yoast SEO plugin v27.2 - https:\/\/yoast.com\/product\/yoast-seo-wordpress\/ -->\n<title>Dolores Corujo es designada nueva portavoz socialista de Insularidad en las Cortes | PSOE Canarias<\/title>\n<meta name=\"robots\" content=\"index, follow, max-snippet:-1, max-image-preview:large, max-video-preview:-1\" \/>\n<link rel=\"canonical\" href=\"https:\/\/psoecanarias.com\/web\/dolores-corujo-es-designada-nueva-portavoz-socialista-de-insularidad-en-las-cortes-generales\/\" \/>\n<meta property=\"og:locale\" content=\"es_ES\" \/>\n<meta property=\"og:type\" content=\"article\" \/>\n<meta property=\"og:title\" content=\"Dolores Corujo es designada nueva portavoz socialista de Insularidad en las Cortes | PSOE Canarias\" \/>\n<meta property=\"og:description\" content=\"La diputada del PSOE Canarias asume esta nueva responsabilidad con el firme prop\u00f3sito de &quot;reforzar la presencia de Canarias en la agenda de la acci\u00f3n legislativa&quot;.\" \/>\n<meta property=\"og:url\" content=\"https:\/\/psoecanarias.com\/web\/dolores-corujo-es-designada-nueva-portavoz-socialista-de-insularidad-en-las-cortes-generales\/\" \/>\n<meta property=\"og:site_name\" content=\"PSOE Canarias\" \/>\n<meta property=\"article:published_time\" content=\"2024-10-07T18:15:02+00:00\" \/>\n<meta property=\"article:modified_time\" content=\"2024-10-14T13:19:20+00:00\" \/>\n<meta property=\"og:image\" content=\"https:\/\/psoecanarias.com\/web\/wp-content\/uploads\/2024\/10\/53582355222_32cc4a6919_k.jpg\" \/>\n\t<meta property=\"og:image:width\" content=\"2048\" \/>\n\t<meta property=\"og:image:height\" content=\"1365\" \/>\n\t<meta property=\"og:image:type\" content=\"image\/jpeg\" \/>\n<meta name=\"author\" content=\"PSOE Canarias\" \/>\n<meta name=\"twitter:card\" content=\"summary_large_image\" \/>\n<script type=\"application\/ld+json\" class=\"yoast-schema-graph\">{\"@context\":\"https:\/\/schema.org\",\"@graph\":[{\"@type\":\"Article\",\"@id\":\"https:\/\/psoecanarias.com\/web\/dolores-corujo-es-designada-nueva-portavoz-socialista-de-insularidad-en-las-cortes-generales\/#article\",\"isPartOf\":{\"@id\":\"https:\/\/psoecanarias.com\/web\/dolores-corujo-es-designada-nueva-portavoz-socialista-de-insularidad-en-las-cortes-generales\/\"},\"author\":{\"name\":\"PSOE Canarias\",\"@id\":\"https:\/\/psoecanarias.com\/web\/#\/schema\/person\/1ae43f9659d2fc599ca69c11e1dbf26f\"},\"headline\":\"Dolores Corujo es designada nueva portavoz socialista de Insularidad en las Cortes\",\"datePublished\":\"2024-10-07T18:15:02+00:00\",\"dateModified\":\"2024-10-14T13:19:20+00:00\",\"mainEntityOfPage\":{\"@id\":\"https:\/\/psoecanarias.com\/web\/dolores-corujo-es-designada-nueva-portavoz-socialista-de-insularidad-en-las-cortes-generales\/\"},\"wordCount\":306,\"commentCount\":0,\"image\":{\"@id\":\"https:\/\/psoecanarias.com\/web\/dolores-corujo-es-designada-nueva-portavoz-socialista-de-insularidad-en-las-cortes-generales\/#primaryimage\"},\"thumbnailUrl\":\"https:\/\/psoecanarias.com\/web\/wp-content\/uploads\/2024\/10\/53582355222_32cc4a6919_k.jpg\",\"keywords\":[\"Dolores Corujo\"],\"articleSection\":[\"Cortes Generales\",\"Noticias\"],\"inLanguage\":\"es\",\"potentialAction\":[{\"@type\":\"CommentAction\",\"name\":\"Comment\",\"target\":[\"https:\/\/psoecanarias.com\/web\/dolores-corujo-es-designada-nueva-portavoz-socialista-de-insularidad-en-las-cortes-generales\/#respond\"]}]},{\"@type\":\"WebPage\",\"@id\":\"https:\/\/psoecanarias.com\/web\/dolores-corujo-es-designada-nueva-portavoz-socialista-de-insularidad-en-las-cortes-generales\/\",\"url\":\"https:\/\/psoecanarias.com\/web\/dolores-corujo-es-designada-nueva-portavoz-socialista-de-insularidad-en-las-cortes-generales\/\",\"name\":\"Dolores Corujo es designada nueva portavoz socialista de Insularidad en las Cortes | PSOE Canarias\",\"isPartOf\":{\"@id\":\"https:\/\/psoecanarias.com\/web\/#website\"},\"primaryImageOfPage\":{\"@id\":\"https:\/\/psoecanarias.com\/web\/dolores-corujo-es-designada-nueva-portavoz-socialista-de-insularidad-en-las-cortes-generales\/#primaryimage\"},\"image\":{\"@id\":\"https:\/\/psoecanarias.com\/web\/dolores-corujo-es-designada-nueva-portavoz-socialista-de-insularidad-en-las-cortes-generales\/#primaryimage\"},\"thumbnailUrl\":\"https:\/\/psoecanarias.com\/web\/wp-content\/uploads\/2024\/10\/53582355222_32cc4a6919_k.jpg\",\"datePublished\":\"2024-10-07T18:15:02+00:00\",\"dateModified\":\"2024-10-14T13:19:20+00:00\",\"author\":{\"@id\":\"https:\/\/psoecanarias.com\/web\/#\/schema\/person\/1ae43f9659d2fc599ca69c11e1dbf26f\"},\"breadcrumb\":{\"@id\":\"https:\/\/psoecanarias.com\/web\/dolores-corujo-es-designada-nueva-portavoz-socialista-de-insularidad-en-las-cortes-generales\/#breadcrumb\"},\"inLanguage\":\"es\",\"potentialAction\":[{\"@type\":\"ReadAction\",\"target\":[\"https:\/\/psoecanarias.com\/web\/dolores-corujo-es-designada-nueva-portavoz-socialista-de-insularidad-en-las-cortes-generales\/\"]}]},{\"@type\":\"ImageObject\",\"inLanguage\":\"es\",\"@id\":\"https:\/\/psoecanarias.com\/web\/dolores-corujo-es-designada-nueva-portavoz-socialista-de-insularidad-en-las-cortes-generales\/#primaryimage\",\"url\":\"https:\/\/psoecanarias.com\/web\/wp-content\/uploads\/2024\/10\/53582355222_32cc4a6919_k.jpg\",\"contentUrl\":\"https:\/\/psoecanarias.com\/web\/wp-content\/uploads\/2024\/10\/53582355222_32cc4a6919_k.jpg\",\"width\":2048,\"height\":1365,\"caption\":\"Corujo junto a Patxi L\u00f3pez, en el Congreso.\"},{\"@type\":\"BreadcrumbList\",\"@id\":\"https:\/\/psoecanarias.com\/web\/dolores-corujo-es-designada-nueva-portavoz-socialista-de-insularidad-en-las-cortes-generales\/#breadcrumb\",\"itemListElement\":[{\"@type\":\"ListItem\",\"position\":1,\"name\":\"Portada\",\"item\":\"https:\/\/psoecanarias.com\/web\/\"},{\"@type\":\"ListItem\",\"position\":2,\"name\":\"Dolores Corujo es designada nueva portavoz socialista de Insularidad en las Cortes\"}]},{\"@type\":\"WebSite\",\"@id\":\"https:\/\/psoecanarias.com\/web\/#website\",\"url\":\"https:\/\/psoecanarias.com\/web\/\",\"name\":\"PSOE Canarias\",\"description\":\"Partido Socialista Obrero Espa\u00f1ol Canarias\",\"potentialAction\":[{\"@type\":\"SearchAction\",\"target\":{\"@type\":\"EntryPoint\",\"urlTemplate\":\"https:\/\/psoecanarias.com\/web\/?s={search_term_string}\"},\"query-input\":{\"@type\":\"PropertyValueSpecification\",\"valueRequired\":true,\"valueName\":\"search_term_string\"}}],\"inLanguage\":\"es\"},{\"@type\":\"Person\",\"@id\":\"https:\/\/psoecanarias.com\/web\/#\/schema\/person\/1ae43f9659d2fc599ca69c11e1dbf26f\",\"name\":\"PSOE Canarias\",\"image\":{\"@type\":\"ImageObject\",\"inLanguage\":\"es\",\"@id\":\"https:\/\/secure.gravatar.com\/avatar\/4364d37f6f6f9cdb7af199b46151565f37d8a8c3c0e04c1d78c04e857a15e3a8?s=96&d=mm&r=g\",\"url\":\"https:\/\/secure.gravatar.com\/avatar\/4364d37f6f6f9cdb7af199b46151565f37d8a8c3c0e04c1d78c04e857a15e3a8?s=96&d=mm&r=g\",\"contentUrl\":\"https:\/\/secure.gravatar.com\/avatar\/4364d37f6f6f9cdb7af199b46151565f37d8a8c3c0e04c1d78c04e857a15e3a8?s=96&d=mm&r=g\",\"caption\":\"PSOE Canarias\"},\"url\":\"https:\/\/psoecanarias.com\/web\/author\/admin\/\"}]}<\/script>\n<!-- \/ Yoast SEO plugin. -->","yoast_head_json":{"title":"Dolores Corujo es designada nueva portavoz socialista de Insularidad en las Cortes | PSOE Canarias","robots":{"index":"index","follow":"follow","max-snippet":"max-snippet:-1","max-image-preview":"max-image-preview:large","max-video-preview":"max-video-preview:-1"},"canonical":"https:\/\/psoecanarias.com\/web\/dolores-corujo-es-designada-nueva-portavoz-socialista-de-insularidad-en-las-cortes-generales\/","og_locale":"es_ES","og_type":"article","og_title":"Dolores Corujo es designada nueva portavoz socialista de Insularidad en las Cortes | PSOE Canarias","og_description":"La diputada del PSOE Canarias asume esta nueva responsabilidad con el firme prop\u00f3sito de \"reforzar la presencia de Canarias en la agenda de la acci\u00f3n legislativa\".","og_url":"https:\/\/psoecanarias.com\/web\/dolores-corujo-es-designada-nueva-portavoz-socialista-de-insularidad-en-las-cortes-generales\/","og_site_name":"PSOE Canarias","article_published_time":"2024-10-07T18:15:02+00:00","article_modified_time":"2024-10-14T13:19:20+00:00","og_image":[{"width":2048,"height":1365,"url":"https:\/\/psoecanarias.com\/web\/wp-content\/uploads\/2024\/10\/53582355222_32cc4a6919_k.jpg","type":"image\/jpeg"}],"author":"PSOE Canarias","twitter_card":"summary_large_image","schema":{"@context":"https:\/\/schema.org","@graph":[{"@type":"Article","@id":"https:\/\/psoecanarias.com\/web\/dolores-corujo-es-designada-nueva-portavoz-socialista-de-insularidad-en-las-cortes-generales\/#article","isPartOf":{"@id":"https:\/\/psoecanarias.com\/web\/dolores-corujo-es-designada-nueva-portavoz-socialista-de-insularidad-en-las-cortes-generales\/"},"author":{"name":"PSOE Canarias","@id":"https:\/\/psoecanarias.com\/web\/#\/schema\/person\/1ae43f9659d2fc599ca69c11e1dbf26f"},"headline":"Dolores Corujo es designada nueva portavoz socialista de Insularidad en las Cortes","datePublished":"2024-10-07T18:15:02+00:00","dateModified":"2024-10-14T13:19:20+00:00","mainEntityOfPage":{"@id":"https:\/\/psoecanarias.com\/web\/dolores-corujo-es-designada-nueva-portavoz-socialista-de-insularidad-en-las-cortes-generales\/"},"wordCount":306,"commentCount":0,"image":{"@id":"https:\/\/psoecanarias.com\/web\/dolores-corujo-es-designada-nueva-portavoz-socialista-de-insularidad-en-las-cortes-generales\/#primaryimage"},"thumbnailUrl":"https:\/\/psoecanarias.com\/web\/wp-content\/uploads\/2024\/10\/53582355222_32cc4a6919_k.jpg","keywords":["Dolores Corujo"],"articleSection":["Cortes Generales","Noticias"],"inLanguage":"es","potentialAction":[{"@type":"CommentAction","name":"Comment","target":["https:\/\/psoecanarias.com\/web\/dolores-corujo-es-designada-nueva-portavoz-socialista-de-insularidad-en-las-cortes-generales\/#respond"]}]},{"@type":"WebPage","@id":"https:\/\/psoecanarias.com\/web\/dolores-corujo-es-designada-nueva-portavoz-socialista-de-insularidad-en-las-cortes-generales\/","url":"https:\/\/psoecanarias.com\/web\/dolores-corujo-es-designada-nueva-portavoz-socialista-de-insularidad-en-las-cortes-generales\/","name":"Dolores Corujo es designada nueva portavoz socialista de Insularidad en las Cortes | PSOE Canarias","isPartOf":{"@id":"https:\/\/psoecanarias.com\/web\/#website"},"primaryImageOfPage":{"@id":"https:\/\/psoecanarias.com\/web\/dolores-corujo-es-designada-nueva-portavoz-socialista-de-insularidad-en-las-cortes-generales\/#primaryimage"},"image":{"@id":"https:\/\/psoecanarias.com\/web\/dolores-corujo-es-designada-nueva-portavoz-socialista-de-insularidad-en-las-cortes-generales\/#primaryimage"},"thumbnailUrl":"https:\/\/psoecanarias.com\/web\/wp-content\/uploads\/2024\/10\/53582355222_32cc4a6919_k.jpg","datePublished":"2024-10-07T18:15:02+00:00","dateModified":"2024-10-14T13:19:20+00:00","author":{"@id":"https:\/\/psoecanarias.com\/web\/#\/schema\/person\/1ae43f9659d2fc599ca69c11e1dbf26f"},"breadcrumb":{"@id":"https:\/\/psoecanarias.com\/web\/dolores-corujo-es-designada-nueva-portavoz-socialista-de-insularidad-en-las-cortes-generales\/#breadcrumb"},"inLanguage":"es","potentialAction":[{"@type":"ReadAction","target":["https:\/\/psoecanarias.com\/web\/dolores-corujo-es-designada-nueva-portavoz-socialista-de-insularidad-en-las-cortes-generales\/"]}]},{"@type":"ImageObject","inLanguage":"es","@id":"https:\/\/psoecanarias.com\/web\/dolores-corujo-es-designada-nueva-portavoz-socialista-de-insularidad-en-las-cortes-generales\/#primaryimage","url":"https:\/\/psoecanarias.com\/web\/wp-content\/uploads\/2024\/10\/53582355222_32cc4a6919_k.jpg","contentUrl":"https:\/\/psoecanarias.com\/web\/wp-content\/uploads\/2024\/10\/53582355222_32cc4a6919_k.jpg","width":2048,"height":1365,"caption":"Corujo junto a Patxi L\u00f3pez, en el Congreso."},{"@type":"BreadcrumbList","@id":"https:\/\/psoecanarias.com\/web\/dolores-corujo-es-designada-nueva-portavoz-socialista-de-insularidad-en-las-cortes-generales\/#breadcrumb","itemListElement":[{"@type":"ListItem","position":1,"name":"Portada","item":"https:\/\/psoecanarias.com\/web\/"},{"@type":"ListItem","position":2,"name":"Dolores Corujo es designada nueva portavoz socialista de Insularidad en las Cortes"}]},{"@type":"WebSite","@id":"https:\/\/psoecanarias.com\/web\/#website","url":"https:\/\/psoecanarias.com\/web\/","name":"PSOE Canarias","description":"Partido Socialista Obrero Espa\u00f1ol Canarias","potentialAction":[{"@type":"SearchAction","target":{"@type":"EntryPoint","urlTemplate":"https:\/\/psoecanarias.com\/web\/?s={search_term_string}"},"query-input":{"@type":"PropertyValueSpecification","valueRequired":true,"valueName":"search_term_string"}}],"inLanguage":"es"},{"@type":"Person","@id":"https:\/\/psoecanarias.com\/web\/#\/schema\/person\/1ae43f9659d2fc599ca69c11e1dbf26f","name":"PSOE Canarias","image":{"@type":"ImageObject","inLanguage":"es","@id":"https:\/\/secure.gravatar.com\/avatar\/4364d37f6f6f9cdb7af199b46151565f37d8a8c3c0e04c1d78c04e857a15e3a8?s=96&d=mm&r=g","url":"https:\/\/secure.gravatar.com\/avatar\/4364d37f6f6f9cdb7af199b46151565f37d8a8c3c0e04c1d78c04e857a15e3a8?s=96&d=mm&r=g","contentUrl":"https:\/\/secure.gravatar.com\/avatar\/4364d37f6f6f9cdb7af199b46151565f37d8a8c3c0e04c1d78c04e857a15e3a8?s=96&d=mm&r=g","caption":"PSOE Canarias"},"url":"https:\/\/psoecanarias.com\/web\/author\/admin\/"}]}},"_links":{"self":[{"href":"https:\/\/psoecanarias.com\/web\/wp-json\/wp\/v2\/posts\/49383","targetHints":{"allow":["GET"]}}],"collection":[{"href":"https:\/\/psoecanarias.com\/web\/wp-json\/wp\/v2\/posts"}],"about":[{"href":"https:\/\/psoecanarias.com\/web\/wp-json\/wp\/v2\/types\/post"}],"author":[{"embeddable":true,"href":"https:\/\/psoecanarias.com\/web\/wp-json\/wp\/v2\/users\/1"}],"replies":[{"embeddable":true,"href":"https:\/\/psoecanarias.com\/web\/wp-json\/wp\/v2\/comments?post=49383"}],"version-history":[{"count":2,"href":"https:\/\/psoecanarias.com\/web\/wp-json\/wp\/v2\/posts\/49383\/revisions"}],"predecessor-version":[{"id":49516,"href":"https:\/\/psoecanarias.com\/web\/wp-json\/wp\/v2\/posts\/49383\/revisions\/49516"}],"wp:featuredmedia":[{"embeddable":true,"href":"https:\/\/psoecanarias.com\/web\/wp-json\/wp\/v2\/media\/49384"}],"wp:attachment":[{"href":"https:\/\/psoecanarias.com\/web\/wp-json\/wp\/v2\/media?parent=49383"}],"wp:term":[{"taxonomy":"category","embeddable":true,"href":"https:\/\/psoecanarias.com\/web\/wp-json\/wp\/v2\/categories?post=49383"},{"taxonomy":"post_tag","embeddable":true,"href":"https:\/\/psoecanarias.com\/web\/wp-json\/wp\/v2\/tags?post=49383"}],"curies":[{"name":"wp","href":"https:\/\/api.w.org\/{rel}","templated":true}]}}