{"id":49513,"date":"2024-10-14T14:18:50","date_gmt":"2024-10-14T13:18:50","guid":{"rendered":"https:\/\/psoecanarias.com\/web\/?p=49513"},"modified":"2024-10-14T14:18:50","modified_gmt":"2024-10-14T13:18:50","slug":"el-psoe-afea-al-gobierno-de-cc-y-pp-su-falta-de-compromiso-con-la-educacion-publica-en-canarias","status":"publish","type":"post","link":"https:\/\/psoecanarias.com\/web\/el-psoe-afea-al-gobierno-de-cc-y-pp-su-falta-de-compromiso-con-la-educacion-publica-en-canarias\/","title":{"rendered":"El PSOE afea al Gobierno de CC y PP su falta de compromiso con la educaci\u00f3n p\u00fablica en Canarias"},"content":{"rendered":"<p><strong>Canarias, 14 de octubre de 2024.\u2014<\/strong> El PSOE Canarias ha expresado este lunes su decepci\u00f3n y preocupaci\u00f3n con la falta de compromiso del Gobierno de Coalici\u00f3n Canaria y Partido Popular con la educaci\u00f3n p\u00fablica del Archipi\u00e9lago. As\u00ed lo ha manifestado este lunes el secretario general y ministro \u00c1ngel V\u00edctor Torres, tras reunirse con representantes de la Plataforma por el 5% para Educaci\u00f3n: \u201cHa sido llegar ellos al gobierno\u201d y materializar una \u201crecesi\u00f3n en la apuesta por la educaci\u00f3n p\u00fablica\u201d, ha dicho.<\/p>\n<p>Un paso atr\u00e1s que tiene &#8220;bastante enfadada&#8221; a la comunidad educativa y del que da constancia la evoluci\u00f3n presupuestaria del \u00e1rea desde la llegada de los actuales socios de gobierno: \u201cEl \u00faltimo a\u00f1o del Pacto de las Flores dejamos un aumento de m\u00e1s de 120 millones de euros, acerc\u00e1ndonos al 5% del PIB que est\u00e1 por ley en Canarias\u201d, nada que ver, ha a\u00f1adido, con lo que son las previsiones para las pr\u00f3ximas cuentas auton\u00f3micas, que apuntan a un incremento claramente insuficiente. \u201cLa media de estos dos a\u00f1os, con el actual gobierno conservador del Partido Popular y la derecha nacionalista de Coalici\u00f3n Canaria, es que lo que aumentan es apenas 50 millones de euros. Ha sido llegar ellos al gobierno y producirse una recesi\u00f3n en la apuesta por la educaci\u00f3n p\u00fablica\u201d.<\/p>\n<p>A ello hay que unir que han \u201cdejado a 2.000 familias sin plaza de educaci\u00f3n p\u00fablica y gratuita de 0 a 3 a\u00f1os\u201d, ya que han preferido aumentar \u201clas partidas para la educaci\u00f3n infantil privada\u201d. Para Torres la apuesta debe ser otra bien distinta, empezando por \u201cabrir aulas en los colegios cercanos a las casas de las familias y cumplir con un derecho que debe ser universal y que incluso, desde el Gobierno de Espa\u00f1a, lo planteamos para aquella educaci\u00f3n no reglada, no obligatoria\u201d.<\/p>\n<p>Fruto de esta falta de compromiso se le ha \u201cdado la espalda\u201d tambi\u00e9n a contar con un n\u00famero de profesores suficiente: \u201cCon el Pacto de las Flores se contrataron al a\u00f1o m\u00e1s de 1.000 docentes. Har\u00edan falta, en estos momentos, unos 4.500 docentes m\u00e1s en Canarias. Con los presupuestos del actual gobierno de Canarias apenas aumentar\u00edan 100 profesores, 10 veces menos que los que aumentaban con el Pacto de las Flores y eso significa no atender a la diversidad en las aulas, no atender de manera correcta, con una ratio m\u00e1s baja, a la educaci\u00f3n de nuestra tierra\u201d.<\/p>\n<p>\u201cApenas aumentan las cantidades econ\u00f3micas en educaci\u00f3n, pero s\u00ed que condonan y perdonan ingresos importantes de las rentas altas\u201d, ha dicho \u00c1ngel V\u00edctor Torres en alusi\u00f3n a la pol\u00edtica fiscal del Ejecutivo regional.<\/p>\n<p>Junto a \u00c1ngel V\u00edctor Torres, han participado en la reuni\u00f3n de este lunes con la Plataforma por el 5% para Educaci\u00f3n la secretaria de Organizaci\u00f3n y presidenta del Grupo Parlamentario Socialista, Nira Fierro; la vicesecretaria portavoz y tambi\u00e9n diputada socialista, Elena M\u00e1\u00f1ez, y el portavoz de Educaci\u00f3n del PSOE en el Parlamento de Canarias, Marcos Hern\u00e1ndez. \u201cSeguiremos trabajando para que estas cifras se corrijan y se regrese a la senda y el camino que puso sobre la mesa el Pacto de las Flores\u201d, ha garantizado Torres.<\/p>\n","protected":false},"excerpt":{"rendered":"<p>\u201cHa sido llegar ellos al gobierno\u201d y materializar una \u201crecesi\u00f3n en la apuesta por la educaci\u00f3n p\u00fablica\u201d, ha lamentado \u00c1ngel V\u00edctor Torres tras reunirse este lunes con la Plataforma por el 5%<\/p>\n","protected":false},"author":1,"featured_media":49514,"comment_status":"open","ping_status":"open","sticky":false,"template":"","format":"standard","meta":{"footnotes":""},"categories":[1184,7],"tags":[],"class_list":["post-49513","post","type-post","status-publish","format-standard","has-post-thumbnail","hentry","category-noticias","category-politica"],"featured_image_src":"https:\/\/psoecanarias.com\/web\/wp-content\/uploads\/2024\/10\/LAU05142.jpg","author_info":{"display_name":"PSOE Canarias","author_link":"https:\/\/psoecanarias.com\/web\/author\/admin\/"},"yoast_head":"<!-- This site is optimized with the Yoast SEO plugin v27.2 - https:\/\/yoast.com\/product\/yoast-seo-wordpress\/ -->\n<title>El PSOE afea al Gobierno de CC y PP su falta de compromiso con la educaci\u00f3n p\u00fablica en Canarias | PSOE Canarias<\/title>\n<meta name=\"robots\" content=\"index, follow, max-snippet:-1, max-image-preview:large, max-video-preview:-1\" \/>\n<link rel=\"canonical\" href=\"https:\/\/psoecanarias.com\/web\/el-psoe-afea-al-gobierno-de-cc-y-pp-su-falta-de-compromiso-con-la-educacion-publica-en-canarias\/\" \/>\n<meta property=\"og:locale\" content=\"es_ES\" \/>\n<meta property=\"og:type\" content=\"article\" \/>\n<meta property=\"og:title\" content=\"El PSOE afea al Gobierno de CC y PP su falta de compromiso con la educaci\u00f3n p\u00fablica en Canarias | PSOE Canarias\" \/>\n<meta property=\"og:description\" content=\"\u201cHa sido llegar ellos al gobierno\u201d y materializar una \u201crecesi\u00f3n en la apuesta por la educaci\u00f3n p\u00fablica\u201d, ha lamentado \u00c1ngel V\u00edctor Torres tras reunirse este lunes con la Plataforma por el 5%\" \/>\n<meta property=\"og:url\" content=\"https:\/\/psoecanarias.com\/web\/el-psoe-afea-al-gobierno-de-cc-y-pp-su-falta-de-compromiso-con-la-educacion-publica-en-canarias\/\" \/>\n<meta property=\"og:site_name\" content=\"PSOE Canarias\" \/>\n<meta property=\"article:published_time\" content=\"2024-10-14T13:18:50+00:00\" \/>\n<meta property=\"og:image\" content=\"https:\/\/psoecanarias.com\/web\/wp-content\/uploads\/2024\/10\/LAU05142.jpg\" \/>\n\t<meta property=\"og:image:width\" content=\"2048\" \/>\n\t<meta property=\"og:image:height\" content=\"1369\" \/>\n\t<meta property=\"og:image:type\" content=\"image\/jpeg\" \/>\n<meta name=\"author\" content=\"PSOE Canarias\" \/>\n<meta name=\"twitter:card\" content=\"summary_large_image\" \/>\n<script type=\"application\/ld+json\" class=\"yoast-schema-graph\">{\"@context\":\"https:\/\/schema.org\",\"@graph\":[{\"@type\":\"Article\",\"@id\":\"https:\/\/psoecanarias.com\/web\/el-psoe-afea-al-gobierno-de-cc-y-pp-su-falta-de-compromiso-con-la-educacion-publica-en-canarias\/#article\",\"isPartOf\":{\"@id\":\"https:\/\/psoecanarias.com\/web\/el-psoe-afea-al-gobierno-de-cc-y-pp-su-falta-de-compromiso-con-la-educacion-publica-en-canarias\/\"},\"author\":{\"name\":\"PSOE Canarias\",\"@id\":\"https:\/\/psoecanarias.com\/web\/#\/schema\/person\/1ae43f9659d2fc599ca69c11e1dbf26f\"},\"headline\":\"El PSOE afea al Gobierno de CC y PP su falta de compromiso con la educaci\u00f3n p\u00fablica en Canarias\",\"datePublished\":\"2024-10-14T13:18:50+00:00\",\"mainEntityOfPage\":{\"@id\":\"https:\/\/psoecanarias.com\/web\/el-psoe-afea-al-gobierno-de-cc-y-pp-su-falta-de-compromiso-con-la-educacion-publica-en-canarias\/\"},\"wordCount\":572,\"commentCount\":0,\"image\":{\"@id\":\"https:\/\/psoecanarias.com\/web\/el-psoe-afea-al-gobierno-de-cc-y-pp-su-falta-de-compromiso-con-la-educacion-publica-en-canarias\/#primaryimage\"},\"thumbnailUrl\":\"https:\/\/psoecanarias.com\/web\/wp-content\/uploads\/2024\/10\/LAU05142.jpg\",\"articleSection\":[\"Noticias\",\"Pol\u00edtica\"],\"inLanguage\":\"es\",\"potentialAction\":[{\"@type\":\"CommentAction\",\"name\":\"Comment\",\"target\":[\"https:\/\/psoecanarias.com\/web\/el-psoe-afea-al-gobierno-de-cc-y-pp-su-falta-de-compromiso-con-la-educacion-publica-en-canarias\/#respond\"]}]},{\"@type\":\"WebPage\",\"@id\":\"https:\/\/psoecanarias.com\/web\/el-psoe-afea-al-gobierno-de-cc-y-pp-su-falta-de-compromiso-con-la-educacion-publica-en-canarias\/\",\"url\":\"https:\/\/psoecanarias.com\/web\/el-psoe-afea-al-gobierno-de-cc-y-pp-su-falta-de-compromiso-con-la-educacion-publica-en-canarias\/\",\"name\":\"El PSOE afea al Gobierno de CC y PP su falta de compromiso con la educaci\u00f3n p\u00fablica en Canarias | PSOE Canarias\",\"isPartOf\":{\"@id\":\"https:\/\/psoecanarias.com\/web\/#website\"},\"primaryImageOfPage\":{\"@id\":\"https:\/\/psoecanarias.com\/web\/el-psoe-afea-al-gobierno-de-cc-y-pp-su-falta-de-compromiso-con-la-educacion-publica-en-canarias\/#primaryimage\"},\"image\":{\"@id\":\"https:\/\/psoecanarias.com\/web\/el-psoe-afea-al-gobierno-de-cc-y-pp-su-falta-de-compromiso-con-la-educacion-publica-en-canarias\/#primaryimage\"},\"thumbnailUrl\":\"https:\/\/psoecanarias.com\/web\/wp-content\/uploads\/2024\/10\/LAU05142.jpg\",\"datePublished\":\"2024-10-14T13:18:50+00:00\",\"author\":{\"@id\":\"https:\/\/psoecanarias.com\/web\/#\/schema\/person\/1ae43f9659d2fc599ca69c11e1dbf26f\"},\"breadcrumb\":{\"@id\":\"https:\/\/psoecanarias.com\/web\/el-psoe-afea-al-gobierno-de-cc-y-pp-su-falta-de-compromiso-con-la-educacion-publica-en-canarias\/#breadcrumb\"},\"inLanguage\":\"es\",\"potentialAction\":[{\"@type\":\"ReadAction\",\"target\":[\"https:\/\/psoecanarias.com\/web\/el-psoe-afea-al-gobierno-de-cc-y-pp-su-falta-de-compromiso-con-la-educacion-publica-en-canarias\/\"]}]},{\"@type\":\"ImageObject\",\"inLanguage\":\"es\",\"@id\":\"https:\/\/psoecanarias.com\/web\/el-psoe-afea-al-gobierno-de-cc-y-pp-su-falta-de-compromiso-con-la-educacion-publica-en-canarias\/#primaryimage\",\"url\":\"https:\/\/psoecanarias.com\/web\/wp-content\/uploads\/2024\/10\/LAU05142.jpg\",\"contentUrl\":\"https:\/\/psoecanarias.com\/web\/wp-content\/uploads\/2024\/10\/LAU05142.jpg\",\"width\":2048,\"height\":1369},{\"@type\":\"BreadcrumbList\",\"@id\":\"https:\/\/psoecanarias.com\/web\/el-psoe-afea-al-gobierno-de-cc-y-pp-su-falta-de-compromiso-con-la-educacion-publica-en-canarias\/#breadcrumb\",\"itemListElement\":[{\"@type\":\"ListItem\",\"position\":1,\"name\":\"Portada\",\"item\":\"https:\/\/psoecanarias.com\/web\/\"},{\"@type\":\"ListItem\",\"position\":2,\"name\":\"El PSOE afea al Gobierno de CC y PP su falta de compromiso con la educaci\u00f3n p\u00fablica en Canarias\"}]},{\"@type\":\"WebSite\",\"@id\":\"https:\/\/psoecanarias.com\/web\/#website\",\"url\":\"https:\/\/psoecanarias.com\/web\/\",\"name\":\"PSOE Canarias\",\"description\":\"Partido Socialista Obrero Espa\u00f1ol Canarias\",\"potentialAction\":[{\"@type\":\"SearchAction\",\"target\":{\"@type\":\"EntryPoint\",\"urlTemplate\":\"https:\/\/psoecanarias.com\/web\/?s={search_term_string}\"},\"query-input\":{\"@type\":\"PropertyValueSpecification\",\"valueRequired\":true,\"valueName\":\"search_term_string\"}}],\"inLanguage\":\"es\"},{\"@type\":\"Person\",\"@id\":\"https:\/\/psoecanarias.com\/web\/#\/schema\/person\/1ae43f9659d2fc599ca69c11e1dbf26f\",\"name\":\"PSOE Canarias\",\"image\":{\"@type\":\"ImageObject\",\"inLanguage\":\"es\",\"@id\":\"https:\/\/secure.gravatar.com\/avatar\/4364d37f6f6f9cdb7af199b46151565f37d8a8c3c0e04c1d78c04e857a15e3a8?s=96&d=mm&r=g\",\"url\":\"https:\/\/secure.gravatar.com\/avatar\/4364d37f6f6f9cdb7af199b46151565f37d8a8c3c0e04c1d78c04e857a15e3a8?s=96&d=mm&r=g\",\"contentUrl\":\"https:\/\/secure.gravatar.com\/avatar\/4364d37f6f6f9cdb7af199b46151565f37d8a8c3c0e04c1d78c04e857a15e3a8?s=96&d=mm&r=g\",\"caption\":\"PSOE Canarias\"},\"url\":\"https:\/\/psoecanarias.com\/web\/author\/admin\/\"}]}<\/script>\n<!-- \/ Yoast SEO plugin. -->","yoast_head_json":{"title":"El PSOE afea al Gobierno de CC y PP su falta de compromiso con la educaci\u00f3n p\u00fablica en Canarias | PSOE Canarias","robots":{"index":"index","follow":"follow","max-snippet":"max-snippet:-1","max-image-preview":"max-image-preview:large","max-video-preview":"max-video-preview:-1"},"canonical":"https:\/\/psoecanarias.com\/web\/el-psoe-afea-al-gobierno-de-cc-y-pp-su-falta-de-compromiso-con-la-educacion-publica-en-canarias\/","og_locale":"es_ES","og_type":"article","og_title":"El PSOE afea al Gobierno de CC y PP su falta de compromiso con la educaci\u00f3n p\u00fablica en Canarias | PSOE Canarias","og_description":"\u201cHa sido llegar ellos al gobierno\u201d y materializar una \u201crecesi\u00f3n en la apuesta por la educaci\u00f3n p\u00fablica\u201d, ha lamentado \u00c1ngel V\u00edctor Torres tras reunirse este lunes con la Plataforma por el 5%","og_url":"https:\/\/psoecanarias.com\/web\/el-psoe-afea-al-gobierno-de-cc-y-pp-su-falta-de-compromiso-con-la-educacion-publica-en-canarias\/","og_site_name":"PSOE Canarias","article_published_time":"2024-10-14T13:18:50+00:00","og_image":[{"width":2048,"height":1369,"url":"https:\/\/psoecanarias.com\/web\/wp-content\/uploads\/2024\/10\/LAU05142.jpg","type":"image\/jpeg"}],"author":"PSOE Canarias","twitter_card":"summary_large_image","schema":{"@context":"https:\/\/schema.org","@graph":[{"@type":"Article","@id":"https:\/\/psoecanarias.com\/web\/el-psoe-afea-al-gobierno-de-cc-y-pp-su-falta-de-compromiso-con-la-educacion-publica-en-canarias\/#article","isPartOf":{"@id":"https:\/\/psoecanarias.com\/web\/el-psoe-afea-al-gobierno-de-cc-y-pp-su-falta-de-compromiso-con-la-educacion-publica-en-canarias\/"},"author":{"name":"PSOE Canarias","@id":"https:\/\/psoecanarias.com\/web\/#\/schema\/person\/1ae43f9659d2fc599ca69c11e1dbf26f"},"headline":"El PSOE afea al Gobierno de CC y PP su falta de compromiso con la educaci\u00f3n p\u00fablica en Canarias","datePublished":"2024-10-14T13:18:50+00:00","mainEntityOfPage":{"@id":"https:\/\/psoecanarias.com\/web\/el-psoe-afea-al-gobierno-de-cc-y-pp-su-falta-de-compromiso-con-la-educacion-publica-en-canarias\/"},"wordCount":572,"commentCount":0,"image":{"@id":"https:\/\/psoecanarias.com\/web\/el-psoe-afea-al-gobierno-de-cc-y-pp-su-falta-de-compromiso-con-la-educacion-publica-en-canarias\/#primaryimage"},"thumbnailUrl":"https:\/\/psoecanarias.com\/web\/wp-content\/uploads\/2024\/10\/LAU05142.jpg","articleSection":["Noticias","Pol\u00edtica"],"inLanguage":"es","potentialAction":[{"@type":"CommentAction","name":"Comment","target":["https:\/\/psoecanarias.com\/web\/el-psoe-afea-al-gobierno-de-cc-y-pp-su-falta-de-compromiso-con-la-educacion-publica-en-canarias\/#respond"]}]},{"@type":"WebPage","@id":"https:\/\/psoecanarias.com\/web\/el-psoe-afea-al-gobierno-de-cc-y-pp-su-falta-de-compromiso-con-la-educacion-publica-en-canarias\/","url":"https:\/\/psoecanarias.com\/web\/el-psoe-afea-al-gobierno-de-cc-y-pp-su-falta-de-compromiso-con-la-educacion-publica-en-canarias\/","name":"El PSOE afea al Gobierno de CC y PP su falta de compromiso con la educaci\u00f3n p\u00fablica en Canarias | PSOE Canarias","isPartOf":{"@id":"https:\/\/psoecanarias.com\/web\/#website"},"primaryImageOfPage":{"@id":"https:\/\/psoecanarias.com\/web\/el-psoe-afea-al-gobierno-de-cc-y-pp-su-falta-de-compromiso-con-la-educacion-publica-en-canarias\/#primaryimage"},"image":{"@id":"https:\/\/psoecanarias.com\/web\/el-psoe-afea-al-gobierno-de-cc-y-pp-su-falta-de-compromiso-con-la-educacion-publica-en-canarias\/#primaryimage"},"thumbnailUrl":"https:\/\/psoecanarias.com\/web\/wp-content\/uploads\/2024\/10\/LAU05142.jpg","datePublished":"2024-10-14T13:18:50+00:00","author":{"@id":"https:\/\/psoecanarias.com\/web\/#\/schema\/person\/1ae43f9659d2fc599ca69c11e1dbf26f"},"breadcrumb":{"@id":"https:\/\/psoecanarias.com\/web\/el-psoe-afea-al-gobierno-de-cc-y-pp-su-falta-de-compromiso-con-la-educacion-publica-en-canarias\/#breadcrumb"},"inLanguage":"es","potentialAction":[{"@type":"ReadAction","target":["https:\/\/psoecanarias.com\/web\/el-psoe-afea-al-gobierno-de-cc-y-pp-su-falta-de-compromiso-con-la-educacion-publica-en-canarias\/"]}]},{"@type":"ImageObject","inLanguage":"es","@id":"https:\/\/psoecanarias.com\/web\/el-psoe-afea-al-gobierno-de-cc-y-pp-su-falta-de-compromiso-con-la-educacion-publica-en-canarias\/#primaryimage","url":"https:\/\/psoecanarias.com\/web\/wp-content\/uploads\/2024\/10\/LAU05142.jpg","contentUrl":"https:\/\/psoecanarias.com\/web\/wp-content\/uploads\/2024\/10\/LAU05142.jpg","width":2048,"height":1369},{"@type":"BreadcrumbList","@id":"https:\/\/psoecanarias.com\/web\/el-psoe-afea-al-gobierno-de-cc-y-pp-su-falta-de-compromiso-con-la-educacion-publica-en-canarias\/#breadcrumb","itemListElement":[{"@type":"ListItem","position":1,"name":"Portada","item":"https:\/\/psoecanarias.com\/web\/"},{"@type":"ListItem","position":2,"name":"El PSOE afea al Gobierno de CC y PP su falta de compromiso con la educaci\u00f3n p\u00fablica en Canarias"}]},{"@type":"WebSite","@id":"https:\/\/psoecanarias.com\/web\/#website","url":"https:\/\/psoecanarias.com\/web\/","name":"PSOE Canarias","description":"Partido Socialista Obrero Espa\u00f1ol Canarias","potentialAction":[{"@type":"SearchAction","target":{"@type":"EntryPoint","urlTemplate":"https:\/\/psoecanarias.com\/web\/?s={search_term_string}"},"query-input":{"@type":"PropertyValueSpecification","valueRequired":true,"valueName":"search_term_string"}}],"inLanguage":"es"},{"@type":"Person","@id":"https:\/\/psoecanarias.com\/web\/#\/schema\/person\/1ae43f9659d2fc599ca69c11e1dbf26f","name":"PSOE Canarias","image":{"@type":"ImageObject","inLanguage":"es","@id":"https:\/\/secure.gravatar.com\/avatar\/4364d37f6f6f9cdb7af199b46151565f37d8a8c3c0e04c1d78c04e857a15e3a8?s=96&d=mm&r=g","url":"https:\/\/secure.gravatar.com\/avatar\/4364d37f6f6f9cdb7af199b46151565f37d8a8c3c0e04c1d78c04e857a15e3a8?s=96&d=mm&r=g","contentUrl":"https:\/\/secure.gravatar.com\/avatar\/4364d37f6f6f9cdb7af199b46151565f37d8a8c3c0e04c1d78c04e857a15e3a8?s=96&d=mm&r=g","caption":"PSOE Canarias"},"url":"https:\/\/psoecanarias.com\/web\/author\/admin\/"}]}},"_links":{"self":[{"href":"https:\/\/psoecanarias.com\/web\/wp-json\/wp\/v2\/posts\/49513","targetHints":{"allow":["GET"]}}],"collection":[{"href":"https:\/\/psoecanarias.com\/web\/wp-json\/wp\/v2\/posts"}],"about":[{"href":"https:\/\/psoecanarias.com\/web\/wp-json\/wp\/v2\/types\/post"}],"author":[{"embeddable":true,"href":"https:\/\/psoecanarias.com\/web\/wp-json\/wp\/v2\/users\/1"}],"replies":[{"embeddable":true,"href":"https:\/\/psoecanarias.com\/web\/wp-json\/wp\/v2\/comments?post=49513"}],"version-history":[{"count":1,"href":"https:\/\/psoecanarias.com\/web\/wp-json\/wp\/v2\/posts\/49513\/revisions"}],"predecessor-version":[{"id":49515,"href":"https:\/\/psoecanarias.com\/web\/wp-json\/wp\/v2\/posts\/49513\/revisions\/49515"}],"wp:featuredmedia":[{"embeddable":true,"href":"https:\/\/psoecanarias.com\/web\/wp-json\/wp\/v2\/media\/49514"}],"wp:attachment":[{"href":"https:\/\/psoecanarias.com\/web\/wp-json\/wp\/v2\/media?parent=49513"}],"wp:term":[{"taxonomy":"category","embeddable":true,"href":"https:\/\/psoecanarias.com\/web\/wp-json\/wp\/v2\/categories?post=49513"},{"taxonomy":"post_tag","embeddable":true,"href":"https:\/\/psoecanarias.com\/web\/wp-json\/wp\/v2\/tags?post=49513"}],"curies":[{"name":"wp","href":"https:\/\/api.w.org\/{rel}","templated":true}]}}