{"id":51173,"date":"2024-11-30T18:11:11","date_gmt":"2024-11-30T18:11:11","guid":{"rendered":"https:\/\/psoecanarias.com\/web\/?p=51173"},"modified":"2024-12-02T18:16:28","modified_gmt":"2024-12-02T18:16:28","slug":"nira-fierro-en-la-mesa-de-direccion-del-41o-congreso-federal","status":"publish","type":"post","link":"https:\/\/psoecanarias.com\/web\/nira-fierro-en-la-mesa-de-direccion-del-41o-congreso-federal\/","title":{"rendered":"Nira Fierro, en la mesa de direcci\u00f3n del 41\u00ba Congreso Federal"},"content":{"rendered":"<p><strong>Canarias, 30 de noviembre de 2024.&#8211;<\/strong> El PSOE ha inaugurado oficialmente este s\u00e1bado su 41\u00ba Congreso Federal, con la constituci\u00f3n de la mesa de direcci\u00f3n del mismo, para la que ha sido elegida Nira Fierro, miembro de la delegaci\u00f3n de los socialistas canarios y secretaria de Organizaci\u00f3n regional de esta formaci\u00f3n.<\/p>\n<p>A propuesta de la Comisi\u00f3n Ejecutiva Federal, la mesa ha sido aprobada por unanimidad por parte del plenario, con Juan Espadas, senador y secretario general del PSOE Andaluc\u00eda, como presidente; y la presencia tambi\u00e9n de Diana Morant, ministra y secretaria general del PSOE de la Comunidad Valenciana; la alcaldesa de Vitoria, Maider Etxebarria; Fernando Sales, del PSOE de Arag\u00f3n, y la propia Nira Fierro, en calidad de secretaria de actas.<\/p>\n<p>El 41 Congreso Federal del PSOE se desarrolla durante este fin de semana en el Palacio de Congresos de Sevilla (Fibes), bajo el lema Espa\u00f1a adelanta por la izquierda. La delegaci\u00f3n del PSOE Canarias con derecho a voz y voto est\u00e1 compuesta por 45 delegados\/as de todas las islas, con el secretario general y ministro \u00c1ngel V\u00edctor Torres al frente.<\/p>\n","protected":false},"excerpt":{"rendered":"<p>La secretaria de Organizaci\u00f3n de los socialistas canarias ejerci\u00f3 las funciones de secretaria de actas durante los dos d\u00edas del c\u00f3nclave en Sevilla<\/p>\n","protected":false},"author":1,"featured_media":51174,"comment_status":"open","ping_status":"open","sticky":false,"template":"","format":"standard","meta":{"footnotes":""},"categories":[1184,7],"tags":[1249,1200],"class_list":["post-51173","post","type-post","status-publish","format-standard","has-post-thumbnail","hentry","category-noticias","category-politica","tag-40-congreso-federal","tag-nira-fierro"],"featured_image_src":"https:\/\/psoecanarias.com\/web\/wp-content\/uploads\/2024\/12\/mesa-nira.jpg","author_info":{"display_name":"PSOE Canarias","author_link":"https:\/\/psoecanarias.com\/web\/author\/admin\/"},"yoast_head":"<!-- This site is optimized with the Yoast SEO plugin v27.2 - https:\/\/yoast.com\/product\/yoast-seo-wordpress\/ -->\n<title>Nira Fierro, en la mesa de direcci\u00f3n del 41\u00ba Congreso Federal | PSOE Canarias<\/title>\n<meta name=\"robots\" content=\"index, follow, max-snippet:-1, max-image-preview:large, max-video-preview:-1\" \/>\n<link rel=\"canonical\" href=\"https:\/\/psoecanarias.com\/web\/nira-fierro-en-la-mesa-de-direccion-del-41o-congreso-federal\/\" \/>\n<meta property=\"og:locale\" content=\"es_ES\" \/>\n<meta property=\"og:type\" content=\"article\" \/>\n<meta property=\"og:title\" content=\"Nira Fierro, en la mesa de direcci\u00f3n del 41\u00ba Congreso Federal | PSOE Canarias\" \/>\n<meta property=\"og:description\" content=\"La secretaria de Organizaci\u00f3n de los socialistas canarias ejerci\u00f3 las funciones de secretaria de actas durante los dos d\u00edas del c\u00f3nclave en Sevilla\" \/>\n<meta property=\"og:url\" content=\"https:\/\/psoecanarias.com\/web\/nira-fierro-en-la-mesa-de-direccion-del-41o-congreso-federal\/\" \/>\n<meta property=\"og:site_name\" content=\"PSOE Canarias\" \/>\n<meta property=\"article:published_time\" content=\"2024-11-30T18:11:11+00:00\" \/>\n<meta property=\"article:modified_time\" content=\"2024-12-02T18:16:28+00:00\" \/>\n<meta property=\"og:image\" content=\"https:\/\/psoecanarias.com\/web\/wp-content\/uploads\/2024\/12\/mesa-nira.jpg\" \/>\n\t<meta property=\"og:image:width\" content=\"1280\" \/>\n\t<meta property=\"og:image:height\" content=\"853\" \/>\n\t<meta property=\"og:image:type\" content=\"image\/jpeg\" \/>\n<meta name=\"author\" content=\"PSOE Canarias\" \/>\n<meta name=\"twitter:card\" content=\"summary_large_image\" \/>\n<script type=\"application\/ld+json\" class=\"yoast-schema-graph\">{\"@context\":\"https:\/\/schema.org\",\"@graph\":[{\"@type\":\"Article\",\"@id\":\"https:\/\/psoecanarias.com\/web\/nira-fierro-en-la-mesa-de-direccion-del-41o-congreso-federal\/#article\",\"isPartOf\":{\"@id\":\"https:\/\/psoecanarias.com\/web\/nira-fierro-en-la-mesa-de-direccion-del-41o-congreso-federal\/\"},\"author\":{\"name\":\"PSOE Canarias\",\"@id\":\"https:\/\/psoecanarias.com\/web\/#\/schema\/person\/1ae43f9659d2fc599ca69c11e1dbf26f\"},\"headline\":\"Nira Fierro, en la mesa de direcci\u00f3n del 41\u00ba Congreso Federal\",\"datePublished\":\"2024-11-30T18:11:11+00:00\",\"dateModified\":\"2024-12-02T18:16:28+00:00\",\"mainEntityOfPage\":{\"@id\":\"https:\/\/psoecanarias.com\/web\/nira-fierro-en-la-mesa-de-direccion-del-41o-congreso-federal\/\"},\"wordCount\":202,\"commentCount\":0,\"image\":{\"@id\":\"https:\/\/psoecanarias.com\/web\/nira-fierro-en-la-mesa-de-direccion-del-41o-congreso-federal\/#primaryimage\"},\"thumbnailUrl\":\"https:\/\/psoecanarias.com\/web\/wp-content\/uploads\/2024\/12\/mesa-nira.jpg\",\"keywords\":[\"40 Congreso Federal\",\"Nira Fierro\"],\"articleSection\":[\"Noticias\",\"Pol\u00edtica\"],\"inLanguage\":\"es\",\"potentialAction\":[{\"@type\":\"CommentAction\",\"name\":\"Comment\",\"target\":[\"https:\/\/psoecanarias.com\/web\/nira-fierro-en-la-mesa-de-direccion-del-41o-congreso-federal\/#respond\"]}]},{\"@type\":\"WebPage\",\"@id\":\"https:\/\/psoecanarias.com\/web\/nira-fierro-en-la-mesa-de-direccion-del-41o-congreso-federal\/\",\"url\":\"https:\/\/psoecanarias.com\/web\/nira-fierro-en-la-mesa-de-direccion-del-41o-congreso-federal\/\",\"name\":\"Nira Fierro, en la mesa de direcci\u00f3n del 41\u00ba Congreso Federal | PSOE Canarias\",\"isPartOf\":{\"@id\":\"https:\/\/psoecanarias.com\/web\/#website\"},\"primaryImageOfPage\":{\"@id\":\"https:\/\/psoecanarias.com\/web\/nira-fierro-en-la-mesa-de-direccion-del-41o-congreso-federal\/#primaryimage\"},\"image\":{\"@id\":\"https:\/\/psoecanarias.com\/web\/nira-fierro-en-la-mesa-de-direccion-del-41o-congreso-federal\/#primaryimage\"},\"thumbnailUrl\":\"https:\/\/psoecanarias.com\/web\/wp-content\/uploads\/2024\/12\/mesa-nira.jpg\",\"datePublished\":\"2024-11-30T18:11:11+00:00\",\"dateModified\":\"2024-12-02T18:16:28+00:00\",\"author\":{\"@id\":\"https:\/\/psoecanarias.com\/web\/#\/schema\/person\/1ae43f9659d2fc599ca69c11e1dbf26f\"},\"breadcrumb\":{\"@id\":\"https:\/\/psoecanarias.com\/web\/nira-fierro-en-la-mesa-de-direccion-del-41o-congreso-federal\/#breadcrumb\"},\"inLanguage\":\"es\",\"potentialAction\":[{\"@type\":\"ReadAction\",\"target\":[\"https:\/\/psoecanarias.com\/web\/nira-fierro-en-la-mesa-de-direccion-del-41o-congreso-federal\/\"]}]},{\"@type\":\"ImageObject\",\"inLanguage\":\"es\",\"@id\":\"https:\/\/psoecanarias.com\/web\/nira-fierro-en-la-mesa-de-direccion-del-41o-congreso-federal\/#primaryimage\",\"url\":\"https:\/\/psoecanarias.com\/web\/wp-content\/uploads\/2024\/12\/mesa-nira.jpg\",\"contentUrl\":\"https:\/\/psoecanarias.com\/web\/wp-content\/uploads\/2024\/12\/mesa-nira.jpg\",\"width\":1280,\"height\":853,\"caption\":\"Nira Fierro, en la mesa del 41\u00ba Congreso del PSOE.\"},{\"@type\":\"BreadcrumbList\",\"@id\":\"https:\/\/psoecanarias.com\/web\/nira-fierro-en-la-mesa-de-direccion-del-41o-congreso-federal\/#breadcrumb\",\"itemListElement\":[{\"@type\":\"ListItem\",\"position\":1,\"name\":\"Portada\",\"item\":\"https:\/\/psoecanarias.com\/web\/\"},{\"@type\":\"ListItem\",\"position\":2,\"name\":\"Nira Fierro, en la mesa de direcci\u00f3n del 41\u00ba Congreso Federal\"}]},{\"@type\":\"WebSite\",\"@id\":\"https:\/\/psoecanarias.com\/web\/#website\",\"url\":\"https:\/\/psoecanarias.com\/web\/\",\"name\":\"PSOE Canarias\",\"description\":\"Partido Socialista Obrero Espa\u00f1ol Canarias\",\"potentialAction\":[{\"@type\":\"SearchAction\",\"target\":{\"@type\":\"EntryPoint\",\"urlTemplate\":\"https:\/\/psoecanarias.com\/web\/?s={search_term_string}\"},\"query-input\":{\"@type\":\"PropertyValueSpecification\",\"valueRequired\":true,\"valueName\":\"search_term_string\"}}],\"inLanguage\":\"es\"},{\"@type\":\"Person\",\"@id\":\"https:\/\/psoecanarias.com\/web\/#\/schema\/person\/1ae43f9659d2fc599ca69c11e1dbf26f\",\"name\":\"PSOE Canarias\",\"image\":{\"@type\":\"ImageObject\",\"inLanguage\":\"es\",\"@id\":\"https:\/\/secure.gravatar.com\/avatar\/4364d37f6f6f9cdb7af199b46151565f37d8a8c3c0e04c1d78c04e857a15e3a8?s=96&d=mm&r=g\",\"url\":\"https:\/\/secure.gravatar.com\/avatar\/4364d37f6f6f9cdb7af199b46151565f37d8a8c3c0e04c1d78c04e857a15e3a8?s=96&d=mm&r=g\",\"contentUrl\":\"https:\/\/secure.gravatar.com\/avatar\/4364d37f6f6f9cdb7af199b46151565f37d8a8c3c0e04c1d78c04e857a15e3a8?s=96&d=mm&r=g\",\"caption\":\"PSOE Canarias\"},\"url\":\"https:\/\/psoecanarias.com\/web\/author\/admin\/\"}]}<\/script>\n<!-- \/ Yoast SEO plugin. -->","yoast_head_json":{"title":"Nira Fierro, en la mesa de direcci\u00f3n del 41\u00ba Congreso Federal | PSOE Canarias","robots":{"index":"index","follow":"follow","max-snippet":"max-snippet:-1","max-image-preview":"max-image-preview:large","max-video-preview":"max-video-preview:-1"},"canonical":"https:\/\/psoecanarias.com\/web\/nira-fierro-en-la-mesa-de-direccion-del-41o-congreso-federal\/","og_locale":"es_ES","og_type":"article","og_title":"Nira Fierro, en la mesa de direcci\u00f3n del 41\u00ba Congreso Federal | PSOE Canarias","og_description":"La secretaria de Organizaci\u00f3n de los socialistas canarias ejerci\u00f3 las funciones de secretaria de actas durante los dos d\u00edas del c\u00f3nclave en Sevilla","og_url":"https:\/\/psoecanarias.com\/web\/nira-fierro-en-la-mesa-de-direccion-del-41o-congreso-federal\/","og_site_name":"PSOE Canarias","article_published_time":"2024-11-30T18:11:11+00:00","article_modified_time":"2024-12-02T18:16:28+00:00","og_image":[{"width":1280,"height":853,"url":"https:\/\/psoecanarias.com\/web\/wp-content\/uploads\/2024\/12\/mesa-nira.jpg","type":"image\/jpeg"}],"author":"PSOE Canarias","twitter_card":"summary_large_image","schema":{"@context":"https:\/\/schema.org","@graph":[{"@type":"Article","@id":"https:\/\/psoecanarias.com\/web\/nira-fierro-en-la-mesa-de-direccion-del-41o-congreso-federal\/#article","isPartOf":{"@id":"https:\/\/psoecanarias.com\/web\/nira-fierro-en-la-mesa-de-direccion-del-41o-congreso-federal\/"},"author":{"name":"PSOE Canarias","@id":"https:\/\/psoecanarias.com\/web\/#\/schema\/person\/1ae43f9659d2fc599ca69c11e1dbf26f"},"headline":"Nira Fierro, en la mesa de direcci\u00f3n del 41\u00ba Congreso Federal","datePublished":"2024-11-30T18:11:11+00:00","dateModified":"2024-12-02T18:16:28+00:00","mainEntityOfPage":{"@id":"https:\/\/psoecanarias.com\/web\/nira-fierro-en-la-mesa-de-direccion-del-41o-congreso-federal\/"},"wordCount":202,"commentCount":0,"image":{"@id":"https:\/\/psoecanarias.com\/web\/nira-fierro-en-la-mesa-de-direccion-del-41o-congreso-federal\/#primaryimage"},"thumbnailUrl":"https:\/\/psoecanarias.com\/web\/wp-content\/uploads\/2024\/12\/mesa-nira.jpg","keywords":["40 Congreso Federal","Nira Fierro"],"articleSection":["Noticias","Pol\u00edtica"],"inLanguage":"es","potentialAction":[{"@type":"CommentAction","name":"Comment","target":["https:\/\/psoecanarias.com\/web\/nira-fierro-en-la-mesa-de-direccion-del-41o-congreso-federal\/#respond"]}]},{"@type":"WebPage","@id":"https:\/\/psoecanarias.com\/web\/nira-fierro-en-la-mesa-de-direccion-del-41o-congreso-federal\/","url":"https:\/\/psoecanarias.com\/web\/nira-fierro-en-la-mesa-de-direccion-del-41o-congreso-federal\/","name":"Nira Fierro, en la mesa de direcci\u00f3n del 41\u00ba Congreso Federal | PSOE Canarias","isPartOf":{"@id":"https:\/\/psoecanarias.com\/web\/#website"},"primaryImageOfPage":{"@id":"https:\/\/psoecanarias.com\/web\/nira-fierro-en-la-mesa-de-direccion-del-41o-congreso-federal\/#primaryimage"},"image":{"@id":"https:\/\/psoecanarias.com\/web\/nira-fierro-en-la-mesa-de-direccion-del-41o-congreso-federal\/#primaryimage"},"thumbnailUrl":"https:\/\/psoecanarias.com\/web\/wp-content\/uploads\/2024\/12\/mesa-nira.jpg","datePublished":"2024-11-30T18:11:11+00:00","dateModified":"2024-12-02T18:16:28+00:00","author":{"@id":"https:\/\/psoecanarias.com\/web\/#\/schema\/person\/1ae43f9659d2fc599ca69c11e1dbf26f"},"breadcrumb":{"@id":"https:\/\/psoecanarias.com\/web\/nira-fierro-en-la-mesa-de-direccion-del-41o-congreso-federal\/#breadcrumb"},"inLanguage":"es","potentialAction":[{"@type":"ReadAction","target":["https:\/\/psoecanarias.com\/web\/nira-fierro-en-la-mesa-de-direccion-del-41o-congreso-federal\/"]}]},{"@type":"ImageObject","inLanguage":"es","@id":"https:\/\/psoecanarias.com\/web\/nira-fierro-en-la-mesa-de-direccion-del-41o-congreso-federal\/#primaryimage","url":"https:\/\/psoecanarias.com\/web\/wp-content\/uploads\/2024\/12\/mesa-nira.jpg","contentUrl":"https:\/\/psoecanarias.com\/web\/wp-content\/uploads\/2024\/12\/mesa-nira.jpg","width":1280,"height":853,"caption":"Nira Fierro, en la mesa del 41\u00ba Congreso del PSOE."},{"@type":"BreadcrumbList","@id":"https:\/\/psoecanarias.com\/web\/nira-fierro-en-la-mesa-de-direccion-del-41o-congreso-federal\/#breadcrumb","itemListElement":[{"@type":"ListItem","position":1,"name":"Portada","item":"https:\/\/psoecanarias.com\/web\/"},{"@type":"ListItem","position":2,"name":"Nira Fierro, en la mesa de direcci\u00f3n del 41\u00ba Congreso Federal"}]},{"@type":"WebSite","@id":"https:\/\/psoecanarias.com\/web\/#website","url":"https:\/\/psoecanarias.com\/web\/","name":"PSOE Canarias","description":"Partido Socialista Obrero Espa\u00f1ol Canarias","potentialAction":[{"@type":"SearchAction","target":{"@type":"EntryPoint","urlTemplate":"https:\/\/psoecanarias.com\/web\/?s={search_term_string}"},"query-input":{"@type":"PropertyValueSpecification","valueRequired":true,"valueName":"search_term_string"}}],"inLanguage":"es"},{"@type":"Person","@id":"https:\/\/psoecanarias.com\/web\/#\/schema\/person\/1ae43f9659d2fc599ca69c11e1dbf26f","name":"PSOE Canarias","image":{"@type":"ImageObject","inLanguage":"es","@id":"https:\/\/secure.gravatar.com\/avatar\/4364d37f6f6f9cdb7af199b46151565f37d8a8c3c0e04c1d78c04e857a15e3a8?s=96&d=mm&r=g","url":"https:\/\/secure.gravatar.com\/avatar\/4364d37f6f6f9cdb7af199b46151565f37d8a8c3c0e04c1d78c04e857a15e3a8?s=96&d=mm&r=g","contentUrl":"https:\/\/secure.gravatar.com\/avatar\/4364d37f6f6f9cdb7af199b46151565f37d8a8c3c0e04c1d78c04e857a15e3a8?s=96&d=mm&r=g","caption":"PSOE Canarias"},"url":"https:\/\/psoecanarias.com\/web\/author\/admin\/"}]}},"_links":{"self":[{"href":"https:\/\/psoecanarias.com\/web\/wp-json\/wp\/v2\/posts\/51173","targetHints":{"allow":["GET"]}}],"collection":[{"href":"https:\/\/psoecanarias.com\/web\/wp-json\/wp\/v2\/posts"}],"about":[{"href":"https:\/\/psoecanarias.com\/web\/wp-json\/wp\/v2\/types\/post"}],"author":[{"embeddable":true,"href":"https:\/\/psoecanarias.com\/web\/wp-json\/wp\/v2\/users\/1"}],"replies":[{"embeddable":true,"href":"https:\/\/psoecanarias.com\/web\/wp-json\/wp\/v2\/comments?post=51173"}],"version-history":[{"count":1,"href":"https:\/\/psoecanarias.com\/web\/wp-json\/wp\/v2\/posts\/51173\/revisions"}],"predecessor-version":[{"id":51175,"href":"https:\/\/psoecanarias.com\/web\/wp-json\/wp\/v2\/posts\/51173\/revisions\/51175"}],"wp:featuredmedia":[{"embeddable":true,"href":"https:\/\/psoecanarias.com\/web\/wp-json\/wp\/v2\/media\/51174"}],"wp:attachment":[{"href":"https:\/\/psoecanarias.com\/web\/wp-json\/wp\/v2\/media?parent=51173"}],"wp:term":[{"taxonomy":"category","embeddable":true,"href":"https:\/\/psoecanarias.com\/web\/wp-json\/wp\/v2\/categories?post=51173"},{"taxonomy":"post_tag","embeddable":true,"href":"https:\/\/psoecanarias.com\/web\/wp-json\/wp\/v2\/tags?post=51173"}],"curies":[{"name":"wp","href":"https:\/\/api.w.org\/{rel}","templated":true}]}}