{"id":54177,"date":"2025-03-03T17:05:26","date_gmt":"2025-03-03T17:05:26","guid":{"rendered":"https:\/\/psoecanarias.com\/web\/?p=54177"},"modified":"2025-05-29T22:31:41","modified_gmt":"2025-05-29T21:31:41","slug":"por-canarias-mas-psoe","status":"publish","type":"post","link":"https:\/\/psoecanarias.com\/web\/por-canarias-mas-psoe\/","title":{"rendered":"Por Canarias, m\u00e1s PSOE"},"content":{"rendered":"<p>Las y los socialistas de Canarias hemos celebrado recientemente nuestro 15\u00ba Congreso regional, en la isla de Tenerife. Una oportunidad no solo de reflexionar y debatir sobre el proyecto que queremos para los pr\u00f3ximos a\u00f1os sino tambi\u00e9n para reencontrarnos y confraternizar. El mejor punto de partida para un nuevo comienzo, que en lo personal afronto con m\u00e1s energ\u00eda y determinaci\u00f3n si cabe.<\/p>\n<p>No se merece menos tanta confianza recibida por parte de los compa\u00f1eros y las compa\u00f1eras. Es un honor seguir liderando este equipo y esta organizaci\u00f3n, trabajando por otra forma de entender y gobernar Canarias, y hacerlo sin dejar de sentir el aliento de la militancia y el apoyo de la mayor\u00eda social de esta tierra.<\/p>\n<p>As\u00ed ha quedado demostrado en cada una de las citas electorales celebradas en estos \u00faltimos a\u00f1os, en las que el PSOE ha sido una y otra vez el partido con mayor respaldo en las urnas por parte de los canarios y canarias. Sin duda, todo un orgullo pero tambi\u00e9n una responsabilidad, de la que nos hacemos cargo de cara a esta nueva etapa que comienza. Porque, si algo tenemos muy claro, es que los ciudadanos de las islas nos siguen necesitando al frente de la toma de decisiones.<\/p>\n<p>Somos el partido de la defensa de los servicios p\u00fablicos, de la igualdad y los derechos, de la solidaridad con los m\u00e1s vulnerables. As\u00ed lo demostramos durante nuestros a\u00f1os de gobierno en la d\u00e9cima legislatura, respondiendo a tantas y tantas situaciones cr\u00edticas sin dejar nunca de construir y avanzar hacia una Canarias mejor de la que recibimos en 2019.<\/p>\n<p>S\u00ed, hoy somos una Canarias mejor que entonces y eso es fruto, en gran medida, de los datos objetivos que dej\u00f3 el denominado Pacto de las Flores en educaci\u00f3n y sanidad, en empleo, en vivienda, en sostenibilidad, en dependencia o en servicios sociales.<\/p>\n<p>Pasos adelante que conseguimos conjuntamente, siempre con el apoyo incondicional del partido, de los compa\u00f1eros que me acompa\u00f1aron en aquel Gobierno y tambi\u00e9n del Gobierno de Espa\u00f1a presidido por Pedro S\u00e1nchez, y por supuesto de nuestro Grupo Parlamentario, de nuestros alcaldes y concejales y de todos los que forman esta organizaci\u00f3n.<\/p>\n<p>El PSOE Canarias ha demostrado siempre estar a la altura de la circunstancias, ya sea en el gobierno como en la oposici\u00f3n. Y \u00e9ste ha de seguir siendo el camino: servicio p\u00fablico y pol\u00edtica \u00fatil. Hoy estamos presentes en cada isla y en cada municipio, somos la voz de Canarias en las Cortes Generales y el partido mayoritario en la C\u00e1mara regional.<\/p>\n<p>Una posici\u00f3n de fortaleza que es fruto del trabajo y la entrega de tantos y tantos compa\u00f1eros y compa\u00f1eras de todas las etapas cuyo legado contin\u00faa vigente y sin el cual habr\u00eda sido imposible llegar hasta aqu\u00ed. Un proyecto construido sobre los firmes valores del progreso y la igualdad de oportunidades, que cree en la fuerza del di\u00e1logo y no cesa jam\u00e1s en la voluntad de entendimiento. Sin victimismo ni complejos, mirando siempre el futuro a los ojos.<\/p>\n<p>Vienen por delante tiempos complejos, muy condicionados por la convulsa coyuntura internacional. Determinantes para el planeta, para Europa y para Espa\u00f1a y, por tanto, tambi\u00e9n para Canarias. Un futuro cargado de interrogantes y desaf\u00edos, y del que las y los socialistas queremos volver a ser protagonistas. Con determinaci\u00f3n, fieles a nuestros principios, liderando la toma de decisiones.<\/p>\n<p>De modo que pr\u00f3xima parada: elecciones de 2027. Trabajaremos para ganarnos nuevamente la confianza de la mayor\u00eda de los canarios y canarias en las urnas y, juntos y juntas, seguir avanzando y construyendo esperanza para nuestra tierra, singular como ninguna.<\/p>\n<p>Como dec\u00eda el lema de nuestro 15\u00ba Congreso Regional, hoy m\u00e1s que nunca: Por Canarias, m\u00e1s PSOE.<\/p>\n","protected":false},"excerpt":{"rendered":"<p>Las y los socialistas de Canarias hemos celebrado recientemente nuestro 15\u00ba Congreso regional, en la isla de Tenerife. Una oportunidad no solo de reflexionar y debatir sobre el proyecto que queremos para los pr\u00f3ximos a\u00f1os sino tambi\u00e9n para reencontrarnos y confraternizar. El mejor punto de partida para un nuevo comienzo, que en lo personal afronto [&hellip;]<\/p>\n","protected":false},"author":1,"featured_media":54178,"comment_status":"open","ping_status":"open","sticky":false,"template":"","format":"standard","meta":{"footnotes":""},"categories":[1186],"tags":[892],"class_list":["post-54177","post","type-post","status-publish","format-standard","has-post-thumbnail","hentry","category-opinion","tag-angel-victor-torres"],"featured_image_src":"https:\/\/psoecanarias.com\/web\/wp-content\/uploads\/2025\/03\/foto-opinion.png","author_info":{"display_name":"PSOE Canarias","author_link":"https:\/\/psoecanarias.com\/web\/author\/admin\/"},"yoast_head":"<!-- This site is optimized with the Yoast SEO plugin v27.2 - https:\/\/yoast.com\/product\/yoast-seo-wordpress\/ -->\n<title>Por Canarias, m\u00e1s PSOE | PSOE Canarias<\/title>\n<meta name=\"robots\" content=\"index, follow, max-snippet:-1, max-image-preview:large, max-video-preview:-1\" \/>\n<link rel=\"canonical\" href=\"https:\/\/psoecanarias.com\/web\/por-canarias-mas-psoe\/\" \/>\n<meta property=\"og:locale\" content=\"es_ES\" \/>\n<meta property=\"og:type\" content=\"article\" \/>\n<meta property=\"og:title\" content=\"Por Canarias, m\u00e1s PSOE | PSOE Canarias\" \/>\n<meta property=\"og:description\" content=\"Las y los socialistas de Canarias hemos celebrado recientemente nuestro 15\u00ba Congreso regional, en la isla de Tenerife. Una oportunidad no solo de reflexionar y debatir sobre el proyecto que queremos para los pr\u00f3ximos a\u00f1os sino tambi\u00e9n para reencontrarnos y confraternizar. El mejor punto de partida para un nuevo comienzo, que en lo personal afronto [&hellip;]\" \/>\n<meta property=\"og:url\" content=\"https:\/\/psoecanarias.com\/web\/por-canarias-mas-psoe\/\" \/>\n<meta property=\"og:site_name\" content=\"PSOE Canarias\" \/>\n<meta property=\"article:published_time\" content=\"2025-03-03T17:05:26+00:00\" \/>\n<meta property=\"article:modified_time\" content=\"2025-05-29T21:31:41+00:00\" \/>\n<meta property=\"og:image\" content=\"https:\/\/psoecanarias.com\/web\/wp-content\/uploads\/2025\/03\/foto-opinion.png\" \/>\n\t<meta property=\"og:image:width\" content=\"1218\" \/>\n\t<meta property=\"og:image:height\" content=\"637\" \/>\n\t<meta property=\"og:image:type\" content=\"image\/png\" \/>\n<meta name=\"author\" content=\"PSOE Canarias\" \/>\n<meta name=\"twitter:card\" content=\"summary_large_image\" \/>\n<script type=\"application\/ld+json\" class=\"yoast-schema-graph\">{\"@context\":\"https:\/\/schema.org\",\"@graph\":[{\"@type\":\"Article\",\"@id\":\"https:\/\/psoecanarias.com\/web\/por-canarias-mas-psoe\/#article\",\"isPartOf\":{\"@id\":\"https:\/\/psoecanarias.com\/web\/por-canarias-mas-psoe\/\"},\"author\":{\"name\":\"PSOE Canarias\",\"@id\":\"https:\/\/psoecanarias.com\/web\/#\/schema\/person\/1ae43f9659d2fc599ca69c11e1dbf26f\"},\"headline\":\"Por Canarias, m\u00e1s PSOE\",\"datePublished\":\"2025-03-03T17:05:26+00:00\",\"dateModified\":\"2025-05-29T21:31:41+00:00\",\"mainEntityOfPage\":{\"@id\":\"https:\/\/psoecanarias.com\/web\/por-canarias-mas-psoe\/\"},\"wordCount\":657,\"commentCount\":0,\"image\":{\"@id\":\"https:\/\/psoecanarias.com\/web\/por-canarias-mas-psoe\/#primaryimage\"},\"thumbnailUrl\":\"https:\/\/psoecanarias.com\/web\/wp-content\/uploads\/2025\/03\/foto-opinion.png\",\"keywords\":[\"\u00c1ngel V\u00edctor Torres\"],\"articleSection\":[\"Opini\u00f3n\"],\"inLanguage\":\"es\",\"potentialAction\":[{\"@type\":\"CommentAction\",\"name\":\"Comment\",\"target\":[\"https:\/\/psoecanarias.com\/web\/por-canarias-mas-psoe\/#respond\"]}]},{\"@type\":\"WebPage\",\"@id\":\"https:\/\/psoecanarias.com\/web\/por-canarias-mas-psoe\/\",\"url\":\"https:\/\/psoecanarias.com\/web\/por-canarias-mas-psoe\/\",\"name\":\"Por Canarias, m\u00e1s PSOE | PSOE Canarias\",\"isPartOf\":{\"@id\":\"https:\/\/psoecanarias.com\/web\/#website\"},\"primaryImageOfPage\":{\"@id\":\"https:\/\/psoecanarias.com\/web\/por-canarias-mas-psoe\/#primaryimage\"},\"image\":{\"@id\":\"https:\/\/psoecanarias.com\/web\/por-canarias-mas-psoe\/#primaryimage\"},\"thumbnailUrl\":\"https:\/\/psoecanarias.com\/web\/wp-content\/uploads\/2025\/03\/foto-opinion.png\",\"datePublished\":\"2025-03-03T17:05:26+00:00\",\"dateModified\":\"2025-05-29T21:31:41+00:00\",\"author\":{\"@id\":\"https:\/\/psoecanarias.com\/web\/#\/schema\/person\/1ae43f9659d2fc599ca69c11e1dbf26f\"},\"breadcrumb\":{\"@id\":\"https:\/\/psoecanarias.com\/web\/por-canarias-mas-psoe\/#breadcrumb\"},\"inLanguage\":\"es\",\"potentialAction\":[{\"@type\":\"ReadAction\",\"target\":[\"https:\/\/psoecanarias.com\/web\/por-canarias-mas-psoe\/\"]}]},{\"@type\":\"ImageObject\",\"inLanguage\":\"es\",\"@id\":\"https:\/\/psoecanarias.com\/web\/por-canarias-mas-psoe\/#primaryimage\",\"url\":\"https:\/\/psoecanarias.com\/web\/wp-content\/uploads\/2025\/03\/foto-opinion.png\",\"contentUrl\":\"https:\/\/psoecanarias.com\/web\/wp-content\/uploads\/2025\/03\/foto-opinion.png\",\"width\":1218,\"height\":637,\"caption\":\"\u00c1ngel V\u00edctor Torres y Pedro S\u00e1nchez, en el 15\u00ba Congreso del PSOE Canarias.\"},{\"@type\":\"BreadcrumbList\",\"@id\":\"https:\/\/psoecanarias.com\/web\/por-canarias-mas-psoe\/#breadcrumb\",\"itemListElement\":[{\"@type\":\"ListItem\",\"position\":1,\"name\":\"Portada\",\"item\":\"https:\/\/psoecanarias.com\/web\/\"},{\"@type\":\"ListItem\",\"position\":2,\"name\":\"Por Canarias, m\u00e1s PSOE\"}]},{\"@type\":\"WebSite\",\"@id\":\"https:\/\/psoecanarias.com\/web\/#website\",\"url\":\"https:\/\/psoecanarias.com\/web\/\",\"name\":\"PSOE Canarias\",\"description\":\"Partido Socialista Obrero Espa\u00f1ol Canarias\",\"potentialAction\":[{\"@type\":\"SearchAction\",\"target\":{\"@type\":\"EntryPoint\",\"urlTemplate\":\"https:\/\/psoecanarias.com\/web\/?s={search_term_string}\"},\"query-input\":{\"@type\":\"PropertyValueSpecification\",\"valueRequired\":true,\"valueName\":\"search_term_string\"}}],\"inLanguage\":\"es\"},{\"@type\":\"Person\",\"@id\":\"https:\/\/psoecanarias.com\/web\/#\/schema\/person\/1ae43f9659d2fc599ca69c11e1dbf26f\",\"name\":\"PSOE Canarias\",\"image\":{\"@type\":\"ImageObject\",\"inLanguage\":\"es\",\"@id\":\"https:\/\/secure.gravatar.com\/avatar\/4364d37f6f6f9cdb7af199b46151565f37d8a8c3c0e04c1d78c04e857a15e3a8?s=96&d=mm&r=g\",\"url\":\"https:\/\/secure.gravatar.com\/avatar\/4364d37f6f6f9cdb7af199b46151565f37d8a8c3c0e04c1d78c04e857a15e3a8?s=96&d=mm&r=g\",\"contentUrl\":\"https:\/\/secure.gravatar.com\/avatar\/4364d37f6f6f9cdb7af199b46151565f37d8a8c3c0e04c1d78c04e857a15e3a8?s=96&d=mm&r=g\",\"caption\":\"PSOE Canarias\"},\"url\":\"https:\/\/psoecanarias.com\/web\/author\/admin\/\"}]}<\/script>\n<!-- \/ Yoast SEO plugin. -->","yoast_head_json":{"title":"Por Canarias, m\u00e1s PSOE | PSOE Canarias","robots":{"index":"index","follow":"follow","max-snippet":"max-snippet:-1","max-image-preview":"max-image-preview:large","max-video-preview":"max-video-preview:-1"},"canonical":"https:\/\/psoecanarias.com\/web\/por-canarias-mas-psoe\/","og_locale":"es_ES","og_type":"article","og_title":"Por Canarias, m\u00e1s PSOE | PSOE Canarias","og_description":"Las y los socialistas de Canarias hemos celebrado recientemente nuestro 15\u00ba Congreso regional, en la isla de Tenerife. Una oportunidad no solo de reflexionar y debatir sobre el proyecto que queremos para los pr\u00f3ximos a\u00f1os sino tambi\u00e9n para reencontrarnos y confraternizar. El mejor punto de partida para un nuevo comienzo, que en lo personal afronto [&hellip;]","og_url":"https:\/\/psoecanarias.com\/web\/por-canarias-mas-psoe\/","og_site_name":"PSOE Canarias","article_published_time":"2025-03-03T17:05:26+00:00","article_modified_time":"2025-05-29T21:31:41+00:00","og_image":[{"width":1218,"height":637,"url":"https:\/\/psoecanarias.com\/web\/wp-content\/uploads\/2025\/03\/foto-opinion.png","type":"image\/png"}],"author":"PSOE Canarias","twitter_card":"summary_large_image","schema":{"@context":"https:\/\/schema.org","@graph":[{"@type":"Article","@id":"https:\/\/psoecanarias.com\/web\/por-canarias-mas-psoe\/#article","isPartOf":{"@id":"https:\/\/psoecanarias.com\/web\/por-canarias-mas-psoe\/"},"author":{"name":"PSOE Canarias","@id":"https:\/\/psoecanarias.com\/web\/#\/schema\/person\/1ae43f9659d2fc599ca69c11e1dbf26f"},"headline":"Por Canarias, m\u00e1s PSOE","datePublished":"2025-03-03T17:05:26+00:00","dateModified":"2025-05-29T21:31:41+00:00","mainEntityOfPage":{"@id":"https:\/\/psoecanarias.com\/web\/por-canarias-mas-psoe\/"},"wordCount":657,"commentCount":0,"image":{"@id":"https:\/\/psoecanarias.com\/web\/por-canarias-mas-psoe\/#primaryimage"},"thumbnailUrl":"https:\/\/psoecanarias.com\/web\/wp-content\/uploads\/2025\/03\/foto-opinion.png","keywords":["\u00c1ngel V\u00edctor Torres"],"articleSection":["Opini\u00f3n"],"inLanguage":"es","potentialAction":[{"@type":"CommentAction","name":"Comment","target":["https:\/\/psoecanarias.com\/web\/por-canarias-mas-psoe\/#respond"]}]},{"@type":"WebPage","@id":"https:\/\/psoecanarias.com\/web\/por-canarias-mas-psoe\/","url":"https:\/\/psoecanarias.com\/web\/por-canarias-mas-psoe\/","name":"Por Canarias, m\u00e1s PSOE | PSOE Canarias","isPartOf":{"@id":"https:\/\/psoecanarias.com\/web\/#website"},"primaryImageOfPage":{"@id":"https:\/\/psoecanarias.com\/web\/por-canarias-mas-psoe\/#primaryimage"},"image":{"@id":"https:\/\/psoecanarias.com\/web\/por-canarias-mas-psoe\/#primaryimage"},"thumbnailUrl":"https:\/\/psoecanarias.com\/web\/wp-content\/uploads\/2025\/03\/foto-opinion.png","datePublished":"2025-03-03T17:05:26+00:00","dateModified":"2025-05-29T21:31:41+00:00","author":{"@id":"https:\/\/psoecanarias.com\/web\/#\/schema\/person\/1ae43f9659d2fc599ca69c11e1dbf26f"},"breadcrumb":{"@id":"https:\/\/psoecanarias.com\/web\/por-canarias-mas-psoe\/#breadcrumb"},"inLanguage":"es","potentialAction":[{"@type":"ReadAction","target":["https:\/\/psoecanarias.com\/web\/por-canarias-mas-psoe\/"]}]},{"@type":"ImageObject","inLanguage":"es","@id":"https:\/\/psoecanarias.com\/web\/por-canarias-mas-psoe\/#primaryimage","url":"https:\/\/psoecanarias.com\/web\/wp-content\/uploads\/2025\/03\/foto-opinion.png","contentUrl":"https:\/\/psoecanarias.com\/web\/wp-content\/uploads\/2025\/03\/foto-opinion.png","width":1218,"height":637,"caption":"\u00c1ngel V\u00edctor Torres y Pedro S\u00e1nchez, en el 15\u00ba Congreso del PSOE Canarias."},{"@type":"BreadcrumbList","@id":"https:\/\/psoecanarias.com\/web\/por-canarias-mas-psoe\/#breadcrumb","itemListElement":[{"@type":"ListItem","position":1,"name":"Portada","item":"https:\/\/psoecanarias.com\/web\/"},{"@type":"ListItem","position":2,"name":"Por Canarias, m\u00e1s PSOE"}]},{"@type":"WebSite","@id":"https:\/\/psoecanarias.com\/web\/#website","url":"https:\/\/psoecanarias.com\/web\/","name":"PSOE Canarias","description":"Partido Socialista Obrero Espa\u00f1ol Canarias","potentialAction":[{"@type":"SearchAction","target":{"@type":"EntryPoint","urlTemplate":"https:\/\/psoecanarias.com\/web\/?s={search_term_string}"},"query-input":{"@type":"PropertyValueSpecification","valueRequired":true,"valueName":"search_term_string"}}],"inLanguage":"es"},{"@type":"Person","@id":"https:\/\/psoecanarias.com\/web\/#\/schema\/person\/1ae43f9659d2fc599ca69c11e1dbf26f","name":"PSOE Canarias","image":{"@type":"ImageObject","inLanguage":"es","@id":"https:\/\/secure.gravatar.com\/avatar\/4364d37f6f6f9cdb7af199b46151565f37d8a8c3c0e04c1d78c04e857a15e3a8?s=96&d=mm&r=g","url":"https:\/\/secure.gravatar.com\/avatar\/4364d37f6f6f9cdb7af199b46151565f37d8a8c3c0e04c1d78c04e857a15e3a8?s=96&d=mm&r=g","contentUrl":"https:\/\/secure.gravatar.com\/avatar\/4364d37f6f6f9cdb7af199b46151565f37d8a8c3c0e04c1d78c04e857a15e3a8?s=96&d=mm&r=g","caption":"PSOE Canarias"},"url":"https:\/\/psoecanarias.com\/web\/author\/admin\/"}]}},"_links":{"self":[{"href":"https:\/\/psoecanarias.com\/web\/wp-json\/wp\/v2\/posts\/54177","targetHints":{"allow":["GET"]}}],"collection":[{"href":"https:\/\/psoecanarias.com\/web\/wp-json\/wp\/v2\/posts"}],"about":[{"href":"https:\/\/psoecanarias.com\/web\/wp-json\/wp\/v2\/types\/post"}],"author":[{"embeddable":true,"href":"https:\/\/psoecanarias.com\/web\/wp-json\/wp\/v2\/users\/1"}],"replies":[{"embeddable":true,"href":"https:\/\/psoecanarias.com\/web\/wp-json\/wp\/v2\/comments?post=54177"}],"version-history":[{"count":1,"href":"https:\/\/psoecanarias.com\/web\/wp-json\/wp\/v2\/posts\/54177\/revisions"}],"predecessor-version":[{"id":54179,"href":"https:\/\/psoecanarias.com\/web\/wp-json\/wp\/v2\/posts\/54177\/revisions\/54179"}],"wp:featuredmedia":[{"embeddable":true,"href":"https:\/\/psoecanarias.com\/web\/wp-json\/wp\/v2\/media\/54178"}],"wp:attachment":[{"href":"https:\/\/psoecanarias.com\/web\/wp-json\/wp\/v2\/media?parent=54177"}],"wp:term":[{"taxonomy":"category","embeddable":true,"href":"https:\/\/psoecanarias.com\/web\/wp-json\/wp\/v2\/categories?post=54177"},{"taxonomy":"post_tag","embeddable":true,"href":"https:\/\/psoecanarias.com\/web\/wp-json\/wp\/v2\/tags?post=54177"}],"curies":[{"name":"wp","href":"https:\/\/api.w.org\/{rel}","templated":true}]}}