{"id":54346,"date":"2025-03-09T22:49:16","date_gmt":"2025-03-09T22:49:16","guid":{"rendered":"https:\/\/psoecanarias.com\/web\/?p=54346"},"modified":"2025-04-11T19:25:12","modified_gmt":"2025-04-11T18:25:12","slug":"eficiencia-energetica-justa-e-inclusiva","status":"publish","type":"post","link":"https:\/\/psoecanarias.com\/web\/eficiencia-energetica-justa-e-inclusiva\/","title":{"rendered":"Eficiencia energ\u00e9tica justa e inclusiva"},"content":{"rendered":"<p>El d\u00eda 5 de marzo celebramos el D\u00eda Mundial de la Eficiencia Energ\u00e9tica, un d\u00eda para recordar que la energ\u00eda m\u00e1s limpia, barata y segura es la que no se consume.<\/p>\n<p>La eficiencia energ\u00e9tica y la generaci\u00f3n a trav\u00e9s de renovables son dos elementos fundamentales en el reto, cada vez m\u00e1s urgente, de disminuir nuestras emisiones pero es, adem\u00e1s, el terreno en el que cabe un mayor grado de compromiso personal.<\/p>\n<p>En efecto, no todos los hogares o empresas disponen de la posibilidad de contribuir a la generaci\u00f3n de renovables y beneficiarse del autoabastecimiento, pero familias y empresas pueden adoptar diferentes medidas para disminuir el consumo, tanto por la v\u00eda del uso racional de la energ\u00eda como por la utilizaci\u00f3n de dispositivos m\u00e1s eficaces.<\/p>\n<p>Sin embargo, no podemos dejar de considerar que precisamente la adquisici\u00f3n de esos dispositivos m\u00e1s eficaces no est\u00e1 al alcance de las econom\u00edas m\u00e1s d\u00e9biles, de las familias m\u00e1s vulnerables que son, indudablemente, las que m\u00e1s se beneficiar\u00edan del ahorro en la factura de su consumo energ\u00e9tico.<\/p>\n<p>En el apartado de la generaci\u00f3n de renovables las administraciones han desarrollado un enorme esfuerzo para promover la instalaci\u00f3n de fotovoltaica o solar t\u00e9rmica. Igualmente, en el terreno de la eficiencia energ\u00e9tica, se han desplegado ayudas para favorecer las reformas que garanticen el aislamiento de los inmuebles y la sustituci\u00f3n o mejora de los elementos de climatizaci\u00f3n.<\/p>\n<p>Pero este tipo de ayudas est\u00e1n orientadas a familias con la capacidad econ\u00f3mica suficiente como para afrontar parte de la inversi\u00f3n y, en los casos de obras de aislamiento, propietarias de sus viviendas.<\/p>\n<p>Sin embargo, para una familia con menores recursos la necesidad m\u00e1s inmediata est\u00e1 en poder disponer de bombillas led o, sobre todo, en poder adquirir o reponer sus electrodom\u00e9sticos sin verse afectada por el precio m\u00e1s elevado del electrodom\u00e9stico m\u00e1s eficiente.<\/p>\n<p>Probablemente, dentro de las grandes partidas destinadas a subvencionar instalaciones de renovables o a mejorar la eficiencia de los inmuebles, el apoyo de las administraciones a la eficiencia energ\u00e9tica de las familias m\u00e1s vulnerables represente tan solo decimales, mientras que para esas familias puede suponer un ahorro importante en la factura del suministro el\u00e9ctrico y la posibilidad de contribuir al objetivo global de reducir emisiones.<\/p>\n<p>Adem\u00e1s, establecer l\u00edneas de ayudas para ese tipo de supuestos parece relativamente sencillo, en la medida en la que se vincule su concesi\u00f3n a la condici\u00f3n de titular de un bono social el\u00e9ctrico.<\/p>\n<p>En ese sentido, podr\u00eda bastar con presentar la factura de adquisici\u00f3n del dispositivo y el documento acreditativo de disponer del bono, minimizando la carga administrativa y facilitando la gesti\u00f3n a la persona beneficiada.<\/p>\n<p>Porque tenemos la convicci\u00f3n de que la transici\u00f3n energ\u00e9tica ha de ser justa e inclusiva, el Grupo Socialista en el Parlamento de Canarias presentar\u00e1 pr\u00f3ximamente una iniciativa orientada a la creaci\u00f3n de una l\u00ednea de ayudas a la eficiencia energ\u00e9tica destinada a las familias m\u00e1s vulnerables.<\/p>\n<p>La posibilidad de ahorrar energ\u00eda mejorando la eficiencia en los hogares no puede convertirse en un nuevo factor de desigualdad.<\/p>\n","protected":false},"excerpt":{"rendered":"<p>El d\u00eda 5 de marzo celebramos el D\u00eda Mundial de la Eficiencia Energ\u00e9tica, un d\u00eda para recordar que la energ\u00eda m\u00e1s limpia, barata y segura es la que no se consume. La eficiencia energ\u00e9tica y la generaci\u00f3n a trav\u00e9s de renovables son dos elementos fundamentales en el reto, cada vez m\u00e1s urgente, de disminuir nuestras [&hellip;]<\/p>\n","protected":false},"author":1,"featured_media":54347,"comment_status":"open","ping_status":"open","sticky":false,"template":"","format":"standard","meta":{"footnotes":""},"categories":[1186],"tags":[1253],"class_list":["post-54346","post","type-post","status-publish","format-standard","has-post-thumbnail","hentry","category-opinion","tag-carlos-espino"],"featured_image_src":"https:\/\/psoecanarias.com\/web\/wp-content\/uploads\/2025\/03\/foto-carlos-espino.png","author_info":{"display_name":"PSOE Canarias","author_link":"https:\/\/psoecanarias.com\/web\/author\/admin\/"},"yoast_head":"<!-- This site is optimized with the Yoast SEO plugin v27.2 - https:\/\/yoast.com\/product\/yoast-seo-wordpress\/ -->\n<title>Eficiencia energ\u00e9tica justa e inclusiva | PSOE Canarias<\/title>\n<meta name=\"robots\" content=\"index, follow, max-snippet:-1, max-image-preview:large, max-video-preview:-1\" \/>\n<link rel=\"canonical\" href=\"https:\/\/psoecanarias.com\/web\/eficiencia-energetica-justa-e-inclusiva\/\" \/>\n<meta property=\"og:locale\" content=\"es_ES\" \/>\n<meta property=\"og:type\" content=\"article\" \/>\n<meta property=\"og:title\" content=\"Eficiencia energ\u00e9tica justa e inclusiva | PSOE Canarias\" \/>\n<meta property=\"og:description\" content=\"El d\u00eda 5 de marzo celebramos el D\u00eda Mundial de la Eficiencia Energ\u00e9tica, un d\u00eda para recordar que la energ\u00eda m\u00e1s limpia, barata y segura es la que no se consume. La eficiencia energ\u00e9tica y la generaci\u00f3n a trav\u00e9s de renovables son dos elementos fundamentales en el reto, cada vez m\u00e1s urgente, de disminuir nuestras [&hellip;]\" \/>\n<meta property=\"og:url\" content=\"https:\/\/psoecanarias.com\/web\/eficiencia-energetica-justa-e-inclusiva\/\" \/>\n<meta property=\"og:site_name\" content=\"PSOE Canarias\" \/>\n<meta property=\"article:published_time\" content=\"2025-03-09T22:49:16+00:00\" \/>\n<meta property=\"article:modified_time\" content=\"2025-04-11T18:25:12+00:00\" \/>\n<meta property=\"og:image\" content=\"https:\/\/psoecanarias.com\/web\/wp-content\/uploads\/2025\/03\/foto-carlos-espino.png\" \/>\n\t<meta property=\"og:image:width\" content=\"1218\" \/>\n\t<meta property=\"og:image:height\" content=\"637\" \/>\n\t<meta property=\"og:image:type\" content=\"image\/png\" \/>\n<meta name=\"author\" content=\"PSOE Canarias\" \/>\n<meta name=\"twitter:card\" content=\"summary_large_image\" \/>\n<script type=\"application\/ld+json\" class=\"yoast-schema-graph\">{\"@context\":\"https:\/\/schema.org\",\"@graph\":[{\"@type\":\"Article\",\"@id\":\"https:\/\/psoecanarias.com\/web\/eficiencia-energetica-justa-e-inclusiva\/#article\",\"isPartOf\":{\"@id\":\"https:\/\/psoecanarias.com\/web\/eficiencia-energetica-justa-e-inclusiva\/\"},\"author\":{\"name\":\"PSOE Canarias\",\"@id\":\"https:\/\/psoecanarias.com\/web\/#\/schema\/person\/1ae43f9659d2fc599ca69c11e1dbf26f\"},\"headline\":\"Eficiencia energ\u00e9tica justa e inclusiva\",\"datePublished\":\"2025-03-09T22:49:16+00:00\",\"dateModified\":\"2025-04-11T18:25:12+00:00\",\"mainEntityOfPage\":{\"@id\":\"https:\/\/psoecanarias.com\/web\/eficiencia-energetica-justa-e-inclusiva\/\"},\"wordCount\":563,\"commentCount\":0,\"image\":{\"@id\":\"https:\/\/psoecanarias.com\/web\/eficiencia-energetica-justa-e-inclusiva\/#primaryimage\"},\"thumbnailUrl\":\"https:\/\/psoecanarias.com\/web\/wp-content\/uploads\/2025\/03\/foto-carlos-espino.png\",\"keywords\":[\"Carlos Espino\"],\"articleSection\":[\"Opini\u00f3n\"],\"inLanguage\":\"es\",\"potentialAction\":[{\"@type\":\"CommentAction\",\"name\":\"Comment\",\"target\":[\"https:\/\/psoecanarias.com\/web\/eficiencia-energetica-justa-e-inclusiva\/#respond\"]}]},{\"@type\":\"WebPage\",\"@id\":\"https:\/\/psoecanarias.com\/web\/eficiencia-energetica-justa-e-inclusiva\/\",\"url\":\"https:\/\/psoecanarias.com\/web\/eficiencia-energetica-justa-e-inclusiva\/\",\"name\":\"Eficiencia energ\u00e9tica justa e inclusiva | PSOE Canarias\",\"isPartOf\":{\"@id\":\"https:\/\/psoecanarias.com\/web\/#website\"},\"primaryImageOfPage\":{\"@id\":\"https:\/\/psoecanarias.com\/web\/eficiencia-energetica-justa-e-inclusiva\/#primaryimage\"},\"image\":{\"@id\":\"https:\/\/psoecanarias.com\/web\/eficiencia-energetica-justa-e-inclusiva\/#primaryimage\"},\"thumbnailUrl\":\"https:\/\/psoecanarias.com\/web\/wp-content\/uploads\/2025\/03\/foto-carlos-espino.png\",\"datePublished\":\"2025-03-09T22:49:16+00:00\",\"dateModified\":\"2025-04-11T18:25:12+00:00\",\"author\":{\"@id\":\"https:\/\/psoecanarias.com\/web\/#\/schema\/person\/1ae43f9659d2fc599ca69c11e1dbf26f\"},\"breadcrumb\":{\"@id\":\"https:\/\/psoecanarias.com\/web\/eficiencia-energetica-justa-e-inclusiva\/#breadcrumb\"},\"inLanguage\":\"es\",\"potentialAction\":[{\"@type\":\"ReadAction\",\"target\":[\"https:\/\/psoecanarias.com\/web\/eficiencia-energetica-justa-e-inclusiva\/\"]}]},{\"@type\":\"ImageObject\",\"inLanguage\":\"es\",\"@id\":\"https:\/\/psoecanarias.com\/web\/eficiencia-energetica-justa-e-inclusiva\/#primaryimage\",\"url\":\"https:\/\/psoecanarias.com\/web\/wp-content\/uploads\/2025\/03\/foto-carlos-espino.png\",\"contentUrl\":\"https:\/\/psoecanarias.com\/web\/wp-content\/uploads\/2025\/03\/foto-carlos-espino.png\",\"width\":1218,\"height\":637,\"caption\":\"Art\u00edculo de opini\u00f3n de Carlos Espino, secretaria de \u00e1rea de sostenibilidad del PSOE Canarias.\"},{\"@type\":\"BreadcrumbList\",\"@id\":\"https:\/\/psoecanarias.com\/web\/eficiencia-energetica-justa-e-inclusiva\/#breadcrumb\",\"itemListElement\":[{\"@type\":\"ListItem\",\"position\":1,\"name\":\"Portada\",\"item\":\"https:\/\/psoecanarias.com\/web\/\"},{\"@type\":\"ListItem\",\"position\":2,\"name\":\"Eficiencia energ\u00e9tica justa e inclusiva\"}]},{\"@type\":\"WebSite\",\"@id\":\"https:\/\/psoecanarias.com\/web\/#website\",\"url\":\"https:\/\/psoecanarias.com\/web\/\",\"name\":\"PSOE Canarias\",\"description\":\"Partido Socialista Obrero Espa\u00f1ol Canarias\",\"potentialAction\":[{\"@type\":\"SearchAction\",\"target\":{\"@type\":\"EntryPoint\",\"urlTemplate\":\"https:\/\/psoecanarias.com\/web\/?s={search_term_string}\"},\"query-input\":{\"@type\":\"PropertyValueSpecification\",\"valueRequired\":true,\"valueName\":\"search_term_string\"}}],\"inLanguage\":\"es\"},{\"@type\":\"Person\",\"@id\":\"https:\/\/psoecanarias.com\/web\/#\/schema\/person\/1ae43f9659d2fc599ca69c11e1dbf26f\",\"name\":\"PSOE Canarias\",\"image\":{\"@type\":\"ImageObject\",\"inLanguage\":\"es\",\"@id\":\"https:\/\/secure.gravatar.com\/avatar\/4364d37f6f6f9cdb7af199b46151565f37d8a8c3c0e04c1d78c04e857a15e3a8?s=96&d=mm&r=g\",\"url\":\"https:\/\/secure.gravatar.com\/avatar\/4364d37f6f6f9cdb7af199b46151565f37d8a8c3c0e04c1d78c04e857a15e3a8?s=96&d=mm&r=g\",\"contentUrl\":\"https:\/\/secure.gravatar.com\/avatar\/4364d37f6f6f9cdb7af199b46151565f37d8a8c3c0e04c1d78c04e857a15e3a8?s=96&d=mm&r=g\",\"caption\":\"PSOE Canarias\"},\"url\":\"https:\/\/psoecanarias.com\/web\/author\/admin\/\"}]}<\/script>\n<!-- \/ Yoast SEO plugin. -->","yoast_head_json":{"title":"Eficiencia energ\u00e9tica justa e inclusiva | PSOE Canarias","robots":{"index":"index","follow":"follow","max-snippet":"max-snippet:-1","max-image-preview":"max-image-preview:large","max-video-preview":"max-video-preview:-1"},"canonical":"https:\/\/psoecanarias.com\/web\/eficiencia-energetica-justa-e-inclusiva\/","og_locale":"es_ES","og_type":"article","og_title":"Eficiencia energ\u00e9tica justa e inclusiva | PSOE Canarias","og_description":"El d\u00eda 5 de marzo celebramos el D\u00eda Mundial de la Eficiencia Energ\u00e9tica, un d\u00eda para recordar que la energ\u00eda m\u00e1s limpia, barata y segura es la que no se consume. La eficiencia energ\u00e9tica y la generaci\u00f3n a trav\u00e9s de renovables son dos elementos fundamentales en el reto, cada vez m\u00e1s urgente, de disminuir nuestras [&hellip;]","og_url":"https:\/\/psoecanarias.com\/web\/eficiencia-energetica-justa-e-inclusiva\/","og_site_name":"PSOE Canarias","article_published_time":"2025-03-09T22:49:16+00:00","article_modified_time":"2025-04-11T18:25:12+00:00","og_image":[{"width":1218,"height":637,"url":"https:\/\/psoecanarias.com\/web\/wp-content\/uploads\/2025\/03\/foto-carlos-espino.png","type":"image\/png"}],"author":"PSOE Canarias","twitter_card":"summary_large_image","schema":{"@context":"https:\/\/schema.org","@graph":[{"@type":"Article","@id":"https:\/\/psoecanarias.com\/web\/eficiencia-energetica-justa-e-inclusiva\/#article","isPartOf":{"@id":"https:\/\/psoecanarias.com\/web\/eficiencia-energetica-justa-e-inclusiva\/"},"author":{"name":"PSOE Canarias","@id":"https:\/\/psoecanarias.com\/web\/#\/schema\/person\/1ae43f9659d2fc599ca69c11e1dbf26f"},"headline":"Eficiencia energ\u00e9tica justa e inclusiva","datePublished":"2025-03-09T22:49:16+00:00","dateModified":"2025-04-11T18:25:12+00:00","mainEntityOfPage":{"@id":"https:\/\/psoecanarias.com\/web\/eficiencia-energetica-justa-e-inclusiva\/"},"wordCount":563,"commentCount":0,"image":{"@id":"https:\/\/psoecanarias.com\/web\/eficiencia-energetica-justa-e-inclusiva\/#primaryimage"},"thumbnailUrl":"https:\/\/psoecanarias.com\/web\/wp-content\/uploads\/2025\/03\/foto-carlos-espino.png","keywords":["Carlos Espino"],"articleSection":["Opini\u00f3n"],"inLanguage":"es","potentialAction":[{"@type":"CommentAction","name":"Comment","target":["https:\/\/psoecanarias.com\/web\/eficiencia-energetica-justa-e-inclusiva\/#respond"]}]},{"@type":"WebPage","@id":"https:\/\/psoecanarias.com\/web\/eficiencia-energetica-justa-e-inclusiva\/","url":"https:\/\/psoecanarias.com\/web\/eficiencia-energetica-justa-e-inclusiva\/","name":"Eficiencia energ\u00e9tica justa e inclusiva | PSOE Canarias","isPartOf":{"@id":"https:\/\/psoecanarias.com\/web\/#website"},"primaryImageOfPage":{"@id":"https:\/\/psoecanarias.com\/web\/eficiencia-energetica-justa-e-inclusiva\/#primaryimage"},"image":{"@id":"https:\/\/psoecanarias.com\/web\/eficiencia-energetica-justa-e-inclusiva\/#primaryimage"},"thumbnailUrl":"https:\/\/psoecanarias.com\/web\/wp-content\/uploads\/2025\/03\/foto-carlos-espino.png","datePublished":"2025-03-09T22:49:16+00:00","dateModified":"2025-04-11T18:25:12+00:00","author":{"@id":"https:\/\/psoecanarias.com\/web\/#\/schema\/person\/1ae43f9659d2fc599ca69c11e1dbf26f"},"breadcrumb":{"@id":"https:\/\/psoecanarias.com\/web\/eficiencia-energetica-justa-e-inclusiva\/#breadcrumb"},"inLanguage":"es","potentialAction":[{"@type":"ReadAction","target":["https:\/\/psoecanarias.com\/web\/eficiencia-energetica-justa-e-inclusiva\/"]}]},{"@type":"ImageObject","inLanguage":"es","@id":"https:\/\/psoecanarias.com\/web\/eficiencia-energetica-justa-e-inclusiva\/#primaryimage","url":"https:\/\/psoecanarias.com\/web\/wp-content\/uploads\/2025\/03\/foto-carlos-espino.png","contentUrl":"https:\/\/psoecanarias.com\/web\/wp-content\/uploads\/2025\/03\/foto-carlos-espino.png","width":1218,"height":637,"caption":"Art\u00edculo de opini\u00f3n de Carlos Espino, secretaria de \u00e1rea de sostenibilidad del PSOE Canarias."},{"@type":"BreadcrumbList","@id":"https:\/\/psoecanarias.com\/web\/eficiencia-energetica-justa-e-inclusiva\/#breadcrumb","itemListElement":[{"@type":"ListItem","position":1,"name":"Portada","item":"https:\/\/psoecanarias.com\/web\/"},{"@type":"ListItem","position":2,"name":"Eficiencia energ\u00e9tica justa e inclusiva"}]},{"@type":"WebSite","@id":"https:\/\/psoecanarias.com\/web\/#website","url":"https:\/\/psoecanarias.com\/web\/","name":"PSOE Canarias","description":"Partido Socialista Obrero Espa\u00f1ol Canarias","potentialAction":[{"@type":"SearchAction","target":{"@type":"EntryPoint","urlTemplate":"https:\/\/psoecanarias.com\/web\/?s={search_term_string}"},"query-input":{"@type":"PropertyValueSpecification","valueRequired":true,"valueName":"search_term_string"}}],"inLanguage":"es"},{"@type":"Person","@id":"https:\/\/psoecanarias.com\/web\/#\/schema\/person\/1ae43f9659d2fc599ca69c11e1dbf26f","name":"PSOE Canarias","image":{"@type":"ImageObject","inLanguage":"es","@id":"https:\/\/secure.gravatar.com\/avatar\/4364d37f6f6f9cdb7af199b46151565f37d8a8c3c0e04c1d78c04e857a15e3a8?s=96&d=mm&r=g","url":"https:\/\/secure.gravatar.com\/avatar\/4364d37f6f6f9cdb7af199b46151565f37d8a8c3c0e04c1d78c04e857a15e3a8?s=96&d=mm&r=g","contentUrl":"https:\/\/secure.gravatar.com\/avatar\/4364d37f6f6f9cdb7af199b46151565f37d8a8c3c0e04c1d78c04e857a15e3a8?s=96&d=mm&r=g","caption":"PSOE Canarias"},"url":"https:\/\/psoecanarias.com\/web\/author\/admin\/"}]}},"_links":{"self":[{"href":"https:\/\/psoecanarias.com\/web\/wp-json\/wp\/v2\/posts\/54346","targetHints":{"allow":["GET"]}}],"collection":[{"href":"https:\/\/psoecanarias.com\/web\/wp-json\/wp\/v2\/posts"}],"about":[{"href":"https:\/\/psoecanarias.com\/web\/wp-json\/wp\/v2\/types\/post"}],"author":[{"embeddable":true,"href":"https:\/\/psoecanarias.com\/web\/wp-json\/wp\/v2\/users\/1"}],"replies":[{"embeddable":true,"href":"https:\/\/psoecanarias.com\/web\/wp-json\/wp\/v2\/comments?post=54346"}],"version-history":[{"count":1,"href":"https:\/\/psoecanarias.com\/web\/wp-json\/wp\/v2\/posts\/54346\/revisions"}],"predecessor-version":[{"id":54348,"href":"https:\/\/psoecanarias.com\/web\/wp-json\/wp\/v2\/posts\/54346\/revisions\/54348"}],"wp:featuredmedia":[{"embeddable":true,"href":"https:\/\/psoecanarias.com\/web\/wp-json\/wp\/v2\/media\/54347"}],"wp:attachment":[{"href":"https:\/\/psoecanarias.com\/web\/wp-json\/wp\/v2\/media?parent=54346"}],"wp:term":[{"taxonomy":"category","embeddable":true,"href":"https:\/\/psoecanarias.com\/web\/wp-json\/wp\/v2\/categories?post=54346"},{"taxonomy":"post_tag","embeddable":true,"href":"https:\/\/psoecanarias.com\/web\/wp-json\/wp\/v2\/tags?post=54346"}],"curies":[{"name":"wp","href":"https:\/\/api.w.org\/{rel}","templated":true}]}}