{"id":55367,"date":"2025-04-10T16:31:20","date_gmt":"2025-04-10T15:31:20","guid":{"rendered":"https:\/\/psoecanarias.com\/web\/?p=55367"},"modified":"2025-04-10T16:31:20","modified_gmt":"2025-04-10T15:31:20","slug":"el-psoe-canarias-celebra-como-un-hito-historico-la-convalidacion-del-decreto-de-los-menores-migrantes","status":"publish","type":"post","link":"https:\/\/psoecanarias.com\/web\/el-psoe-canarias-celebra-como-un-hito-historico-la-convalidacion-del-decreto-de-los-menores-migrantes\/","title":{"rendered":"El PSOE Canarias celebra como un hito hist\u00f3rico la convalidaci\u00f3n del decreto de los menores migrantes"},"content":{"rendered":"<p><strong>Canarias, 10 de abril de 2025.&#8211;<\/strong> El PSOE Canarias quiere expresar su m\u00e1xima satisfacci\u00f3n por la convalidaci\u00f3n, este jueves en el Congreso de los Diputados, del real decreto ley que por fin har\u00e1 viable una acogida solidaria y territorial de los menores migrantes no acompa\u00f1ados que se hallan en Canarias.<\/p>\n<blockquote class=\"twitter-tweet\" data-media-max-width=\"560\">\n<p dir=\"ltr\" lang=\"es\">\u2705 Gran noticia para <a href=\"https:\/\/twitter.com\/hashtag\/Canarias?src=hash&amp;ref_src=twsrc%5Etfw\">#Canarias<\/a>: aprobada la convalidaci\u00f3n del real decreto ley para la gesti\u00f3n solidaria y territorial de los menores migrantes.<\/p>\n<p>\ud83d\udfe2 S\u00ed: 179<br \/>\n\ud83d\udd34No: 170<br \/>\n\ud83d\udfe1 Abstenciones: 1<\/p>\n<p>Enhorabuena a <a href=\"https:\/\/twitter.com\/avtorresp?ref_src=twsrc%5Etfw\">@avtorresp<\/a> y todos\/as los que lo han hecho posible. Una victoria de pa\u00eds. <a href=\"https:\/\/t.co\/PCeKCc70az\">pic.twitter.com\/PCeKCc70az<\/a><\/p>\n<p>\u2014 PSOE Canarias (@PSOECanarias) <a href=\"https:\/\/twitter.com\/PSOECanarias\/status\/1910327146104406098?ref_src=twsrc%5Etfw\">April 10, 2025<\/a><\/p><\/blockquote>\n<p><script async src=\"https:\/\/platform.twitter.com\/widgets.js\" charset=\"utf-8\"><\/script><\/p>\n<p>Una satisfacci\u00f3n que acompa\u00f1amos del justo reconocimiento al trabajo, el tes\u00f3n y la sensibilidad demostrada por todas y todos los que han hecho posible este hist\u00f3rico acuerdo, destacando asimismo el papel del presidente Pedro S\u00e1nchez y del ministro \u00c1ngel V\u00edctor Torres, sin cuya valent\u00eda y compromiso jam\u00e1s habr\u00eda sido posible llegar tan lejos. Una labor que se ha ejercido en colaboraci\u00f3n con el Gobierno de Canarias .<\/p>\n<p>Este real decreto ley simboliza la pol\u00edtica de Estado, la que se ejerce con altura de miras y pretende dar respuesta a una crisis humanitaria de envergadura como la que est\u00e1n viviendo actualmente los territorios frontera. Lamentamos, por el contrario, que el Partido Popular haya decidido descolgarse de esta responsabilidad y traicionar lo que necesitaba esta tierra, una posici\u00f3n que analizaremos en los pr\u00f3ximos d\u00edas y a la que daremos, sin duda, una merecida respuesta.<\/p>\n","protected":false},"excerpt":{"rendered":"<p>Los socialistas canarios reconocen el trabajo y la sensibilidad de todos los que han hecho posible el acuerdo, especialmente del presidente Pedro S\u00e1nchez y el ministro \u00c1ngel V\u00edctor Torres<\/p>\n","protected":false},"author":1,"featured_media":55368,"comment_status":"open","ping_status":"open","sticky":false,"template":"","format":"standard","meta":{"footnotes":""},"categories":[1184,7],"tags":[892],"class_list":["post-55367","post","type-post","status-publish","format-standard","has-post-thumbnail","hentry","category-noticias","category-politica","tag-angel-victor-torres"],"featured_image_src":"https:\/\/psoecanarias.com\/web\/wp-content\/uploads\/2025\/04\/foto-22-decreto.png","author_info":{"display_name":"PSOE Canarias","author_link":"https:\/\/psoecanarias.com\/web\/author\/admin\/"},"yoast_head":"<!-- This site is optimized with the Yoast SEO plugin v27.2 - https:\/\/yoast.com\/product\/yoast-seo-wordpress\/ -->\n<title>El PSOE Canarias celebra como un hito hist\u00f3rico la convalidaci\u00f3n del decreto de los menores migrantes | PSOE Canarias<\/title>\n<meta name=\"robots\" content=\"index, follow, max-snippet:-1, max-image-preview:large, max-video-preview:-1\" \/>\n<link rel=\"canonical\" href=\"https:\/\/psoecanarias.com\/web\/el-psoe-canarias-celebra-como-un-hito-historico-la-convalidacion-del-decreto-de-los-menores-migrantes\/\" \/>\n<meta property=\"og:locale\" content=\"es_ES\" \/>\n<meta property=\"og:type\" content=\"article\" \/>\n<meta property=\"og:title\" content=\"El PSOE Canarias celebra como un hito hist\u00f3rico la convalidaci\u00f3n del decreto de los menores migrantes | PSOE Canarias\" \/>\n<meta property=\"og:description\" content=\"Los socialistas canarios reconocen el trabajo y la sensibilidad de todos los que han hecho posible el acuerdo, especialmente del presidente Pedro S\u00e1nchez y el ministro \u00c1ngel V\u00edctor Torres\" \/>\n<meta property=\"og:url\" content=\"https:\/\/psoecanarias.com\/web\/el-psoe-canarias-celebra-como-un-hito-historico-la-convalidacion-del-decreto-de-los-menores-migrantes\/\" \/>\n<meta property=\"og:site_name\" content=\"PSOE Canarias\" \/>\n<meta property=\"article:published_time\" content=\"2025-04-10T15:31:20+00:00\" \/>\n<meta property=\"og:image\" content=\"https:\/\/psoecanarias.com\/web\/wp-content\/uploads\/2025\/04\/foto-22-decreto.png\" \/>\n\t<meta property=\"og:image:width\" content=\"1519\" \/>\n\t<meta property=\"og:image:height\" content=\"924\" \/>\n\t<meta property=\"og:image:type\" content=\"image\/png\" \/>\n<meta name=\"author\" content=\"PSOE Canarias\" \/>\n<meta name=\"twitter:card\" content=\"summary_large_image\" \/>\n<script type=\"application\/ld+json\" class=\"yoast-schema-graph\">{\"@context\":\"https:\/\/schema.org\",\"@graph\":[{\"@type\":\"Article\",\"@id\":\"https:\/\/psoecanarias.com\/web\/el-psoe-canarias-celebra-como-un-hito-historico-la-convalidacion-del-decreto-de-los-menores-migrantes\/#article\",\"isPartOf\":{\"@id\":\"https:\/\/psoecanarias.com\/web\/el-psoe-canarias-celebra-como-un-hito-historico-la-convalidacion-del-decreto-de-los-menores-migrantes\/\"},\"author\":{\"name\":\"PSOE Canarias\",\"@id\":\"https:\/\/psoecanarias.com\/web\/#\/schema\/person\/1ae43f9659d2fc599ca69c11e1dbf26f\"},\"headline\":\"El PSOE Canarias celebra como un hito hist\u00f3rico la convalidaci\u00f3n del decreto de los menores migrantes\",\"datePublished\":\"2025-04-10T15:31:20+00:00\",\"mainEntityOfPage\":{\"@id\":\"https:\/\/psoecanarias.com\/web\/el-psoe-canarias-celebra-como-un-hito-historico-la-convalidacion-del-decreto-de-los-menores-migrantes\/\"},\"wordCount\":279,\"commentCount\":0,\"image\":{\"@id\":\"https:\/\/psoecanarias.com\/web\/el-psoe-canarias-celebra-como-un-hito-historico-la-convalidacion-del-decreto-de-los-menores-migrantes\/#primaryimage\"},\"thumbnailUrl\":\"https:\/\/psoecanarias.com\/web\/wp-content\/uploads\/2025\/04\/foto-22-decreto.png\",\"keywords\":[\"\u00c1ngel V\u00edctor Torres\"],\"articleSection\":[\"Noticias\",\"Pol\u00edtica\"],\"inLanguage\":\"es\",\"potentialAction\":[{\"@type\":\"CommentAction\",\"name\":\"Comment\",\"target\":[\"https:\/\/psoecanarias.com\/web\/el-psoe-canarias-celebra-como-un-hito-historico-la-convalidacion-del-decreto-de-los-menores-migrantes\/#respond\"]}]},{\"@type\":\"WebPage\",\"@id\":\"https:\/\/psoecanarias.com\/web\/el-psoe-canarias-celebra-como-un-hito-historico-la-convalidacion-del-decreto-de-los-menores-migrantes\/\",\"url\":\"https:\/\/psoecanarias.com\/web\/el-psoe-canarias-celebra-como-un-hito-historico-la-convalidacion-del-decreto-de-los-menores-migrantes\/\",\"name\":\"El PSOE Canarias celebra como un hito hist\u00f3rico la convalidaci\u00f3n del decreto de los menores migrantes | PSOE Canarias\",\"isPartOf\":{\"@id\":\"https:\/\/psoecanarias.com\/web\/#website\"},\"primaryImageOfPage\":{\"@id\":\"https:\/\/psoecanarias.com\/web\/el-psoe-canarias-celebra-como-un-hito-historico-la-convalidacion-del-decreto-de-los-menores-migrantes\/#primaryimage\"},\"image\":{\"@id\":\"https:\/\/psoecanarias.com\/web\/el-psoe-canarias-celebra-como-un-hito-historico-la-convalidacion-del-decreto-de-los-menores-migrantes\/#primaryimage\"},\"thumbnailUrl\":\"https:\/\/psoecanarias.com\/web\/wp-content\/uploads\/2025\/04\/foto-22-decreto.png\",\"datePublished\":\"2025-04-10T15:31:20+00:00\",\"author\":{\"@id\":\"https:\/\/psoecanarias.com\/web\/#\/schema\/person\/1ae43f9659d2fc599ca69c11e1dbf26f\"},\"breadcrumb\":{\"@id\":\"https:\/\/psoecanarias.com\/web\/el-psoe-canarias-celebra-como-un-hito-historico-la-convalidacion-del-decreto-de-los-menores-migrantes\/#breadcrumb\"},\"inLanguage\":\"es\",\"potentialAction\":[{\"@type\":\"ReadAction\",\"target\":[\"https:\/\/psoecanarias.com\/web\/el-psoe-canarias-celebra-como-un-hito-historico-la-convalidacion-del-decreto-de-los-menores-migrantes\/\"]}]},{\"@type\":\"ImageObject\",\"inLanguage\":\"es\",\"@id\":\"https:\/\/psoecanarias.com\/web\/el-psoe-canarias-celebra-como-un-hito-historico-la-convalidacion-del-decreto-de-los-menores-migrantes\/#primaryimage\",\"url\":\"https:\/\/psoecanarias.com\/web\/wp-content\/uploads\/2025\/04\/foto-22-decreto.png\",\"contentUrl\":\"https:\/\/psoecanarias.com\/web\/wp-content\/uploads\/2025\/04\/foto-22-decreto.png\",\"width\":1519,\"height\":924,\"caption\":\"\u00c1ngel V\u00edctor Torres y Sira Rego, tras convalidarse el decreto este jueves en el Congreso\"},{\"@type\":\"BreadcrumbList\",\"@id\":\"https:\/\/psoecanarias.com\/web\/el-psoe-canarias-celebra-como-un-hito-historico-la-convalidacion-del-decreto-de-los-menores-migrantes\/#breadcrumb\",\"itemListElement\":[{\"@type\":\"ListItem\",\"position\":1,\"name\":\"Portada\",\"item\":\"https:\/\/psoecanarias.com\/web\/\"},{\"@type\":\"ListItem\",\"position\":2,\"name\":\"El PSOE Canarias celebra como un hito hist\u00f3rico la convalidaci\u00f3n del decreto de los menores migrantes\"}]},{\"@type\":\"WebSite\",\"@id\":\"https:\/\/psoecanarias.com\/web\/#website\",\"url\":\"https:\/\/psoecanarias.com\/web\/\",\"name\":\"PSOE Canarias\",\"description\":\"Partido Socialista Obrero Espa\u00f1ol Canarias\",\"potentialAction\":[{\"@type\":\"SearchAction\",\"target\":{\"@type\":\"EntryPoint\",\"urlTemplate\":\"https:\/\/psoecanarias.com\/web\/?s={search_term_string}\"},\"query-input\":{\"@type\":\"PropertyValueSpecification\",\"valueRequired\":true,\"valueName\":\"search_term_string\"}}],\"inLanguage\":\"es\"},{\"@type\":\"Person\",\"@id\":\"https:\/\/psoecanarias.com\/web\/#\/schema\/person\/1ae43f9659d2fc599ca69c11e1dbf26f\",\"name\":\"PSOE Canarias\",\"image\":{\"@type\":\"ImageObject\",\"inLanguage\":\"es\",\"@id\":\"https:\/\/secure.gravatar.com\/avatar\/4364d37f6f6f9cdb7af199b46151565f37d8a8c3c0e04c1d78c04e857a15e3a8?s=96&d=mm&r=g\",\"url\":\"https:\/\/secure.gravatar.com\/avatar\/4364d37f6f6f9cdb7af199b46151565f37d8a8c3c0e04c1d78c04e857a15e3a8?s=96&d=mm&r=g\",\"contentUrl\":\"https:\/\/secure.gravatar.com\/avatar\/4364d37f6f6f9cdb7af199b46151565f37d8a8c3c0e04c1d78c04e857a15e3a8?s=96&d=mm&r=g\",\"caption\":\"PSOE Canarias\"},\"url\":\"https:\/\/psoecanarias.com\/web\/author\/admin\/\"}]}<\/script>\n<!-- \/ Yoast SEO plugin. -->","yoast_head_json":{"title":"El PSOE Canarias celebra como un hito hist\u00f3rico la convalidaci\u00f3n del decreto de los menores migrantes | PSOE Canarias","robots":{"index":"index","follow":"follow","max-snippet":"max-snippet:-1","max-image-preview":"max-image-preview:large","max-video-preview":"max-video-preview:-1"},"canonical":"https:\/\/psoecanarias.com\/web\/el-psoe-canarias-celebra-como-un-hito-historico-la-convalidacion-del-decreto-de-los-menores-migrantes\/","og_locale":"es_ES","og_type":"article","og_title":"El PSOE Canarias celebra como un hito hist\u00f3rico la convalidaci\u00f3n del decreto de los menores migrantes | PSOE Canarias","og_description":"Los socialistas canarios reconocen el trabajo y la sensibilidad de todos los que han hecho posible el acuerdo, especialmente del presidente Pedro S\u00e1nchez y el ministro \u00c1ngel V\u00edctor Torres","og_url":"https:\/\/psoecanarias.com\/web\/el-psoe-canarias-celebra-como-un-hito-historico-la-convalidacion-del-decreto-de-los-menores-migrantes\/","og_site_name":"PSOE Canarias","article_published_time":"2025-04-10T15:31:20+00:00","og_image":[{"width":1519,"height":924,"url":"https:\/\/psoecanarias.com\/web\/wp-content\/uploads\/2025\/04\/foto-22-decreto.png","type":"image\/png"}],"author":"PSOE Canarias","twitter_card":"summary_large_image","schema":{"@context":"https:\/\/schema.org","@graph":[{"@type":"Article","@id":"https:\/\/psoecanarias.com\/web\/el-psoe-canarias-celebra-como-un-hito-historico-la-convalidacion-del-decreto-de-los-menores-migrantes\/#article","isPartOf":{"@id":"https:\/\/psoecanarias.com\/web\/el-psoe-canarias-celebra-como-un-hito-historico-la-convalidacion-del-decreto-de-los-menores-migrantes\/"},"author":{"name":"PSOE Canarias","@id":"https:\/\/psoecanarias.com\/web\/#\/schema\/person\/1ae43f9659d2fc599ca69c11e1dbf26f"},"headline":"El PSOE Canarias celebra como un hito hist\u00f3rico la convalidaci\u00f3n del decreto de los menores migrantes","datePublished":"2025-04-10T15:31:20+00:00","mainEntityOfPage":{"@id":"https:\/\/psoecanarias.com\/web\/el-psoe-canarias-celebra-como-un-hito-historico-la-convalidacion-del-decreto-de-los-menores-migrantes\/"},"wordCount":279,"commentCount":0,"image":{"@id":"https:\/\/psoecanarias.com\/web\/el-psoe-canarias-celebra-como-un-hito-historico-la-convalidacion-del-decreto-de-los-menores-migrantes\/#primaryimage"},"thumbnailUrl":"https:\/\/psoecanarias.com\/web\/wp-content\/uploads\/2025\/04\/foto-22-decreto.png","keywords":["\u00c1ngel V\u00edctor Torres"],"articleSection":["Noticias","Pol\u00edtica"],"inLanguage":"es","potentialAction":[{"@type":"CommentAction","name":"Comment","target":["https:\/\/psoecanarias.com\/web\/el-psoe-canarias-celebra-como-un-hito-historico-la-convalidacion-del-decreto-de-los-menores-migrantes\/#respond"]}]},{"@type":"WebPage","@id":"https:\/\/psoecanarias.com\/web\/el-psoe-canarias-celebra-como-un-hito-historico-la-convalidacion-del-decreto-de-los-menores-migrantes\/","url":"https:\/\/psoecanarias.com\/web\/el-psoe-canarias-celebra-como-un-hito-historico-la-convalidacion-del-decreto-de-los-menores-migrantes\/","name":"El PSOE Canarias celebra como un hito hist\u00f3rico la convalidaci\u00f3n del decreto de los menores migrantes | PSOE Canarias","isPartOf":{"@id":"https:\/\/psoecanarias.com\/web\/#website"},"primaryImageOfPage":{"@id":"https:\/\/psoecanarias.com\/web\/el-psoe-canarias-celebra-como-un-hito-historico-la-convalidacion-del-decreto-de-los-menores-migrantes\/#primaryimage"},"image":{"@id":"https:\/\/psoecanarias.com\/web\/el-psoe-canarias-celebra-como-un-hito-historico-la-convalidacion-del-decreto-de-los-menores-migrantes\/#primaryimage"},"thumbnailUrl":"https:\/\/psoecanarias.com\/web\/wp-content\/uploads\/2025\/04\/foto-22-decreto.png","datePublished":"2025-04-10T15:31:20+00:00","author":{"@id":"https:\/\/psoecanarias.com\/web\/#\/schema\/person\/1ae43f9659d2fc599ca69c11e1dbf26f"},"breadcrumb":{"@id":"https:\/\/psoecanarias.com\/web\/el-psoe-canarias-celebra-como-un-hito-historico-la-convalidacion-del-decreto-de-los-menores-migrantes\/#breadcrumb"},"inLanguage":"es","potentialAction":[{"@type":"ReadAction","target":["https:\/\/psoecanarias.com\/web\/el-psoe-canarias-celebra-como-un-hito-historico-la-convalidacion-del-decreto-de-los-menores-migrantes\/"]}]},{"@type":"ImageObject","inLanguage":"es","@id":"https:\/\/psoecanarias.com\/web\/el-psoe-canarias-celebra-como-un-hito-historico-la-convalidacion-del-decreto-de-los-menores-migrantes\/#primaryimage","url":"https:\/\/psoecanarias.com\/web\/wp-content\/uploads\/2025\/04\/foto-22-decreto.png","contentUrl":"https:\/\/psoecanarias.com\/web\/wp-content\/uploads\/2025\/04\/foto-22-decreto.png","width":1519,"height":924,"caption":"\u00c1ngel V\u00edctor Torres y Sira Rego, tras convalidarse el decreto este jueves en el Congreso"},{"@type":"BreadcrumbList","@id":"https:\/\/psoecanarias.com\/web\/el-psoe-canarias-celebra-como-un-hito-historico-la-convalidacion-del-decreto-de-los-menores-migrantes\/#breadcrumb","itemListElement":[{"@type":"ListItem","position":1,"name":"Portada","item":"https:\/\/psoecanarias.com\/web\/"},{"@type":"ListItem","position":2,"name":"El PSOE Canarias celebra como un hito hist\u00f3rico la convalidaci\u00f3n del decreto de los menores migrantes"}]},{"@type":"WebSite","@id":"https:\/\/psoecanarias.com\/web\/#website","url":"https:\/\/psoecanarias.com\/web\/","name":"PSOE Canarias","description":"Partido Socialista Obrero Espa\u00f1ol Canarias","potentialAction":[{"@type":"SearchAction","target":{"@type":"EntryPoint","urlTemplate":"https:\/\/psoecanarias.com\/web\/?s={search_term_string}"},"query-input":{"@type":"PropertyValueSpecification","valueRequired":true,"valueName":"search_term_string"}}],"inLanguage":"es"},{"@type":"Person","@id":"https:\/\/psoecanarias.com\/web\/#\/schema\/person\/1ae43f9659d2fc599ca69c11e1dbf26f","name":"PSOE Canarias","image":{"@type":"ImageObject","inLanguage":"es","@id":"https:\/\/secure.gravatar.com\/avatar\/4364d37f6f6f9cdb7af199b46151565f37d8a8c3c0e04c1d78c04e857a15e3a8?s=96&d=mm&r=g","url":"https:\/\/secure.gravatar.com\/avatar\/4364d37f6f6f9cdb7af199b46151565f37d8a8c3c0e04c1d78c04e857a15e3a8?s=96&d=mm&r=g","contentUrl":"https:\/\/secure.gravatar.com\/avatar\/4364d37f6f6f9cdb7af199b46151565f37d8a8c3c0e04c1d78c04e857a15e3a8?s=96&d=mm&r=g","caption":"PSOE Canarias"},"url":"https:\/\/psoecanarias.com\/web\/author\/admin\/"}]}},"_links":{"self":[{"href":"https:\/\/psoecanarias.com\/web\/wp-json\/wp\/v2\/posts\/55367","targetHints":{"allow":["GET"]}}],"collection":[{"href":"https:\/\/psoecanarias.com\/web\/wp-json\/wp\/v2\/posts"}],"about":[{"href":"https:\/\/psoecanarias.com\/web\/wp-json\/wp\/v2\/types\/post"}],"author":[{"embeddable":true,"href":"https:\/\/psoecanarias.com\/web\/wp-json\/wp\/v2\/users\/1"}],"replies":[{"embeddable":true,"href":"https:\/\/psoecanarias.com\/web\/wp-json\/wp\/v2\/comments?post=55367"}],"version-history":[{"count":1,"href":"https:\/\/psoecanarias.com\/web\/wp-json\/wp\/v2\/posts\/55367\/revisions"}],"predecessor-version":[{"id":55369,"href":"https:\/\/psoecanarias.com\/web\/wp-json\/wp\/v2\/posts\/55367\/revisions\/55369"}],"wp:featuredmedia":[{"embeddable":true,"href":"https:\/\/psoecanarias.com\/web\/wp-json\/wp\/v2\/media\/55368"}],"wp:attachment":[{"href":"https:\/\/psoecanarias.com\/web\/wp-json\/wp\/v2\/media?parent=55367"}],"wp:term":[{"taxonomy":"category","embeddable":true,"href":"https:\/\/psoecanarias.com\/web\/wp-json\/wp\/v2\/categories?post=55367"},{"taxonomy":"post_tag","embeddable":true,"href":"https:\/\/psoecanarias.com\/web\/wp-json\/wp\/v2\/tags?post=55367"}],"curies":[{"name":"wp","href":"https:\/\/api.w.org\/{rel}","templated":true}]}}