{"id":55399,"date":"2025-04-11T19:24:48","date_gmt":"2025-04-11T18:24:48","guid":{"rendered":"https:\/\/psoecanarias.com\/web\/?p=55399"},"modified":"2025-05-01T00:34:37","modified_gmt":"2025-04-30T23:34:37","slug":"la-primera-linea-del-frente","status":"publish","type":"post","link":"https:\/\/psoecanarias.com\/web\/la-primera-linea-del-frente\/","title":{"rendered":"La primera l\u00ednea del frente"},"content":{"rendered":"<p>El 12 de abril se celebra el D\u00eda Internacional de la Atenci\u00f3n Primaria, una fecha que pasa m\u00e1s desapercibida que otras fechas conmemorativas. Talvez porque la propia Atenci\u00f3n Primaria tambi\u00e9n parece que pasa por nuestras vidas un poco de puntillas. Y sin embargo, su importancia en el sistema de salud y en el Estado de bienestares colosal. Este d\u00eda, sin duda, merecer\u00eda m\u00e1s bombo.<\/p>\n<p>Intent\u00e9 imaginar por un momento c\u00f3mo ser\u00edan las cosas si no existieran los m\u00e9dicos de cabecera. C\u00f3mo ser\u00eda la vida si no tuvi\u00e9ramos a mano un m\u00e9dico que ejerza, adem\u00e1s de como m\u00e9dico, como puerta de entrada al sistema sanitario. Como consultor, como educador en salud, como amigo incluso. Pienso en tantas personas mayores que establecen una relaci\u00f3n de sincero afecto personal con su m\u00e9dico, porque le ven como una persona cercana que les escucha y les cuida.<\/p>\n<p>La Atenci\u00f3n Primaria es la columna vertebral que sostiene el sistema sanitario, y su defensa y reforzamiento han de ser una prioridad pol\u00edtica y presupuestaria. Frente a los apocal\u00edpticos partidos de derechas que se relamen anunciando una supuesta insostenibilidad del sistema, tenemos que situarnos los que creemos en su eficiencia, utilidad y sostenimiento. Porque es un sistema igual para todos, al que todos y todas tenemos acceso y derecho con independencia de nuestra situaci\u00f3n econ\u00f3mica e incluso administrativa. Es un orgullo defender las siglas del PSOE, partido que desde el Gobierno devolvi\u00f3 la atenci\u00f3n sanitaria a las personas en situaci\u00f3n irregular, porque son personas antes que papeles. Que no les enga\u00f1en se\u00f1alando supuestos culpables: es la gesti\u00f3n de los responsables, y no los usuarios, la que compromete la sostenibilidad de la Atenci\u00f3n Primaria.<\/p>\n<p>Los m\u00e9dicos y m\u00e9dicas, enfermeros y enfermeras, celadores, trabajadores sociales, administrativos, todo el personal que desempe\u00f1a su labor en los centros de salud, son claves para el buen funcionamiento de la atenci\u00f3n sanitaria. Y no siempre lo pueden hacer en condiciones \u00f3ptimas, todos lo sabemos. A menudo les faltan recursos y, entre ellos, el m\u00e1s importante, el tiempo. Agendas sobrecargadas para un personal que mengua en n\u00famero no les permite atender con el margen necesario a sus pacientes. La saturaci\u00f3n y la precariedad en la Atenci\u00f3n Primaria ponen en riesgo a todo el sistema, porque son la primera ficha del domin\u00f3, y si ella cae, caen todas las dem\u00e1s detr\u00e1s. Lo vemos en las Urgencias hospitalarias, a las que acuden muchos usuarios que no han logrado una cita en su centro de salud en un tiempo razonable. No son la causa de su habitual saturaci\u00f3n, que es multifactorial y aqu\u00ed podr\u00edamos hablar largo y tendido de modelos de gesti\u00f3n, pero no cabe duda de que van en busca de una respuesta que la Atenci\u00f3n Primaria no les puede dar con la actual escasez de medios humanos y econ\u00f3micos.<\/p>\n<p>El centro de salud de nuestro barrio es un referente que nos ancla a la comunidad. Es un lugar que conocemos desde que somos ni\u00f1os &#8211;desde antes incluso, pues ah\u00ed est\u00e1n las matronas cuidando de las embarazadas&#8211; y un pediatra se encarga develar por nuestra salud y desarrollo hasta que envejecemos y cronificamos las dolencias. Al especialista lo llamamos por el nombre de su especialidad, pero al m\u00e9dico de cabecera lo llamamos \u201cmi m\u00e9dico\u201d, lo que atestigua hasta qu\u00e9 punto le consideramos una parte m\u00e1s de nuestra vida. La Ley General de Sanidad de 1986(gracias, Ernest Lluch) estableci\u00f3 la Atenci\u00f3n Primaria como el nivel de atenci\u00f3n m\u00e9dica m\u00e1s cercano a la poblaci\u00f3n, encargado de proporcionar atenci\u00f3n integral y coordinar la atenci\u00f3n especializada, y desde entonces ha ido adapt\u00e1ndose a las demandas sociales, a las tecnolog\u00edas y a los tiempos.<\/p>\n<p>La situaci\u00f3n de los pediatras en los centros de salud es especialmente cr\u00edtica; en Canarias, uno de cada cuatro pediatras tiene un cupo de m\u00e1s de mil pacientes. El relevo ante las jubilaciones est\u00e1 muy comprometido por la escasez de plazas MIR y por las condiciones de trabajo en los centros de salud, que ahuyentan a los pediatras m\u00e1s j\u00f3venes. Todo el personal sanitario necesita que se dignifique su labor con mejores condiciones, entre ellos, los pediatras que son los que ponen los cimientos de nuestra salud a lo largo de la vida.<\/p>\n<p>El 12 de abril es una fecha para rendir reconocimiento a quienes est\u00e1n en la primera l\u00ednea del frente sanitario, a todo el personal de la Atenci\u00f3n Primaria, y para recordarnos, como ciudadanos y como pacientes, que nunca hay que dejar de luchar por ella y por su mejora, porque literalmente nos va la salud en esa brega.<\/p>\n","protected":false},"excerpt":{"rendered":"<p>Art\u00edculo de opini\u00f3n de Marta Arocha con motivo del D\u00eda Internacional de la Atenci\u00f3n Primaria<\/p>\n","protected":false},"author":1,"featured_media":55400,"comment_status":"open","ping_status":"open","sticky":false,"template":"","format":"standard","meta":{"footnotes":""},"categories":[1186],"tags":[1251],"class_list":["post-55399","post","type-post","status-publish","format-standard","has-post-thumbnail","hentry","category-opinion","tag-marta-arocha"],"featured_image_src":"https:\/\/psoecanarias.com\/web\/wp-content\/uploads\/2025\/04\/portada-opinion-marta-arocha.png","author_info":{"display_name":"PSOE Canarias","author_link":"https:\/\/psoecanarias.com\/web\/author\/admin\/"},"yoast_head":"<!-- This site is optimized with the Yoast SEO plugin v27.2 - https:\/\/yoast.com\/product\/yoast-seo-wordpress\/ -->\n<title>La primera l\u00ednea del frente | PSOE Canarias<\/title>\n<meta name=\"robots\" content=\"index, follow, max-snippet:-1, max-image-preview:large, max-video-preview:-1\" \/>\n<link rel=\"canonical\" href=\"https:\/\/psoecanarias.com\/web\/la-primera-linea-del-frente\/\" \/>\n<meta property=\"og:locale\" content=\"es_ES\" \/>\n<meta property=\"og:type\" content=\"article\" \/>\n<meta property=\"og:title\" content=\"La primera l\u00ednea del frente | PSOE Canarias\" \/>\n<meta property=\"og:description\" content=\"Art\u00edculo de opini\u00f3n de Marta Arocha con motivo del D\u00eda Internacional de la Atenci\u00f3n Primaria\" \/>\n<meta property=\"og:url\" content=\"https:\/\/psoecanarias.com\/web\/la-primera-linea-del-frente\/\" \/>\n<meta property=\"og:site_name\" content=\"PSOE Canarias\" \/>\n<meta property=\"article:published_time\" content=\"2025-04-11T18:24:48+00:00\" \/>\n<meta property=\"article:modified_time\" content=\"2025-04-30T23:34:37+00:00\" \/>\n<meta property=\"og:image\" content=\"https:\/\/psoecanarias.com\/web\/wp-content\/uploads\/2025\/04\/portada-opinion-marta-arocha.png\" \/>\n\t<meta property=\"og:image:width\" content=\"696\" \/>\n\t<meta property=\"og:image:height\" content=\"364\" \/>\n\t<meta property=\"og:image:type\" content=\"image\/png\" \/>\n<meta name=\"author\" content=\"PSOE Canarias\" \/>\n<meta name=\"twitter:card\" content=\"summary_large_image\" \/>\n<script type=\"application\/ld+json\" class=\"yoast-schema-graph\">{\"@context\":\"https:\/\/schema.org\",\"@graph\":[{\"@type\":\"Article\",\"@id\":\"https:\/\/psoecanarias.com\/web\/la-primera-linea-del-frente\/#article\",\"isPartOf\":{\"@id\":\"https:\/\/psoecanarias.com\/web\/la-primera-linea-del-frente\/\"},\"author\":{\"name\":\"PSOE Canarias\",\"@id\":\"https:\/\/psoecanarias.com\/web\/#\/schema\/person\/1ae43f9659d2fc599ca69c11e1dbf26f\"},\"headline\":\"La primera l\u00ednea del frente\",\"datePublished\":\"2025-04-11T18:24:48+00:00\",\"dateModified\":\"2025-04-30T23:34:37+00:00\",\"mainEntityOfPage\":{\"@id\":\"https:\/\/psoecanarias.com\/web\/la-primera-linea-del-frente\/\"},\"wordCount\":824,\"commentCount\":0,\"image\":{\"@id\":\"https:\/\/psoecanarias.com\/web\/la-primera-linea-del-frente\/#primaryimage\"},\"thumbnailUrl\":\"https:\/\/psoecanarias.com\/web\/wp-content\/uploads\/2025\/04\/portada-opinion-marta-arocha.png\",\"keywords\":[\"Marta Arocha\"],\"articleSection\":[\"Opini\u00f3n\"],\"inLanguage\":\"es\",\"potentialAction\":[{\"@type\":\"CommentAction\",\"name\":\"Comment\",\"target\":[\"https:\/\/psoecanarias.com\/web\/la-primera-linea-del-frente\/#respond\"]}]},{\"@type\":\"WebPage\",\"@id\":\"https:\/\/psoecanarias.com\/web\/la-primera-linea-del-frente\/\",\"url\":\"https:\/\/psoecanarias.com\/web\/la-primera-linea-del-frente\/\",\"name\":\"La primera l\u00ednea del frente | PSOE Canarias\",\"isPartOf\":{\"@id\":\"https:\/\/psoecanarias.com\/web\/#website\"},\"primaryImageOfPage\":{\"@id\":\"https:\/\/psoecanarias.com\/web\/la-primera-linea-del-frente\/#primaryimage\"},\"image\":{\"@id\":\"https:\/\/psoecanarias.com\/web\/la-primera-linea-del-frente\/#primaryimage\"},\"thumbnailUrl\":\"https:\/\/psoecanarias.com\/web\/wp-content\/uploads\/2025\/04\/portada-opinion-marta-arocha.png\",\"datePublished\":\"2025-04-11T18:24:48+00:00\",\"dateModified\":\"2025-04-30T23:34:37+00:00\",\"author\":{\"@id\":\"https:\/\/psoecanarias.com\/web\/#\/schema\/person\/1ae43f9659d2fc599ca69c11e1dbf26f\"},\"breadcrumb\":{\"@id\":\"https:\/\/psoecanarias.com\/web\/la-primera-linea-del-frente\/#breadcrumb\"},\"inLanguage\":\"es\",\"potentialAction\":[{\"@type\":\"ReadAction\",\"target\":[\"https:\/\/psoecanarias.com\/web\/la-primera-linea-del-frente\/\"]}]},{\"@type\":\"ImageObject\",\"inLanguage\":\"es\",\"@id\":\"https:\/\/psoecanarias.com\/web\/la-primera-linea-del-frente\/#primaryimage\",\"url\":\"https:\/\/psoecanarias.com\/web\/wp-content\/uploads\/2025\/04\/portada-opinion-marta-arocha.png\",\"contentUrl\":\"https:\/\/psoecanarias.com\/web\/wp-content\/uploads\/2025\/04\/portada-opinion-marta-arocha.png\",\"width\":696,\"height\":364,\"caption\":\"Marta Arocha, senador por la isla de Tenerife y secretaria de Sanidad, Dependencia y Discapacidad del PSOE Canarias.\"},{\"@type\":\"BreadcrumbList\",\"@id\":\"https:\/\/psoecanarias.com\/web\/la-primera-linea-del-frente\/#breadcrumb\",\"itemListElement\":[{\"@type\":\"ListItem\",\"position\":1,\"name\":\"Portada\",\"item\":\"https:\/\/psoecanarias.com\/web\/\"},{\"@type\":\"ListItem\",\"position\":2,\"name\":\"La primera l\u00ednea del frente\"}]},{\"@type\":\"WebSite\",\"@id\":\"https:\/\/psoecanarias.com\/web\/#website\",\"url\":\"https:\/\/psoecanarias.com\/web\/\",\"name\":\"PSOE Canarias\",\"description\":\"Partido Socialista Obrero Espa\u00f1ol Canarias\",\"potentialAction\":[{\"@type\":\"SearchAction\",\"target\":{\"@type\":\"EntryPoint\",\"urlTemplate\":\"https:\/\/psoecanarias.com\/web\/?s={search_term_string}\"},\"query-input\":{\"@type\":\"PropertyValueSpecification\",\"valueRequired\":true,\"valueName\":\"search_term_string\"}}],\"inLanguage\":\"es\"},{\"@type\":\"Person\",\"@id\":\"https:\/\/psoecanarias.com\/web\/#\/schema\/person\/1ae43f9659d2fc599ca69c11e1dbf26f\",\"name\":\"PSOE Canarias\",\"image\":{\"@type\":\"ImageObject\",\"inLanguage\":\"es\",\"@id\":\"https:\/\/secure.gravatar.com\/avatar\/4364d37f6f6f9cdb7af199b46151565f37d8a8c3c0e04c1d78c04e857a15e3a8?s=96&d=mm&r=g\",\"url\":\"https:\/\/secure.gravatar.com\/avatar\/4364d37f6f6f9cdb7af199b46151565f37d8a8c3c0e04c1d78c04e857a15e3a8?s=96&d=mm&r=g\",\"contentUrl\":\"https:\/\/secure.gravatar.com\/avatar\/4364d37f6f6f9cdb7af199b46151565f37d8a8c3c0e04c1d78c04e857a15e3a8?s=96&d=mm&r=g\",\"caption\":\"PSOE Canarias\"},\"url\":\"https:\/\/psoecanarias.com\/web\/author\/admin\/\"}]}<\/script>\n<!-- \/ Yoast SEO plugin. -->","yoast_head_json":{"title":"La primera l\u00ednea del frente | PSOE Canarias","robots":{"index":"index","follow":"follow","max-snippet":"max-snippet:-1","max-image-preview":"max-image-preview:large","max-video-preview":"max-video-preview:-1"},"canonical":"https:\/\/psoecanarias.com\/web\/la-primera-linea-del-frente\/","og_locale":"es_ES","og_type":"article","og_title":"La primera l\u00ednea del frente | PSOE Canarias","og_description":"Art\u00edculo de opini\u00f3n de Marta Arocha con motivo del D\u00eda Internacional de la Atenci\u00f3n Primaria","og_url":"https:\/\/psoecanarias.com\/web\/la-primera-linea-del-frente\/","og_site_name":"PSOE Canarias","article_published_time":"2025-04-11T18:24:48+00:00","article_modified_time":"2025-04-30T23:34:37+00:00","og_image":[{"width":696,"height":364,"url":"https:\/\/psoecanarias.com\/web\/wp-content\/uploads\/2025\/04\/portada-opinion-marta-arocha.png","type":"image\/png"}],"author":"PSOE Canarias","twitter_card":"summary_large_image","schema":{"@context":"https:\/\/schema.org","@graph":[{"@type":"Article","@id":"https:\/\/psoecanarias.com\/web\/la-primera-linea-del-frente\/#article","isPartOf":{"@id":"https:\/\/psoecanarias.com\/web\/la-primera-linea-del-frente\/"},"author":{"name":"PSOE Canarias","@id":"https:\/\/psoecanarias.com\/web\/#\/schema\/person\/1ae43f9659d2fc599ca69c11e1dbf26f"},"headline":"La primera l\u00ednea del frente","datePublished":"2025-04-11T18:24:48+00:00","dateModified":"2025-04-30T23:34:37+00:00","mainEntityOfPage":{"@id":"https:\/\/psoecanarias.com\/web\/la-primera-linea-del-frente\/"},"wordCount":824,"commentCount":0,"image":{"@id":"https:\/\/psoecanarias.com\/web\/la-primera-linea-del-frente\/#primaryimage"},"thumbnailUrl":"https:\/\/psoecanarias.com\/web\/wp-content\/uploads\/2025\/04\/portada-opinion-marta-arocha.png","keywords":["Marta Arocha"],"articleSection":["Opini\u00f3n"],"inLanguage":"es","potentialAction":[{"@type":"CommentAction","name":"Comment","target":["https:\/\/psoecanarias.com\/web\/la-primera-linea-del-frente\/#respond"]}]},{"@type":"WebPage","@id":"https:\/\/psoecanarias.com\/web\/la-primera-linea-del-frente\/","url":"https:\/\/psoecanarias.com\/web\/la-primera-linea-del-frente\/","name":"La primera l\u00ednea del frente | PSOE Canarias","isPartOf":{"@id":"https:\/\/psoecanarias.com\/web\/#website"},"primaryImageOfPage":{"@id":"https:\/\/psoecanarias.com\/web\/la-primera-linea-del-frente\/#primaryimage"},"image":{"@id":"https:\/\/psoecanarias.com\/web\/la-primera-linea-del-frente\/#primaryimage"},"thumbnailUrl":"https:\/\/psoecanarias.com\/web\/wp-content\/uploads\/2025\/04\/portada-opinion-marta-arocha.png","datePublished":"2025-04-11T18:24:48+00:00","dateModified":"2025-04-30T23:34:37+00:00","author":{"@id":"https:\/\/psoecanarias.com\/web\/#\/schema\/person\/1ae43f9659d2fc599ca69c11e1dbf26f"},"breadcrumb":{"@id":"https:\/\/psoecanarias.com\/web\/la-primera-linea-del-frente\/#breadcrumb"},"inLanguage":"es","potentialAction":[{"@type":"ReadAction","target":["https:\/\/psoecanarias.com\/web\/la-primera-linea-del-frente\/"]}]},{"@type":"ImageObject","inLanguage":"es","@id":"https:\/\/psoecanarias.com\/web\/la-primera-linea-del-frente\/#primaryimage","url":"https:\/\/psoecanarias.com\/web\/wp-content\/uploads\/2025\/04\/portada-opinion-marta-arocha.png","contentUrl":"https:\/\/psoecanarias.com\/web\/wp-content\/uploads\/2025\/04\/portada-opinion-marta-arocha.png","width":696,"height":364,"caption":"Marta Arocha, senador por la isla de Tenerife y secretaria de Sanidad, Dependencia y Discapacidad del PSOE Canarias."},{"@type":"BreadcrumbList","@id":"https:\/\/psoecanarias.com\/web\/la-primera-linea-del-frente\/#breadcrumb","itemListElement":[{"@type":"ListItem","position":1,"name":"Portada","item":"https:\/\/psoecanarias.com\/web\/"},{"@type":"ListItem","position":2,"name":"La primera l\u00ednea del frente"}]},{"@type":"WebSite","@id":"https:\/\/psoecanarias.com\/web\/#website","url":"https:\/\/psoecanarias.com\/web\/","name":"PSOE Canarias","description":"Partido Socialista Obrero Espa\u00f1ol Canarias","potentialAction":[{"@type":"SearchAction","target":{"@type":"EntryPoint","urlTemplate":"https:\/\/psoecanarias.com\/web\/?s={search_term_string}"},"query-input":{"@type":"PropertyValueSpecification","valueRequired":true,"valueName":"search_term_string"}}],"inLanguage":"es"},{"@type":"Person","@id":"https:\/\/psoecanarias.com\/web\/#\/schema\/person\/1ae43f9659d2fc599ca69c11e1dbf26f","name":"PSOE Canarias","image":{"@type":"ImageObject","inLanguage":"es","@id":"https:\/\/secure.gravatar.com\/avatar\/4364d37f6f6f9cdb7af199b46151565f37d8a8c3c0e04c1d78c04e857a15e3a8?s=96&d=mm&r=g","url":"https:\/\/secure.gravatar.com\/avatar\/4364d37f6f6f9cdb7af199b46151565f37d8a8c3c0e04c1d78c04e857a15e3a8?s=96&d=mm&r=g","contentUrl":"https:\/\/secure.gravatar.com\/avatar\/4364d37f6f6f9cdb7af199b46151565f37d8a8c3c0e04c1d78c04e857a15e3a8?s=96&d=mm&r=g","caption":"PSOE Canarias"},"url":"https:\/\/psoecanarias.com\/web\/author\/admin\/"}]}},"_links":{"self":[{"href":"https:\/\/psoecanarias.com\/web\/wp-json\/wp\/v2\/posts\/55399","targetHints":{"allow":["GET"]}}],"collection":[{"href":"https:\/\/psoecanarias.com\/web\/wp-json\/wp\/v2\/posts"}],"about":[{"href":"https:\/\/psoecanarias.com\/web\/wp-json\/wp\/v2\/types\/post"}],"author":[{"embeddable":true,"href":"https:\/\/psoecanarias.com\/web\/wp-json\/wp\/v2\/users\/1"}],"replies":[{"embeddable":true,"href":"https:\/\/psoecanarias.com\/web\/wp-json\/wp\/v2\/comments?post=55399"}],"version-history":[{"count":1,"href":"https:\/\/psoecanarias.com\/web\/wp-json\/wp\/v2\/posts\/55399\/revisions"}],"predecessor-version":[{"id":55401,"href":"https:\/\/psoecanarias.com\/web\/wp-json\/wp\/v2\/posts\/55399\/revisions\/55401"}],"wp:featuredmedia":[{"embeddable":true,"href":"https:\/\/psoecanarias.com\/web\/wp-json\/wp\/v2\/media\/55400"}],"wp:attachment":[{"href":"https:\/\/psoecanarias.com\/web\/wp-json\/wp\/v2\/media?parent=55399"}],"wp:term":[{"taxonomy":"category","embeddable":true,"href":"https:\/\/psoecanarias.com\/web\/wp-json\/wp\/v2\/categories?post=55399"},{"taxonomy":"post_tag","embeddable":true,"href":"https:\/\/psoecanarias.com\/web\/wp-json\/wp\/v2\/tags?post=55399"}],"curies":[{"name":"wp","href":"https:\/\/api.w.org\/{rel}","templated":true}]}}