{"id":55946,"date":"2025-04-30T19:47:07","date_gmt":"2025-04-30T18:47:07","guid":{"rendered":"https:\/\/psoecanarias.com\/web\/?p=55946"},"modified":"2025-04-30T19:47:07","modified_gmt":"2025-04-30T18:47:07","slug":"el-psoe-canarias-reivindica-la-universidad-publica-frente-a-la-apuesta-desmedida-de-cc-pp-por-las-privadas","status":"publish","type":"post","link":"https:\/\/psoecanarias.com\/web\/el-psoe-canarias-reivindica-la-universidad-publica-frente-a-la-apuesta-desmedida-de-cc-pp-por-las-privadas\/","title":{"rendered":"El PSOE Canarias reivindica la universidad p\u00fablica frente a la apuesta desmedida de CC-PP por las privadas"},"content":{"rendered":"<p><strong>Canarias, 30 de abril de 2025.\u2014<\/strong> El PSOE Canarias ha celebrado este mi\u00e9rcoles un acto a favor de la universidad p\u00fablica, con la participaci\u00f3n entre otros del secretario de Estado de Ciencia, Innovaci\u00f3n y Universidades, Juan Cruz Cigudosa. En la sede de la Agrupaci\u00f3n Socialista de La Laguna, Tenerife, ha reivindicado la educaci\u00f3n p\u00fablica como garante de la igualdad de oportunidades al tiempo que ha respaldado la decisi\u00f3n del Gobierno de Pedro S\u00e1nchez de reforzar los controles para la creaci\u00f3n de universidades privadas en el conjunto de Espa\u00f1a.<\/p>\n<p>Junto a Cruz Cigudosa tambi\u00e9n tomaron la palabra durante el acto la diputada regional socialista y portavoz parlamentaria de Universidades, Yaiza L\u00f3pez Landi, y el secretario general de Juventudes Socialistas de Canarias, Borja Dur\u00e1n. Antes, en declaraciones a medios de comunicaci\u00f3n, la secretaria de Organizaci\u00f3n del PSOE Canarias, Nira Fierro, manifest\u00f3 que esta convocatoria representa \u201cuna clara, rotunda y contundente reivindicaci\u00f3n de la universidad p\u00fablica en Canarias\u201d.<\/p>\n<p>Fierro ha se\u00f1alado que desde la llegada del gobierno regional de Coalici\u00f3n Canaria y Partido Popular, las universidades p\u00fablicas \u201csolo han ido a peor en el camino del abandono y del olvido\u201d, debido \u201ca la falta de financiaci\u00f3n\u201d y al hecho de que \u201cdos de cada tres titulaciones que se dan en esta comunidad aut\u00f3noma son a universidades privadas\u201d, fruto del incremento de autorizaciones a este tipo de centros en Canarias.<\/p>\n<p>\u201cEl Gobierno de Canarias trabaja en este momento para las universidades privadas. Son ya cinco, camino de la sexta, frente a dos universidades p\u00fablicas. Junto a Madrid y Andaluc\u00eda, Canarias est\u00e1 ya a la cabeza de las universidades privadas. Una indecencia para la equidad, para la igualdad y para el sistema p\u00fablico\u201d, ha criticado la dirigente socialista.<\/p>\n<p>Por su parte, Juan Cruz Cigudosa afirm\u00f3: \u201cEspero que Canarias, que efectivamente es un territorio en el que sorprendentemente hay cinco universidades privadas, entienda el mensaje del Gobierno de Espa\u00f1a. No nos gustan los chiringuitos acad\u00e9micos. Queremos universidades buenas, p\u00fablicas y bien financiadas, y si hay alguna privada, por lo menos que tenga un criterio de calidad similar al de las p\u00fablicas\u201d.<\/p>\n<p>Respecto a los criterios de control que se ver\u00e1n reforzados, Cruz Cigudosa cit\u00f3 varios: &#8220;Vamos a pedir que las universidades tengan recursos habitacionales para sus alumnos y alumnas; que tengan presupuesto y profesores que hagan investigaci\u00f3n; que contribuyan con una masa de estudiantes significativa, de un m\u00ednimo de 4.500 alumnos. Y sobre todo que sigan un proceso de acreditaci\u00f3n que sea estrictamente vigilado y determinado por criterios de calidad acad\u00e9mica&#8221;.<\/p>\n<p>\u201cEs importante que la comunidad aut\u00f3noma, que es la responsable de que esos criterios de calidad se cumplan, est\u00e9 vigilante\u201d, a\u00f1adi\u00f3 en alusi\u00f3n al actual Gobierno de Canarias.<\/p>\n","protected":false},"excerpt":{"rendered":"<p>\u201cJunto a Madrid y Andaluc\u00eda, Canarias est\u00e1 ya a la cabeza de las universidades privadas. Una indecencia para la equidad\u201d, critica Nira Fierro<\/p>\n","protected":false},"author":1,"featured_media":55947,"comment_status":"open","ping_status":"open","sticky":false,"template":"","format":"standard","meta":{"footnotes":""},"categories":[1184,7],"tags":[1257,1200,1256],"class_list":["post-55946","post","type-post","status-publish","format-standard","has-post-thumbnail","hentry","category-noticias","category-politica","tag-borja-duran","tag-nira-fierro","tag-yaiza-lopez-landi"],"featured_image_src":"https:\/\/psoecanarias.com\/web\/wp-content\/uploads\/2025\/04\/PSOE-La-Laguna-012.jpg","author_info":{"display_name":"PSOE Canarias","author_link":"https:\/\/psoecanarias.com\/web\/author\/admin\/"},"yoast_head":"<!-- This site is optimized with the Yoast SEO plugin v27.2 - https:\/\/yoast.com\/product\/yoast-seo-wordpress\/ -->\n<title>El PSOE Canarias reivindica la universidad p\u00fablica frente a la apuesta desmedida de CC-PP por las privadas | PSOE Canarias<\/title>\n<meta name=\"robots\" content=\"index, follow, max-snippet:-1, max-image-preview:large, max-video-preview:-1\" \/>\n<link rel=\"canonical\" href=\"https:\/\/psoecanarias.com\/web\/el-psoe-canarias-reivindica-la-universidad-publica-frente-a-la-apuesta-desmedida-de-cc-pp-por-las-privadas\/\" \/>\n<meta property=\"og:locale\" content=\"es_ES\" \/>\n<meta property=\"og:type\" content=\"article\" \/>\n<meta property=\"og:title\" content=\"El PSOE Canarias reivindica la universidad p\u00fablica frente a la apuesta desmedida de CC-PP por las privadas | PSOE Canarias\" \/>\n<meta property=\"og:description\" content=\"\u201cJunto a Madrid y Andaluc\u00eda, Canarias est\u00e1 ya a la cabeza de las universidades privadas. Una indecencia para la equidad\u201d, critica Nira Fierro\" \/>\n<meta property=\"og:url\" content=\"https:\/\/psoecanarias.com\/web\/el-psoe-canarias-reivindica-la-universidad-publica-frente-a-la-apuesta-desmedida-de-cc-pp-por-las-privadas\/\" \/>\n<meta property=\"og:site_name\" content=\"PSOE Canarias\" \/>\n<meta property=\"article:published_time\" content=\"2025-04-30T18:47:07+00:00\" \/>\n<meta property=\"og:image\" content=\"https:\/\/psoecanarias.com\/web\/wp-content\/uploads\/2025\/04\/PSOE-La-Laguna-012.jpg\" \/>\n\t<meta property=\"og:image:width\" content=\"1800\" \/>\n\t<meta property=\"og:image:height\" content=\"1200\" \/>\n\t<meta property=\"og:image:type\" content=\"image\/jpeg\" \/>\n<meta name=\"author\" content=\"PSOE Canarias\" \/>\n<meta name=\"twitter:card\" content=\"summary_large_image\" \/>\n<script type=\"application\/ld+json\" class=\"yoast-schema-graph\">{\"@context\":\"https:\/\/schema.org\",\"@graph\":[{\"@type\":\"Article\",\"@id\":\"https:\/\/psoecanarias.com\/web\/el-psoe-canarias-reivindica-la-universidad-publica-frente-a-la-apuesta-desmedida-de-cc-pp-por-las-privadas\/#article\",\"isPartOf\":{\"@id\":\"https:\/\/psoecanarias.com\/web\/el-psoe-canarias-reivindica-la-universidad-publica-frente-a-la-apuesta-desmedida-de-cc-pp-por-las-privadas\/\"},\"author\":{\"name\":\"PSOE Canarias\",\"@id\":\"https:\/\/psoecanarias.com\/web\/#\/schema\/person\/1ae43f9659d2fc599ca69c11e1dbf26f\"},\"headline\":\"El PSOE Canarias reivindica la universidad p\u00fablica frente a la apuesta desmedida de CC-PP por las privadas\",\"datePublished\":\"2025-04-30T18:47:07+00:00\",\"mainEntityOfPage\":{\"@id\":\"https:\/\/psoecanarias.com\/web\/el-psoe-canarias-reivindica-la-universidad-publica-frente-a-la-apuesta-desmedida-de-cc-pp-por-las-privadas\/\"},\"wordCount\":496,\"commentCount\":0,\"image\":{\"@id\":\"https:\/\/psoecanarias.com\/web\/el-psoe-canarias-reivindica-la-universidad-publica-frente-a-la-apuesta-desmedida-de-cc-pp-por-las-privadas\/#primaryimage\"},\"thumbnailUrl\":\"https:\/\/psoecanarias.com\/web\/wp-content\/uploads\/2025\/04\/PSOE-La-Laguna-012.jpg\",\"keywords\":[\"Borja Dur\u00e1n\",\"Nira Fierro\",\"Yaiza L\u00f3pez Landi\"],\"articleSection\":[\"Noticias\",\"Pol\u00edtica\"],\"inLanguage\":\"es\",\"potentialAction\":[{\"@type\":\"CommentAction\",\"name\":\"Comment\",\"target\":[\"https:\/\/psoecanarias.com\/web\/el-psoe-canarias-reivindica-la-universidad-publica-frente-a-la-apuesta-desmedida-de-cc-pp-por-las-privadas\/#respond\"]}]},{\"@type\":\"WebPage\",\"@id\":\"https:\/\/psoecanarias.com\/web\/el-psoe-canarias-reivindica-la-universidad-publica-frente-a-la-apuesta-desmedida-de-cc-pp-por-las-privadas\/\",\"url\":\"https:\/\/psoecanarias.com\/web\/el-psoe-canarias-reivindica-la-universidad-publica-frente-a-la-apuesta-desmedida-de-cc-pp-por-las-privadas\/\",\"name\":\"El PSOE Canarias reivindica la universidad p\u00fablica frente a la apuesta desmedida de CC-PP por las privadas | PSOE Canarias\",\"isPartOf\":{\"@id\":\"https:\/\/psoecanarias.com\/web\/#website\"},\"primaryImageOfPage\":{\"@id\":\"https:\/\/psoecanarias.com\/web\/el-psoe-canarias-reivindica-la-universidad-publica-frente-a-la-apuesta-desmedida-de-cc-pp-por-las-privadas\/#primaryimage\"},\"image\":{\"@id\":\"https:\/\/psoecanarias.com\/web\/el-psoe-canarias-reivindica-la-universidad-publica-frente-a-la-apuesta-desmedida-de-cc-pp-por-las-privadas\/#primaryimage\"},\"thumbnailUrl\":\"https:\/\/psoecanarias.com\/web\/wp-content\/uploads\/2025\/04\/PSOE-La-Laguna-012.jpg\",\"datePublished\":\"2025-04-30T18:47:07+00:00\",\"author\":{\"@id\":\"https:\/\/psoecanarias.com\/web\/#\/schema\/person\/1ae43f9659d2fc599ca69c11e1dbf26f\"},\"breadcrumb\":{\"@id\":\"https:\/\/psoecanarias.com\/web\/el-psoe-canarias-reivindica-la-universidad-publica-frente-a-la-apuesta-desmedida-de-cc-pp-por-las-privadas\/#breadcrumb\"},\"inLanguage\":\"es\",\"potentialAction\":[{\"@type\":\"ReadAction\",\"target\":[\"https:\/\/psoecanarias.com\/web\/el-psoe-canarias-reivindica-la-universidad-publica-frente-a-la-apuesta-desmedida-de-cc-pp-por-las-privadas\/\"]}]},{\"@type\":\"ImageObject\",\"inLanguage\":\"es\",\"@id\":\"https:\/\/psoecanarias.com\/web\/el-psoe-canarias-reivindica-la-universidad-publica-frente-a-la-apuesta-desmedida-de-cc-pp-por-las-privadas\/#primaryimage\",\"url\":\"https:\/\/psoecanarias.com\/web\/wp-content\/uploads\/2025\/04\/PSOE-La-Laguna-012.jpg\",\"contentUrl\":\"https:\/\/psoecanarias.com\/web\/wp-content\/uploads\/2025\/04\/PSOE-La-Laguna-012.jpg\",\"width\":1800,\"height\":1200,\"caption\":\"De izquierda a derecha, Borja Dur\u00e1n, Nira Fierro, Juan Cruz y Yaiza L\u00f3pez Landi, en la Agrupaci\u00f3n de La Laguna.\"},{\"@type\":\"BreadcrumbList\",\"@id\":\"https:\/\/psoecanarias.com\/web\/el-psoe-canarias-reivindica-la-universidad-publica-frente-a-la-apuesta-desmedida-de-cc-pp-por-las-privadas\/#breadcrumb\",\"itemListElement\":[{\"@type\":\"ListItem\",\"position\":1,\"name\":\"Portada\",\"item\":\"https:\/\/psoecanarias.com\/web\/\"},{\"@type\":\"ListItem\",\"position\":2,\"name\":\"El PSOE Canarias reivindica la universidad p\u00fablica frente a la apuesta desmedida de CC-PP por las privadas\"}]},{\"@type\":\"WebSite\",\"@id\":\"https:\/\/psoecanarias.com\/web\/#website\",\"url\":\"https:\/\/psoecanarias.com\/web\/\",\"name\":\"PSOE Canarias\",\"description\":\"Partido Socialista Obrero Espa\u00f1ol Canarias\",\"potentialAction\":[{\"@type\":\"SearchAction\",\"target\":{\"@type\":\"EntryPoint\",\"urlTemplate\":\"https:\/\/psoecanarias.com\/web\/?s={search_term_string}\"},\"query-input\":{\"@type\":\"PropertyValueSpecification\",\"valueRequired\":true,\"valueName\":\"search_term_string\"}}],\"inLanguage\":\"es\"},{\"@type\":\"Person\",\"@id\":\"https:\/\/psoecanarias.com\/web\/#\/schema\/person\/1ae43f9659d2fc599ca69c11e1dbf26f\",\"name\":\"PSOE Canarias\",\"image\":{\"@type\":\"ImageObject\",\"inLanguage\":\"es\",\"@id\":\"https:\/\/secure.gravatar.com\/avatar\/4364d37f6f6f9cdb7af199b46151565f37d8a8c3c0e04c1d78c04e857a15e3a8?s=96&d=mm&r=g\",\"url\":\"https:\/\/secure.gravatar.com\/avatar\/4364d37f6f6f9cdb7af199b46151565f37d8a8c3c0e04c1d78c04e857a15e3a8?s=96&d=mm&r=g\",\"contentUrl\":\"https:\/\/secure.gravatar.com\/avatar\/4364d37f6f6f9cdb7af199b46151565f37d8a8c3c0e04c1d78c04e857a15e3a8?s=96&d=mm&r=g\",\"caption\":\"PSOE Canarias\"},\"url\":\"https:\/\/psoecanarias.com\/web\/author\/admin\/\"}]}<\/script>\n<!-- \/ Yoast SEO plugin. -->","yoast_head_json":{"title":"El PSOE Canarias reivindica la universidad p\u00fablica frente a la apuesta desmedida de CC-PP por las privadas | PSOE Canarias","robots":{"index":"index","follow":"follow","max-snippet":"max-snippet:-1","max-image-preview":"max-image-preview:large","max-video-preview":"max-video-preview:-1"},"canonical":"https:\/\/psoecanarias.com\/web\/el-psoe-canarias-reivindica-la-universidad-publica-frente-a-la-apuesta-desmedida-de-cc-pp-por-las-privadas\/","og_locale":"es_ES","og_type":"article","og_title":"El PSOE Canarias reivindica la universidad p\u00fablica frente a la apuesta desmedida de CC-PP por las privadas | PSOE Canarias","og_description":"\u201cJunto a Madrid y Andaluc\u00eda, Canarias est\u00e1 ya a la cabeza de las universidades privadas. Una indecencia para la equidad\u201d, critica Nira Fierro","og_url":"https:\/\/psoecanarias.com\/web\/el-psoe-canarias-reivindica-la-universidad-publica-frente-a-la-apuesta-desmedida-de-cc-pp-por-las-privadas\/","og_site_name":"PSOE Canarias","article_published_time":"2025-04-30T18:47:07+00:00","og_image":[{"width":1800,"height":1200,"url":"https:\/\/psoecanarias.com\/web\/wp-content\/uploads\/2025\/04\/PSOE-La-Laguna-012.jpg","type":"image\/jpeg"}],"author":"PSOE Canarias","twitter_card":"summary_large_image","schema":{"@context":"https:\/\/schema.org","@graph":[{"@type":"Article","@id":"https:\/\/psoecanarias.com\/web\/el-psoe-canarias-reivindica-la-universidad-publica-frente-a-la-apuesta-desmedida-de-cc-pp-por-las-privadas\/#article","isPartOf":{"@id":"https:\/\/psoecanarias.com\/web\/el-psoe-canarias-reivindica-la-universidad-publica-frente-a-la-apuesta-desmedida-de-cc-pp-por-las-privadas\/"},"author":{"name":"PSOE Canarias","@id":"https:\/\/psoecanarias.com\/web\/#\/schema\/person\/1ae43f9659d2fc599ca69c11e1dbf26f"},"headline":"El PSOE Canarias reivindica la universidad p\u00fablica frente a la apuesta desmedida de CC-PP por las privadas","datePublished":"2025-04-30T18:47:07+00:00","mainEntityOfPage":{"@id":"https:\/\/psoecanarias.com\/web\/el-psoe-canarias-reivindica-la-universidad-publica-frente-a-la-apuesta-desmedida-de-cc-pp-por-las-privadas\/"},"wordCount":496,"commentCount":0,"image":{"@id":"https:\/\/psoecanarias.com\/web\/el-psoe-canarias-reivindica-la-universidad-publica-frente-a-la-apuesta-desmedida-de-cc-pp-por-las-privadas\/#primaryimage"},"thumbnailUrl":"https:\/\/psoecanarias.com\/web\/wp-content\/uploads\/2025\/04\/PSOE-La-Laguna-012.jpg","keywords":["Borja Dur\u00e1n","Nira Fierro","Yaiza L\u00f3pez Landi"],"articleSection":["Noticias","Pol\u00edtica"],"inLanguage":"es","potentialAction":[{"@type":"CommentAction","name":"Comment","target":["https:\/\/psoecanarias.com\/web\/el-psoe-canarias-reivindica-la-universidad-publica-frente-a-la-apuesta-desmedida-de-cc-pp-por-las-privadas\/#respond"]}]},{"@type":"WebPage","@id":"https:\/\/psoecanarias.com\/web\/el-psoe-canarias-reivindica-la-universidad-publica-frente-a-la-apuesta-desmedida-de-cc-pp-por-las-privadas\/","url":"https:\/\/psoecanarias.com\/web\/el-psoe-canarias-reivindica-la-universidad-publica-frente-a-la-apuesta-desmedida-de-cc-pp-por-las-privadas\/","name":"El PSOE Canarias reivindica la universidad p\u00fablica frente a la apuesta desmedida de CC-PP por las privadas | PSOE Canarias","isPartOf":{"@id":"https:\/\/psoecanarias.com\/web\/#website"},"primaryImageOfPage":{"@id":"https:\/\/psoecanarias.com\/web\/el-psoe-canarias-reivindica-la-universidad-publica-frente-a-la-apuesta-desmedida-de-cc-pp-por-las-privadas\/#primaryimage"},"image":{"@id":"https:\/\/psoecanarias.com\/web\/el-psoe-canarias-reivindica-la-universidad-publica-frente-a-la-apuesta-desmedida-de-cc-pp-por-las-privadas\/#primaryimage"},"thumbnailUrl":"https:\/\/psoecanarias.com\/web\/wp-content\/uploads\/2025\/04\/PSOE-La-Laguna-012.jpg","datePublished":"2025-04-30T18:47:07+00:00","author":{"@id":"https:\/\/psoecanarias.com\/web\/#\/schema\/person\/1ae43f9659d2fc599ca69c11e1dbf26f"},"breadcrumb":{"@id":"https:\/\/psoecanarias.com\/web\/el-psoe-canarias-reivindica-la-universidad-publica-frente-a-la-apuesta-desmedida-de-cc-pp-por-las-privadas\/#breadcrumb"},"inLanguage":"es","potentialAction":[{"@type":"ReadAction","target":["https:\/\/psoecanarias.com\/web\/el-psoe-canarias-reivindica-la-universidad-publica-frente-a-la-apuesta-desmedida-de-cc-pp-por-las-privadas\/"]}]},{"@type":"ImageObject","inLanguage":"es","@id":"https:\/\/psoecanarias.com\/web\/el-psoe-canarias-reivindica-la-universidad-publica-frente-a-la-apuesta-desmedida-de-cc-pp-por-las-privadas\/#primaryimage","url":"https:\/\/psoecanarias.com\/web\/wp-content\/uploads\/2025\/04\/PSOE-La-Laguna-012.jpg","contentUrl":"https:\/\/psoecanarias.com\/web\/wp-content\/uploads\/2025\/04\/PSOE-La-Laguna-012.jpg","width":1800,"height":1200,"caption":"De izquierda a derecha, Borja Dur\u00e1n, Nira Fierro, Juan Cruz y Yaiza L\u00f3pez Landi, en la Agrupaci\u00f3n de La Laguna."},{"@type":"BreadcrumbList","@id":"https:\/\/psoecanarias.com\/web\/el-psoe-canarias-reivindica-la-universidad-publica-frente-a-la-apuesta-desmedida-de-cc-pp-por-las-privadas\/#breadcrumb","itemListElement":[{"@type":"ListItem","position":1,"name":"Portada","item":"https:\/\/psoecanarias.com\/web\/"},{"@type":"ListItem","position":2,"name":"El PSOE Canarias reivindica la universidad p\u00fablica frente a la apuesta desmedida de CC-PP por las privadas"}]},{"@type":"WebSite","@id":"https:\/\/psoecanarias.com\/web\/#website","url":"https:\/\/psoecanarias.com\/web\/","name":"PSOE Canarias","description":"Partido Socialista Obrero Espa\u00f1ol Canarias","potentialAction":[{"@type":"SearchAction","target":{"@type":"EntryPoint","urlTemplate":"https:\/\/psoecanarias.com\/web\/?s={search_term_string}"},"query-input":{"@type":"PropertyValueSpecification","valueRequired":true,"valueName":"search_term_string"}}],"inLanguage":"es"},{"@type":"Person","@id":"https:\/\/psoecanarias.com\/web\/#\/schema\/person\/1ae43f9659d2fc599ca69c11e1dbf26f","name":"PSOE Canarias","image":{"@type":"ImageObject","inLanguage":"es","@id":"https:\/\/secure.gravatar.com\/avatar\/4364d37f6f6f9cdb7af199b46151565f37d8a8c3c0e04c1d78c04e857a15e3a8?s=96&d=mm&r=g","url":"https:\/\/secure.gravatar.com\/avatar\/4364d37f6f6f9cdb7af199b46151565f37d8a8c3c0e04c1d78c04e857a15e3a8?s=96&d=mm&r=g","contentUrl":"https:\/\/secure.gravatar.com\/avatar\/4364d37f6f6f9cdb7af199b46151565f37d8a8c3c0e04c1d78c04e857a15e3a8?s=96&d=mm&r=g","caption":"PSOE Canarias"},"url":"https:\/\/psoecanarias.com\/web\/author\/admin\/"}]}},"_links":{"self":[{"href":"https:\/\/psoecanarias.com\/web\/wp-json\/wp\/v2\/posts\/55946","targetHints":{"allow":["GET"]}}],"collection":[{"href":"https:\/\/psoecanarias.com\/web\/wp-json\/wp\/v2\/posts"}],"about":[{"href":"https:\/\/psoecanarias.com\/web\/wp-json\/wp\/v2\/types\/post"}],"author":[{"embeddable":true,"href":"https:\/\/psoecanarias.com\/web\/wp-json\/wp\/v2\/users\/1"}],"replies":[{"embeddable":true,"href":"https:\/\/psoecanarias.com\/web\/wp-json\/wp\/v2\/comments?post=55946"}],"version-history":[{"count":1,"href":"https:\/\/psoecanarias.com\/web\/wp-json\/wp\/v2\/posts\/55946\/revisions"}],"predecessor-version":[{"id":55948,"href":"https:\/\/psoecanarias.com\/web\/wp-json\/wp\/v2\/posts\/55946\/revisions\/55948"}],"wp:featuredmedia":[{"embeddable":true,"href":"https:\/\/psoecanarias.com\/web\/wp-json\/wp\/v2\/media\/55947"}],"wp:attachment":[{"href":"https:\/\/psoecanarias.com\/web\/wp-json\/wp\/v2\/media?parent=55946"}],"wp:term":[{"taxonomy":"category","embeddable":true,"href":"https:\/\/psoecanarias.com\/web\/wp-json\/wp\/v2\/categories?post=55946"},{"taxonomy":"post_tag","embeddable":true,"href":"https:\/\/psoecanarias.com\/web\/wp-json\/wp\/v2\/tags?post=55946"}],"curies":[{"name":"wp","href":"https:\/\/api.w.org\/{rel}","templated":true}]}}