{"id":56133,"date":"2025-05-06T15:00:18","date_gmt":"2025-05-06T14:00:18","guid":{"rendered":"https:\/\/psoecanarias.com\/web\/?p=56133"},"modified":"2025-05-06T15:01:19","modified_gmt":"2025-05-06T14:01:19","slug":"franquis-a-clavijo-sobre-la-acogida-de-menores-migrantes-esto-lo-contamina-el-pp-su-socio-de-gobierno-no-madrid","status":"publish","type":"post","link":"https:\/\/psoecanarias.com\/web\/franquis-a-clavijo-sobre-la-acogida-de-menores-migrantes-esto-lo-contamina-el-pp-su-socio-de-gobierno-no-madrid\/","title":{"rendered":"Franquis a Clavijo sobre la acogida de menores migrantes: \u201cEsto lo contamina el PP, su socio de Gobierno, no Madrid\u201d"},"content":{"rendered":"<p><strong>Canarias, 6 de mayo de 2025.-<\/strong> El portavoz del Grupo Parlamentario Socialista, Sebasti\u00e1n Franquis, ha denunciado la \u201csumisi\u00f3n\u201d y la \u201cpasividad\u201d del presidente de Canarias, Fernando Clavijo, ante su socio de gobierno, el Partido Popular (PP), por dejar de nuevo a Canarias sola ante la crisis humanitaria de los menores migrantes, y no pedirle responsabilidades ni explicaciones a los populares por su negativa en la Conferencia Sectorial de Infancia y Migraci\u00f3n de este pasado lunes para acordar la acogida territorial de los menores migrantes.<\/p>\n<p>Franquis ha rechazado las manifestaciones de Clavijo tras la Conferencia Sectorial de Infancia donde ha defendido a su socio de Gobierno y vicepresidente, Manuel Dom\u00ednguez, y ha acusado al Gobierno de Espa\u00f1a de contaminar el proceso. \u201cEsto no lo contamina Madrid, sino su socio de Gobierno, el Partido Popular\u201d.<\/p>\n<p>El portavoz socialista denuncia que el PP eligi\u00f3 el camino de la deslealtad, la falta de sentido de estado y el menosprecio a Canarias desde que Feij\u00f3o impuso a Clavijo la firma de su pacto migratorio, \u201coblig\u00e1ndolo a alinearse con las posturas m\u00e1s radicales del PP y la ultraderecha, dejando en evidencia su falta de autonom\u00eda pol\u00edtica\u201d.<\/p>\n<p>En este sentido, recuerda que este pacto fue calificado por el propio Fernando Clavijo como un \u201cpaso de gigante en la soluci\u00f3n del problema\u201d, y que fue el PP quien bloque\u00f3 la reforma de la Ley de Extranjer\u00eda, \u201cperpetuando un modelo migratorio ineficaz y contrario a las necesidades reales de Canarias, donde el se\u00f1or Dom\u00ednguez, seg\u00fan el presidente de Canarias, se faj\u00f3\u201d.<\/p>\n<p>Para Franquis, la falta de influencia de Fernando Clavijo al Partido Popular no es solo un gesto de debilidad pol\u00edtica, sino una \u201cirresponsabilidad institucional\u201d que est\u00e1 \u201cagravando, d\u00eda a d\u00eda, el aislamiento de Canarias ante una de las mayores crisis migratorias que hemos vivido\u201d.<\/p>\n<p>El portavoz socialista recuerda que, mientras los centros de acogida est\u00e1n saturados y los menores no acompa\u00f1ados viven en condiciones que no son las m\u00e1s adecuadas, el presidente del Gobierno de Canarias, \u201clejos de ejercer liderazgo, sigue sin pedir explicaciones a su socio de Gobierno ante el rechazo rotundo a la acogida solidaria entre comunidades aut\u00f3nomas\u201d.<\/p>\n<p>\u201cNo estamos hablando de una cuesti\u00f3n partidista. Estamos hablando de derechos humanos, de infancia, de una comunidad aut\u00f3noma que, por su posici\u00f3n geogr\u00e1fica, no puede ni debe afrontar sola esta realidad\u201d, a\u00f1ade.<\/p>\n<p>Para Franquis, Clavijo ha optado por no incomodar al PP, y advierte de las consecuencias que tiene su inacci\u00f3n, \u201cque refuerza la falta de solidaridad territorial, debilita la voz de Canarias en el \u00e1mbito estatal y transmite una peligrosa normalizaci\u00f3n del abandono\u201d.<\/p>\n<p>En este sentido, advierte que Canarias est\u00e1 al l\u00edmite y que no puede seguir sola en la gesti\u00f3n de los menores no acompa\u00f1ados. \u201cLos recursos est\u00e1n al l\u00edmite, los centros saturados, y los profesionales desbordados. Se acab\u00f3 el tiempo y la paciencia. Es momento de exigir. De poner a los menores y a Canarias por encima del c\u00e1lculo pol\u00edtico. Porque lo que est\u00e1 en juego no es solo una cuesti\u00f3n de competencias, sino de valores. Canarias no aguanta m\u00e1s y Clavijo sigue sin ejercer su autoridad pol\u00edtica para exigir responsabilidades al PP, su socio de Gobierno\u201d.<\/p>\n<p>Por este motivo, exige a Clavijo que deje de actuar \u201ccomo un mero ejecutor de los dictados de su socio de gobierno y asuma su papel como jefe del Ejecutivo canario. Que defienda con firmeza a Canarias, a sus instituciones y, sobre todo, a los m\u00e1s vulnerables. Porque si no se planta hoy, ma\u00f1ana ser\u00e1 demasiado tarde\u201d.<\/p>\n<p>\u201cMientras otras comunidades aut\u00f3nomas gobernadas por el PP rechazan de plano cualquier reparto de menores, Clavijo calla. No lidera, no intercede, no tiene influencia sobre su socio de Gobierno. Y ese silencio tiene consecuencias\u201d, denuncia.<\/p>\n<p>\u201cEsto no es una cuesti\u00f3n de partidos, sino de principios democr\u00e1ticos y de justicia territorial. No puede ser que la estabilidad del pacto de Gobierno pese m\u00e1s que la solidaridad y el bienestar de miles de ni\u00f1os y ni\u00f1as migrantes que hoy est\u00e1n bajo nuestra tutela\u201d.<\/p>\n","protected":false},"excerpt":{"rendered":"<p>Critica la pasividad y \u201csumisi\u00f3n\u201d del presidente de Canarias, tras la negativa de las CC del Partido Popular en la Sectorial de Infancia a acordar la acogida territorial<\/p>\n","protected":false},"author":1,"featured_media":56135,"comment_status":"open","ping_status":"open","sticky":false,"template":"","format":"standard","meta":{"footnotes":""},"categories":[1185,7],"tags":[278],"class_list":["post-56133","post","type-post","status-publish","format-standard","has-post-thumbnail","hentry","category-grupo-parlamentario","category-politica","tag-chano-franquis"],"featured_image_src":"https:\/\/psoecanarias.com\/web\/wp-content\/uploads\/2025\/05\/foto-chano.jpg","author_info":{"display_name":"PSOE Canarias","author_link":"https:\/\/psoecanarias.com\/web\/author\/admin\/"},"yoast_head":"<!-- This site is optimized with the Yoast SEO plugin v27.2 - https:\/\/yoast.com\/product\/yoast-seo-wordpress\/ -->\n<title>Franquis a Clavijo sobre la acogida de menores migrantes: \u201cEsto lo contamina el PP, su socio de Gobierno, no Madrid\u201d | PSOE Canarias<\/title>\n<meta name=\"robots\" content=\"index, follow, max-snippet:-1, max-image-preview:large, max-video-preview:-1\" \/>\n<link rel=\"canonical\" href=\"https:\/\/psoecanarias.com\/web\/franquis-a-clavijo-sobre-la-acogida-de-menores-migrantes-esto-lo-contamina-el-pp-su-socio-de-gobierno-no-madrid\/\" \/>\n<meta property=\"og:locale\" content=\"es_ES\" \/>\n<meta property=\"og:type\" content=\"article\" \/>\n<meta property=\"og:title\" content=\"Franquis a Clavijo sobre la acogida de menores migrantes: \u201cEsto lo contamina el PP, su socio de Gobierno, no Madrid\u201d | PSOE Canarias\" \/>\n<meta property=\"og:description\" content=\"Critica la pasividad y \u201csumisi\u00f3n\u201d del presidente de Canarias, tras la negativa de las CC del Partido Popular en la Sectorial de Infancia a acordar la acogida territorial\" \/>\n<meta property=\"og:url\" content=\"https:\/\/psoecanarias.com\/web\/franquis-a-clavijo-sobre-la-acogida-de-menores-migrantes-esto-lo-contamina-el-pp-su-socio-de-gobierno-no-madrid\/\" \/>\n<meta property=\"og:site_name\" content=\"PSOE Canarias\" \/>\n<meta property=\"article:published_time\" content=\"2025-05-06T14:00:18+00:00\" \/>\n<meta property=\"article:modified_time\" content=\"2025-05-06T14:01:19+00:00\" \/>\n<meta property=\"og:image\" content=\"https:\/\/psoecanarias.com\/web\/wp-content\/uploads\/2025\/05\/foto-chano.jpg\" \/>\n\t<meta property=\"og:image:width\" content=\"1600\" \/>\n\t<meta property=\"og:image:height\" content=\"1066\" \/>\n\t<meta property=\"og:image:type\" content=\"image\/jpeg\" \/>\n<meta name=\"author\" content=\"PSOE Canarias\" \/>\n<meta name=\"twitter:card\" content=\"summary_large_image\" \/>\n<script type=\"application\/ld+json\" class=\"yoast-schema-graph\">{\"@context\":\"https:\/\/schema.org\",\"@graph\":[{\"@type\":\"Article\",\"@id\":\"https:\/\/psoecanarias.com\/web\/franquis-a-clavijo-sobre-la-acogida-de-menores-migrantes-esto-lo-contamina-el-pp-su-socio-de-gobierno-no-madrid\/#article\",\"isPartOf\":{\"@id\":\"https:\/\/psoecanarias.com\/web\/franquis-a-clavijo-sobre-la-acogida-de-menores-migrantes-esto-lo-contamina-el-pp-su-socio-de-gobierno-no-madrid\/\"},\"author\":{\"name\":\"PSOE Canarias\",\"@id\":\"https:\/\/psoecanarias.com\/web\/#\/schema\/person\/1ae43f9659d2fc599ca69c11e1dbf26f\"},\"headline\":\"Franquis a Clavijo sobre la acogida de menores migrantes: \u201cEsto lo contamina el PP, su socio de Gobierno, no Madrid\u201d\",\"datePublished\":\"2025-05-06T14:00:18+00:00\",\"dateModified\":\"2025-05-06T14:01:19+00:00\",\"mainEntityOfPage\":{\"@id\":\"https:\/\/psoecanarias.com\/web\/franquis-a-clavijo-sobre-la-acogida-de-menores-migrantes-esto-lo-contamina-el-pp-su-socio-de-gobierno-no-madrid\/\"},\"wordCount\":727,\"commentCount\":0,\"image\":{\"@id\":\"https:\/\/psoecanarias.com\/web\/franquis-a-clavijo-sobre-la-acogida-de-menores-migrantes-esto-lo-contamina-el-pp-su-socio-de-gobierno-no-madrid\/#primaryimage\"},\"thumbnailUrl\":\"https:\/\/psoecanarias.com\/web\/wp-content\/uploads\/2025\/05\/foto-chano.jpg\",\"keywords\":[\"Chano Franquis\"],\"articleSection\":[\"Grupo Parlamentario\",\"Pol\u00edtica\"],\"inLanguage\":\"es\",\"potentialAction\":[{\"@type\":\"CommentAction\",\"name\":\"Comment\",\"target\":[\"https:\/\/psoecanarias.com\/web\/franquis-a-clavijo-sobre-la-acogida-de-menores-migrantes-esto-lo-contamina-el-pp-su-socio-de-gobierno-no-madrid\/#respond\"]}]},{\"@type\":\"WebPage\",\"@id\":\"https:\/\/psoecanarias.com\/web\/franquis-a-clavijo-sobre-la-acogida-de-menores-migrantes-esto-lo-contamina-el-pp-su-socio-de-gobierno-no-madrid\/\",\"url\":\"https:\/\/psoecanarias.com\/web\/franquis-a-clavijo-sobre-la-acogida-de-menores-migrantes-esto-lo-contamina-el-pp-su-socio-de-gobierno-no-madrid\/\",\"name\":\"Franquis a Clavijo sobre la acogida de menores migrantes: \u201cEsto lo contamina el PP, su socio de Gobierno, no Madrid\u201d | PSOE Canarias\",\"isPartOf\":{\"@id\":\"https:\/\/psoecanarias.com\/web\/#website\"},\"primaryImageOfPage\":{\"@id\":\"https:\/\/psoecanarias.com\/web\/franquis-a-clavijo-sobre-la-acogida-de-menores-migrantes-esto-lo-contamina-el-pp-su-socio-de-gobierno-no-madrid\/#primaryimage\"},\"image\":{\"@id\":\"https:\/\/psoecanarias.com\/web\/franquis-a-clavijo-sobre-la-acogida-de-menores-migrantes-esto-lo-contamina-el-pp-su-socio-de-gobierno-no-madrid\/#primaryimage\"},\"thumbnailUrl\":\"https:\/\/psoecanarias.com\/web\/wp-content\/uploads\/2025\/05\/foto-chano.jpg\",\"datePublished\":\"2025-05-06T14:00:18+00:00\",\"dateModified\":\"2025-05-06T14:01:19+00:00\",\"author\":{\"@id\":\"https:\/\/psoecanarias.com\/web\/#\/schema\/person\/1ae43f9659d2fc599ca69c11e1dbf26f\"},\"breadcrumb\":{\"@id\":\"https:\/\/psoecanarias.com\/web\/franquis-a-clavijo-sobre-la-acogida-de-menores-migrantes-esto-lo-contamina-el-pp-su-socio-de-gobierno-no-madrid\/#breadcrumb\"},\"inLanguage\":\"es\",\"potentialAction\":[{\"@type\":\"ReadAction\",\"target\":[\"https:\/\/psoecanarias.com\/web\/franquis-a-clavijo-sobre-la-acogida-de-menores-migrantes-esto-lo-contamina-el-pp-su-socio-de-gobierno-no-madrid\/\"]}]},{\"@type\":\"ImageObject\",\"inLanguage\":\"es\",\"@id\":\"https:\/\/psoecanarias.com\/web\/franquis-a-clavijo-sobre-la-acogida-de-menores-migrantes-esto-lo-contamina-el-pp-su-socio-de-gobierno-no-madrid\/#primaryimage\",\"url\":\"https:\/\/psoecanarias.com\/web\/wp-content\/uploads\/2025\/05\/foto-chano.jpg\",\"contentUrl\":\"https:\/\/psoecanarias.com\/web\/wp-content\/uploads\/2025\/05\/foto-chano.jpg\",\"width\":1600,\"height\":1066,\"caption\":\"Sebasti\u00e1n Franquis, portavoz del Grupo Parlamentario Socialista.\"},{\"@type\":\"BreadcrumbList\",\"@id\":\"https:\/\/psoecanarias.com\/web\/franquis-a-clavijo-sobre-la-acogida-de-menores-migrantes-esto-lo-contamina-el-pp-su-socio-de-gobierno-no-madrid\/#breadcrumb\",\"itemListElement\":[{\"@type\":\"ListItem\",\"position\":1,\"name\":\"Portada\",\"item\":\"https:\/\/psoecanarias.com\/web\/\"},{\"@type\":\"ListItem\",\"position\":2,\"name\":\"Franquis a Clavijo sobre la acogida de menores migrantes: \u201cEsto lo contamina el PP, su socio de Gobierno, no Madrid\u201d\"}]},{\"@type\":\"WebSite\",\"@id\":\"https:\/\/psoecanarias.com\/web\/#website\",\"url\":\"https:\/\/psoecanarias.com\/web\/\",\"name\":\"PSOE Canarias\",\"description\":\"Partido Socialista Obrero Espa\u00f1ol Canarias\",\"potentialAction\":[{\"@type\":\"SearchAction\",\"target\":{\"@type\":\"EntryPoint\",\"urlTemplate\":\"https:\/\/psoecanarias.com\/web\/?s={search_term_string}\"},\"query-input\":{\"@type\":\"PropertyValueSpecification\",\"valueRequired\":true,\"valueName\":\"search_term_string\"}}],\"inLanguage\":\"es\"},{\"@type\":\"Person\",\"@id\":\"https:\/\/psoecanarias.com\/web\/#\/schema\/person\/1ae43f9659d2fc599ca69c11e1dbf26f\",\"name\":\"PSOE Canarias\",\"image\":{\"@type\":\"ImageObject\",\"inLanguage\":\"es\",\"@id\":\"https:\/\/secure.gravatar.com\/avatar\/4364d37f6f6f9cdb7af199b46151565f37d8a8c3c0e04c1d78c04e857a15e3a8?s=96&d=mm&r=g\",\"url\":\"https:\/\/secure.gravatar.com\/avatar\/4364d37f6f6f9cdb7af199b46151565f37d8a8c3c0e04c1d78c04e857a15e3a8?s=96&d=mm&r=g\",\"contentUrl\":\"https:\/\/secure.gravatar.com\/avatar\/4364d37f6f6f9cdb7af199b46151565f37d8a8c3c0e04c1d78c04e857a15e3a8?s=96&d=mm&r=g\",\"caption\":\"PSOE Canarias\"},\"url\":\"https:\/\/psoecanarias.com\/web\/author\/admin\/\"}]}<\/script>\n<!-- \/ Yoast SEO plugin. -->","yoast_head_json":{"title":"Franquis a Clavijo sobre la acogida de menores migrantes: \u201cEsto lo contamina el PP, su socio de Gobierno, no Madrid\u201d | PSOE Canarias","robots":{"index":"index","follow":"follow","max-snippet":"max-snippet:-1","max-image-preview":"max-image-preview:large","max-video-preview":"max-video-preview:-1"},"canonical":"https:\/\/psoecanarias.com\/web\/franquis-a-clavijo-sobre-la-acogida-de-menores-migrantes-esto-lo-contamina-el-pp-su-socio-de-gobierno-no-madrid\/","og_locale":"es_ES","og_type":"article","og_title":"Franquis a Clavijo sobre la acogida de menores migrantes: \u201cEsto lo contamina el PP, su socio de Gobierno, no Madrid\u201d | PSOE Canarias","og_description":"Critica la pasividad y \u201csumisi\u00f3n\u201d del presidente de Canarias, tras la negativa de las CC del Partido Popular en la Sectorial de Infancia a acordar la acogida territorial","og_url":"https:\/\/psoecanarias.com\/web\/franquis-a-clavijo-sobre-la-acogida-de-menores-migrantes-esto-lo-contamina-el-pp-su-socio-de-gobierno-no-madrid\/","og_site_name":"PSOE Canarias","article_published_time":"2025-05-06T14:00:18+00:00","article_modified_time":"2025-05-06T14:01:19+00:00","og_image":[{"width":1600,"height":1066,"url":"https:\/\/psoecanarias.com\/web\/wp-content\/uploads\/2025\/05\/foto-chano.jpg","type":"image\/jpeg"}],"author":"PSOE Canarias","twitter_card":"summary_large_image","schema":{"@context":"https:\/\/schema.org","@graph":[{"@type":"Article","@id":"https:\/\/psoecanarias.com\/web\/franquis-a-clavijo-sobre-la-acogida-de-menores-migrantes-esto-lo-contamina-el-pp-su-socio-de-gobierno-no-madrid\/#article","isPartOf":{"@id":"https:\/\/psoecanarias.com\/web\/franquis-a-clavijo-sobre-la-acogida-de-menores-migrantes-esto-lo-contamina-el-pp-su-socio-de-gobierno-no-madrid\/"},"author":{"name":"PSOE Canarias","@id":"https:\/\/psoecanarias.com\/web\/#\/schema\/person\/1ae43f9659d2fc599ca69c11e1dbf26f"},"headline":"Franquis a Clavijo sobre la acogida de menores migrantes: \u201cEsto lo contamina el PP, su socio de Gobierno, no Madrid\u201d","datePublished":"2025-05-06T14:00:18+00:00","dateModified":"2025-05-06T14:01:19+00:00","mainEntityOfPage":{"@id":"https:\/\/psoecanarias.com\/web\/franquis-a-clavijo-sobre-la-acogida-de-menores-migrantes-esto-lo-contamina-el-pp-su-socio-de-gobierno-no-madrid\/"},"wordCount":727,"commentCount":0,"image":{"@id":"https:\/\/psoecanarias.com\/web\/franquis-a-clavijo-sobre-la-acogida-de-menores-migrantes-esto-lo-contamina-el-pp-su-socio-de-gobierno-no-madrid\/#primaryimage"},"thumbnailUrl":"https:\/\/psoecanarias.com\/web\/wp-content\/uploads\/2025\/05\/foto-chano.jpg","keywords":["Chano Franquis"],"articleSection":["Grupo Parlamentario","Pol\u00edtica"],"inLanguage":"es","potentialAction":[{"@type":"CommentAction","name":"Comment","target":["https:\/\/psoecanarias.com\/web\/franquis-a-clavijo-sobre-la-acogida-de-menores-migrantes-esto-lo-contamina-el-pp-su-socio-de-gobierno-no-madrid\/#respond"]}]},{"@type":"WebPage","@id":"https:\/\/psoecanarias.com\/web\/franquis-a-clavijo-sobre-la-acogida-de-menores-migrantes-esto-lo-contamina-el-pp-su-socio-de-gobierno-no-madrid\/","url":"https:\/\/psoecanarias.com\/web\/franquis-a-clavijo-sobre-la-acogida-de-menores-migrantes-esto-lo-contamina-el-pp-su-socio-de-gobierno-no-madrid\/","name":"Franquis a Clavijo sobre la acogida de menores migrantes: \u201cEsto lo contamina el PP, su socio de Gobierno, no Madrid\u201d | PSOE Canarias","isPartOf":{"@id":"https:\/\/psoecanarias.com\/web\/#website"},"primaryImageOfPage":{"@id":"https:\/\/psoecanarias.com\/web\/franquis-a-clavijo-sobre-la-acogida-de-menores-migrantes-esto-lo-contamina-el-pp-su-socio-de-gobierno-no-madrid\/#primaryimage"},"image":{"@id":"https:\/\/psoecanarias.com\/web\/franquis-a-clavijo-sobre-la-acogida-de-menores-migrantes-esto-lo-contamina-el-pp-su-socio-de-gobierno-no-madrid\/#primaryimage"},"thumbnailUrl":"https:\/\/psoecanarias.com\/web\/wp-content\/uploads\/2025\/05\/foto-chano.jpg","datePublished":"2025-05-06T14:00:18+00:00","dateModified":"2025-05-06T14:01:19+00:00","author":{"@id":"https:\/\/psoecanarias.com\/web\/#\/schema\/person\/1ae43f9659d2fc599ca69c11e1dbf26f"},"breadcrumb":{"@id":"https:\/\/psoecanarias.com\/web\/franquis-a-clavijo-sobre-la-acogida-de-menores-migrantes-esto-lo-contamina-el-pp-su-socio-de-gobierno-no-madrid\/#breadcrumb"},"inLanguage":"es","potentialAction":[{"@type":"ReadAction","target":["https:\/\/psoecanarias.com\/web\/franquis-a-clavijo-sobre-la-acogida-de-menores-migrantes-esto-lo-contamina-el-pp-su-socio-de-gobierno-no-madrid\/"]}]},{"@type":"ImageObject","inLanguage":"es","@id":"https:\/\/psoecanarias.com\/web\/franquis-a-clavijo-sobre-la-acogida-de-menores-migrantes-esto-lo-contamina-el-pp-su-socio-de-gobierno-no-madrid\/#primaryimage","url":"https:\/\/psoecanarias.com\/web\/wp-content\/uploads\/2025\/05\/foto-chano.jpg","contentUrl":"https:\/\/psoecanarias.com\/web\/wp-content\/uploads\/2025\/05\/foto-chano.jpg","width":1600,"height":1066,"caption":"Sebasti\u00e1n Franquis, portavoz del Grupo Parlamentario Socialista."},{"@type":"BreadcrumbList","@id":"https:\/\/psoecanarias.com\/web\/franquis-a-clavijo-sobre-la-acogida-de-menores-migrantes-esto-lo-contamina-el-pp-su-socio-de-gobierno-no-madrid\/#breadcrumb","itemListElement":[{"@type":"ListItem","position":1,"name":"Portada","item":"https:\/\/psoecanarias.com\/web\/"},{"@type":"ListItem","position":2,"name":"Franquis a Clavijo sobre la acogida de menores migrantes: \u201cEsto lo contamina el PP, su socio de Gobierno, no Madrid\u201d"}]},{"@type":"WebSite","@id":"https:\/\/psoecanarias.com\/web\/#website","url":"https:\/\/psoecanarias.com\/web\/","name":"PSOE Canarias","description":"Partido Socialista Obrero Espa\u00f1ol Canarias","potentialAction":[{"@type":"SearchAction","target":{"@type":"EntryPoint","urlTemplate":"https:\/\/psoecanarias.com\/web\/?s={search_term_string}"},"query-input":{"@type":"PropertyValueSpecification","valueRequired":true,"valueName":"search_term_string"}}],"inLanguage":"es"},{"@type":"Person","@id":"https:\/\/psoecanarias.com\/web\/#\/schema\/person\/1ae43f9659d2fc599ca69c11e1dbf26f","name":"PSOE Canarias","image":{"@type":"ImageObject","inLanguage":"es","@id":"https:\/\/secure.gravatar.com\/avatar\/4364d37f6f6f9cdb7af199b46151565f37d8a8c3c0e04c1d78c04e857a15e3a8?s=96&d=mm&r=g","url":"https:\/\/secure.gravatar.com\/avatar\/4364d37f6f6f9cdb7af199b46151565f37d8a8c3c0e04c1d78c04e857a15e3a8?s=96&d=mm&r=g","contentUrl":"https:\/\/secure.gravatar.com\/avatar\/4364d37f6f6f9cdb7af199b46151565f37d8a8c3c0e04c1d78c04e857a15e3a8?s=96&d=mm&r=g","caption":"PSOE Canarias"},"url":"https:\/\/psoecanarias.com\/web\/author\/admin\/"}]}},"_links":{"self":[{"href":"https:\/\/psoecanarias.com\/web\/wp-json\/wp\/v2\/posts\/56133","targetHints":{"allow":["GET"]}}],"collection":[{"href":"https:\/\/psoecanarias.com\/web\/wp-json\/wp\/v2\/posts"}],"about":[{"href":"https:\/\/psoecanarias.com\/web\/wp-json\/wp\/v2\/types\/post"}],"author":[{"embeddable":true,"href":"https:\/\/psoecanarias.com\/web\/wp-json\/wp\/v2\/users\/1"}],"replies":[{"embeddable":true,"href":"https:\/\/psoecanarias.com\/web\/wp-json\/wp\/v2\/comments?post=56133"}],"version-history":[{"count":1,"href":"https:\/\/psoecanarias.com\/web\/wp-json\/wp\/v2\/posts\/56133\/revisions"}],"predecessor-version":[{"id":56134,"href":"https:\/\/psoecanarias.com\/web\/wp-json\/wp\/v2\/posts\/56133\/revisions\/56134"}],"wp:featuredmedia":[{"embeddable":true,"href":"https:\/\/psoecanarias.com\/web\/wp-json\/wp\/v2\/media\/56135"}],"wp:attachment":[{"href":"https:\/\/psoecanarias.com\/web\/wp-json\/wp\/v2\/media?parent=56133"}],"wp:term":[{"taxonomy":"category","embeddable":true,"href":"https:\/\/psoecanarias.com\/web\/wp-json\/wp\/v2\/categories?post=56133"},{"taxonomy":"post_tag","embeddable":true,"href":"https:\/\/psoecanarias.com\/web\/wp-json\/wp\/v2\/tags?post=56133"}],"curies":[{"name":"wp","href":"https:\/\/api.w.org\/{rel}","templated":true}]}}