{"id":6036,"date":"2019-02-02T12:02:33","date_gmt":"2019-02-02T12:02:33","guid":{"rendered":"http:\/\/psoecanarias.com\/web\/?p=6036"},"modified":"2019-02-02T12:02:33","modified_gmt":"2019-02-02T12:02:33","slug":"el-psoe-traslada-a-la-camara-el-descontento-ciudadano-con-la-mala-gestion-de-cc-de-los-servicios-esenciales","status":"publish","type":"post","link":"https:\/\/psoecanarias.com\/web\/el-psoe-traslada-a-la-camara-el-descontento-ciudadano-con-la-mala-gestion-de-cc-de-los-servicios-esenciales\/","title":{"rendered":"El PSOE traslada a la C\u00e1mara el descontento ciudadano con la mala gesti\u00f3n de CC de los servicios esenciales"},"content":{"rendered":"<p>El Grupo Parlamentario Socialista trasladar\u00e1 al pleno de la pr\u00f3xima semana el descontento ciudadano por el deterioro de los servicios p\u00fablicos esenciales debido a la mala gesti\u00f3n realizada por el Gobierno de Fernando Clavijo (CC). Sanidad, educaci\u00f3n o servicios sociales ser\u00e1n los ejes en torno a los que giren las propuestas socialistas en la sesi\u00f3n prevista para los d\u00edas 5 y 6 de febrero.<\/p>\n<p>La portavoz en la C\u00e1mara, Dolores Corujo, explica que el PSOE pondr\u00e1 sobre la mesa, una vez m\u00e1s, la preocupante situaci\u00f3n que atraviesa la sanidad canaria. Ser\u00e1 la diputada Patricia Hern\u00e1ndez quien interpele al consejero, Jos\u00e9 Manuel Baltar, para que explique los motivos por los que el sistema de salud canario se valora como el peor de Espa\u00f1a.<\/p>\n<p>Por su parte, la diputada Teresa Cruz Oval preguntar\u00e1 al Gobierno por la ejecuci\u00f3n del plan de infraestructuras sociosanitarias ante el actual escenario de insuficiencia de plazas, su consecuente da\u00f1o a la sanidad p\u00fablica y a la atenci\u00f3n a las personas en situaci\u00f3n de dependencia en las islas.<\/p>\n<p>El repunte del abandono escolar temprano en Canarias ser\u00e1 otro de los asuntos que se debatir\u00e1n en este pleno a iniciativa del PSOE. La diputada Ana Gonz\u00e1lez pregunta qu\u00e9 est\u00e1 haciendo el Gobierno de CC ante unos datos que apuntan a que casi el 21 por ciento de j\u00f3venes de 18 a 24 a\u00f1os abandon\u00f3 sus estudios en 2018 tras la Secundaria, lo que representa un aumento de 3,4 puntos respecto a 2017.<\/p>\n<p>En cuanto a la pregunta dirigida al presidente, la portavoz Dolores Corujo se centrar\u00e1 en el \u201ctan anunciado y no cumplido\u201d compromiso del Gobierno de cambiar el modelo productivo de Canarias para reducir la dependencia del sector servicios.<\/p>\n<p>OTROS ASUNTOS<\/p>\n<p>El PSOE pide al Gobierno, en este pleno, informaci\u00f3n sobre el mecanismo que prev\u00e9 para la devoluci\u00f3n del Impuesto General Indirecto Canario a los turistas brit\u00e1nicos. Asimismo, el Ejecutivo comparecer\u00e1 a instancias del Grupo Socialista sobre el proyecto de Ley de Presupuestos Generales del Estado para 2019, unas cuentas que servir\u00e1n para compensar la mala gesti\u00f3n que hace en las islas el Gobierno Clavijo y que responden especialmente a Canarias, con mejoras evidentes en la aplicaci\u00f3n de la ley de dependencia, las pensiones, las becas o el salario m\u00ednimo interprofesional, entre otras \u00e1reas.<\/p>\n<p>La convocatoria de subvenciones para el sector audiovisual y las denuncias y reclamaciones presentadas en materia el\u00e9ctrica son otras de las cuestiones que ser\u00e1n debatidas en esta sesi\u00f3n a petici\u00f3n del PSOE.<\/p>\n","protected":false},"excerpt":{"rendered":"<p>El Grupo Parlamentario Socialista trasladar\u00e1 al pleno de la pr\u00f3xima semana el descontento ciudadano por el deterioro de los servicios p\u00fablicos esenciales debido a la mala gesti\u00f3n realizada por el Gobierno de Fernando Clavijo (CC). Sanidad, educaci\u00f3n o servicios sociales ser\u00e1n los ejes en torno a los que giren las propuestas socialistas en la sesi\u00f3n [&hellip;]<\/p>\n","protected":false},"author":1,"featured_media":8406,"comment_status":"open","ping_status":"open","sticky":false,"template":"","format":"standard","meta":{"footnotes":""},"categories":[7],"tags":[],"class_list":["post-6036","post","type-post","status-publish","format-standard","has-post-thumbnail","hentry","category-politica"],"featured_image_src":"https:\/\/psoecanarias.com\/web\/wp-content\/uploads\/2020\/03\/thumb_noimages.jpg","author_info":{"display_name":"PSOE Canarias","author_link":"https:\/\/psoecanarias.com\/web\/author\/admin\/"},"yoast_head":"<!-- This site is optimized with the Yoast SEO plugin v27.2 - https:\/\/yoast.com\/product\/yoast-seo-wordpress\/ -->\n<title>El PSOE traslada a la C\u00e1mara el descontento ciudadano con la mala gesti\u00f3n de CC de los servicios esenciales | PSOE Canarias<\/title>\n<meta name=\"robots\" content=\"index, follow, max-snippet:-1, max-image-preview:large, max-video-preview:-1\" \/>\n<link rel=\"canonical\" href=\"https:\/\/psoecanarias.com\/web\/el-psoe-traslada-a-la-camara-el-descontento-ciudadano-con-la-mala-gestion-de-cc-de-los-servicios-esenciales\/\" \/>\n<meta property=\"og:locale\" content=\"es_ES\" \/>\n<meta property=\"og:type\" content=\"article\" \/>\n<meta property=\"og:title\" content=\"El PSOE traslada a la C\u00e1mara el descontento ciudadano con la mala gesti\u00f3n de CC de los servicios esenciales | PSOE Canarias\" \/>\n<meta property=\"og:description\" content=\"El Grupo Parlamentario Socialista trasladar\u00e1 al pleno de la pr\u00f3xima semana el descontento ciudadano por el deterioro de los servicios p\u00fablicos esenciales debido a la mala gesti\u00f3n realizada por el Gobierno de Fernando Clavijo (CC). Sanidad, educaci\u00f3n o servicios sociales ser\u00e1n los ejes en torno a los que giren las propuestas socialistas en la sesi\u00f3n [&hellip;]\" \/>\n<meta property=\"og:url\" content=\"https:\/\/psoecanarias.com\/web\/el-psoe-traslada-a-la-camara-el-descontento-ciudadano-con-la-mala-gestion-de-cc-de-los-servicios-esenciales\/\" \/>\n<meta property=\"og:site_name\" content=\"PSOE Canarias\" \/>\n<meta property=\"article:published_time\" content=\"2019-02-02T12:02:33+00:00\" \/>\n<meta property=\"og:image\" content=\"https:\/\/psoecanarias.com\/web\/wp-content\/uploads\/2020\/03\/thumb_noimages.jpg\" \/>\n\t<meta property=\"og:image:width\" content=\"303\" \/>\n\t<meta property=\"og:image:height\" content=\"200\" \/>\n\t<meta property=\"og:image:type\" content=\"image\/jpeg\" \/>\n<meta name=\"author\" content=\"PSOE Canarias\" \/>\n<meta name=\"twitter:card\" content=\"summary_large_image\" \/>\n<script type=\"application\/ld+json\" class=\"yoast-schema-graph\">{\"@context\":\"https:\/\/schema.org\",\"@graph\":[{\"@type\":\"Article\",\"@id\":\"https:\/\/psoecanarias.com\/web\/el-psoe-traslada-a-la-camara-el-descontento-ciudadano-con-la-mala-gestion-de-cc-de-los-servicios-esenciales\/#article\",\"isPartOf\":{\"@id\":\"https:\/\/psoecanarias.com\/web\/el-psoe-traslada-a-la-camara-el-descontento-ciudadano-con-la-mala-gestion-de-cc-de-los-servicios-esenciales\/\"},\"author\":{\"name\":\"PSOE Canarias\",\"@id\":\"https:\/\/psoecanarias.com\/web\/#\/schema\/person\/1ae43f9659d2fc599ca69c11e1dbf26f\"},\"headline\":\"El PSOE traslada a la C\u00e1mara el descontento ciudadano con la mala gesti\u00f3n de CC de los servicios esenciales\",\"datePublished\":\"2019-02-02T12:02:33+00:00\",\"mainEntityOfPage\":{\"@id\":\"https:\/\/psoecanarias.com\/web\/el-psoe-traslada-a-la-camara-el-descontento-ciudadano-con-la-mala-gestion-de-cc-de-los-servicios-esenciales\/\"},\"wordCount\":452,\"commentCount\":0,\"image\":{\"@id\":\"https:\/\/psoecanarias.com\/web\/el-psoe-traslada-a-la-camara-el-descontento-ciudadano-con-la-mala-gestion-de-cc-de-los-servicios-esenciales\/#primaryimage\"},\"thumbnailUrl\":\"https:\/\/psoecanarias.com\/web\/wp-content\/uploads\/2020\/03\/thumb_noimages.jpg\",\"articleSection\":[\"Pol\u00edtica\"],\"inLanguage\":\"es\",\"potentialAction\":[{\"@type\":\"CommentAction\",\"name\":\"Comment\",\"target\":[\"https:\/\/psoecanarias.com\/web\/el-psoe-traslada-a-la-camara-el-descontento-ciudadano-con-la-mala-gestion-de-cc-de-los-servicios-esenciales\/#respond\"]}]},{\"@type\":\"WebPage\",\"@id\":\"https:\/\/psoecanarias.com\/web\/el-psoe-traslada-a-la-camara-el-descontento-ciudadano-con-la-mala-gestion-de-cc-de-los-servicios-esenciales\/\",\"url\":\"https:\/\/psoecanarias.com\/web\/el-psoe-traslada-a-la-camara-el-descontento-ciudadano-con-la-mala-gestion-de-cc-de-los-servicios-esenciales\/\",\"name\":\"El PSOE traslada a la C\u00e1mara el descontento ciudadano con la mala gesti\u00f3n de CC de los servicios esenciales | PSOE Canarias\",\"isPartOf\":{\"@id\":\"https:\/\/psoecanarias.com\/web\/#website\"},\"primaryImageOfPage\":{\"@id\":\"https:\/\/psoecanarias.com\/web\/el-psoe-traslada-a-la-camara-el-descontento-ciudadano-con-la-mala-gestion-de-cc-de-los-servicios-esenciales\/#primaryimage\"},\"image\":{\"@id\":\"https:\/\/psoecanarias.com\/web\/el-psoe-traslada-a-la-camara-el-descontento-ciudadano-con-la-mala-gestion-de-cc-de-los-servicios-esenciales\/#primaryimage\"},\"thumbnailUrl\":\"https:\/\/psoecanarias.com\/web\/wp-content\/uploads\/2020\/03\/thumb_noimages.jpg\",\"datePublished\":\"2019-02-02T12:02:33+00:00\",\"author\":{\"@id\":\"https:\/\/psoecanarias.com\/web\/#\/schema\/person\/1ae43f9659d2fc599ca69c11e1dbf26f\"},\"breadcrumb\":{\"@id\":\"https:\/\/psoecanarias.com\/web\/el-psoe-traslada-a-la-camara-el-descontento-ciudadano-con-la-mala-gestion-de-cc-de-los-servicios-esenciales\/#breadcrumb\"},\"inLanguage\":\"es\",\"potentialAction\":[{\"@type\":\"ReadAction\",\"target\":[\"https:\/\/psoecanarias.com\/web\/el-psoe-traslada-a-la-camara-el-descontento-ciudadano-con-la-mala-gestion-de-cc-de-los-servicios-esenciales\/\"]}]},{\"@type\":\"ImageObject\",\"inLanguage\":\"es\",\"@id\":\"https:\/\/psoecanarias.com\/web\/el-psoe-traslada-a-la-camara-el-descontento-ciudadano-con-la-mala-gestion-de-cc-de-los-servicios-esenciales\/#primaryimage\",\"url\":\"https:\/\/psoecanarias.com\/web\/wp-content\/uploads\/2020\/03\/thumb_noimages.jpg\",\"contentUrl\":\"https:\/\/psoecanarias.com\/web\/wp-content\/uploads\/2020\/03\/thumb_noimages.jpg\",\"width\":303,\"height\":200},{\"@type\":\"BreadcrumbList\",\"@id\":\"https:\/\/psoecanarias.com\/web\/el-psoe-traslada-a-la-camara-el-descontento-ciudadano-con-la-mala-gestion-de-cc-de-los-servicios-esenciales\/#breadcrumb\",\"itemListElement\":[{\"@type\":\"ListItem\",\"position\":1,\"name\":\"Portada\",\"item\":\"https:\/\/psoecanarias.com\/web\/\"},{\"@type\":\"ListItem\",\"position\":2,\"name\":\"El PSOE traslada a la C\u00e1mara el descontento ciudadano con la mala gesti\u00f3n de CC de los servicios esenciales\"}]},{\"@type\":\"WebSite\",\"@id\":\"https:\/\/psoecanarias.com\/web\/#website\",\"url\":\"https:\/\/psoecanarias.com\/web\/\",\"name\":\"PSOE Canarias\",\"description\":\"Partido Socialista Obrero Espa\u00f1ol Canarias\",\"potentialAction\":[{\"@type\":\"SearchAction\",\"target\":{\"@type\":\"EntryPoint\",\"urlTemplate\":\"https:\/\/psoecanarias.com\/web\/?s={search_term_string}\"},\"query-input\":{\"@type\":\"PropertyValueSpecification\",\"valueRequired\":true,\"valueName\":\"search_term_string\"}}],\"inLanguage\":\"es\"},{\"@type\":\"Person\",\"@id\":\"https:\/\/psoecanarias.com\/web\/#\/schema\/person\/1ae43f9659d2fc599ca69c11e1dbf26f\",\"name\":\"PSOE Canarias\",\"image\":{\"@type\":\"ImageObject\",\"inLanguage\":\"es\",\"@id\":\"https:\/\/secure.gravatar.com\/avatar\/4364d37f6f6f9cdb7af199b46151565f37d8a8c3c0e04c1d78c04e857a15e3a8?s=96&d=mm&r=g\",\"url\":\"https:\/\/secure.gravatar.com\/avatar\/4364d37f6f6f9cdb7af199b46151565f37d8a8c3c0e04c1d78c04e857a15e3a8?s=96&d=mm&r=g\",\"contentUrl\":\"https:\/\/secure.gravatar.com\/avatar\/4364d37f6f6f9cdb7af199b46151565f37d8a8c3c0e04c1d78c04e857a15e3a8?s=96&d=mm&r=g\",\"caption\":\"PSOE Canarias\"},\"url\":\"https:\/\/psoecanarias.com\/web\/author\/admin\/\"}]}<\/script>\n<!-- \/ Yoast SEO plugin. -->","yoast_head_json":{"title":"El PSOE traslada a la C\u00e1mara el descontento ciudadano con la mala gesti\u00f3n de CC de los servicios esenciales | PSOE Canarias","robots":{"index":"index","follow":"follow","max-snippet":"max-snippet:-1","max-image-preview":"max-image-preview:large","max-video-preview":"max-video-preview:-1"},"canonical":"https:\/\/psoecanarias.com\/web\/el-psoe-traslada-a-la-camara-el-descontento-ciudadano-con-la-mala-gestion-de-cc-de-los-servicios-esenciales\/","og_locale":"es_ES","og_type":"article","og_title":"El PSOE traslada a la C\u00e1mara el descontento ciudadano con la mala gesti\u00f3n de CC de los servicios esenciales | PSOE Canarias","og_description":"El Grupo Parlamentario Socialista trasladar\u00e1 al pleno de la pr\u00f3xima semana el descontento ciudadano por el deterioro de los servicios p\u00fablicos esenciales debido a la mala gesti\u00f3n realizada por el Gobierno de Fernando Clavijo (CC). Sanidad, educaci\u00f3n o servicios sociales ser\u00e1n los ejes en torno a los que giren las propuestas socialistas en la sesi\u00f3n [&hellip;]","og_url":"https:\/\/psoecanarias.com\/web\/el-psoe-traslada-a-la-camara-el-descontento-ciudadano-con-la-mala-gestion-de-cc-de-los-servicios-esenciales\/","og_site_name":"PSOE Canarias","article_published_time":"2019-02-02T12:02:33+00:00","og_image":[{"width":303,"height":200,"url":"https:\/\/psoecanarias.com\/web\/wp-content\/uploads\/2020\/03\/thumb_noimages.jpg","type":"image\/jpeg"}],"author":"PSOE Canarias","twitter_card":"summary_large_image","schema":{"@context":"https:\/\/schema.org","@graph":[{"@type":"Article","@id":"https:\/\/psoecanarias.com\/web\/el-psoe-traslada-a-la-camara-el-descontento-ciudadano-con-la-mala-gestion-de-cc-de-los-servicios-esenciales\/#article","isPartOf":{"@id":"https:\/\/psoecanarias.com\/web\/el-psoe-traslada-a-la-camara-el-descontento-ciudadano-con-la-mala-gestion-de-cc-de-los-servicios-esenciales\/"},"author":{"name":"PSOE Canarias","@id":"https:\/\/psoecanarias.com\/web\/#\/schema\/person\/1ae43f9659d2fc599ca69c11e1dbf26f"},"headline":"El PSOE traslada a la C\u00e1mara el descontento ciudadano con la mala gesti\u00f3n de CC de los servicios esenciales","datePublished":"2019-02-02T12:02:33+00:00","mainEntityOfPage":{"@id":"https:\/\/psoecanarias.com\/web\/el-psoe-traslada-a-la-camara-el-descontento-ciudadano-con-la-mala-gestion-de-cc-de-los-servicios-esenciales\/"},"wordCount":452,"commentCount":0,"image":{"@id":"https:\/\/psoecanarias.com\/web\/el-psoe-traslada-a-la-camara-el-descontento-ciudadano-con-la-mala-gestion-de-cc-de-los-servicios-esenciales\/#primaryimage"},"thumbnailUrl":"https:\/\/psoecanarias.com\/web\/wp-content\/uploads\/2020\/03\/thumb_noimages.jpg","articleSection":["Pol\u00edtica"],"inLanguage":"es","potentialAction":[{"@type":"CommentAction","name":"Comment","target":["https:\/\/psoecanarias.com\/web\/el-psoe-traslada-a-la-camara-el-descontento-ciudadano-con-la-mala-gestion-de-cc-de-los-servicios-esenciales\/#respond"]}]},{"@type":"WebPage","@id":"https:\/\/psoecanarias.com\/web\/el-psoe-traslada-a-la-camara-el-descontento-ciudadano-con-la-mala-gestion-de-cc-de-los-servicios-esenciales\/","url":"https:\/\/psoecanarias.com\/web\/el-psoe-traslada-a-la-camara-el-descontento-ciudadano-con-la-mala-gestion-de-cc-de-los-servicios-esenciales\/","name":"El PSOE traslada a la C\u00e1mara el descontento ciudadano con la mala gesti\u00f3n de CC de los servicios esenciales | PSOE Canarias","isPartOf":{"@id":"https:\/\/psoecanarias.com\/web\/#website"},"primaryImageOfPage":{"@id":"https:\/\/psoecanarias.com\/web\/el-psoe-traslada-a-la-camara-el-descontento-ciudadano-con-la-mala-gestion-de-cc-de-los-servicios-esenciales\/#primaryimage"},"image":{"@id":"https:\/\/psoecanarias.com\/web\/el-psoe-traslada-a-la-camara-el-descontento-ciudadano-con-la-mala-gestion-de-cc-de-los-servicios-esenciales\/#primaryimage"},"thumbnailUrl":"https:\/\/psoecanarias.com\/web\/wp-content\/uploads\/2020\/03\/thumb_noimages.jpg","datePublished":"2019-02-02T12:02:33+00:00","author":{"@id":"https:\/\/psoecanarias.com\/web\/#\/schema\/person\/1ae43f9659d2fc599ca69c11e1dbf26f"},"breadcrumb":{"@id":"https:\/\/psoecanarias.com\/web\/el-psoe-traslada-a-la-camara-el-descontento-ciudadano-con-la-mala-gestion-de-cc-de-los-servicios-esenciales\/#breadcrumb"},"inLanguage":"es","potentialAction":[{"@type":"ReadAction","target":["https:\/\/psoecanarias.com\/web\/el-psoe-traslada-a-la-camara-el-descontento-ciudadano-con-la-mala-gestion-de-cc-de-los-servicios-esenciales\/"]}]},{"@type":"ImageObject","inLanguage":"es","@id":"https:\/\/psoecanarias.com\/web\/el-psoe-traslada-a-la-camara-el-descontento-ciudadano-con-la-mala-gestion-de-cc-de-los-servicios-esenciales\/#primaryimage","url":"https:\/\/psoecanarias.com\/web\/wp-content\/uploads\/2020\/03\/thumb_noimages.jpg","contentUrl":"https:\/\/psoecanarias.com\/web\/wp-content\/uploads\/2020\/03\/thumb_noimages.jpg","width":303,"height":200},{"@type":"BreadcrumbList","@id":"https:\/\/psoecanarias.com\/web\/el-psoe-traslada-a-la-camara-el-descontento-ciudadano-con-la-mala-gestion-de-cc-de-los-servicios-esenciales\/#breadcrumb","itemListElement":[{"@type":"ListItem","position":1,"name":"Portada","item":"https:\/\/psoecanarias.com\/web\/"},{"@type":"ListItem","position":2,"name":"El PSOE traslada a la C\u00e1mara el descontento ciudadano con la mala gesti\u00f3n de CC de los servicios esenciales"}]},{"@type":"WebSite","@id":"https:\/\/psoecanarias.com\/web\/#website","url":"https:\/\/psoecanarias.com\/web\/","name":"PSOE Canarias","description":"Partido Socialista Obrero Espa\u00f1ol Canarias","potentialAction":[{"@type":"SearchAction","target":{"@type":"EntryPoint","urlTemplate":"https:\/\/psoecanarias.com\/web\/?s={search_term_string}"},"query-input":{"@type":"PropertyValueSpecification","valueRequired":true,"valueName":"search_term_string"}}],"inLanguage":"es"},{"@type":"Person","@id":"https:\/\/psoecanarias.com\/web\/#\/schema\/person\/1ae43f9659d2fc599ca69c11e1dbf26f","name":"PSOE Canarias","image":{"@type":"ImageObject","inLanguage":"es","@id":"https:\/\/secure.gravatar.com\/avatar\/4364d37f6f6f9cdb7af199b46151565f37d8a8c3c0e04c1d78c04e857a15e3a8?s=96&d=mm&r=g","url":"https:\/\/secure.gravatar.com\/avatar\/4364d37f6f6f9cdb7af199b46151565f37d8a8c3c0e04c1d78c04e857a15e3a8?s=96&d=mm&r=g","contentUrl":"https:\/\/secure.gravatar.com\/avatar\/4364d37f6f6f9cdb7af199b46151565f37d8a8c3c0e04c1d78c04e857a15e3a8?s=96&d=mm&r=g","caption":"PSOE Canarias"},"url":"https:\/\/psoecanarias.com\/web\/author\/admin\/"}]}},"_links":{"self":[{"href":"https:\/\/psoecanarias.com\/web\/wp-json\/wp\/v2\/posts\/6036","targetHints":{"allow":["GET"]}}],"collection":[{"href":"https:\/\/psoecanarias.com\/web\/wp-json\/wp\/v2\/posts"}],"about":[{"href":"https:\/\/psoecanarias.com\/web\/wp-json\/wp\/v2\/types\/post"}],"author":[{"embeddable":true,"href":"https:\/\/psoecanarias.com\/web\/wp-json\/wp\/v2\/users\/1"}],"replies":[{"embeddable":true,"href":"https:\/\/psoecanarias.com\/web\/wp-json\/wp\/v2\/comments?post=6036"}],"version-history":[{"count":1,"href":"https:\/\/psoecanarias.com\/web\/wp-json\/wp\/v2\/posts\/6036\/revisions"}],"predecessor-version":[{"id":6037,"href":"https:\/\/psoecanarias.com\/web\/wp-json\/wp\/v2\/posts\/6036\/revisions\/6037"}],"wp:featuredmedia":[{"embeddable":true,"href":"https:\/\/psoecanarias.com\/web\/wp-json\/wp\/v2\/media\/8406"}],"wp:attachment":[{"href":"https:\/\/psoecanarias.com\/web\/wp-json\/wp\/v2\/media?parent=6036"}],"wp:term":[{"taxonomy":"category","embeddable":true,"href":"https:\/\/psoecanarias.com\/web\/wp-json\/wp\/v2\/categories?post=6036"},{"taxonomy":"post_tag","embeddable":true,"href":"https:\/\/psoecanarias.com\/web\/wp-json\/wp\/v2\/tags?post=6036"}],"curies":[{"name":"wp","href":"https:\/\/api.w.org\/{rel}","templated":true}]}}