{"id":6044,"date":"2019-02-05T14:02:27","date_gmt":"2019-02-05T14:02:27","guid":{"rendered":"http:\/\/psoecanarias.com\/web\/?p=6044"},"modified":"2019-02-05T14:02:27","modified_gmt":"2019-02-05T14:02:27","slug":"sanidad-clavijo-coloca-al-lobo-a-cuidar-de-las-gallinas","status":"publish","type":"post","link":"https:\/\/psoecanarias.com\/web\/sanidad-clavijo-coloca-al-lobo-a-cuidar-de-las-gallinas\/","title":{"rendered":"Sanidad.- \u201cClavijo coloca al lobo a cuidar de las gallinas\u201d"},"content":{"rendered":"<p>El diputado del PSOE Gustavo Matos lament\u00f3 este martes que el presidente del Gobierno de Canarias, Fernando Clavijo, haya puesto \u201cal lobo a cuidar de las gallinas\u201d, en referencia al consejero de Sanidad, Jos\u00e9 Manuel Baltar. \u201cClavijo critica y desprestigia a un l\u00edder de la marea blanca por tener una consulta privada mientras coloca a un gerente de la privada al frente de la sanidad&#8221;, critic\u00f3 en el pleno de la C\u00e1mara.<\/p>\n<p>&nbsp;<\/p>\n<p>Matos sostuvo que el Gobierno de CC ha \u201cfracasado\u201d en esta legislatura en su deber de colocar la sanidad p\u00fablica en el lugar que le corresponde. \u201cLo dicen las y los trabajadores, los usuarios, todos los colectivos, pero la realidad es que seguimos cola en todos indicadores, uno por uno\u201d, expres\u00f3.<\/p>\n<p>&nbsp;<\/p>\n<p>El parlamentario socialista asegur\u00f3 que el PSOE no comparte el \u201coptimismo\u201d del Gobierno de CC, actitud que consider\u00f3 inadmisible a las alturas en que estamos de legislatura. \u201cEst\u00e1 sonando la campana final, estamos en el tiempo de descuento, en el momento de hacer balance, de decir qu\u00e9 se ha hecho y presentar el inventario a la ciudadan\u00eda, pero la realidad es que la sanidad p\u00fablica canaria resiste gracias al sobreesfuerzo de las y los profesionales\u201d, remarc\u00f3.<\/p>\n<p>&nbsp;<\/p>\n<p>En este sentido, Gustavo Matos valor\u00f3 la importante labor de las y los trabajadores sanitarios, \u201ca quienes el Gobierno de Fernando Clavijo racanea la recuperaci\u00f3n de derechos laborales haci\u00e9ndolos depender de un super\u00e1vit falso que CC ha trampeado, tal y como lo afirma la Audiencia de Cuentas de Canarias\u201d.<\/p>\n<p>&nbsp;<\/p>\n<p>Record\u00f3, asimismo, que el consejero Baltar aseguraba que con 16 millones de euros arreglaba las listas de espera. \u201cNo solo no lo hace, sino que ahora, con el mayor presupuesto de la historia, tampoco lo resuelve, porque esto es lo que pasa con un Gobierno al que le interesan m\u00e1s las carreteras que las personas, que no ve pacientes sino clientes\u201d.<\/p>\n<p>&nbsp;<\/p>\n<p><strong>COMODIDAD DE CLAVIJO<\/strong><\/p>\n<p>&nbsp;<\/p>\n<p>Gustavo Matos tambi\u00e9n se dirigi\u00f3 al presidente para preguntarle por el grado de cumplimiento de su Gobierno del objetivo de cambiar el modelo productivo de Canarias. Como record\u00f3 hace tres a\u00f1os y medio, Clavijo, en su investidura, defend\u00eda ese cambio de modelo, \u201cpero estamos ante otra de las pocas cosas que ha conseguido cumplir en esta legislatura\u201d.<\/p>\n<p>&nbsp;<\/p>\n<p>Afirm\u00f3 que en la mochila de Fernando Clavijo \u201clo \u00fanico que hay es el viejo catecismo, el viejo modelo, que contin\u00faa siendo una apuesta por la construcci\u00f3n y el turismo\u201d. Sostuvo que no se ha dado en estos a\u00f1os \u201cni una sola decisi\u00f3n estrat\u00e9gica de peso para cambiar nuestras debilidades y buscar nuevas fortalezas: nada de innovaci\u00f3n, nada de nuevas tecnolog\u00edas, nada de ayuda eficaz al emprendimiento\u201d.<\/p>\n<p>&nbsp;<\/p>\n<p>El diputado del PSOE indic\u00f3 que el nuevo aumento del absentismo escolar en Canarias \u201capunta a que el modelo es el mismo, que el presidente Clavijo est\u00e1 c\u00f3modo en ese modelo, que legisla para seguir en ese modelo y que sus intenciones no son m\u00e1s que un eslogan\u201d.<\/p>\n<p>&nbsp;<\/p>\n<p>&nbsp;<\/p>\n","protected":false},"excerpt":{"rendered":"<p>El diputado del PSOE Gustavo Matos lament\u00f3 este martes que el presidente del Gobierno de Canarias, Fernando Clavijo, haya puesto \u201cal lobo a cuidar de las gallinas\u201d, en referencia al consejero de Sanidad, Jos\u00e9 Manuel Baltar. \u201cClavijo critica y desprestigia a un l\u00edder de la marea blanca por tener una consulta privada mientras coloca a [&hellip;]<\/p>\n","protected":false},"author":1,"featured_media":6045,"comment_status":"open","ping_status":"open","sticky":false,"template":"","format":"standard","meta":{"footnotes":""},"categories":[7],"tags":[],"class_list":["post-6044","post","type-post","status-publish","format-standard","has-post-thumbnail","hentry","category-politica"],"featured_image_src":"https:\/\/psoecanarias.com\/web\/wp-content\/uploads\/2019\/02\/GM5feb.jpeg","author_info":{"display_name":"PSOE Canarias","author_link":"https:\/\/psoecanarias.com\/web\/author\/admin\/"},"yoast_head":"<!-- This site is optimized with the Yoast SEO plugin v27.2 - https:\/\/yoast.com\/product\/yoast-seo-wordpress\/ -->\n<title>Sanidad.- \u201cClavijo coloca al lobo a cuidar de las gallinas\u201d | PSOE Canarias<\/title>\n<meta name=\"robots\" content=\"index, follow, max-snippet:-1, max-image-preview:large, max-video-preview:-1\" \/>\n<link rel=\"canonical\" href=\"https:\/\/psoecanarias.com\/web\/sanidad-clavijo-coloca-al-lobo-a-cuidar-de-las-gallinas\/\" \/>\n<meta property=\"og:locale\" content=\"es_ES\" \/>\n<meta property=\"og:type\" content=\"article\" \/>\n<meta property=\"og:title\" content=\"Sanidad.- \u201cClavijo coloca al lobo a cuidar de las gallinas\u201d | PSOE Canarias\" \/>\n<meta property=\"og:description\" content=\"El diputado del PSOE Gustavo Matos lament\u00f3 este martes que el presidente del Gobierno de Canarias, Fernando Clavijo, haya puesto \u201cal lobo a cuidar de las gallinas\u201d, en referencia al consejero de Sanidad, Jos\u00e9 Manuel Baltar. \u201cClavijo critica y desprestigia a un l\u00edder de la marea blanca por tener una consulta privada mientras coloca a [&hellip;]\" \/>\n<meta property=\"og:url\" content=\"https:\/\/psoecanarias.com\/web\/sanidad-clavijo-coloca-al-lobo-a-cuidar-de-las-gallinas\/\" \/>\n<meta property=\"og:site_name\" content=\"PSOE Canarias\" \/>\n<meta property=\"article:published_time\" content=\"2019-02-05T14:02:27+00:00\" \/>\n<meta property=\"og:image\" content=\"https:\/\/psoecanarias.com\/web\/wp-content\/uploads\/2019\/02\/GM5feb.jpeg\" \/>\n\t<meta property=\"og:image:width\" content=\"1066\" \/>\n\t<meta property=\"og:image:height\" content=\"1600\" \/>\n\t<meta property=\"og:image:type\" content=\"image\/jpeg\" \/>\n<meta name=\"author\" content=\"PSOE Canarias\" \/>\n<meta name=\"twitter:card\" content=\"summary_large_image\" \/>\n<script type=\"application\/ld+json\" class=\"yoast-schema-graph\">{\"@context\":\"https:\/\/schema.org\",\"@graph\":[{\"@type\":\"Article\",\"@id\":\"https:\/\/psoecanarias.com\/web\/sanidad-clavijo-coloca-al-lobo-a-cuidar-de-las-gallinas\/#article\",\"isPartOf\":{\"@id\":\"https:\/\/psoecanarias.com\/web\/sanidad-clavijo-coloca-al-lobo-a-cuidar-de-las-gallinas\/\"},\"author\":{\"name\":\"PSOE Canarias\",\"@id\":\"https:\/\/psoecanarias.com\/web\/#\/schema\/person\/1ae43f9659d2fc599ca69c11e1dbf26f\"},\"headline\":\"Sanidad.- \u201cClavijo coloca al lobo a cuidar de las gallinas\u201d\",\"datePublished\":\"2019-02-05T14:02:27+00:00\",\"mainEntityOfPage\":{\"@id\":\"https:\/\/psoecanarias.com\/web\/sanidad-clavijo-coloca-al-lobo-a-cuidar-de-las-gallinas\/\"},\"wordCount\":525,\"commentCount\":0,\"image\":{\"@id\":\"https:\/\/psoecanarias.com\/web\/sanidad-clavijo-coloca-al-lobo-a-cuidar-de-las-gallinas\/#primaryimage\"},\"thumbnailUrl\":\"https:\/\/psoecanarias.com\/web\/wp-content\/uploads\/2019\/02\/GM5feb.jpeg\",\"articleSection\":[\"Pol\u00edtica\"],\"inLanguage\":\"es\",\"potentialAction\":[{\"@type\":\"CommentAction\",\"name\":\"Comment\",\"target\":[\"https:\/\/psoecanarias.com\/web\/sanidad-clavijo-coloca-al-lobo-a-cuidar-de-las-gallinas\/#respond\"]}]},{\"@type\":\"WebPage\",\"@id\":\"https:\/\/psoecanarias.com\/web\/sanidad-clavijo-coloca-al-lobo-a-cuidar-de-las-gallinas\/\",\"url\":\"https:\/\/psoecanarias.com\/web\/sanidad-clavijo-coloca-al-lobo-a-cuidar-de-las-gallinas\/\",\"name\":\"Sanidad.- \u201cClavijo coloca al lobo a cuidar de las gallinas\u201d | PSOE Canarias\",\"isPartOf\":{\"@id\":\"https:\/\/psoecanarias.com\/web\/#website\"},\"primaryImageOfPage\":{\"@id\":\"https:\/\/psoecanarias.com\/web\/sanidad-clavijo-coloca-al-lobo-a-cuidar-de-las-gallinas\/#primaryimage\"},\"image\":{\"@id\":\"https:\/\/psoecanarias.com\/web\/sanidad-clavijo-coloca-al-lobo-a-cuidar-de-las-gallinas\/#primaryimage\"},\"thumbnailUrl\":\"https:\/\/psoecanarias.com\/web\/wp-content\/uploads\/2019\/02\/GM5feb.jpeg\",\"datePublished\":\"2019-02-05T14:02:27+00:00\",\"author\":{\"@id\":\"https:\/\/psoecanarias.com\/web\/#\/schema\/person\/1ae43f9659d2fc599ca69c11e1dbf26f\"},\"breadcrumb\":{\"@id\":\"https:\/\/psoecanarias.com\/web\/sanidad-clavijo-coloca-al-lobo-a-cuidar-de-las-gallinas\/#breadcrumb\"},\"inLanguage\":\"es\",\"potentialAction\":[{\"@type\":\"ReadAction\",\"target\":[\"https:\/\/psoecanarias.com\/web\/sanidad-clavijo-coloca-al-lobo-a-cuidar-de-las-gallinas\/\"]}]},{\"@type\":\"ImageObject\",\"inLanguage\":\"es\",\"@id\":\"https:\/\/psoecanarias.com\/web\/sanidad-clavijo-coloca-al-lobo-a-cuidar-de-las-gallinas\/#primaryimage\",\"url\":\"https:\/\/psoecanarias.com\/web\/wp-content\/uploads\/2019\/02\/GM5feb.jpeg\",\"contentUrl\":\"https:\/\/psoecanarias.com\/web\/wp-content\/uploads\/2019\/02\/GM5feb.jpeg\",\"width\":1066,\"height\":1600},{\"@type\":\"BreadcrumbList\",\"@id\":\"https:\/\/psoecanarias.com\/web\/sanidad-clavijo-coloca-al-lobo-a-cuidar-de-las-gallinas\/#breadcrumb\",\"itemListElement\":[{\"@type\":\"ListItem\",\"position\":1,\"name\":\"Portada\",\"item\":\"https:\/\/psoecanarias.com\/web\/\"},{\"@type\":\"ListItem\",\"position\":2,\"name\":\"Sanidad.- \u201cClavijo coloca al lobo a cuidar de las gallinas\u201d\"}]},{\"@type\":\"WebSite\",\"@id\":\"https:\/\/psoecanarias.com\/web\/#website\",\"url\":\"https:\/\/psoecanarias.com\/web\/\",\"name\":\"PSOE Canarias\",\"description\":\"Partido Socialista Obrero Espa\u00f1ol Canarias\",\"potentialAction\":[{\"@type\":\"SearchAction\",\"target\":{\"@type\":\"EntryPoint\",\"urlTemplate\":\"https:\/\/psoecanarias.com\/web\/?s={search_term_string}\"},\"query-input\":{\"@type\":\"PropertyValueSpecification\",\"valueRequired\":true,\"valueName\":\"search_term_string\"}}],\"inLanguage\":\"es\"},{\"@type\":\"Person\",\"@id\":\"https:\/\/psoecanarias.com\/web\/#\/schema\/person\/1ae43f9659d2fc599ca69c11e1dbf26f\",\"name\":\"PSOE Canarias\",\"image\":{\"@type\":\"ImageObject\",\"inLanguage\":\"es\",\"@id\":\"https:\/\/secure.gravatar.com\/avatar\/4364d37f6f6f9cdb7af199b46151565f37d8a8c3c0e04c1d78c04e857a15e3a8?s=96&d=mm&r=g\",\"url\":\"https:\/\/secure.gravatar.com\/avatar\/4364d37f6f6f9cdb7af199b46151565f37d8a8c3c0e04c1d78c04e857a15e3a8?s=96&d=mm&r=g\",\"contentUrl\":\"https:\/\/secure.gravatar.com\/avatar\/4364d37f6f6f9cdb7af199b46151565f37d8a8c3c0e04c1d78c04e857a15e3a8?s=96&d=mm&r=g\",\"caption\":\"PSOE Canarias\"},\"url\":\"https:\/\/psoecanarias.com\/web\/author\/admin\/\"}]}<\/script>\n<!-- \/ Yoast SEO plugin. -->","yoast_head_json":{"title":"Sanidad.- \u201cClavijo coloca al lobo a cuidar de las gallinas\u201d | PSOE Canarias","robots":{"index":"index","follow":"follow","max-snippet":"max-snippet:-1","max-image-preview":"max-image-preview:large","max-video-preview":"max-video-preview:-1"},"canonical":"https:\/\/psoecanarias.com\/web\/sanidad-clavijo-coloca-al-lobo-a-cuidar-de-las-gallinas\/","og_locale":"es_ES","og_type":"article","og_title":"Sanidad.- \u201cClavijo coloca al lobo a cuidar de las gallinas\u201d | PSOE Canarias","og_description":"El diputado del PSOE Gustavo Matos lament\u00f3 este martes que el presidente del Gobierno de Canarias, Fernando Clavijo, haya puesto \u201cal lobo a cuidar de las gallinas\u201d, en referencia al consejero de Sanidad, Jos\u00e9 Manuel Baltar. \u201cClavijo critica y desprestigia a un l\u00edder de la marea blanca por tener una consulta privada mientras coloca a [&hellip;]","og_url":"https:\/\/psoecanarias.com\/web\/sanidad-clavijo-coloca-al-lobo-a-cuidar-de-las-gallinas\/","og_site_name":"PSOE Canarias","article_published_time":"2019-02-05T14:02:27+00:00","og_image":[{"width":1066,"height":1600,"url":"https:\/\/psoecanarias.com\/web\/wp-content\/uploads\/2019\/02\/GM5feb.jpeg","type":"image\/jpeg"}],"author":"PSOE Canarias","twitter_card":"summary_large_image","schema":{"@context":"https:\/\/schema.org","@graph":[{"@type":"Article","@id":"https:\/\/psoecanarias.com\/web\/sanidad-clavijo-coloca-al-lobo-a-cuidar-de-las-gallinas\/#article","isPartOf":{"@id":"https:\/\/psoecanarias.com\/web\/sanidad-clavijo-coloca-al-lobo-a-cuidar-de-las-gallinas\/"},"author":{"name":"PSOE Canarias","@id":"https:\/\/psoecanarias.com\/web\/#\/schema\/person\/1ae43f9659d2fc599ca69c11e1dbf26f"},"headline":"Sanidad.- \u201cClavijo coloca al lobo a cuidar de las gallinas\u201d","datePublished":"2019-02-05T14:02:27+00:00","mainEntityOfPage":{"@id":"https:\/\/psoecanarias.com\/web\/sanidad-clavijo-coloca-al-lobo-a-cuidar-de-las-gallinas\/"},"wordCount":525,"commentCount":0,"image":{"@id":"https:\/\/psoecanarias.com\/web\/sanidad-clavijo-coloca-al-lobo-a-cuidar-de-las-gallinas\/#primaryimage"},"thumbnailUrl":"https:\/\/psoecanarias.com\/web\/wp-content\/uploads\/2019\/02\/GM5feb.jpeg","articleSection":["Pol\u00edtica"],"inLanguage":"es","potentialAction":[{"@type":"CommentAction","name":"Comment","target":["https:\/\/psoecanarias.com\/web\/sanidad-clavijo-coloca-al-lobo-a-cuidar-de-las-gallinas\/#respond"]}]},{"@type":"WebPage","@id":"https:\/\/psoecanarias.com\/web\/sanidad-clavijo-coloca-al-lobo-a-cuidar-de-las-gallinas\/","url":"https:\/\/psoecanarias.com\/web\/sanidad-clavijo-coloca-al-lobo-a-cuidar-de-las-gallinas\/","name":"Sanidad.- \u201cClavijo coloca al lobo a cuidar de las gallinas\u201d | PSOE Canarias","isPartOf":{"@id":"https:\/\/psoecanarias.com\/web\/#website"},"primaryImageOfPage":{"@id":"https:\/\/psoecanarias.com\/web\/sanidad-clavijo-coloca-al-lobo-a-cuidar-de-las-gallinas\/#primaryimage"},"image":{"@id":"https:\/\/psoecanarias.com\/web\/sanidad-clavijo-coloca-al-lobo-a-cuidar-de-las-gallinas\/#primaryimage"},"thumbnailUrl":"https:\/\/psoecanarias.com\/web\/wp-content\/uploads\/2019\/02\/GM5feb.jpeg","datePublished":"2019-02-05T14:02:27+00:00","author":{"@id":"https:\/\/psoecanarias.com\/web\/#\/schema\/person\/1ae43f9659d2fc599ca69c11e1dbf26f"},"breadcrumb":{"@id":"https:\/\/psoecanarias.com\/web\/sanidad-clavijo-coloca-al-lobo-a-cuidar-de-las-gallinas\/#breadcrumb"},"inLanguage":"es","potentialAction":[{"@type":"ReadAction","target":["https:\/\/psoecanarias.com\/web\/sanidad-clavijo-coloca-al-lobo-a-cuidar-de-las-gallinas\/"]}]},{"@type":"ImageObject","inLanguage":"es","@id":"https:\/\/psoecanarias.com\/web\/sanidad-clavijo-coloca-al-lobo-a-cuidar-de-las-gallinas\/#primaryimage","url":"https:\/\/psoecanarias.com\/web\/wp-content\/uploads\/2019\/02\/GM5feb.jpeg","contentUrl":"https:\/\/psoecanarias.com\/web\/wp-content\/uploads\/2019\/02\/GM5feb.jpeg","width":1066,"height":1600},{"@type":"BreadcrumbList","@id":"https:\/\/psoecanarias.com\/web\/sanidad-clavijo-coloca-al-lobo-a-cuidar-de-las-gallinas\/#breadcrumb","itemListElement":[{"@type":"ListItem","position":1,"name":"Portada","item":"https:\/\/psoecanarias.com\/web\/"},{"@type":"ListItem","position":2,"name":"Sanidad.- \u201cClavijo coloca al lobo a cuidar de las gallinas\u201d"}]},{"@type":"WebSite","@id":"https:\/\/psoecanarias.com\/web\/#website","url":"https:\/\/psoecanarias.com\/web\/","name":"PSOE Canarias","description":"Partido Socialista Obrero Espa\u00f1ol Canarias","potentialAction":[{"@type":"SearchAction","target":{"@type":"EntryPoint","urlTemplate":"https:\/\/psoecanarias.com\/web\/?s={search_term_string}"},"query-input":{"@type":"PropertyValueSpecification","valueRequired":true,"valueName":"search_term_string"}}],"inLanguage":"es"},{"@type":"Person","@id":"https:\/\/psoecanarias.com\/web\/#\/schema\/person\/1ae43f9659d2fc599ca69c11e1dbf26f","name":"PSOE Canarias","image":{"@type":"ImageObject","inLanguage":"es","@id":"https:\/\/secure.gravatar.com\/avatar\/4364d37f6f6f9cdb7af199b46151565f37d8a8c3c0e04c1d78c04e857a15e3a8?s=96&d=mm&r=g","url":"https:\/\/secure.gravatar.com\/avatar\/4364d37f6f6f9cdb7af199b46151565f37d8a8c3c0e04c1d78c04e857a15e3a8?s=96&d=mm&r=g","contentUrl":"https:\/\/secure.gravatar.com\/avatar\/4364d37f6f6f9cdb7af199b46151565f37d8a8c3c0e04c1d78c04e857a15e3a8?s=96&d=mm&r=g","caption":"PSOE Canarias"},"url":"https:\/\/psoecanarias.com\/web\/author\/admin\/"}]}},"_links":{"self":[{"href":"https:\/\/psoecanarias.com\/web\/wp-json\/wp\/v2\/posts\/6044","targetHints":{"allow":["GET"]}}],"collection":[{"href":"https:\/\/psoecanarias.com\/web\/wp-json\/wp\/v2\/posts"}],"about":[{"href":"https:\/\/psoecanarias.com\/web\/wp-json\/wp\/v2\/types\/post"}],"author":[{"embeddable":true,"href":"https:\/\/psoecanarias.com\/web\/wp-json\/wp\/v2\/users\/1"}],"replies":[{"embeddable":true,"href":"https:\/\/psoecanarias.com\/web\/wp-json\/wp\/v2\/comments?post=6044"}],"version-history":[{"count":1,"href":"https:\/\/psoecanarias.com\/web\/wp-json\/wp\/v2\/posts\/6044\/revisions"}],"predecessor-version":[{"id":6046,"href":"https:\/\/psoecanarias.com\/web\/wp-json\/wp\/v2\/posts\/6044\/revisions\/6046"}],"wp:featuredmedia":[{"embeddable":true,"href":"https:\/\/psoecanarias.com\/web\/wp-json\/wp\/v2\/media\/6045"}],"wp:attachment":[{"href":"https:\/\/psoecanarias.com\/web\/wp-json\/wp\/v2\/media?parent=6044"}],"wp:term":[{"taxonomy":"category","embeddable":true,"href":"https:\/\/psoecanarias.com\/web\/wp-json\/wp\/v2\/categories?post=6044"},{"taxonomy":"post_tag","embeddable":true,"href":"https:\/\/psoecanarias.com\/web\/wp-json\/wp\/v2\/tags?post=6044"}],"curies":[{"name":"wp","href":"https:\/\/api.w.org\/{rel}","templated":true}]}}