{"id":6047,"date":"2019-02-06T14:37:38","date_gmt":"2019-02-06T14:37:38","guid":{"rendered":"http:\/\/psoecanarias.com\/web\/?p=6047"},"modified":"2019-02-06T14:37:38","modified_gmt":"2019-02-06T14:37:38","slug":"la-ministra-de-hacienda-garantiza-a-torres-que-el-pge-respetara-el-ref-y-el-estatuto","status":"publish","type":"post","link":"https:\/\/psoecanarias.com\/web\/la-ministra-de-hacienda-garantiza-a-torres-que-el-pge-respetara-el-ref-y-el-estatuto\/","title":{"rendered":"La ministra de Hacienda garantiza a Torres que el PGE respetar\u00e1 el REF y el Estatuto"},"content":{"rendered":"<p>El secretario general del PSOE Canarias, \u00c1ngel V\u00edctor Torres, inform\u00f3 este mi\u00e9rcoles de que la ministra de Hacienda, Mar\u00eda Jes\u00fas Montero, se ha puesto en contacto con \u00e9l para reiterarle la absoluta seguridad del Gobierno de Espa\u00f1a de que todo lo contemplado respecto al REF y el Estatuto de Autonom\u00eda se respetar\u00e1 en los presupuestos estatales para 2019. Precis\u00f3 que las cuestiones m\u00e1s complejas se est\u00e1n resolviendo desde el punto de vista t\u00e9cnico, mientras que se contin\u00faa trabajando en los convenios y en la redacci\u00f3n de enmiendas.<\/p>\n<p>&nbsp;<\/p>\n<p>Tras las reuniones celebradas ayer y hoy por el Gobierno de Espa\u00f1a con el presidente Fernando Clavijo y representantes de Nueva Canarias, Torres consider\u00f3 que encuentros como estos \u201csiempre son positivos\u201d y record\u00f3 que el propio Clavijo ha reconocido que en los pr\u00f3ximos d\u00edas continuar\u00e1n acercando posturas. \u201cEl presupuesto tiene muchas cosas positivas para m\u00e1s de un mill\u00f3n de canarios y habr\u00e1 que seguir trabajando en el proceso de enmiendas para mejorar m\u00e1s las partidas para las islas, algo en lo que ya estamos dedicados al cien por cien\u201d.<\/p>\n<p>&nbsp;<\/p>\n<p>El secretario general insisti\u00f3 en que el Partido Socialista en las islas continuar\u00e1 trabajando para que desde el Estado, llegue al archipi\u00e9lago todo lo que le corresponde, en el marco de la apuesta por las islas demostrada por el Gobierno desde la llegada de Pedro S\u00e1nchez a la Presidencia.<\/p>\n<p>&nbsp;<\/p>\n<p>\u201cLa voluntad es evidente de conseguir m\u00e1s mejoras en estos presupuestos, pero partimos de unas cuentas que son buenas para Canarias por mejorar ostensiblemente la vida de m\u00e1s de un mill\u00f3n de personas que ver\u00e1n crecer sus prestaciones no contributivas, las pensiones, las becas para estudiantes, las partidas contra la violencia de g\u00e9nero, dependencia o medidas como la mejora del salario m\u00ednimo interprofesional\u201d.<\/p>\n<p>&nbsp;<\/p>\n<p>\u00c1ngel V\u00edctor Torres defendi\u00f3 que estamos ante \u201cun presupuesto de alto contenido social\u201d con partidas que llegar\u00e1n \u201cde manera directa a los maltrechos bolsillos de la ciudadan\u00eda canaria\u201d. A su juicio, \u201cresulta complicado que alguien diga que es mejor no aprobar este presupuesto, porque impedir estas grandes mejoras es truncar sus esperanzas\u201d. Apel\u00f3 a la responsabilidad de los grupos pol\u00edticos para que mejoren el proyecto de ley con sus enmiendas pero subray\u00f3 que una enmienda a la totalidad no tiene cabida.<\/p>\n<p>&nbsp;<\/p>\n","protected":false},"excerpt":{"rendered":"<p>El secretario general del PSOE Canarias, \u00c1ngel V\u00edctor Torres, inform\u00f3 este mi\u00e9rcoles de que la ministra de Hacienda, Mar\u00eda Jes\u00fas Montero, se ha puesto en contacto con \u00e9l para reiterarle la absoluta seguridad del Gobierno de Espa\u00f1a de que todo lo contemplado respecto al REF y el Estatuto de Autonom\u00eda se respetar\u00e1 en los presupuestos [&hellip;]<\/p>\n","protected":false},"author":1,"featured_media":8406,"comment_status":"open","ping_status":"open","sticky":false,"template":"","format":"standard","meta":{"footnotes":""},"categories":[7],"tags":[],"class_list":["post-6047","post","type-post","status-publish","format-standard","has-post-thumbnail","hentry","category-politica"],"featured_image_src":"https:\/\/psoecanarias.com\/web\/wp-content\/uploads\/2020\/03\/thumb_noimages.jpg","author_info":{"display_name":"PSOE Canarias","author_link":"https:\/\/psoecanarias.com\/web\/author\/admin\/"},"yoast_head":"<!-- This site is optimized with the Yoast SEO plugin v27.2 - https:\/\/yoast.com\/product\/yoast-seo-wordpress\/ -->\n<title>La ministra de Hacienda garantiza a Torres que el PGE respetar\u00e1 el REF y el Estatuto | PSOE Canarias<\/title>\n<meta name=\"robots\" content=\"index, follow, max-snippet:-1, max-image-preview:large, max-video-preview:-1\" \/>\n<link rel=\"canonical\" href=\"https:\/\/psoecanarias.com\/web\/la-ministra-de-hacienda-garantiza-a-torres-que-el-pge-respetara-el-ref-y-el-estatuto\/\" \/>\n<meta property=\"og:locale\" content=\"es_ES\" \/>\n<meta property=\"og:type\" content=\"article\" \/>\n<meta property=\"og:title\" content=\"La ministra de Hacienda garantiza a Torres que el PGE respetar\u00e1 el REF y el Estatuto | PSOE Canarias\" \/>\n<meta property=\"og:description\" content=\"El secretario general del PSOE Canarias, \u00c1ngel V\u00edctor Torres, inform\u00f3 este mi\u00e9rcoles de que la ministra de Hacienda, Mar\u00eda Jes\u00fas Montero, se ha puesto en contacto con \u00e9l para reiterarle la absoluta seguridad del Gobierno de Espa\u00f1a de que todo lo contemplado respecto al REF y el Estatuto de Autonom\u00eda se respetar\u00e1 en los presupuestos [&hellip;]\" \/>\n<meta property=\"og:url\" content=\"https:\/\/psoecanarias.com\/web\/la-ministra-de-hacienda-garantiza-a-torres-que-el-pge-respetara-el-ref-y-el-estatuto\/\" \/>\n<meta property=\"og:site_name\" content=\"PSOE Canarias\" \/>\n<meta property=\"article:published_time\" content=\"2019-02-06T14:37:38+00:00\" \/>\n<meta property=\"og:image\" content=\"https:\/\/psoecanarias.com\/web\/wp-content\/uploads\/2020\/03\/thumb_noimages.jpg\" \/>\n\t<meta property=\"og:image:width\" content=\"303\" \/>\n\t<meta property=\"og:image:height\" content=\"200\" \/>\n\t<meta property=\"og:image:type\" content=\"image\/jpeg\" \/>\n<meta name=\"author\" content=\"PSOE Canarias\" \/>\n<meta name=\"twitter:card\" content=\"summary_large_image\" \/>\n<script type=\"application\/ld+json\" class=\"yoast-schema-graph\">{\"@context\":\"https:\/\/schema.org\",\"@graph\":[{\"@type\":\"Article\",\"@id\":\"https:\/\/psoecanarias.com\/web\/la-ministra-de-hacienda-garantiza-a-torres-que-el-pge-respetara-el-ref-y-el-estatuto\/#article\",\"isPartOf\":{\"@id\":\"https:\/\/psoecanarias.com\/web\/la-ministra-de-hacienda-garantiza-a-torres-que-el-pge-respetara-el-ref-y-el-estatuto\/\"},\"author\":{\"name\":\"PSOE Canarias\",\"@id\":\"https:\/\/psoecanarias.com\/web\/#\/schema\/person\/1ae43f9659d2fc599ca69c11e1dbf26f\"},\"headline\":\"La ministra de Hacienda garantiza a Torres que el PGE respetar\u00e1 el REF y el Estatuto\",\"datePublished\":\"2019-02-06T14:37:38+00:00\",\"mainEntityOfPage\":{\"@id\":\"https:\/\/psoecanarias.com\/web\/la-ministra-de-hacienda-garantiza-a-torres-que-el-pge-respetara-el-ref-y-el-estatuto\/\"},\"wordCount\":419,\"commentCount\":0,\"image\":{\"@id\":\"https:\/\/psoecanarias.com\/web\/la-ministra-de-hacienda-garantiza-a-torres-que-el-pge-respetara-el-ref-y-el-estatuto\/#primaryimage\"},\"thumbnailUrl\":\"https:\/\/psoecanarias.com\/web\/wp-content\/uploads\/2020\/03\/thumb_noimages.jpg\",\"articleSection\":[\"Pol\u00edtica\"],\"inLanguage\":\"es\",\"potentialAction\":[{\"@type\":\"CommentAction\",\"name\":\"Comment\",\"target\":[\"https:\/\/psoecanarias.com\/web\/la-ministra-de-hacienda-garantiza-a-torres-que-el-pge-respetara-el-ref-y-el-estatuto\/#respond\"]}]},{\"@type\":\"WebPage\",\"@id\":\"https:\/\/psoecanarias.com\/web\/la-ministra-de-hacienda-garantiza-a-torres-que-el-pge-respetara-el-ref-y-el-estatuto\/\",\"url\":\"https:\/\/psoecanarias.com\/web\/la-ministra-de-hacienda-garantiza-a-torres-que-el-pge-respetara-el-ref-y-el-estatuto\/\",\"name\":\"La ministra de Hacienda garantiza a Torres que el PGE respetar\u00e1 el REF y el Estatuto | PSOE Canarias\",\"isPartOf\":{\"@id\":\"https:\/\/psoecanarias.com\/web\/#website\"},\"primaryImageOfPage\":{\"@id\":\"https:\/\/psoecanarias.com\/web\/la-ministra-de-hacienda-garantiza-a-torres-que-el-pge-respetara-el-ref-y-el-estatuto\/#primaryimage\"},\"image\":{\"@id\":\"https:\/\/psoecanarias.com\/web\/la-ministra-de-hacienda-garantiza-a-torres-que-el-pge-respetara-el-ref-y-el-estatuto\/#primaryimage\"},\"thumbnailUrl\":\"https:\/\/psoecanarias.com\/web\/wp-content\/uploads\/2020\/03\/thumb_noimages.jpg\",\"datePublished\":\"2019-02-06T14:37:38+00:00\",\"author\":{\"@id\":\"https:\/\/psoecanarias.com\/web\/#\/schema\/person\/1ae43f9659d2fc599ca69c11e1dbf26f\"},\"breadcrumb\":{\"@id\":\"https:\/\/psoecanarias.com\/web\/la-ministra-de-hacienda-garantiza-a-torres-que-el-pge-respetara-el-ref-y-el-estatuto\/#breadcrumb\"},\"inLanguage\":\"es\",\"potentialAction\":[{\"@type\":\"ReadAction\",\"target\":[\"https:\/\/psoecanarias.com\/web\/la-ministra-de-hacienda-garantiza-a-torres-que-el-pge-respetara-el-ref-y-el-estatuto\/\"]}]},{\"@type\":\"ImageObject\",\"inLanguage\":\"es\",\"@id\":\"https:\/\/psoecanarias.com\/web\/la-ministra-de-hacienda-garantiza-a-torres-que-el-pge-respetara-el-ref-y-el-estatuto\/#primaryimage\",\"url\":\"https:\/\/psoecanarias.com\/web\/wp-content\/uploads\/2020\/03\/thumb_noimages.jpg\",\"contentUrl\":\"https:\/\/psoecanarias.com\/web\/wp-content\/uploads\/2020\/03\/thumb_noimages.jpg\",\"width\":303,\"height\":200},{\"@type\":\"BreadcrumbList\",\"@id\":\"https:\/\/psoecanarias.com\/web\/la-ministra-de-hacienda-garantiza-a-torres-que-el-pge-respetara-el-ref-y-el-estatuto\/#breadcrumb\",\"itemListElement\":[{\"@type\":\"ListItem\",\"position\":1,\"name\":\"Portada\",\"item\":\"https:\/\/psoecanarias.com\/web\/\"},{\"@type\":\"ListItem\",\"position\":2,\"name\":\"La ministra de Hacienda garantiza a Torres que el PGE respetar\u00e1 el REF y el Estatuto\"}]},{\"@type\":\"WebSite\",\"@id\":\"https:\/\/psoecanarias.com\/web\/#website\",\"url\":\"https:\/\/psoecanarias.com\/web\/\",\"name\":\"PSOE Canarias\",\"description\":\"Partido Socialista Obrero Espa\u00f1ol Canarias\",\"potentialAction\":[{\"@type\":\"SearchAction\",\"target\":{\"@type\":\"EntryPoint\",\"urlTemplate\":\"https:\/\/psoecanarias.com\/web\/?s={search_term_string}\"},\"query-input\":{\"@type\":\"PropertyValueSpecification\",\"valueRequired\":true,\"valueName\":\"search_term_string\"}}],\"inLanguage\":\"es\"},{\"@type\":\"Person\",\"@id\":\"https:\/\/psoecanarias.com\/web\/#\/schema\/person\/1ae43f9659d2fc599ca69c11e1dbf26f\",\"name\":\"PSOE Canarias\",\"image\":{\"@type\":\"ImageObject\",\"inLanguage\":\"es\",\"@id\":\"https:\/\/secure.gravatar.com\/avatar\/4364d37f6f6f9cdb7af199b46151565f37d8a8c3c0e04c1d78c04e857a15e3a8?s=96&d=mm&r=g\",\"url\":\"https:\/\/secure.gravatar.com\/avatar\/4364d37f6f6f9cdb7af199b46151565f37d8a8c3c0e04c1d78c04e857a15e3a8?s=96&d=mm&r=g\",\"contentUrl\":\"https:\/\/secure.gravatar.com\/avatar\/4364d37f6f6f9cdb7af199b46151565f37d8a8c3c0e04c1d78c04e857a15e3a8?s=96&d=mm&r=g\",\"caption\":\"PSOE Canarias\"},\"url\":\"https:\/\/psoecanarias.com\/web\/author\/admin\/\"}]}<\/script>\n<!-- \/ Yoast SEO plugin. -->","yoast_head_json":{"title":"La ministra de Hacienda garantiza a Torres que el PGE respetar\u00e1 el REF y el Estatuto | PSOE Canarias","robots":{"index":"index","follow":"follow","max-snippet":"max-snippet:-1","max-image-preview":"max-image-preview:large","max-video-preview":"max-video-preview:-1"},"canonical":"https:\/\/psoecanarias.com\/web\/la-ministra-de-hacienda-garantiza-a-torres-que-el-pge-respetara-el-ref-y-el-estatuto\/","og_locale":"es_ES","og_type":"article","og_title":"La ministra de Hacienda garantiza a Torres que el PGE respetar\u00e1 el REF y el Estatuto | PSOE Canarias","og_description":"El secretario general del PSOE Canarias, \u00c1ngel V\u00edctor Torres, inform\u00f3 este mi\u00e9rcoles de que la ministra de Hacienda, Mar\u00eda Jes\u00fas Montero, se ha puesto en contacto con \u00e9l para reiterarle la absoluta seguridad del Gobierno de Espa\u00f1a de que todo lo contemplado respecto al REF y el Estatuto de Autonom\u00eda se respetar\u00e1 en los presupuestos [&hellip;]","og_url":"https:\/\/psoecanarias.com\/web\/la-ministra-de-hacienda-garantiza-a-torres-que-el-pge-respetara-el-ref-y-el-estatuto\/","og_site_name":"PSOE Canarias","article_published_time":"2019-02-06T14:37:38+00:00","og_image":[{"width":303,"height":200,"url":"https:\/\/psoecanarias.com\/web\/wp-content\/uploads\/2020\/03\/thumb_noimages.jpg","type":"image\/jpeg"}],"author":"PSOE Canarias","twitter_card":"summary_large_image","schema":{"@context":"https:\/\/schema.org","@graph":[{"@type":"Article","@id":"https:\/\/psoecanarias.com\/web\/la-ministra-de-hacienda-garantiza-a-torres-que-el-pge-respetara-el-ref-y-el-estatuto\/#article","isPartOf":{"@id":"https:\/\/psoecanarias.com\/web\/la-ministra-de-hacienda-garantiza-a-torres-que-el-pge-respetara-el-ref-y-el-estatuto\/"},"author":{"name":"PSOE Canarias","@id":"https:\/\/psoecanarias.com\/web\/#\/schema\/person\/1ae43f9659d2fc599ca69c11e1dbf26f"},"headline":"La ministra de Hacienda garantiza a Torres que el PGE respetar\u00e1 el REF y el Estatuto","datePublished":"2019-02-06T14:37:38+00:00","mainEntityOfPage":{"@id":"https:\/\/psoecanarias.com\/web\/la-ministra-de-hacienda-garantiza-a-torres-que-el-pge-respetara-el-ref-y-el-estatuto\/"},"wordCount":419,"commentCount":0,"image":{"@id":"https:\/\/psoecanarias.com\/web\/la-ministra-de-hacienda-garantiza-a-torres-que-el-pge-respetara-el-ref-y-el-estatuto\/#primaryimage"},"thumbnailUrl":"https:\/\/psoecanarias.com\/web\/wp-content\/uploads\/2020\/03\/thumb_noimages.jpg","articleSection":["Pol\u00edtica"],"inLanguage":"es","potentialAction":[{"@type":"CommentAction","name":"Comment","target":["https:\/\/psoecanarias.com\/web\/la-ministra-de-hacienda-garantiza-a-torres-que-el-pge-respetara-el-ref-y-el-estatuto\/#respond"]}]},{"@type":"WebPage","@id":"https:\/\/psoecanarias.com\/web\/la-ministra-de-hacienda-garantiza-a-torres-que-el-pge-respetara-el-ref-y-el-estatuto\/","url":"https:\/\/psoecanarias.com\/web\/la-ministra-de-hacienda-garantiza-a-torres-que-el-pge-respetara-el-ref-y-el-estatuto\/","name":"La ministra de Hacienda garantiza a Torres que el PGE respetar\u00e1 el REF y el Estatuto | PSOE Canarias","isPartOf":{"@id":"https:\/\/psoecanarias.com\/web\/#website"},"primaryImageOfPage":{"@id":"https:\/\/psoecanarias.com\/web\/la-ministra-de-hacienda-garantiza-a-torres-que-el-pge-respetara-el-ref-y-el-estatuto\/#primaryimage"},"image":{"@id":"https:\/\/psoecanarias.com\/web\/la-ministra-de-hacienda-garantiza-a-torres-que-el-pge-respetara-el-ref-y-el-estatuto\/#primaryimage"},"thumbnailUrl":"https:\/\/psoecanarias.com\/web\/wp-content\/uploads\/2020\/03\/thumb_noimages.jpg","datePublished":"2019-02-06T14:37:38+00:00","author":{"@id":"https:\/\/psoecanarias.com\/web\/#\/schema\/person\/1ae43f9659d2fc599ca69c11e1dbf26f"},"breadcrumb":{"@id":"https:\/\/psoecanarias.com\/web\/la-ministra-de-hacienda-garantiza-a-torres-que-el-pge-respetara-el-ref-y-el-estatuto\/#breadcrumb"},"inLanguage":"es","potentialAction":[{"@type":"ReadAction","target":["https:\/\/psoecanarias.com\/web\/la-ministra-de-hacienda-garantiza-a-torres-que-el-pge-respetara-el-ref-y-el-estatuto\/"]}]},{"@type":"ImageObject","inLanguage":"es","@id":"https:\/\/psoecanarias.com\/web\/la-ministra-de-hacienda-garantiza-a-torres-que-el-pge-respetara-el-ref-y-el-estatuto\/#primaryimage","url":"https:\/\/psoecanarias.com\/web\/wp-content\/uploads\/2020\/03\/thumb_noimages.jpg","contentUrl":"https:\/\/psoecanarias.com\/web\/wp-content\/uploads\/2020\/03\/thumb_noimages.jpg","width":303,"height":200},{"@type":"BreadcrumbList","@id":"https:\/\/psoecanarias.com\/web\/la-ministra-de-hacienda-garantiza-a-torres-que-el-pge-respetara-el-ref-y-el-estatuto\/#breadcrumb","itemListElement":[{"@type":"ListItem","position":1,"name":"Portada","item":"https:\/\/psoecanarias.com\/web\/"},{"@type":"ListItem","position":2,"name":"La ministra de Hacienda garantiza a Torres que el PGE respetar\u00e1 el REF y el Estatuto"}]},{"@type":"WebSite","@id":"https:\/\/psoecanarias.com\/web\/#website","url":"https:\/\/psoecanarias.com\/web\/","name":"PSOE Canarias","description":"Partido Socialista Obrero Espa\u00f1ol Canarias","potentialAction":[{"@type":"SearchAction","target":{"@type":"EntryPoint","urlTemplate":"https:\/\/psoecanarias.com\/web\/?s={search_term_string}"},"query-input":{"@type":"PropertyValueSpecification","valueRequired":true,"valueName":"search_term_string"}}],"inLanguage":"es"},{"@type":"Person","@id":"https:\/\/psoecanarias.com\/web\/#\/schema\/person\/1ae43f9659d2fc599ca69c11e1dbf26f","name":"PSOE Canarias","image":{"@type":"ImageObject","inLanguage":"es","@id":"https:\/\/secure.gravatar.com\/avatar\/4364d37f6f6f9cdb7af199b46151565f37d8a8c3c0e04c1d78c04e857a15e3a8?s=96&d=mm&r=g","url":"https:\/\/secure.gravatar.com\/avatar\/4364d37f6f6f9cdb7af199b46151565f37d8a8c3c0e04c1d78c04e857a15e3a8?s=96&d=mm&r=g","contentUrl":"https:\/\/secure.gravatar.com\/avatar\/4364d37f6f6f9cdb7af199b46151565f37d8a8c3c0e04c1d78c04e857a15e3a8?s=96&d=mm&r=g","caption":"PSOE Canarias"},"url":"https:\/\/psoecanarias.com\/web\/author\/admin\/"}]}},"_links":{"self":[{"href":"https:\/\/psoecanarias.com\/web\/wp-json\/wp\/v2\/posts\/6047","targetHints":{"allow":["GET"]}}],"collection":[{"href":"https:\/\/psoecanarias.com\/web\/wp-json\/wp\/v2\/posts"}],"about":[{"href":"https:\/\/psoecanarias.com\/web\/wp-json\/wp\/v2\/types\/post"}],"author":[{"embeddable":true,"href":"https:\/\/psoecanarias.com\/web\/wp-json\/wp\/v2\/users\/1"}],"replies":[{"embeddable":true,"href":"https:\/\/psoecanarias.com\/web\/wp-json\/wp\/v2\/comments?post=6047"}],"version-history":[{"count":1,"href":"https:\/\/psoecanarias.com\/web\/wp-json\/wp\/v2\/posts\/6047\/revisions"}],"predecessor-version":[{"id":6048,"href":"https:\/\/psoecanarias.com\/web\/wp-json\/wp\/v2\/posts\/6047\/revisions\/6048"}],"wp:featuredmedia":[{"embeddable":true,"href":"https:\/\/psoecanarias.com\/web\/wp-json\/wp\/v2\/media\/8406"}],"wp:attachment":[{"href":"https:\/\/psoecanarias.com\/web\/wp-json\/wp\/v2\/media?parent=6047"}],"wp:term":[{"taxonomy":"category","embeddable":true,"href":"https:\/\/psoecanarias.com\/web\/wp-json\/wp\/v2\/categories?post=6047"},{"taxonomy":"post_tag","embeddable":true,"href":"https:\/\/psoecanarias.com\/web\/wp-json\/wp\/v2\/tags?post=6047"}],"curies":[{"name":"wp","href":"https:\/\/api.w.org\/{rel}","templated":true}]}}