{"id":6049,"date":"2019-02-06T14:40:40","date_gmt":"2019-02-06T14:40:40","guid":{"rendered":"http:\/\/psoecanarias.com\/web\/?p=6049"},"modified":"2019-02-06T14:40:40","modified_gmt":"2019-02-06T14:40:40","slug":"la-prioridad-de-baltar-no-es-acabar-con-el-sufrimiento-de-la-gente-sino-maquillar-a-medida-para-la-privada","status":"publish","type":"post","link":"https:\/\/psoecanarias.com\/web\/la-prioridad-de-baltar-no-es-acabar-con-el-sufrimiento-de-la-gente-sino-maquillar-a-medida-para-la-privada\/","title":{"rendered":"\u201cLa prioridad de Baltar no es acabar con el sufrimiento de la gente, sino maquillar a medida para la privada\u201d"},"content":{"rendered":"<p>La diputada del PSOE Patricia Hern\u00e1ndez afirm\u00f3 este mi\u00e9rcoles que la prioridad del consejero de Sanidad del Gobierno de CC, Jos\u00e9 Manuel Baltar, \u201cno es acabar con el sufrimiento de la gente, sino maquillar a golpe de medidas coyunturales que benefician a sus amigos de la privada\u201d.<\/p>\n<p>&nbsp;<\/p>\n<p>Hern\u00e1ndez interpel\u00f3 al consejero para pedirle explicaciones sobre el hecho de que el sistema de salud canario sea el peor valorado de toda Espa\u00f1a. \u201cBaltar hace una auditor\u00eda de la que filtra una parte y tapa otra, precisamente la que apunta a que oculta gente de las listas de espera. Intentar saltarse as\u00ed el control del Parlamento, pero no puede esconder que ha sido el consejero con m\u00e1s ingresos y menos capacidad para resolver los problemas de la sanidad canaria\u201d, dijo.<\/p>\n<p>&nbsp;<\/p>\n<p>La parlamentaria socialista hizo hincapi\u00e9 en que Jos\u00e9 Manuel Baltar \u201cse ha consolidado como un consejero incapaz de sumar voluntades, de cumplir los acuerdos de la C\u00e1mara e incluso sus propios anuncios\u201d. Explic\u00f3 que esto es as\u00ed debido a que se ha \u201cvolcado en su propia imagen, trabaj\u00e1ndola con mimo \u00e9l y su equipo con la esperanza de que la posverdad le devuelva un reflejo mejor de s\u00ed mismo\u201d.<\/p>\n<p>&nbsp;<\/p>\n<p>Indic\u00f3 que, disponiendo de 300 millones de euros m\u00e1s, hay m\u00e1s canarios esperando por una prueba diagn\u00f3stica o por una consulta. &#8220;Usted feliz si no se diagnostican no entran en lista de espera quir\u00fargica&#8221;, dijo Patricia Hern\u00e1ndez, y a\u00f1adi\u00f3 que el consejero tiene m\u00e1s recursos que utiliza para derivar a la privada, intervenciones quir\u00fargicas peque\u00f1as, como n\u00f3dulos de grasa, mientras las intervenciones de patolog\u00edas inhabilitantes esperan meses y meses. \u201cSe niega a publicar en qu\u00e9 especialidades est\u00e1 interviniendo porque las elige al peso, no sin antes cerrar la lista de espera con triqui\u00f1uelas como ralentizar las pruebas diagn\u00f3sticas\u201d.<\/p>\n<p>&nbsp;<\/p>\n<p>Patricia Hern\u00e1ndez lament\u00f3 que, informe tras informe, Canarias repita la \u201csituaci\u00f3n cr\u00edtica\u201d en su sanidad y que el propio Ministerio hable de que \u201cseguimos siendo los \u00faltimos\u201d pese a contar con el mayor presupuesto hasta ahora. En este sentido, indic\u00f3 que Baltar tom\u00f3 posesi\u00f3n como consejero cuando el PSOE, que hab\u00eda estado al frente del departamento auton\u00f3mico, denunciaba que se hab\u00eda cortado el presupuesto, parando operaciones por la tarde y los fines de semana \u201cpor falta de perras\u201d.<\/p>\n<p>&nbsp;<\/p>\n<p>Explic\u00f3 que se acusaba a la sanidad de poner en juego la estabilidad presupuestaria, \u201cpero la Audiencia de Cuentas nos ha dado la raz\u00f3n y en 2016, efectivamente, el PSOE tuvo menos presupuesto que en el a\u00f1o anterior, de tal forma que, tal y como dijimos, el objetivo de CC era desprestigiar la sanidad p\u00fablica para destruirla y desmantelarla con Baltar como encargado\u201d.<\/p>\n<p>&nbsp;<\/p>\n<p>Por otra parte, denunci\u00f3 el \u201cconflicto permanente de intereses\u201d que obliga al consejero a abstenerse de muchas cuestiones del \u00e1mbito sanitario del Ejecutivo, teniendo que salir del Consejo de Gobierno reuni\u00f3n tras reuni\u00f3n. \u201cPese a ello, nunca ha pedido que el director del Servicio Canario de la Salud explique las cosas que \u00e9l hace por usted\u201d.<\/p>\n<p>&nbsp;<\/p>\n<p>La diputada Patricia Hern\u00e1ndez habl\u00f3 de otros ejemplos que demuestran la nula defensa que hace Baltar de la sanidad p\u00fablica, como el hecho de que decide que no haya urgencias pedi\u00e1tricas en el hospital del norte de Tenerife pero s\u00ed en el sur de Gran Canaria, en la antigua empresa privada del consejero. Tambi\u00e9n recalc\u00f3 que, pese a disponer de m\u00e1s dinero, hoy hay m\u00e1s personas esperando por pruebas diagn\u00f3sticas y por acceder a atenci\u00f3n en consulta.<\/p>\n<p>&nbsp;<\/p>\n","protected":false},"excerpt":{"rendered":"<p>La diputada del PSOE Patricia Hern\u00e1ndez afirm\u00f3 este mi\u00e9rcoles que la prioridad del consejero de Sanidad del Gobierno de CC, Jos\u00e9 Manuel Baltar, \u201cno es acabar con el sufrimiento de la gente, sino maquillar a golpe de medidas coyunturales que benefician a sus amigos de la privada\u201d. &nbsp; Hern\u00e1ndez interpel\u00f3 al consejero para pedirle explicaciones [&hellip;]<\/p>\n","protected":false},"author":1,"featured_media":6050,"comment_status":"open","ping_status":"open","sticky":false,"template":"","format":"standard","meta":{"footnotes":""},"categories":[7],"tags":[],"class_list":["post-6049","post","type-post","status-publish","format-standard","has-post-thumbnail","hentry","category-politica"],"featured_image_src":"https:\/\/psoecanarias.com\/web\/wp-content\/uploads\/2019\/02\/PH6feb.jpeg","author_info":{"display_name":"PSOE Canarias","author_link":"https:\/\/psoecanarias.com\/web\/author\/admin\/"},"yoast_head":"<!-- This site is optimized with the Yoast SEO plugin v27.2 - https:\/\/yoast.com\/product\/yoast-seo-wordpress\/ -->\n<title>\u201cLa prioridad de Baltar no es acabar con el sufrimiento de la gente, sino maquillar a medida para la privada\u201d | PSOE Canarias<\/title>\n<meta name=\"robots\" content=\"index, follow, max-snippet:-1, max-image-preview:large, max-video-preview:-1\" \/>\n<link rel=\"canonical\" href=\"https:\/\/psoecanarias.com\/web\/la-prioridad-de-baltar-no-es-acabar-con-el-sufrimiento-de-la-gente-sino-maquillar-a-medida-para-la-privada\/\" \/>\n<meta property=\"og:locale\" content=\"es_ES\" \/>\n<meta property=\"og:type\" content=\"article\" \/>\n<meta property=\"og:title\" content=\"\u201cLa prioridad de Baltar no es acabar con el sufrimiento de la gente, sino maquillar a medida para la privada\u201d | PSOE Canarias\" \/>\n<meta property=\"og:description\" content=\"La diputada del PSOE Patricia Hern\u00e1ndez afirm\u00f3 este mi\u00e9rcoles que la prioridad del consejero de Sanidad del Gobierno de CC, Jos\u00e9 Manuel Baltar, \u201cno es acabar con el sufrimiento de la gente, sino maquillar a golpe de medidas coyunturales que benefician a sus amigos de la privada\u201d. &nbsp; Hern\u00e1ndez interpel\u00f3 al consejero para pedirle explicaciones [&hellip;]\" \/>\n<meta property=\"og:url\" content=\"https:\/\/psoecanarias.com\/web\/la-prioridad-de-baltar-no-es-acabar-con-el-sufrimiento-de-la-gente-sino-maquillar-a-medida-para-la-privada\/\" \/>\n<meta property=\"og:site_name\" content=\"PSOE Canarias\" \/>\n<meta property=\"article:published_time\" content=\"2019-02-06T14:40:40+00:00\" \/>\n<meta property=\"og:image\" content=\"https:\/\/psoecanarias.com\/web\/wp-content\/uploads\/2019\/02\/PH6feb.jpeg\" \/>\n\t<meta property=\"og:image:width\" content=\"1024\" \/>\n\t<meta property=\"og:image:height\" content=\"683\" \/>\n\t<meta property=\"og:image:type\" content=\"image\/jpeg\" \/>\n<meta name=\"author\" content=\"PSOE Canarias\" \/>\n<meta name=\"twitter:card\" content=\"summary_large_image\" \/>\n<script type=\"application\/ld+json\" class=\"yoast-schema-graph\">{\"@context\":\"https:\/\/schema.org\",\"@graph\":[{\"@type\":\"Article\",\"@id\":\"https:\/\/psoecanarias.com\/web\/la-prioridad-de-baltar-no-es-acabar-con-el-sufrimiento-de-la-gente-sino-maquillar-a-medida-para-la-privada\/#article\",\"isPartOf\":{\"@id\":\"https:\/\/psoecanarias.com\/web\/la-prioridad-de-baltar-no-es-acabar-con-el-sufrimiento-de-la-gente-sino-maquillar-a-medida-para-la-privada\/\"},\"author\":{\"name\":\"PSOE Canarias\",\"@id\":\"https:\/\/psoecanarias.com\/web\/#\/schema\/person\/1ae43f9659d2fc599ca69c11e1dbf26f\"},\"headline\":\"\u201cLa prioridad de Baltar no es acabar con el sufrimiento de la gente, sino maquillar a medida para la privada\u201d\",\"datePublished\":\"2019-02-06T14:40:40+00:00\",\"mainEntityOfPage\":{\"@id\":\"https:\/\/psoecanarias.com\/web\/la-prioridad-de-baltar-no-es-acabar-con-el-sufrimiento-de-la-gente-sino-maquillar-a-medida-para-la-privada\/\"},\"wordCount\":636,\"commentCount\":0,\"image\":{\"@id\":\"https:\/\/psoecanarias.com\/web\/la-prioridad-de-baltar-no-es-acabar-con-el-sufrimiento-de-la-gente-sino-maquillar-a-medida-para-la-privada\/#primaryimage\"},\"thumbnailUrl\":\"https:\/\/psoecanarias.com\/web\/wp-content\/uploads\/2019\/02\/PH6feb.jpeg\",\"articleSection\":[\"Pol\u00edtica\"],\"inLanguage\":\"es\",\"potentialAction\":[{\"@type\":\"CommentAction\",\"name\":\"Comment\",\"target\":[\"https:\/\/psoecanarias.com\/web\/la-prioridad-de-baltar-no-es-acabar-con-el-sufrimiento-de-la-gente-sino-maquillar-a-medida-para-la-privada\/#respond\"]}]},{\"@type\":\"WebPage\",\"@id\":\"https:\/\/psoecanarias.com\/web\/la-prioridad-de-baltar-no-es-acabar-con-el-sufrimiento-de-la-gente-sino-maquillar-a-medida-para-la-privada\/\",\"url\":\"https:\/\/psoecanarias.com\/web\/la-prioridad-de-baltar-no-es-acabar-con-el-sufrimiento-de-la-gente-sino-maquillar-a-medida-para-la-privada\/\",\"name\":\"\u201cLa prioridad de Baltar no es acabar con el sufrimiento de la gente, sino maquillar a medida para la privada\u201d | PSOE Canarias\",\"isPartOf\":{\"@id\":\"https:\/\/psoecanarias.com\/web\/#website\"},\"primaryImageOfPage\":{\"@id\":\"https:\/\/psoecanarias.com\/web\/la-prioridad-de-baltar-no-es-acabar-con-el-sufrimiento-de-la-gente-sino-maquillar-a-medida-para-la-privada\/#primaryimage\"},\"image\":{\"@id\":\"https:\/\/psoecanarias.com\/web\/la-prioridad-de-baltar-no-es-acabar-con-el-sufrimiento-de-la-gente-sino-maquillar-a-medida-para-la-privada\/#primaryimage\"},\"thumbnailUrl\":\"https:\/\/psoecanarias.com\/web\/wp-content\/uploads\/2019\/02\/PH6feb.jpeg\",\"datePublished\":\"2019-02-06T14:40:40+00:00\",\"author\":{\"@id\":\"https:\/\/psoecanarias.com\/web\/#\/schema\/person\/1ae43f9659d2fc599ca69c11e1dbf26f\"},\"breadcrumb\":{\"@id\":\"https:\/\/psoecanarias.com\/web\/la-prioridad-de-baltar-no-es-acabar-con-el-sufrimiento-de-la-gente-sino-maquillar-a-medida-para-la-privada\/#breadcrumb\"},\"inLanguage\":\"es\",\"potentialAction\":[{\"@type\":\"ReadAction\",\"target\":[\"https:\/\/psoecanarias.com\/web\/la-prioridad-de-baltar-no-es-acabar-con-el-sufrimiento-de-la-gente-sino-maquillar-a-medida-para-la-privada\/\"]}]},{\"@type\":\"ImageObject\",\"inLanguage\":\"es\",\"@id\":\"https:\/\/psoecanarias.com\/web\/la-prioridad-de-baltar-no-es-acabar-con-el-sufrimiento-de-la-gente-sino-maquillar-a-medida-para-la-privada\/#primaryimage\",\"url\":\"https:\/\/psoecanarias.com\/web\/wp-content\/uploads\/2019\/02\/PH6feb.jpeg\",\"contentUrl\":\"https:\/\/psoecanarias.com\/web\/wp-content\/uploads\/2019\/02\/PH6feb.jpeg\",\"width\":1024,\"height\":683},{\"@type\":\"BreadcrumbList\",\"@id\":\"https:\/\/psoecanarias.com\/web\/la-prioridad-de-baltar-no-es-acabar-con-el-sufrimiento-de-la-gente-sino-maquillar-a-medida-para-la-privada\/#breadcrumb\",\"itemListElement\":[{\"@type\":\"ListItem\",\"position\":1,\"name\":\"Portada\",\"item\":\"https:\/\/psoecanarias.com\/web\/\"},{\"@type\":\"ListItem\",\"position\":2,\"name\":\"\u201cLa prioridad de Baltar no es acabar con el sufrimiento de la gente, sino maquillar a medida para la privada\u201d\"}]},{\"@type\":\"WebSite\",\"@id\":\"https:\/\/psoecanarias.com\/web\/#website\",\"url\":\"https:\/\/psoecanarias.com\/web\/\",\"name\":\"PSOE Canarias\",\"description\":\"Partido Socialista Obrero Espa\u00f1ol Canarias\",\"potentialAction\":[{\"@type\":\"SearchAction\",\"target\":{\"@type\":\"EntryPoint\",\"urlTemplate\":\"https:\/\/psoecanarias.com\/web\/?s={search_term_string}\"},\"query-input\":{\"@type\":\"PropertyValueSpecification\",\"valueRequired\":true,\"valueName\":\"search_term_string\"}}],\"inLanguage\":\"es\"},{\"@type\":\"Person\",\"@id\":\"https:\/\/psoecanarias.com\/web\/#\/schema\/person\/1ae43f9659d2fc599ca69c11e1dbf26f\",\"name\":\"PSOE Canarias\",\"image\":{\"@type\":\"ImageObject\",\"inLanguage\":\"es\",\"@id\":\"https:\/\/secure.gravatar.com\/avatar\/4364d37f6f6f9cdb7af199b46151565f37d8a8c3c0e04c1d78c04e857a15e3a8?s=96&d=mm&r=g\",\"url\":\"https:\/\/secure.gravatar.com\/avatar\/4364d37f6f6f9cdb7af199b46151565f37d8a8c3c0e04c1d78c04e857a15e3a8?s=96&d=mm&r=g\",\"contentUrl\":\"https:\/\/secure.gravatar.com\/avatar\/4364d37f6f6f9cdb7af199b46151565f37d8a8c3c0e04c1d78c04e857a15e3a8?s=96&d=mm&r=g\",\"caption\":\"PSOE Canarias\"},\"url\":\"https:\/\/psoecanarias.com\/web\/author\/admin\/\"}]}<\/script>\n<!-- \/ Yoast SEO plugin. -->","yoast_head_json":{"title":"\u201cLa prioridad de Baltar no es acabar con el sufrimiento de la gente, sino maquillar a medida para la privada\u201d | PSOE Canarias","robots":{"index":"index","follow":"follow","max-snippet":"max-snippet:-1","max-image-preview":"max-image-preview:large","max-video-preview":"max-video-preview:-1"},"canonical":"https:\/\/psoecanarias.com\/web\/la-prioridad-de-baltar-no-es-acabar-con-el-sufrimiento-de-la-gente-sino-maquillar-a-medida-para-la-privada\/","og_locale":"es_ES","og_type":"article","og_title":"\u201cLa prioridad de Baltar no es acabar con el sufrimiento de la gente, sino maquillar a medida para la privada\u201d | PSOE Canarias","og_description":"La diputada del PSOE Patricia Hern\u00e1ndez afirm\u00f3 este mi\u00e9rcoles que la prioridad del consejero de Sanidad del Gobierno de CC, Jos\u00e9 Manuel Baltar, \u201cno es acabar con el sufrimiento de la gente, sino maquillar a golpe de medidas coyunturales que benefician a sus amigos de la privada\u201d. &nbsp; Hern\u00e1ndez interpel\u00f3 al consejero para pedirle explicaciones [&hellip;]","og_url":"https:\/\/psoecanarias.com\/web\/la-prioridad-de-baltar-no-es-acabar-con-el-sufrimiento-de-la-gente-sino-maquillar-a-medida-para-la-privada\/","og_site_name":"PSOE Canarias","article_published_time":"2019-02-06T14:40:40+00:00","og_image":[{"width":1024,"height":683,"url":"https:\/\/psoecanarias.com\/web\/wp-content\/uploads\/2019\/02\/PH6feb.jpeg","type":"image\/jpeg"}],"author":"PSOE Canarias","twitter_card":"summary_large_image","schema":{"@context":"https:\/\/schema.org","@graph":[{"@type":"Article","@id":"https:\/\/psoecanarias.com\/web\/la-prioridad-de-baltar-no-es-acabar-con-el-sufrimiento-de-la-gente-sino-maquillar-a-medida-para-la-privada\/#article","isPartOf":{"@id":"https:\/\/psoecanarias.com\/web\/la-prioridad-de-baltar-no-es-acabar-con-el-sufrimiento-de-la-gente-sino-maquillar-a-medida-para-la-privada\/"},"author":{"name":"PSOE Canarias","@id":"https:\/\/psoecanarias.com\/web\/#\/schema\/person\/1ae43f9659d2fc599ca69c11e1dbf26f"},"headline":"\u201cLa prioridad de Baltar no es acabar con el sufrimiento de la gente, sino maquillar a medida para la privada\u201d","datePublished":"2019-02-06T14:40:40+00:00","mainEntityOfPage":{"@id":"https:\/\/psoecanarias.com\/web\/la-prioridad-de-baltar-no-es-acabar-con-el-sufrimiento-de-la-gente-sino-maquillar-a-medida-para-la-privada\/"},"wordCount":636,"commentCount":0,"image":{"@id":"https:\/\/psoecanarias.com\/web\/la-prioridad-de-baltar-no-es-acabar-con-el-sufrimiento-de-la-gente-sino-maquillar-a-medida-para-la-privada\/#primaryimage"},"thumbnailUrl":"https:\/\/psoecanarias.com\/web\/wp-content\/uploads\/2019\/02\/PH6feb.jpeg","articleSection":["Pol\u00edtica"],"inLanguage":"es","potentialAction":[{"@type":"CommentAction","name":"Comment","target":["https:\/\/psoecanarias.com\/web\/la-prioridad-de-baltar-no-es-acabar-con-el-sufrimiento-de-la-gente-sino-maquillar-a-medida-para-la-privada\/#respond"]}]},{"@type":"WebPage","@id":"https:\/\/psoecanarias.com\/web\/la-prioridad-de-baltar-no-es-acabar-con-el-sufrimiento-de-la-gente-sino-maquillar-a-medida-para-la-privada\/","url":"https:\/\/psoecanarias.com\/web\/la-prioridad-de-baltar-no-es-acabar-con-el-sufrimiento-de-la-gente-sino-maquillar-a-medida-para-la-privada\/","name":"\u201cLa prioridad de Baltar no es acabar con el sufrimiento de la gente, sino maquillar a medida para la privada\u201d | PSOE Canarias","isPartOf":{"@id":"https:\/\/psoecanarias.com\/web\/#website"},"primaryImageOfPage":{"@id":"https:\/\/psoecanarias.com\/web\/la-prioridad-de-baltar-no-es-acabar-con-el-sufrimiento-de-la-gente-sino-maquillar-a-medida-para-la-privada\/#primaryimage"},"image":{"@id":"https:\/\/psoecanarias.com\/web\/la-prioridad-de-baltar-no-es-acabar-con-el-sufrimiento-de-la-gente-sino-maquillar-a-medida-para-la-privada\/#primaryimage"},"thumbnailUrl":"https:\/\/psoecanarias.com\/web\/wp-content\/uploads\/2019\/02\/PH6feb.jpeg","datePublished":"2019-02-06T14:40:40+00:00","author":{"@id":"https:\/\/psoecanarias.com\/web\/#\/schema\/person\/1ae43f9659d2fc599ca69c11e1dbf26f"},"breadcrumb":{"@id":"https:\/\/psoecanarias.com\/web\/la-prioridad-de-baltar-no-es-acabar-con-el-sufrimiento-de-la-gente-sino-maquillar-a-medida-para-la-privada\/#breadcrumb"},"inLanguage":"es","potentialAction":[{"@type":"ReadAction","target":["https:\/\/psoecanarias.com\/web\/la-prioridad-de-baltar-no-es-acabar-con-el-sufrimiento-de-la-gente-sino-maquillar-a-medida-para-la-privada\/"]}]},{"@type":"ImageObject","inLanguage":"es","@id":"https:\/\/psoecanarias.com\/web\/la-prioridad-de-baltar-no-es-acabar-con-el-sufrimiento-de-la-gente-sino-maquillar-a-medida-para-la-privada\/#primaryimage","url":"https:\/\/psoecanarias.com\/web\/wp-content\/uploads\/2019\/02\/PH6feb.jpeg","contentUrl":"https:\/\/psoecanarias.com\/web\/wp-content\/uploads\/2019\/02\/PH6feb.jpeg","width":1024,"height":683},{"@type":"BreadcrumbList","@id":"https:\/\/psoecanarias.com\/web\/la-prioridad-de-baltar-no-es-acabar-con-el-sufrimiento-de-la-gente-sino-maquillar-a-medida-para-la-privada\/#breadcrumb","itemListElement":[{"@type":"ListItem","position":1,"name":"Portada","item":"https:\/\/psoecanarias.com\/web\/"},{"@type":"ListItem","position":2,"name":"\u201cLa prioridad de Baltar no es acabar con el sufrimiento de la gente, sino maquillar a medida para la privada\u201d"}]},{"@type":"WebSite","@id":"https:\/\/psoecanarias.com\/web\/#website","url":"https:\/\/psoecanarias.com\/web\/","name":"PSOE Canarias","description":"Partido Socialista Obrero Espa\u00f1ol Canarias","potentialAction":[{"@type":"SearchAction","target":{"@type":"EntryPoint","urlTemplate":"https:\/\/psoecanarias.com\/web\/?s={search_term_string}"},"query-input":{"@type":"PropertyValueSpecification","valueRequired":true,"valueName":"search_term_string"}}],"inLanguage":"es"},{"@type":"Person","@id":"https:\/\/psoecanarias.com\/web\/#\/schema\/person\/1ae43f9659d2fc599ca69c11e1dbf26f","name":"PSOE Canarias","image":{"@type":"ImageObject","inLanguage":"es","@id":"https:\/\/secure.gravatar.com\/avatar\/4364d37f6f6f9cdb7af199b46151565f37d8a8c3c0e04c1d78c04e857a15e3a8?s=96&d=mm&r=g","url":"https:\/\/secure.gravatar.com\/avatar\/4364d37f6f6f9cdb7af199b46151565f37d8a8c3c0e04c1d78c04e857a15e3a8?s=96&d=mm&r=g","contentUrl":"https:\/\/secure.gravatar.com\/avatar\/4364d37f6f6f9cdb7af199b46151565f37d8a8c3c0e04c1d78c04e857a15e3a8?s=96&d=mm&r=g","caption":"PSOE Canarias"},"url":"https:\/\/psoecanarias.com\/web\/author\/admin\/"}]}},"_links":{"self":[{"href":"https:\/\/psoecanarias.com\/web\/wp-json\/wp\/v2\/posts\/6049","targetHints":{"allow":["GET"]}}],"collection":[{"href":"https:\/\/psoecanarias.com\/web\/wp-json\/wp\/v2\/posts"}],"about":[{"href":"https:\/\/psoecanarias.com\/web\/wp-json\/wp\/v2\/types\/post"}],"author":[{"embeddable":true,"href":"https:\/\/psoecanarias.com\/web\/wp-json\/wp\/v2\/users\/1"}],"replies":[{"embeddable":true,"href":"https:\/\/psoecanarias.com\/web\/wp-json\/wp\/v2\/comments?post=6049"}],"version-history":[{"count":1,"href":"https:\/\/psoecanarias.com\/web\/wp-json\/wp\/v2\/posts\/6049\/revisions"}],"predecessor-version":[{"id":6051,"href":"https:\/\/psoecanarias.com\/web\/wp-json\/wp\/v2\/posts\/6049\/revisions\/6051"}],"wp:featuredmedia":[{"embeddable":true,"href":"https:\/\/psoecanarias.com\/web\/wp-json\/wp\/v2\/media\/6050"}],"wp:attachment":[{"href":"https:\/\/psoecanarias.com\/web\/wp-json\/wp\/v2\/media?parent=6049"}],"wp:term":[{"taxonomy":"category","embeddable":true,"href":"https:\/\/psoecanarias.com\/web\/wp-json\/wp\/v2\/categories?post=6049"},{"taxonomy":"post_tag","embeddable":true,"href":"https:\/\/psoecanarias.com\/web\/wp-json\/wp\/v2\/tags?post=6049"}],"curies":[{"name":"wp","href":"https:\/\/api.w.org\/{rel}","templated":true}]}}