{"id":6056,"date":"2019-02-07T11:21:17","date_gmt":"2019-02-07T11:21:17","guid":{"rendered":"http:\/\/psoecanarias.com\/web\/?p=6056"},"modified":"2019-02-07T11:21:17","modified_gmt":"2019-02-07T11:21:17","slug":"la-propuesta-presupuestaria-del-gobierno-de-pedro-sanchez-aporta-mucho-mas-a-canarias-que-una-enmienda-de-cc","status":"publish","type":"post","link":"https:\/\/psoecanarias.com\/web\/la-propuesta-presupuestaria-del-gobierno-de-pedro-sanchez-aporta-mucho-mas-a-canarias-que-una-enmienda-de-cc\/","title":{"rendered":"\u201cLa propuesta presupuestaria del Gobierno de Pedro S\u00e1nchez aporta mucho m\u00e1s a Canarias que una enmienda de CC\u201d"},"content":{"rendered":"<p>El diputado del PSOE I\u00f1aki Lavandera afirma que el proyecto de Ley de Presupuestos Generales del Estado para 2019, presentado por el Gobierno socialista de Pedro S\u00e1nchez, es \u201cm\u00e1s importante para Canarias que una enmienda de Coalici\u00f3n Canaria\u201d.<\/p>\n<p>&nbsp;<\/p>\n<p>Lavandera asegur\u00f3, en el marco de la comparecencia instada por el PSOE a la consejera de Hacienda del Gobierno de Canarias, que se trata de unas cuentas que apuestan decididamente por un crecimiento sostenible e inclusivo, que redistribuyen la riqueza, responsables, que reducen la deuda y el d\u00e9ficit, son sociales, son una apuesta por una sociedad m\u00e1s justa, m\u00e1s solidaria, apuntan directamente a las necesidades de la mayor\u00eda, de Espa\u00f1a y de Canarias. \u201cTodo esto parece haber pasado desapercibido para Coalici\u00f3n Canaria\u201d, lament\u00f3.<\/p>\n<p>&nbsp;<\/p>\n<p>Explic\u00f3 que este proyecto consecuencia de un pacto presupuestario de izquierdas \u201cbeneficia especialmente a Canarias despu\u00e9s de tantos a\u00f1os de Coalici\u00f3n Canaria, debido a los resultados, precisamente, de esos gobiernos sucesivos: precariedad laboral, exclusi\u00f3n social, pobreza, rentas bajas para la mayor\u00eda y privilegios y ayudas para la minor\u00eda\u201d.<\/p>\n<p>&nbsp;<\/p>\n<p>Lavandera rechaz\u00f3 \u201cel discurso de la derecha pol\u00edtica en Espa\u00f1a y en Canarias, el uso torticero e irresponsable del conflicto catal\u00e1n para deslegitimar la acci\u00f3n de un Gobierno progresista por parte de una derecha que todav\u00eda no entiende por qu\u00e9 la corrupci\u00f3n hizo que fuesen desalojados mediante una democr\u00e1tica moci\u00f3n de censura\u00a0\u00bb.<\/p>\n<p>&nbsp;<\/p>\n<p>Critic\u00f3 que CC y PP se sit\u00faen en contra de un Gobierno, el socialista, que ha firmado m\u00e1s convenios con Canarias que el PP en los \u00faltimos siete a\u00f1os y que presenta mejoras como la mayor subida de la historia del salario m\u00ednimo interprofesional, la revalorizaci\u00f3n de las pensiones, en especial las no contributivas, \u201cesas que en Canarias son m\u00e1s numerosas que en otras regiones del pa\u00eds y que Coalici\u00f3n Canaria adem\u00e1s se niega a suplementar como s\u00ed hacen otras comunidades\u201d.<\/p>\n<p>&nbsp;<\/p>\n<p>El diputado del PSOE denunci\u00f3 el \u201cfrentismo irresponsable\u201d de Coalici\u00f3n Canaria, \u201cque est\u00e1 m\u00e1s centrada en defender sus intereses electorales y los de determinados grupos, sin que nada de ello tenga que ver con los verdaderos intereses de Canarias\u201d. En esta l\u00ednea, rechaz\u00f3, una vez m\u00e1s, la afirmaci\u00f3n de la consejera de Hacienda de que es mejor para Canarias que estos presupuestos no se aprueben. \u201cDecir eso es lo mismo que decir que es mejor que Canarias no avance\u201d.<\/p>\n<p>&nbsp;<\/p>\n<p>Tambi\u00e9n record\u00f3 que CC criticaba estos presupuestos antes de conocerlos mientras asum\u00eda, \u201csin rechistar\u201d, los presupuestos que presentaba el Gobierno del PP pese a ser peores para Canarias. Insisti\u00f3 en la singular importancia para Canarias de las partidas presentadas por el Ejecutivo del PSOE debido a la situaci\u00f3n en que CC ha colocado al archipi\u00e9lago tras tres d\u00e9cadas de presencia en el Gobierno.<\/p>\n<p>&nbsp;<\/p>\n<p>I\u00f1aki Lavandera hizo hincapi\u00e9 en que, pese a Coalici\u00f3n Canaria y gracias al Partido Socialista Canario, Canarias volver\u00e1 a estar por encima de la inversi\u00f3n media del Estado en los Presupuestos del Estado para 2019. \u201cNosotros enmendaremos las cuentas con garant\u00eda de \u00e9xito, con voz propia, sin necesitar de gritar en una tribuna, trabajando y colaborando con el Gobierno de Espa\u00f1a\u201d.<\/p>\n<p>&nbsp;<\/p>\n<p>Asegur\u00f3 que el PSOE har\u00e1 que se cumpla con el Estatuto de Autonom\u00eda de Canarias y tambi\u00e9n adelant\u00f3 que las y los socialistas mejorar\u00e1n las cuentas, \u201csi se tramitan y no las bloquean aquellos que anteponen la crispaci\u00f3n a la convivencia\u201d. En cuanto al REF, se\u00f1al\u00f3 que el PSOE desvincular\u00e1 la tributaci\u00f3n m\u00ednima con mayor seguridad jur\u00eddica, beneficios fiscales que s\u00ed est\u00e1n cuantificados correctamente en los presupuestos, muestra de la voluntad del Gobierno Socialista por cumplir.<\/p>\n<p>&nbsp;<\/p>\n<p>\u201cTambi\u00e9n pondremos nombre a inversiones en infraestructuras hidr\u00e1ulicas, tur\u00edsticas o en materia de costas, b\u00e1sicamente porque despu\u00e9s de mayo habr\u00e1 un Gobierno capaz de ejecutarlas y no se dejar\u00e1n en el camino 800 millones de recursos ociosos en inversiones como ha hecho Coalici\u00f3n Canaria\u201d, afirm\u00f3 Lavandera quien, para concluir, apel\u00f3 a la lealtad institucional, al di\u00e1logo y al trabajo.<\/p>\n<p>&nbsp;<\/p>\n<p><strong>CIFRAS BUENAS PARA CANARIAS<\/strong><\/p>\n<p>&nbsp;<\/p>\n<p>Lavandera detall\u00f3 las razones por las que este presupuesto es bueno para Canarias. Indic\u00f3 que se destinan 32.500 millones de euros al desarrollo sostenible; aumenta el permiso de paternidad de 5 a 8 semanas en 2019 hasta las 21 semanas en el a\u00f1o 2021 beneficiando a 6.741 familias; conllevan una tributaci\u00f3n m\u00e1s justa y progresiva, para que los que m\u00e1s ganen m\u00e1s contribuyan al sostenimiento del estado del bienestar.<\/p>\n<p>&nbsp;<\/p>\n<p>Las cuentas, continu\u00f3, recuperan el subsidio para mayores de 52 a\u00f1os, aumentando tambi\u00e9n las partidas para fomento del empleo, el mayor problema de Canarias, aumentando hasta 108.000 personas las beneficiarias. Posibilitan que suban las pensiones, en especial las m\u00ednimas y las no contributivas, mejorando la vida de 369.700 personas; aumentan el gasto en dependencia en un 59,3 por ciento; se elimina el copago farmac\u00e9utico para los pensionistas y los colectivos m\u00e1s vulnerables, algo que en Canarias beneficia al 40 por ciento de su poblaci\u00f3n en riesgo de pobreza y exclusi\u00f3n social (35.000 personas beneficiadas).<\/p>\n<p>&nbsp;<\/p>\n<p>Las ayudas a familias para combatir la pobreza aumentan en 321 millones de euros, \u201calgo que beneficiar\u00e1 a la comunidad con m\u00e1s pobreza severa, m\u00e1s de un 13 por ciento, a gran distancia de la siguiente en este dram\u00e1tico ranking de la verg\u00fcenza\u201d; las becas para estudios crecen un 10 por ciento y beneficiar\u00e1n a 212.450 alumnos; la lucha contra la violencia de g\u00e9nero crece hasta los 220 millones de euros; se destina un 41 por ciento de los fondos para el acceso a la vivienda; aumentan en un 11 por ciento los fondos para el desarrollo de la econom\u00eda y la sociedad digital; crece en 64,2 millones de euros la financiaci\u00f3n de las corporaciones locales y en 416,3 millones de euros el gasto social de los canarios y canarias.<\/p>\n<p>&nbsp;<\/p>\n<p>\u201cEstamos ante partidas nominadas que se cifran en casi 340 millones de euros de aumento entre la Ley de 2018 y el proyecto de Ley de 2019, mejoras que vienen derivadas del compromiso del PSOE con Canarias, del REF econ\u00f3mico y fiscal y del Estatuto de Autonom\u00eda\u201d, destac\u00f3.<\/p>\n<p>&nbsp;<\/p>\n<p>El diputado acus\u00f3 a CC-PP de pretender esconder que las partidas vinculadas al REF econ\u00f3mico aumentan en 134,8 millones de euros si lo comparamos con el proyecto de Ley de 2018 y en 89,9 millones con respecto a la Ley de 2018. \u201cTampoco mencionan que la cuantificaci\u00f3n de los beneficios fiscales derivados del REF se incrementa en 104,5 millones de euros y, por supuesto, no reflexionan seriamente sobre las consecuencias que tiene su incapacidad de ejecuci\u00f3n que provoca que convenios como el de infraestructuras hidr\u00e1ulicas o el de carreteras reduzcan su aportaci\u00f3n en el a\u00f1o 2019\u201d.<\/p>\n<p>&nbsp;<\/p>\n<p>&nbsp;<\/p>\n<p>&nbsp;<\/p>\n<p>&nbsp;<\/p>\n<p>&nbsp;<\/p>\n<p>&nbsp;<\/p>\n","protected":false},"excerpt":{"rendered":"<p>El diputado del PSOE I\u00f1aki Lavandera afirma que el proyecto de Ley de Presupuestos Generales del Estado para 2019, presentado por el Gobierno socialista de Pedro S\u00e1nchez, es \u201cm\u00e1s importante para Canarias que una enmienda de Coalici\u00f3n Canaria\u201d. &nbsp; Lavandera asegur\u00f3, en el marco de la comparecencia instada por el PSOE a la consejera de [&hellip;]<\/p>\n","protected":false},"author":1,"featured_media":6057,"comment_status":"open","ping_status":"open","sticky":false,"template":"","format":"standard","meta":{"footnotes":""},"categories":[7],"tags":[],"class_list":["post-6056","post","type-post","status-publish","format-standard","has-post-thumbnail","hentry","category-politica"],"featured_image_src":"https:\/\/psoecanarias.com\/web\/wp-content\/uploads\/2019\/02\/IL8feb.jpeg","author_info":{"display_name":"PSOE Canarias","author_link":"https:\/\/psoecanarias.com\/web\/author\/admin\/"},"yoast_head":"<!-- This site is optimized with the Yoast SEO plugin v27.2 - https:\/\/yoast.com\/product\/yoast-seo-wordpress\/ -->\n<title>\u201cLa propuesta presupuestaria del Gobierno de Pedro S\u00e1nchez aporta mucho m\u00e1s a Canarias que una enmienda de CC\u201d | PSOE Canarias<\/title>\n<meta name=\"robots\" content=\"index, follow, max-snippet:-1, max-image-preview:large, max-video-preview:-1\" \/>\n<link rel=\"canonical\" href=\"https:\/\/psoecanarias.com\/web\/la-propuesta-presupuestaria-del-gobierno-de-pedro-sanchez-aporta-mucho-mas-a-canarias-que-una-enmienda-de-cc\/\" \/>\n<meta property=\"og:locale\" content=\"es_ES\" \/>\n<meta property=\"og:type\" content=\"article\" \/>\n<meta property=\"og:title\" content=\"\u201cLa propuesta presupuestaria del Gobierno de Pedro S\u00e1nchez aporta mucho m\u00e1s a Canarias que una enmienda de CC\u201d | PSOE Canarias\" \/>\n<meta property=\"og:description\" content=\"El diputado del PSOE I\u00f1aki Lavandera afirma que el proyecto de Ley de Presupuestos Generales del Estado para 2019, presentado por el Gobierno socialista de Pedro S\u00e1nchez, es \u201cm\u00e1s importante para Canarias que una enmienda de Coalici\u00f3n Canaria\u201d. &nbsp; Lavandera asegur\u00f3, en el marco de la comparecencia instada por el PSOE a la consejera de [&hellip;]\" \/>\n<meta property=\"og:url\" content=\"https:\/\/psoecanarias.com\/web\/la-propuesta-presupuestaria-del-gobierno-de-pedro-sanchez-aporta-mucho-mas-a-canarias-que-una-enmienda-de-cc\/\" \/>\n<meta property=\"og:site_name\" content=\"PSOE Canarias\" \/>\n<meta property=\"article:published_time\" content=\"2019-02-07T11:21:17+00:00\" \/>\n<meta property=\"og:image\" content=\"https:\/\/psoecanarias.com\/web\/wp-content\/uploads\/2019\/02\/IL8feb.jpeg\" \/>\n\t<meta property=\"og:image:width\" content=\"1600\" \/>\n\t<meta property=\"og:image:height\" content=\"1066\" \/>\n\t<meta property=\"og:image:type\" content=\"image\/jpeg\" \/>\n<meta name=\"author\" content=\"PSOE Canarias\" \/>\n<meta name=\"twitter:card\" content=\"summary_large_image\" \/>\n<script type=\"application\/ld+json\" class=\"yoast-schema-graph\">{\"@context\":\"https:\/\/schema.org\",\"@graph\":[{\"@type\":\"Article\",\"@id\":\"https:\/\/psoecanarias.com\/web\/la-propuesta-presupuestaria-del-gobierno-de-pedro-sanchez-aporta-mucho-mas-a-canarias-que-una-enmienda-de-cc\/#article\",\"isPartOf\":{\"@id\":\"https:\/\/psoecanarias.com\/web\/la-propuesta-presupuestaria-del-gobierno-de-pedro-sanchez-aporta-mucho-mas-a-canarias-que-una-enmienda-de-cc\/\"},\"author\":{\"name\":\"PSOE Canarias\",\"@id\":\"https:\/\/psoecanarias.com\/web\/#\/schema\/person\/1ae43f9659d2fc599ca69c11e1dbf26f\"},\"headline\":\"\u201cLa propuesta presupuestaria del Gobierno de Pedro S\u00e1nchez aporta mucho m\u00e1s a Canarias que una enmienda de CC\u201d\",\"datePublished\":\"2019-02-07T11:21:17+00:00\",\"mainEntityOfPage\":{\"@id\":\"https:\/\/psoecanarias.com\/web\/la-propuesta-presupuestaria-del-gobierno-de-pedro-sanchez-aporta-mucho-mas-a-canarias-que-una-enmienda-de-cc\/\"},\"wordCount\":1181,\"commentCount\":0,\"image\":{\"@id\":\"https:\/\/psoecanarias.com\/web\/la-propuesta-presupuestaria-del-gobierno-de-pedro-sanchez-aporta-mucho-mas-a-canarias-que-una-enmienda-de-cc\/#primaryimage\"},\"thumbnailUrl\":\"https:\/\/psoecanarias.com\/web\/wp-content\/uploads\/2019\/02\/IL8feb.jpeg\",\"articleSection\":[\"Pol\u00edtica\"],\"inLanguage\":\"es\",\"potentialAction\":[{\"@type\":\"CommentAction\",\"name\":\"Comment\",\"target\":[\"https:\/\/psoecanarias.com\/web\/la-propuesta-presupuestaria-del-gobierno-de-pedro-sanchez-aporta-mucho-mas-a-canarias-que-una-enmienda-de-cc\/#respond\"]}]},{\"@type\":\"WebPage\",\"@id\":\"https:\/\/psoecanarias.com\/web\/la-propuesta-presupuestaria-del-gobierno-de-pedro-sanchez-aporta-mucho-mas-a-canarias-que-una-enmienda-de-cc\/\",\"url\":\"https:\/\/psoecanarias.com\/web\/la-propuesta-presupuestaria-del-gobierno-de-pedro-sanchez-aporta-mucho-mas-a-canarias-que-una-enmienda-de-cc\/\",\"name\":\"\u201cLa propuesta presupuestaria del Gobierno de Pedro S\u00e1nchez aporta mucho m\u00e1s a Canarias que una enmienda de CC\u201d | PSOE Canarias\",\"isPartOf\":{\"@id\":\"https:\/\/psoecanarias.com\/web\/#website\"},\"primaryImageOfPage\":{\"@id\":\"https:\/\/psoecanarias.com\/web\/la-propuesta-presupuestaria-del-gobierno-de-pedro-sanchez-aporta-mucho-mas-a-canarias-que-una-enmienda-de-cc\/#primaryimage\"},\"image\":{\"@id\":\"https:\/\/psoecanarias.com\/web\/la-propuesta-presupuestaria-del-gobierno-de-pedro-sanchez-aporta-mucho-mas-a-canarias-que-una-enmienda-de-cc\/#primaryimage\"},\"thumbnailUrl\":\"https:\/\/psoecanarias.com\/web\/wp-content\/uploads\/2019\/02\/IL8feb.jpeg\",\"datePublished\":\"2019-02-07T11:21:17+00:00\",\"author\":{\"@id\":\"https:\/\/psoecanarias.com\/web\/#\/schema\/person\/1ae43f9659d2fc599ca69c11e1dbf26f\"},\"breadcrumb\":{\"@id\":\"https:\/\/psoecanarias.com\/web\/la-propuesta-presupuestaria-del-gobierno-de-pedro-sanchez-aporta-mucho-mas-a-canarias-que-una-enmienda-de-cc\/#breadcrumb\"},\"inLanguage\":\"es\",\"potentialAction\":[{\"@type\":\"ReadAction\",\"target\":[\"https:\/\/psoecanarias.com\/web\/la-propuesta-presupuestaria-del-gobierno-de-pedro-sanchez-aporta-mucho-mas-a-canarias-que-una-enmienda-de-cc\/\"]}]},{\"@type\":\"ImageObject\",\"inLanguage\":\"es\",\"@id\":\"https:\/\/psoecanarias.com\/web\/la-propuesta-presupuestaria-del-gobierno-de-pedro-sanchez-aporta-mucho-mas-a-canarias-que-una-enmienda-de-cc\/#primaryimage\",\"url\":\"https:\/\/psoecanarias.com\/web\/wp-content\/uploads\/2019\/02\/IL8feb.jpeg\",\"contentUrl\":\"https:\/\/psoecanarias.com\/web\/wp-content\/uploads\/2019\/02\/IL8feb.jpeg\",\"width\":1600,\"height\":1066},{\"@type\":\"BreadcrumbList\",\"@id\":\"https:\/\/psoecanarias.com\/web\/la-propuesta-presupuestaria-del-gobierno-de-pedro-sanchez-aporta-mucho-mas-a-canarias-que-una-enmienda-de-cc\/#breadcrumb\",\"itemListElement\":[{\"@type\":\"ListItem\",\"position\":1,\"name\":\"Portada\",\"item\":\"https:\/\/psoecanarias.com\/web\/\"},{\"@type\":\"ListItem\",\"position\":2,\"name\":\"\u201cLa propuesta presupuestaria del Gobierno de Pedro S\u00e1nchez aporta mucho m\u00e1s a Canarias que una enmienda de CC\u201d\"}]},{\"@type\":\"WebSite\",\"@id\":\"https:\/\/psoecanarias.com\/web\/#website\",\"url\":\"https:\/\/psoecanarias.com\/web\/\",\"name\":\"PSOE Canarias\",\"description\":\"Partido Socialista Obrero Espa\u00f1ol Canarias\",\"potentialAction\":[{\"@type\":\"SearchAction\",\"target\":{\"@type\":\"EntryPoint\",\"urlTemplate\":\"https:\/\/psoecanarias.com\/web\/?s={search_term_string}\"},\"query-input\":{\"@type\":\"PropertyValueSpecification\",\"valueRequired\":true,\"valueName\":\"search_term_string\"}}],\"inLanguage\":\"es\"},{\"@type\":\"Person\",\"@id\":\"https:\/\/psoecanarias.com\/web\/#\/schema\/person\/1ae43f9659d2fc599ca69c11e1dbf26f\",\"name\":\"PSOE Canarias\",\"image\":{\"@type\":\"ImageObject\",\"inLanguage\":\"es\",\"@id\":\"https:\/\/secure.gravatar.com\/avatar\/4364d37f6f6f9cdb7af199b46151565f37d8a8c3c0e04c1d78c04e857a15e3a8?s=96&d=mm&r=g\",\"url\":\"https:\/\/secure.gravatar.com\/avatar\/4364d37f6f6f9cdb7af199b46151565f37d8a8c3c0e04c1d78c04e857a15e3a8?s=96&d=mm&r=g\",\"contentUrl\":\"https:\/\/secure.gravatar.com\/avatar\/4364d37f6f6f9cdb7af199b46151565f37d8a8c3c0e04c1d78c04e857a15e3a8?s=96&d=mm&r=g\",\"caption\":\"PSOE Canarias\"},\"url\":\"https:\/\/psoecanarias.com\/web\/author\/admin\/\"}]}<\/script>\n<!-- \/ Yoast SEO plugin. -->","yoast_head_json":{"title":"\u201cLa propuesta presupuestaria del Gobierno de Pedro S\u00e1nchez aporta mucho m\u00e1s a Canarias que una enmienda de CC\u201d | PSOE Canarias","robots":{"index":"index","follow":"follow","max-snippet":"max-snippet:-1","max-image-preview":"max-image-preview:large","max-video-preview":"max-video-preview:-1"},"canonical":"https:\/\/psoecanarias.com\/web\/la-propuesta-presupuestaria-del-gobierno-de-pedro-sanchez-aporta-mucho-mas-a-canarias-que-una-enmienda-de-cc\/","og_locale":"es_ES","og_type":"article","og_title":"\u201cLa propuesta presupuestaria del Gobierno de Pedro S\u00e1nchez aporta mucho m\u00e1s a Canarias que una enmienda de CC\u201d | PSOE Canarias","og_description":"El diputado del PSOE I\u00f1aki Lavandera afirma que el proyecto de Ley de Presupuestos Generales del Estado para 2019, presentado por el Gobierno socialista de Pedro S\u00e1nchez, es \u201cm\u00e1s importante para Canarias que una enmienda de Coalici\u00f3n Canaria\u201d. &nbsp; Lavandera asegur\u00f3, en el marco de la comparecencia instada por el PSOE a la consejera de [&hellip;]","og_url":"https:\/\/psoecanarias.com\/web\/la-propuesta-presupuestaria-del-gobierno-de-pedro-sanchez-aporta-mucho-mas-a-canarias-que-una-enmienda-de-cc\/","og_site_name":"PSOE Canarias","article_published_time":"2019-02-07T11:21:17+00:00","og_image":[{"width":1600,"height":1066,"url":"https:\/\/psoecanarias.com\/web\/wp-content\/uploads\/2019\/02\/IL8feb.jpeg","type":"image\/jpeg"}],"author":"PSOE Canarias","twitter_card":"summary_large_image","schema":{"@context":"https:\/\/schema.org","@graph":[{"@type":"Article","@id":"https:\/\/psoecanarias.com\/web\/la-propuesta-presupuestaria-del-gobierno-de-pedro-sanchez-aporta-mucho-mas-a-canarias-que-una-enmienda-de-cc\/#article","isPartOf":{"@id":"https:\/\/psoecanarias.com\/web\/la-propuesta-presupuestaria-del-gobierno-de-pedro-sanchez-aporta-mucho-mas-a-canarias-que-una-enmienda-de-cc\/"},"author":{"name":"PSOE Canarias","@id":"https:\/\/psoecanarias.com\/web\/#\/schema\/person\/1ae43f9659d2fc599ca69c11e1dbf26f"},"headline":"\u201cLa propuesta presupuestaria del Gobierno de Pedro S\u00e1nchez aporta mucho m\u00e1s a Canarias que una enmienda de CC\u201d","datePublished":"2019-02-07T11:21:17+00:00","mainEntityOfPage":{"@id":"https:\/\/psoecanarias.com\/web\/la-propuesta-presupuestaria-del-gobierno-de-pedro-sanchez-aporta-mucho-mas-a-canarias-que-una-enmienda-de-cc\/"},"wordCount":1181,"commentCount":0,"image":{"@id":"https:\/\/psoecanarias.com\/web\/la-propuesta-presupuestaria-del-gobierno-de-pedro-sanchez-aporta-mucho-mas-a-canarias-que-una-enmienda-de-cc\/#primaryimage"},"thumbnailUrl":"https:\/\/psoecanarias.com\/web\/wp-content\/uploads\/2019\/02\/IL8feb.jpeg","articleSection":["Pol\u00edtica"],"inLanguage":"es","potentialAction":[{"@type":"CommentAction","name":"Comment","target":["https:\/\/psoecanarias.com\/web\/la-propuesta-presupuestaria-del-gobierno-de-pedro-sanchez-aporta-mucho-mas-a-canarias-que-una-enmienda-de-cc\/#respond"]}]},{"@type":"WebPage","@id":"https:\/\/psoecanarias.com\/web\/la-propuesta-presupuestaria-del-gobierno-de-pedro-sanchez-aporta-mucho-mas-a-canarias-que-una-enmienda-de-cc\/","url":"https:\/\/psoecanarias.com\/web\/la-propuesta-presupuestaria-del-gobierno-de-pedro-sanchez-aporta-mucho-mas-a-canarias-que-una-enmienda-de-cc\/","name":"\u201cLa propuesta presupuestaria del Gobierno de Pedro S\u00e1nchez aporta mucho m\u00e1s a Canarias que una enmienda de CC\u201d | PSOE Canarias","isPartOf":{"@id":"https:\/\/psoecanarias.com\/web\/#website"},"primaryImageOfPage":{"@id":"https:\/\/psoecanarias.com\/web\/la-propuesta-presupuestaria-del-gobierno-de-pedro-sanchez-aporta-mucho-mas-a-canarias-que-una-enmienda-de-cc\/#primaryimage"},"image":{"@id":"https:\/\/psoecanarias.com\/web\/la-propuesta-presupuestaria-del-gobierno-de-pedro-sanchez-aporta-mucho-mas-a-canarias-que-una-enmienda-de-cc\/#primaryimage"},"thumbnailUrl":"https:\/\/psoecanarias.com\/web\/wp-content\/uploads\/2019\/02\/IL8feb.jpeg","datePublished":"2019-02-07T11:21:17+00:00","author":{"@id":"https:\/\/psoecanarias.com\/web\/#\/schema\/person\/1ae43f9659d2fc599ca69c11e1dbf26f"},"breadcrumb":{"@id":"https:\/\/psoecanarias.com\/web\/la-propuesta-presupuestaria-del-gobierno-de-pedro-sanchez-aporta-mucho-mas-a-canarias-que-una-enmienda-de-cc\/#breadcrumb"},"inLanguage":"es","potentialAction":[{"@type":"ReadAction","target":["https:\/\/psoecanarias.com\/web\/la-propuesta-presupuestaria-del-gobierno-de-pedro-sanchez-aporta-mucho-mas-a-canarias-que-una-enmienda-de-cc\/"]}]},{"@type":"ImageObject","inLanguage":"es","@id":"https:\/\/psoecanarias.com\/web\/la-propuesta-presupuestaria-del-gobierno-de-pedro-sanchez-aporta-mucho-mas-a-canarias-que-una-enmienda-de-cc\/#primaryimage","url":"https:\/\/psoecanarias.com\/web\/wp-content\/uploads\/2019\/02\/IL8feb.jpeg","contentUrl":"https:\/\/psoecanarias.com\/web\/wp-content\/uploads\/2019\/02\/IL8feb.jpeg","width":1600,"height":1066},{"@type":"BreadcrumbList","@id":"https:\/\/psoecanarias.com\/web\/la-propuesta-presupuestaria-del-gobierno-de-pedro-sanchez-aporta-mucho-mas-a-canarias-que-una-enmienda-de-cc\/#breadcrumb","itemListElement":[{"@type":"ListItem","position":1,"name":"Portada","item":"https:\/\/psoecanarias.com\/web\/"},{"@type":"ListItem","position":2,"name":"\u201cLa propuesta presupuestaria del Gobierno de Pedro S\u00e1nchez aporta mucho m\u00e1s a Canarias que una enmienda de CC\u201d"}]},{"@type":"WebSite","@id":"https:\/\/psoecanarias.com\/web\/#website","url":"https:\/\/psoecanarias.com\/web\/","name":"PSOE Canarias","description":"Partido Socialista Obrero Espa\u00f1ol Canarias","potentialAction":[{"@type":"SearchAction","target":{"@type":"EntryPoint","urlTemplate":"https:\/\/psoecanarias.com\/web\/?s={search_term_string}"},"query-input":{"@type":"PropertyValueSpecification","valueRequired":true,"valueName":"search_term_string"}}],"inLanguage":"es"},{"@type":"Person","@id":"https:\/\/psoecanarias.com\/web\/#\/schema\/person\/1ae43f9659d2fc599ca69c11e1dbf26f","name":"PSOE Canarias","image":{"@type":"ImageObject","inLanguage":"es","@id":"https:\/\/secure.gravatar.com\/avatar\/4364d37f6f6f9cdb7af199b46151565f37d8a8c3c0e04c1d78c04e857a15e3a8?s=96&d=mm&r=g","url":"https:\/\/secure.gravatar.com\/avatar\/4364d37f6f6f9cdb7af199b46151565f37d8a8c3c0e04c1d78c04e857a15e3a8?s=96&d=mm&r=g","contentUrl":"https:\/\/secure.gravatar.com\/avatar\/4364d37f6f6f9cdb7af199b46151565f37d8a8c3c0e04c1d78c04e857a15e3a8?s=96&d=mm&r=g","caption":"PSOE Canarias"},"url":"https:\/\/psoecanarias.com\/web\/author\/admin\/"}]}},"_links":{"self":[{"href":"https:\/\/psoecanarias.com\/web\/wp-json\/wp\/v2\/posts\/6056","targetHints":{"allow":["GET"]}}],"collection":[{"href":"https:\/\/psoecanarias.com\/web\/wp-json\/wp\/v2\/posts"}],"about":[{"href":"https:\/\/psoecanarias.com\/web\/wp-json\/wp\/v2\/types\/post"}],"author":[{"embeddable":true,"href":"https:\/\/psoecanarias.com\/web\/wp-json\/wp\/v2\/users\/1"}],"replies":[{"embeddable":true,"href":"https:\/\/psoecanarias.com\/web\/wp-json\/wp\/v2\/comments?post=6056"}],"version-history":[{"count":1,"href":"https:\/\/psoecanarias.com\/web\/wp-json\/wp\/v2\/posts\/6056\/revisions"}],"predecessor-version":[{"id":6058,"href":"https:\/\/psoecanarias.com\/web\/wp-json\/wp\/v2\/posts\/6056\/revisions\/6058"}],"wp:featuredmedia":[{"embeddable":true,"href":"https:\/\/psoecanarias.com\/web\/wp-json\/wp\/v2\/media\/6057"}],"wp:attachment":[{"href":"https:\/\/psoecanarias.com\/web\/wp-json\/wp\/v2\/media?parent=6056"}],"wp:term":[{"taxonomy":"category","embeddable":true,"href":"https:\/\/psoecanarias.com\/web\/wp-json\/wp\/v2\/categories?post=6056"},{"taxonomy":"post_tag","embeddable":true,"href":"https:\/\/psoecanarias.com\/web\/wp-json\/wp\/v2\/tags?post=6056"}],"curies":[{"name":"wp","href":"https:\/\/api.w.org\/{rel}","templated":true}]}}