{"id":6061,"date":"2019-02-08T14:32:50","date_gmt":"2019-02-08T14:32:50","guid":{"rendered":"http:\/\/psoecanarias.com\/web\/?p=6061"},"modified":"2019-02-08T14:32:50","modified_gmt":"2019-02-08T14:32:50","slug":"angel-victor-torres-se-compromete-ante-los-colectivos-de-inmigrantes-a-aplicar-en-el-futuro-gobierno-de-canarias-politicas-solidarias-y-sociales","status":"publish","type":"post","link":"https:\/\/psoecanarias.com\/web\/angel-victor-torres-se-compromete-ante-los-colectivos-de-inmigrantes-a-aplicar-en-el-futuro-gobierno-de-canarias-politicas-solidarias-y-sociales\/","title":{"rendered":"\u00c1ngel V\u00edctor Torres se compromete ante los colectivos de inmigrantes a aplicar en el futuro Gobierno de Canarias &#8220;pol\u00edticas solidarias y sociales&#8221;"},"content":{"rendered":"<p>El secretario general de los socialistas canarios y candidato a la presidencia del Gobierno de Canarias, Angel V\u00edctor Torres, ha mantenido este viernes un encuentro con colectivos inmigrantes con sede en el Archipi\u00e9lago, para conocer sus inquietudes y compartir ideas enfocadas a seguir avanzando en la integraci\u00f3n de las personas de origen extranjero en la comunidad canaria.<\/p>\n<p>Al acto, celebrado en la sede regional del Partido Socialista en Las Palmas de Gran Canaria, tambi\u00e9n asisti\u00f3 Elena Saiz,\u00a0 responsable de Inmigraci\u00f3n en la Ejecutiva regional, y el secretario de Pol\u00edtica de Refugiados de la Ejecutiva Federal, Luc Andr\u00e9 Diouf, quien se encarg\u00f3 de detallar las distintas acciones dirigidas a la poblaci\u00f3n inmigrante que ha venido desarrollando el Gobierno central desde la llegada de Pedro S\u00e1nchez a la presidencia,\u00a0 medidas tan importantes como la recuperaci\u00f3n de la sanidad universal o el incremento de los fondos destinados a ONGs.<\/p>\n<p>Para Angel V\u00edctor Torres, la inmigraci\u00f3n en ning\u00fan caso debe ser entendida como un problema, sino como &#8220;una realidad que demanda respuestas responsables y solidarias&#8221;, tal y como siempre ha hecho el Partido Socialista, tanto cuando ha estado en el gobierno como en la oposici\u00f3n, apunt\u00f3.\u00a0 Adem\u00e1s, &#8220;Canarias es una tierra que sabe de emigraci\u00f3n y de inmigraci\u00f3n y, por tanto, aqu\u00ed no caben propuestas como las que hemos escuchado \u00faltimamente, donde han primado las denuncias y los ataques&#8221;.<\/p>\n<p>El l\u00edder socialista se comprometi\u00f3 a que, si en las elecciones del pr\u00f3ximo 26 de mayo los ciudadanos\u00a0 le dan su confianza mayoritaria en las urnas, una de sus apuestas estrat\u00e9gicas ser\u00e1 la defensa de los derechos de todas las personas residentes en Canarias, y de forma especial, de aquellas m\u00e1s vulnerables y que m\u00e1s lo necesitan, como en muchos casos ocurre con la poblaci\u00f3n inmigrante.<br \/>\nPara Torres, este es un asunto que debe ser abordado siempre desde la colaboraci\u00f3n y el di\u00e1logo institucional, sumando esfuerzos y solidaridad &#8220;como hicimos algunos en el pasado&#8221;. Record\u00f3 su etapa como alcalde del municipio de Arucas, cuando le toc\u00f3 vivir\u00a0este fen\u00f3meno en primera l\u00ednea y &#8220;abrimos las puertas de espacios p\u00fablicos municipales para poder gestionar en las mejores condiciones el acogimiento de los menores inmigrantes&#8221;.<br \/>\nFrente a este comportamiento basado en los principios de &#8220;generosidad, solidaridad y bondad&#8221;, el l\u00edder de los socialistas canarios lament\u00f3 que haya &#8220;otros representantes pol\u00edticos&#8221; que se posicionen en el extremo contrario, como es el caso de la ultraderecha y otros movimientos populistas, que prefieren\u00a0hablar de cerrar de fronteras, de expulsiones en caliente o de negar derechos consolidados. &#8220;Los socialistas estamos en las ant\u00edpodas de todo eso&#8221;, dijo.<\/p>\n","protected":false},"excerpt":{"rendered":"<p>El secretario general de los socialistas canarios y candidato a la presidencia del Gobierno de Canarias, Angel V\u00edctor Torres, ha mantenido este viernes un encuentro con colectivos inmigrantes con sede en el Archipi\u00e9lago, para conocer sus inquietudes y compartir ideas enfocadas a seguir avanzando en la integraci\u00f3n de las personas de origen extranjero en la [&hellip;]<\/p>\n","protected":false},"author":1,"featured_media":6062,"comment_status":"open","ping_status":"open","sticky":false,"template":"","format":"standard","meta":{"footnotes":""},"categories":[7],"tags":[],"class_list":["post-6061","post","type-post","status-publish","format-standard","has-post-thumbnail","hentry","category-politica"],"featured_image_src":"https:\/\/psoecanarias.com\/web\/wp-content\/uploads\/2019\/02\/Reunion-colectivos-inmigrantes.jpeg","author_info":{"display_name":"PSOE Canarias","author_link":"https:\/\/psoecanarias.com\/web\/author\/admin\/"},"yoast_head":"<!-- This site is optimized with the Yoast SEO plugin v27.2 - https:\/\/yoast.com\/product\/yoast-seo-wordpress\/ -->\n<title>\u00c1ngel V\u00edctor Torres se compromete ante los colectivos de inmigrantes a aplicar en el futuro Gobierno de Canarias &quot;pol\u00edticas solidarias y sociales&quot; | PSOE Canarias<\/title>\n<meta name=\"robots\" content=\"index, follow, max-snippet:-1, max-image-preview:large, max-video-preview:-1\" \/>\n<link rel=\"canonical\" href=\"https:\/\/psoecanarias.com\/web\/angel-victor-torres-se-compromete-ante-los-colectivos-de-inmigrantes-a-aplicar-en-el-futuro-gobierno-de-canarias-politicas-solidarias-y-sociales\/\" \/>\n<meta property=\"og:locale\" content=\"es_ES\" \/>\n<meta property=\"og:type\" content=\"article\" \/>\n<meta property=\"og:title\" content=\"\u00c1ngel V\u00edctor Torres se compromete ante los colectivos de inmigrantes a aplicar en el futuro Gobierno de Canarias &quot;pol\u00edticas solidarias y sociales&quot; | PSOE Canarias\" \/>\n<meta property=\"og:description\" content=\"El secretario general de los socialistas canarios y candidato a la presidencia del Gobierno de Canarias, Angel V\u00edctor Torres, ha mantenido este viernes un encuentro con colectivos inmigrantes con sede en el Archipi\u00e9lago, para conocer sus inquietudes y compartir ideas enfocadas a seguir avanzando en la integraci\u00f3n de las personas de origen extranjero en la [&hellip;]\" \/>\n<meta property=\"og:url\" content=\"https:\/\/psoecanarias.com\/web\/angel-victor-torres-se-compromete-ante-los-colectivos-de-inmigrantes-a-aplicar-en-el-futuro-gobierno-de-canarias-politicas-solidarias-y-sociales\/\" \/>\n<meta property=\"og:site_name\" content=\"PSOE Canarias\" \/>\n<meta property=\"article:published_time\" content=\"2019-02-08T14:32:50+00:00\" \/>\n<meta property=\"og:image\" content=\"https:\/\/psoecanarias.com\/web\/wp-content\/uploads\/2019\/02\/Reunion-colectivos-inmigrantes.jpeg\" \/>\n\t<meta property=\"og:image:width\" content=\"1024\" \/>\n\t<meta property=\"og:image:height\" content=\"682\" \/>\n\t<meta property=\"og:image:type\" content=\"image\/jpeg\" \/>\n<meta name=\"author\" content=\"PSOE Canarias\" \/>\n<meta name=\"twitter:card\" content=\"summary_large_image\" \/>\n<script type=\"application\/ld+json\" class=\"yoast-schema-graph\">{\"@context\":\"https:\/\/schema.org\",\"@graph\":[{\"@type\":\"Article\",\"@id\":\"https:\/\/psoecanarias.com\/web\/angel-victor-torres-se-compromete-ante-los-colectivos-de-inmigrantes-a-aplicar-en-el-futuro-gobierno-de-canarias-politicas-solidarias-y-sociales\/#article\",\"isPartOf\":{\"@id\":\"https:\/\/psoecanarias.com\/web\/angel-victor-torres-se-compromete-ante-los-colectivos-de-inmigrantes-a-aplicar-en-el-futuro-gobierno-de-canarias-politicas-solidarias-y-sociales\/\"},\"author\":{\"name\":\"PSOE Canarias\",\"@id\":\"https:\/\/psoecanarias.com\/web\/#\/schema\/person\/1ae43f9659d2fc599ca69c11e1dbf26f\"},\"headline\":\"\u00c1ngel V\u00edctor Torres se compromete ante los colectivos de inmigrantes a aplicar en el futuro Gobierno de Canarias &#8220;pol\u00edticas solidarias y sociales&#8221;\",\"datePublished\":\"2019-02-08T14:32:50+00:00\",\"mainEntityOfPage\":{\"@id\":\"https:\/\/psoecanarias.com\/web\/angel-victor-torres-se-compromete-ante-los-colectivos-de-inmigrantes-a-aplicar-en-el-futuro-gobierno-de-canarias-politicas-solidarias-y-sociales\/\"},\"wordCount\":480,\"commentCount\":0,\"image\":{\"@id\":\"https:\/\/psoecanarias.com\/web\/angel-victor-torres-se-compromete-ante-los-colectivos-de-inmigrantes-a-aplicar-en-el-futuro-gobierno-de-canarias-politicas-solidarias-y-sociales\/#primaryimage\"},\"thumbnailUrl\":\"https:\/\/psoecanarias.com\/web\/wp-content\/uploads\/2019\/02\/Reunion-colectivos-inmigrantes.jpeg\",\"articleSection\":[\"Pol\u00edtica\"],\"inLanguage\":\"es\",\"potentialAction\":[{\"@type\":\"CommentAction\",\"name\":\"Comment\",\"target\":[\"https:\/\/psoecanarias.com\/web\/angel-victor-torres-se-compromete-ante-los-colectivos-de-inmigrantes-a-aplicar-en-el-futuro-gobierno-de-canarias-politicas-solidarias-y-sociales\/#respond\"]}]},{\"@type\":\"WebPage\",\"@id\":\"https:\/\/psoecanarias.com\/web\/angel-victor-torres-se-compromete-ante-los-colectivos-de-inmigrantes-a-aplicar-en-el-futuro-gobierno-de-canarias-politicas-solidarias-y-sociales\/\",\"url\":\"https:\/\/psoecanarias.com\/web\/angel-victor-torres-se-compromete-ante-los-colectivos-de-inmigrantes-a-aplicar-en-el-futuro-gobierno-de-canarias-politicas-solidarias-y-sociales\/\",\"name\":\"\u00c1ngel V\u00edctor Torres se compromete ante los colectivos de inmigrantes a aplicar en el futuro Gobierno de Canarias \\\"pol\u00edticas solidarias y sociales\\\" | PSOE Canarias\",\"isPartOf\":{\"@id\":\"https:\/\/psoecanarias.com\/web\/#website\"},\"primaryImageOfPage\":{\"@id\":\"https:\/\/psoecanarias.com\/web\/angel-victor-torres-se-compromete-ante-los-colectivos-de-inmigrantes-a-aplicar-en-el-futuro-gobierno-de-canarias-politicas-solidarias-y-sociales\/#primaryimage\"},\"image\":{\"@id\":\"https:\/\/psoecanarias.com\/web\/angel-victor-torres-se-compromete-ante-los-colectivos-de-inmigrantes-a-aplicar-en-el-futuro-gobierno-de-canarias-politicas-solidarias-y-sociales\/#primaryimage\"},\"thumbnailUrl\":\"https:\/\/psoecanarias.com\/web\/wp-content\/uploads\/2019\/02\/Reunion-colectivos-inmigrantes.jpeg\",\"datePublished\":\"2019-02-08T14:32:50+00:00\",\"author\":{\"@id\":\"https:\/\/psoecanarias.com\/web\/#\/schema\/person\/1ae43f9659d2fc599ca69c11e1dbf26f\"},\"breadcrumb\":{\"@id\":\"https:\/\/psoecanarias.com\/web\/angel-victor-torres-se-compromete-ante-los-colectivos-de-inmigrantes-a-aplicar-en-el-futuro-gobierno-de-canarias-politicas-solidarias-y-sociales\/#breadcrumb\"},\"inLanguage\":\"es\",\"potentialAction\":[{\"@type\":\"ReadAction\",\"target\":[\"https:\/\/psoecanarias.com\/web\/angel-victor-torres-se-compromete-ante-los-colectivos-de-inmigrantes-a-aplicar-en-el-futuro-gobierno-de-canarias-politicas-solidarias-y-sociales\/\"]}]},{\"@type\":\"ImageObject\",\"inLanguage\":\"es\",\"@id\":\"https:\/\/psoecanarias.com\/web\/angel-victor-torres-se-compromete-ante-los-colectivos-de-inmigrantes-a-aplicar-en-el-futuro-gobierno-de-canarias-politicas-solidarias-y-sociales\/#primaryimage\",\"url\":\"https:\/\/psoecanarias.com\/web\/wp-content\/uploads\/2019\/02\/Reunion-colectivos-inmigrantes.jpeg\",\"contentUrl\":\"https:\/\/psoecanarias.com\/web\/wp-content\/uploads\/2019\/02\/Reunion-colectivos-inmigrantes.jpeg\",\"width\":1024,\"height\":682},{\"@type\":\"BreadcrumbList\",\"@id\":\"https:\/\/psoecanarias.com\/web\/angel-victor-torres-se-compromete-ante-los-colectivos-de-inmigrantes-a-aplicar-en-el-futuro-gobierno-de-canarias-politicas-solidarias-y-sociales\/#breadcrumb\",\"itemListElement\":[{\"@type\":\"ListItem\",\"position\":1,\"name\":\"Portada\",\"item\":\"https:\/\/psoecanarias.com\/web\/\"},{\"@type\":\"ListItem\",\"position\":2,\"name\":\"\u00c1ngel V\u00edctor Torres se compromete ante los colectivos de inmigrantes a aplicar en el futuro Gobierno de Canarias \\\"pol\u00edticas solidarias y sociales\\\"\"}]},{\"@type\":\"WebSite\",\"@id\":\"https:\/\/psoecanarias.com\/web\/#website\",\"url\":\"https:\/\/psoecanarias.com\/web\/\",\"name\":\"PSOE Canarias\",\"description\":\"Partido Socialista Obrero Espa\u00f1ol Canarias\",\"potentialAction\":[{\"@type\":\"SearchAction\",\"target\":{\"@type\":\"EntryPoint\",\"urlTemplate\":\"https:\/\/psoecanarias.com\/web\/?s={search_term_string}\"},\"query-input\":{\"@type\":\"PropertyValueSpecification\",\"valueRequired\":true,\"valueName\":\"search_term_string\"}}],\"inLanguage\":\"es\"},{\"@type\":\"Person\",\"@id\":\"https:\/\/psoecanarias.com\/web\/#\/schema\/person\/1ae43f9659d2fc599ca69c11e1dbf26f\",\"name\":\"PSOE Canarias\",\"image\":{\"@type\":\"ImageObject\",\"inLanguage\":\"es\",\"@id\":\"https:\/\/secure.gravatar.com\/avatar\/4364d37f6f6f9cdb7af199b46151565f37d8a8c3c0e04c1d78c04e857a15e3a8?s=96&d=mm&r=g\",\"url\":\"https:\/\/secure.gravatar.com\/avatar\/4364d37f6f6f9cdb7af199b46151565f37d8a8c3c0e04c1d78c04e857a15e3a8?s=96&d=mm&r=g\",\"contentUrl\":\"https:\/\/secure.gravatar.com\/avatar\/4364d37f6f6f9cdb7af199b46151565f37d8a8c3c0e04c1d78c04e857a15e3a8?s=96&d=mm&r=g\",\"caption\":\"PSOE Canarias\"},\"url\":\"https:\/\/psoecanarias.com\/web\/author\/admin\/\"}]}<\/script>\n<!-- \/ Yoast SEO plugin. -->","yoast_head_json":{"title":"\u00c1ngel V\u00edctor Torres se compromete ante los colectivos de inmigrantes a aplicar en el futuro Gobierno de Canarias \"pol\u00edticas solidarias y sociales\" | PSOE Canarias","robots":{"index":"index","follow":"follow","max-snippet":"max-snippet:-1","max-image-preview":"max-image-preview:large","max-video-preview":"max-video-preview:-1"},"canonical":"https:\/\/psoecanarias.com\/web\/angel-victor-torres-se-compromete-ante-los-colectivos-de-inmigrantes-a-aplicar-en-el-futuro-gobierno-de-canarias-politicas-solidarias-y-sociales\/","og_locale":"es_ES","og_type":"article","og_title":"\u00c1ngel V\u00edctor Torres se compromete ante los colectivos de inmigrantes a aplicar en el futuro Gobierno de Canarias \"pol\u00edticas solidarias y sociales\" | PSOE Canarias","og_description":"El secretario general de los socialistas canarios y candidato a la presidencia del Gobierno de Canarias, Angel V\u00edctor Torres, ha mantenido este viernes un encuentro con colectivos inmigrantes con sede en el Archipi\u00e9lago, para conocer sus inquietudes y compartir ideas enfocadas a seguir avanzando en la integraci\u00f3n de las personas de origen extranjero en la [&hellip;]","og_url":"https:\/\/psoecanarias.com\/web\/angel-victor-torres-se-compromete-ante-los-colectivos-de-inmigrantes-a-aplicar-en-el-futuro-gobierno-de-canarias-politicas-solidarias-y-sociales\/","og_site_name":"PSOE Canarias","article_published_time":"2019-02-08T14:32:50+00:00","og_image":[{"width":1024,"height":682,"url":"https:\/\/psoecanarias.com\/web\/wp-content\/uploads\/2019\/02\/Reunion-colectivos-inmigrantes.jpeg","type":"image\/jpeg"}],"author":"PSOE Canarias","twitter_card":"summary_large_image","schema":{"@context":"https:\/\/schema.org","@graph":[{"@type":"Article","@id":"https:\/\/psoecanarias.com\/web\/angel-victor-torres-se-compromete-ante-los-colectivos-de-inmigrantes-a-aplicar-en-el-futuro-gobierno-de-canarias-politicas-solidarias-y-sociales\/#article","isPartOf":{"@id":"https:\/\/psoecanarias.com\/web\/angel-victor-torres-se-compromete-ante-los-colectivos-de-inmigrantes-a-aplicar-en-el-futuro-gobierno-de-canarias-politicas-solidarias-y-sociales\/"},"author":{"name":"PSOE Canarias","@id":"https:\/\/psoecanarias.com\/web\/#\/schema\/person\/1ae43f9659d2fc599ca69c11e1dbf26f"},"headline":"\u00c1ngel V\u00edctor Torres se compromete ante los colectivos de inmigrantes a aplicar en el futuro Gobierno de Canarias &#8220;pol\u00edticas solidarias y sociales&#8221;","datePublished":"2019-02-08T14:32:50+00:00","mainEntityOfPage":{"@id":"https:\/\/psoecanarias.com\/web\/angel-victor-torres-se-compromete-ante-los-colectivos-de-inmigrantes-a-aplicar-en-el-futuro-gobierno-de-canarias-politicas-solidarias-y-sociales\/"},"wordCount":480,"commentCount":0,"image":{"@id":"https:\/\/psoecanarias.com\/web\/angel-victor-torres-se-compromete-ante-los-colectivos-de-inmigrantes-a-aplicar-en-el-futuro-gobierno-de-canarias-politicas-solidarias-y-sociales\/#primaryimage"},"thumbnailUrl":"https:\/\/psoecanarias.com\/web\/wp-content\/uploads\/2019\/02\/Reunion-colectivos-inmigrantes.jpeg","articleSection":["Pol\u00edtica"],"inLanguage":"es","potentialAction":[{"@type":"CommentAction","name":"Comment","target":["https:\/\/psoecanarias.com\/web\/angel-victor-torres-se-compromete-ante-los-colectivos-de-inmigrantes-a-aplicar-en-el-futuro-gobierno-de-canarias-politicas-solidarias-y-sociales\/#respond"]}]},{"@type":"WebPage","@id":"https:\/\/psoecanarias.com\/web\/angel-victor-torres-se-compromete-ante-los-colectivos-de-inmigrantes-a-aplicar-en-el-futuro-gobierno-de-canarias-politicas-solidarias-y-sociales\/","url":"https:\/\/psoecanarias.com\/web\/angel-victor-torres-se-compromete-ante-los-colectivos-de-inmigrantes-a-aplicar-en-el-futuro-gobierno-de-canarias-politicas-solidarias-y-sociales\/","name":"\u00c1ngel V\u00edctor Torres se compromete ante los colectivos de inmigrantes a aplicar en el futuro Gobierno de Canarias \"pol\u00edticas solidarias y sociales\" | PSOE Canarias","isPartOf":{"@id":"https:\/\/psoecanarias.com\/web\/#website"},"primaryImageOfPage":{"@id":"https:\/\/psoecanarias.com\/web\/angel-victor-torres-se-compromete-ante-los-colectivos-de-inmigrantes-a-aplicar-en-el-futuro-gobierno-de-canarias-politicas-solidarias-y-sociales\/#primaryimage"},"image":{"@id":"https:\/\/psoecanarias.com\/web\/angel-victor-torres-se-compromete-ante-los-colectivos-de-inmigrantes-a-aplicar-en-el-futuro-gobierno-de-canarias-politicas-solidarias-y-sociales\/#primaryimage"},"thumbnailUrl":"https:\/\/psoecanarias.com\/web\/wp-content\/uploads\/2019\/02\/Reunion-colectivos-inmigrantes.jpeg","datePublished":"2019-02-08T14:32:50+00:00","author":{"@id":"https:\/\/psoecanarias.com\/web\/#\/schema\/person\/1ae43f9659d2fc599ca69c11e1dbf26f"},"breadcrumb":{"@id":"https:\/\/psoecanarias.com\/web\/angel-victor-torres-se-compromete-ante-los-colectivos-de-inmigrantes-a-aplicar-en-el-futuro-gobierno-de-canarias-politicas-solidarias-y-sociales\/#breadcrumb"},"inLanguage":"es","potentialAction":[{"@type":"ReadAction","target":["https:\/\/psoecanarias.com\/web\/angel-victor-torres-se-compromete-ante-los-colectivos-de-inmigrantes-a-aplicar-en-el-futuro-gobierno-de-canarias-politicas-solidarias-y-sociales\/"]}]},{"@type":"ImageObject","inLanguage":"es","@id":"https:\/\/psoecanarias.com\/web\/angel-victor-torres-se-compromete-ante-los-colectivos-de-inmigrantes-a-aplicar-en-el-futuro-gobierno-de-canarias-politicas-solidarias-y-sociales\/#primaryimage","url":"https:\/\/psoecanarias.com\/web\/wp-content\/uploads\/2019\/02\/Reunion-colectivos-inmigrantes.jpeg","contentUrl":"https:\/\/psoecanarias.com\/web\/wp-content\/uploads\/2019\/02\/Reunion-colectivos-inmigrantes.jpeg","width":1024,"height":682},{"@type":"BreadcrumbList","@id":"https:\/\/psoecanarias.com\/web\/angel-victor-torres-se-compromete-ante-los-colectivos-de-inmigrantes-a-aplicar-en-el-futuro-gobierno-de-canarias-politicas-solidarias-y-sociales\/#breadcrumb","itemListElement":[{"@type":"ListItem","position":1,"name":"Portada","item":"https:\/\/psoecanarias.com\/web\/"},{"@type":"ListItem","position":2,"name":"\u00c1ngel V\u00edctor Torres se compromete ante los colectivos de inmigrantes a aplicar en el futuro Gobierno de Canarias \"pol\u00edticas solidarias y sociales\""}]},{"@type":"WebSite","@id":"https:\/\/psoecanarias.com\/web\/#website","url":"https:\/\/psoecanarias.com\/web\/","name":"PSOE Canarias","description":"Partido Socialista Obrero Espa\u00f1ol Canarias","potentialAction":[{"@type":"SearchAction","target":{"@type":"EntryPoint","urlTemplate":"https:\/\/psoecanarias.com\/web\/?s={search_term_string}"},"query-input":{"@type":"PropertyValueSpecification","valueRequired":true,"valueName":"search_term_string"}}],"inLanguage":"es"},{"@type":"Person","@id":"https:\/\/psoecanarias.com\/web\/#\/schema\/person\/1ae43f9659d2fc599ca69c11e1dbf26f","name":"PSOE Canarias","image":{"@type":"ImageObject","inLanguage":"es","@id":"https:\/\/secure.gravatar.com\/avatar\/4364d37f6f6f9cdb7af199b46151565f37d8a8c3c0e04c1d78c04e857a15e3a8?s=96&d=mm&r=g","url":"https:\/\/secure.gravatar.com\/avatar\/4364d37f6f6f9cdb7af199b46151565f37d8a8c3c0e04c1d78c04e857a15e3a8?s=96&d=mm&r=g","contentUrl":"https:\/\/secure.gravatar.com\/avatar\/4364d37f6f6f9cdb7af199b46151565f37d8a8c3c0e04c1d78c04e857a15e3a8?s=96&d=mm&r=g","caption":"PSOE Canarias"},"url":"https:\/\/psoecanarias.com\/web\/author\/admin\/"}]}},"_links":{"self":[{"href":"https:\/\/psoecanarias.com\/web\/wp-json\/wp\/v2\/posts\/6061","targetHints":{"allow":["GET"]}}],"collection":[{"href":"https:\/\/psoecanarias.com\/web\/wp-json\/wp\/v2\/posts"}],"about":[{"href":"https:\/\/psoecanarias.com\/web\/wp-json\/wp\/v2\/types\/post"}],"author":[{"embeddable":true,"href":"https:\/\/psoecanarias.com\/web\/wp-json\/wp\/v2\/users\/1"}],"replies":[{"embeddable":true,"href":"https:\/\/psoecanarias.com\/web\/wp-json\/wp\/v2\/comments?post=6061"}],"version-history":[{"count":1,"href":"https:\/\/psoecanarias.com\/web\/wp-json\/wp\/v2\/posts\/6061\/revisions"}],"predecessor-version":[{"id":6063,"href":"https:\/\/psoecanarias.com\/web\/wp-json\/wp\/v2\/posts\/6061\/revisions\/6063"}],"wp:featuredmedia":[{"embeddable":true,"href":"https:\/\/psoecanarias.com\/web\/wp-json\/wp\/v2\/media\/6062"}],"wp:attachment":[{"href":"https:\/\/psoecanarias.com\/web\/wp-json\/wp\/v2\/media?parent=6061"}],"wp:term":[{"taxonomy":"category","embeddable":true,"href":"https:\/\/psoecanarias.com\/web\/wp-json\/wp\/v2\/categories?post=6061"},{"taxonomy":"post_tag","embeddable":true,"href":"https:\/\/psoecanarias.com\/web\/wp-json\/wp\/v2\/tags?post=6061"}],"curies":[{"name":"wp","href":"https:\/\/api.w.org\/{rel}","templated":true}]}}