{"id":6064,"date":"2019-02-08T21:10:26","date_gmt":"2019-02-08T21:10:26","guid":{"rendered":"http:\/\/psoecanarias.com\/web\/?p=6064"},"modified":"2019-02-08T21:13:09","modified_gmt":"2019-02-08T21:13:09","slug":"6064-2","status":"publish","type":"post","link":"https:\/\/psoecanarias.com\/web\/6064-2\/","title":{"rendered":"Iceta: \u201cFuera del di\u00e1logo no hay pol\u00edtica, fuera de la ley no hay democracia y sin pol\u00edtica ni democracia no hay nada\u201d"},"content":{"rendered":"<p style=\"text-align: left;\"><img loading=\"lazy\" decoding=\"async\" class=\"aligncenter size-large wp-image-6065\" src=\"http:\/\/psoecanarias.com\/web\/wp-content\/uploads\/2019\/02\/10F0488E-4FE1-4681-ACEA-C87AC868E251-1024x682.jpeg\" alt=\"\" width=\"980\" height=\"653\" \/>\u00a0El primer secretario del PSC, Miquel Iceta, afirm\u00f3 este viernes que fuera del di\u00e1logo \u201cno hay pol\u00edtica, fuera de la ley no hay democracia y sin pol\u00edtica ni democracia no hay nada\u201d.<\/p>\n<p>Iceta estuvo en el municipio tinerfe\u00f1o de Los Realejos para recoger el IV Galard\u00f3n Guindaste, concedido por la agrupaci\u00f3n local por su incansable apuesta por el di\u00e1logo. Acudi\u00f3 al acto acompa\u00f1ado por el secretario general del PSOE Canarias, \u00c1ngel V\u00edctor Torres, y los candidatos socialistas al Cabildo y al Ayuntamiento, Pedro Mart\u00edn y Miguel Agust\u00edn Garc\u00eda.<\/p>\n<p>En un encuentro previo con los medios de comunicaci\u00f3n, Iceta lament\u00f3 que en nuestro pa\u00eds, la defensa del di\u00e1logo sea considerada, en ocasiones, como \u201calgo cobarde, una cesi\u00f3n\u201d, cuando lo cierto es que \u201csolo lo practican los valientes, quienes est\u00e1n convencidos de sus argumentos y no tienen miedo a compartirlos con otros\u201d.<\/p>\n<p>Expres\u00f3 que hoy \u201cno es un d\u00eda feliz para los amantes del di\u00e1logo\u201d y valor\u00f3 el \u201cesfuerzo\u201d realizado por el Gobierno de Espa\u00f1a para tender puentes para el entendimiento. \u201cHabr\u00e1 que seguir trabajando en el marco que fij\u00f3 el presidente, Pedro S\u00e1nchez, de un di\u00e1logo dentro de la ley. Seguiremos empe\u00f1ados en la fraternidad; queremos la cohesi\u00f3n en Catalu\u00f1a y queremos evitar cualquier fractura\u201d, dijo.<\/p>\n<p>El primer secretario reiter\u00f3 la apuesta del PSOE por un Estado de las autonom\u00edas donde se \u201cprofundice desde un sentido federal, porque creemos que ese es el futuro de Espa\u00f1a y seguiremos defendi\u00e9ndolo\u201d.<\/p>\n<p>Explic\u00f3 que el PSC tiene una \u201crelaci\u00f3n muy intensa\u201d con Pedro S\u00e1nchez y ha estado \u201csiguiendo al minuto ese esfuerzo de di\u00e1logo, que no ha culminado como quer\u00edamos\u201d, tras lo que expres\u00f3 su agradecimiento por la \u201csensibilidad pol\u00edtica del presidente y de la vicepresidenta\u201d.<\/p>\n<p>Sobre el juicio al proc\u00e9s, sostuvo que pone en evidencia \u201cel fracaso de la pol\u00edtica\u201d e insisti\u00f3 en que la soluci\u00f3n \u201csolo viene a trav\u00e9s del di\u00e1logo\u201d, para lo que ha de haber voluntad. \u201cHay gente que no quiere di\u00e1logo, bien por miedo o por conveniencia. Cuando el problema es una diferencia de criterio muy importante y que alcanza a muchas personas, el esfuerzo ha de ser muy grande\u201d, expuso.<\/p>\n<p>Defendi\u00f3 la \u201cperseverancia, la paciencia, los principios\u201d y se\u00f1al\u00f3 que el presidente del Gobierno de Espa\u00f1a, en ese sentido, \u201cha apostado por el di\u00e1logo siempre dentro de la ley\u201d.<\/p>\n<p>Por su parte, \u00c1ngel V\u00edctor Torres consider\u00f3 \u201cmerecido\u201d el galard\u00f3n entregado a Iceta por la agrupaci\u00f3n socialista de Los Realejos. \u201cEs un premio justo porque ha demostrado que el di\u00e1logo es el arte de la pol\u00edtica y ah\u00ed debe circunscribirse la labor parlamentaria y pol\u00edtica\u201d.<\/p>\n<p>Sobre la manifestaci\u00f3n promovida por los partidos de la derecha para este domingo, indic\u00f3 que la movilizaci\u00f3n ciudadana \u201ces lo que cada cuatro a\u00f1os nos permite defender nuestros postulados\u201d y record\u00f3 que los movimientos sociales de la calle \u201cson propios de los colectivos y plataformas que no tienen la posibilidad de estar en los parlamentos\u201d.<\/p>\n<p>Torres se mostr\u00f3 convencido de que el di\u00e1logo \u201ces el que siempre abre fronteras que parecen inaccesibles y que rompe muros; es la f\u00f3rmula que permite crecer a las sociedades\u201d. Para concluir, traslad\u00f3 un \u201cabrazo fraternal a las y los catalanes, al PSOE catal\u00e1n y al Gobierno de Espa\u00f1a por su esfuerzo por encontrar soluciones\u201d.<\/p>\n","protected":false},"excerpt":{"rendered":"<p>\u00a0El primer secretario del PSC, Miquel Iceta, afirm\u00f3 este viernes que fuera del di\u00e1logo \u201cno hay pol\u00edtica, fuera de la ley no hay democracia y sin pol\u00edtica ni democracia no hay nada\u201d. Iceta estuvo en el municipio tinerfe\u00f1o de Los Realejos para recoger el IV Galard\u00f3n Guindaste, concedido por la agrupaci\u00f3n local por su incansable [&hellip;]<\/p>\n","protected":false},"author":1,"featured_media":8406,"comment_status":"open","ping_status":"open","sticky":false,"template":"","format":"standard","meta":{"footnotes":""},"categories":[7],"tags":[],"class_list":["post-6064","post","type-post","status-publish","format-standard","has-post-thumbnail","hentry","category-politica"],"featured_image_src":"https:\/\/psoecanarias.com\/web\/wp-content\/uploads\/2020\/03\/thumb_noimages.jpg","author_info":{"display_name":"PSOE Canarias","author_link":"https:\/\/psoecanarias.com\/web\/author\/admin\/"},"yoast_head":"<!-- This site is optimized with the Yoast SEO plugin v27.2 - https:\/\/yoast.com\/product\/yoast-seo-wordpress\/ -->\n<title>Iceta: \u201cFuera del di\u00e1logo no hay pol\u00edtica, fuera de la ley no hay democracia y sin pol\u00edtica ni democracia no hay nada\u201d | PSOE Canarias<\/title>\n<meta name=\"robots\" content=\"index, follow, max-snippet:-1, max-image-preview:large, max-video-preview:-1\" \/>\n<link rel=\"canonical\" href=\"https:\/\/psoecanarias.com\/web\/6064-2\/\" \/>\n<meta property=\"og:locale\" content=\"es_ES\" \/>\n<meta property=\"og:type\" content=\"article\" \/>\n<meta property=\"og:title\" content=\"Iceta: \u201cFuera del di\u00e1logo no hay pol\u00edtica, fuera de la ley no hay democracia y sin pol\u00edtica ni democracia no hay nada\u201d | PSOE Canarias\" \/>\n<meta property=\"og:description\" content=\"\u00a0El primer secretario del PSC, Miquel Iceta, afirm\u00f3 este viernes que fuera del di\u00e1logo \u201cno hay pol\u00edtica, fuera de la ley no hay democracia y sin pol\u00edtica ni democracia no hay nada\u201d. Iceta estuvo en el municipio tinerfe\u00f1o de Los Realejos para recoger el IV Galard\u00f3n Guindaste, concedido por la agrupaci\u00f3n local por su incansable [&hellip;]\" \/>\n<meta property=\"og:url\" content=\"https:\/\/psoecanarias.com\/web\/6064-2\/\" \/>\n<meta property=\"og:site_name\" content=\"PSOE Canarias\" \/>\n<meta property=\"article:published_time\" content=\"2019-02-08T21:10:26+00:00\" \/>\n<meta property=\"article:modified_time\" content=\"2019-02-08T21:13:09+00:00\" \/>\n<meta property=\"og:image\" content=\"https:\/\/psoecanarias.com\/web\/wp-content\/uploads\/2020\/03\/thumb_noimages.jpg\" \/>\n\t<meta property=\"og:image:width\" content=\"303\" \/>\n\t<meta property=\"og:image:height\" content=\"200\" \/>\n\t<meta property=\"og:image:type\" content=\"image\/jpeg\" \/>\n<meta name=\"author\" content=\"PSOE Canarias\" \/>\n<meta name=\"twitter:card\" content=\"summary_large_image\" \/>\n<script type=\"application\/ld+json\" class=\"yoast-schema-graph\">{\"@context\":\"https:\/\/schema.org\",\"@graph\":[{\"@type\":\"Article\",\"@id\":\"https:\/\/psoecanarias.com\/web\/6064-2\/#article\",\"isPartOf\":{\"@id\":\"https:\/\/psoecanarias.com\/web\/6064-2\/\"},\"author\":{\"name\":\"PSOE Canarias\",\"@id\":\"https:\/\/psoecanarias.com\/web\/#\/schema\/person\/1ae43f9659d2fc599ca69c11e1dbf26f\"},\"headline\":\"Iceta: \u201cFuera del di\u00e1logo no hay pol\u00edtica, fuera de la ley no hay democracia y sin pol\u00edtica ni democracia no hay nada\u201d\",\"datePublished\":\"2019-02-08T21:10:26+00:00\",\"dateModified\":\"2019-02-08T21:13:09+00:00\",\"mainEntityOfPage\":{\"@id\":\"https:\/\/psoecanarias.com\/web\/6064-2\/\"},\"wordCount\":616,\"commentCount\":0,\"image\":{\"@id\":\"https:\/\/psoecanarias.com\/web\/6064-2\/#primaryimage\"},\"thumbnailUrl\":\"https:\/\/psoecanarias.com\/web\/wp-content\/uploads\/2020\/03\/thumb_noimages.jpg\",\"articleSection\":[\"Pol\u00edtica\"],\"inLanguage\":\"es\",\"potentialAction\":[{\"@type\":\"CommentAction\",\"name\":\"Comment\",\"target\":[\"https:\/\/psoecanarias.com\/web\/6064-2\/#respond\"]}]},{\"@type\":\"WebPage\",\"@id\":\"https:\/\/psoecanarias.com\/web\/6064-2\/\",\"url\":\"https:\/\/psoecanarias.com\/web\/6064-2\/\",\"name\":\"Iceta: \u201cFuera del di\u00e1logo no hay pol\u00edtica, fuera de la ley no hay democracia y sin pol\u00edtica ni democracia no hay nada\u201d | PSOE Canarias\",\"isPartOf\":{\"@id\":\"https:\/\/psoecanarias.com\/web\/#website\"},\"primaryImageOfPage\":{\"@id\":\"https:\/\/psoecanarias.com\/web\/6064-2\/#primaryimage\"},\"image\":{\"@id\":\"https:\/\/psoecanarias.com\/web\/6064-2\/#primaryimage\"},\"thumbnailUrl\":\"https:\/\/psoecanarias.com\/web\/wp-content\/uploads\/2020\/03\/thumb_noimages.jpg\",\"datePublished\":\"2019-02-08T21:10:26+00:00\",\"dateModified\":\"2019-02-08T21:13:09+00:00\",\"author\":{\"@id\":\"https:\/\/psoecanarias.com\/web\/#\/schema\/person\/1ae43f9659d2fc599ca69c11e1dbf26f\"},\"breadcrumb\":{\"@id\":\"https:\/\/psoecanarias.com\/web\/6064-2\/#breadcrumb\"},\"inLanguage\":\"es\",\"potentialAction\":[{\"@type\":\"ReadAction\",\"target\":[\"https:\/\/psoecanarias.com\/web\/6064-2\/\"]}]},{\"@type\":\"ImageObject\",\"inLanguage\":\"es\",\"@id\":\"https:\/\/psoecanarias.com\/web\/6064-2\/#primaryimage\",\"url\":\"https:\/\/psoecanarias.com\/web\/wp-content\/uploads\/2020\/03\/thumb_noimages.jpg\",\"contentUrl\":\"https:\/\/psoecanarias.com\/web\/wp-content\/uploads\/2020\/03\/thumb_noimages.jpg\",\"width\":303,\"height\":200},{\"@type\":\"BreadcrumbList\",\"@id\":\"https:\/\/psoecanarias.com\/web\/6064-2\/#breadcrumb\",\"itemListElement\":[{\"@type\":\"ListItem\",\"position\":1,\"name\":\"Portada\",\"item\":\"https:\/\/psoecanarias.com\/web\/\"},{\"@type\":\"ListItem\",\"position\":2,\"name\":\"Iceta: \u201cFuera del di\u00e1logo no hay pol\u00edtica, fuera de la ley no hay democracia y sin pol\u00edtica ni democracia no hay nada\u201d\"}]},{\"@type\":\"WebSite\",\"@id\":\"https:\/\/psoecanarias.com\/web\/#website\",\"url\":\"https:\/\/psoecanarias.com\/web\/\",\"name\":\"PSOE Canarias\",\"description\":\"Partido Socialista Obrero Espa\u00f1ol Canarias\",\"potentialAction\":[{\"@type\":\"SearchAction\",\"target\":{\"@type\":\"EntryPoint\",\"urlTemplate\":\"https:\/\/psoecanarias.com\/web\/?s={search_term_string}\"},\"query-input\":{\"@type\":\"PropertyValueSpecification\",\"valueRequired\":true,\"valueName\":\"search_term_string\"}}],\"inLanguage\":\"es\"},{\"@type\":\"Person\",\"@id\":\"https:\/\/psoecanarias.com\/web\/#\/schema\/person\/1ae43f9659d2fc599ca69c11e1dbf26f\",\"name\":\"PSOE Canarias\",\"image\":{\"@type\":\"ImageObject\",\"inLanguage\":\"es\",\"@id\":\"https:\/\/secure.gravatar.com\/avatar\/4364d37f6f6f9cdb7af199b46151565f37d8a8c3c0e04c1d78c04e857a15e3a8?s=96&d=mm&r=g\",\"url\":\"https:\/\/secure.gravatar.com\/avatar\/4364d37f6f6f9cdb7af199b46151565f37d8a8c3c0e04c1d78c04e857a15e3a8?s=96&d=mm&r=g\",\"contentUrl\":\"https:\/\/secure.gravatar.com\/avatar\/4364d37f6f6f9cdb7af199b46151565f37d8a8c3c0e04c1d78c04e857a15e3a8?s=96&d=mm&r=g\",\"caption\":\"PSOE Canarias\"},\"url\":\"https:\/\/psoecanarias.com\/web\/author\/admin\/\"}]}<\/script>\n<!-- \/ Yoast SEO plugin. -->","yoast_head_json":{"title":"Iceta: \u201cFuera del di\u00e1logo no hay pol\u00edtica, fuera de la ley no hay democracia y sin pol\u00edtica ni democracia no hay nada\u201d | PSOE Canarias","robots":{"index":"index","follow":"follow","max-snippet":"max-snippet:-1","max-image-preview":"max-image-preview:large","max-video-preview":"max-video-preview:-1"},"canonical":"https:\/\/psoecanarias.com\/web\/6064-2\/","og_locale":"es_ES","og_type":"article","og_title":"Iceta: \u201cFuera del di\u00e1logo no hay pol\u00edtica, fuera de la ley no hay democracia y sin pol\u00edtica ni democracia no hay nada\u201d | PSOE Canarias","og_description":"\u00a0El primer secretario del PSC, Miquel Iceta, afirm\u00f3 este viernes que fuera del di\u00e1logo \u201cno hay pol\u00edtica, fuera de la ley no hay democracia y sin pol\u00edtica ni democracia no hay nada\u201d. Iceta estuvo en el municipio tinerfe\u00f1o de Los Realejos para recoger el IV Galard\u00f3n Guindaste, concedido por la agrupaci\u00f3n local por su incansable [&hellip;]","og_url":"https:\/\/psoecanarias.com\/web\/6064-2\/","og_site_name":"PSOE Canarias","article_published_time":"2019-02-08T21:10:26+00:00","article_modified_time":"2019-02-08T21:13:09+00:00","og_image":[{"width":303,"height":200,"url":"https:\/\/psoecanarias.com\/web\/wp-content\/uploads\/2020\/03\/thumb_noimages.jpg","type":"image\/jpeg"}],"author":"PSOE Canarias","twitter_card":"summary_large_image","schema":{"@context":"https:\/\/schema.org","@graph":[{"@type":"Article","@id":"https:\/\/psoecanarias.com\/web\/6064-2\/#article","isPartOf":{"@id":"https:\/\/psoecanarias.com\/web\/6064-2\/"},"author":{"name":"PSOE Canarias","@id":"https:\/\/psoecanarias.com\/web\/#\/schema\/person\/1ae43f9659d2fc599ca69c11e1dbf26f"},"headline":"Iceta: \u201cFuera del di\u00e1logo no hay pol\u00edtica, fuera de la ley no hay democracia y sin pol\u00edtica ni democracia no hay nada\u201d","datePublished":"2019-02-08T21:10:26+00:00","dateModified":"2019-02-08T21:13:09+00:00","mainEntityOfPage":{"@id":"https:\/\/psoecanarias.com\/web\/6064-2\/"},"wordCount":616,"commentCount":0,"image":{"@id":"https:\/\/psoecanarias.com\/web\/6064-2\/#primaryimage"},"thumbnailUrl":"https:\/\/psoecanarias.com\/web\/wp-content\/uploads\/2020\/03\/thumb_noimages.jpg","articleSection":["Pol\u00edtica"],"inLanguage":"es","potentialAction":[{"@type":"CommentAction","name":"Comment","target":["https:\/\/psoecanarias.com\/web\/6064-2\/#respond"]}]},{"@type":"WebPage","@id":"https:\/\/psoecanarias.com\/web\/6064-2\/","url":"https:\/\/psoecanarias.com\/web\/6064-2\/","name":"Iceta: \u201cFuera del di\u00e1logo no hay pol\u00edtica, fuera de la ley no hay democracia y sin pol\u00edtica ni democracia no hay nada\u201d | PSOE Canarias","isPartOf":{"@id":"https:\/\/psoecanarias.com\/web\/#website"},"primaryImageOfPage":{"@id":"https:\/\/psoecanarias.com\/web\/6064-2\/#primaryimage"},"image":{"@id":"https:\/\/psoecanarias.com\/web\/6064-2\/#primaryimage"},"thumbnailUrl":"https:\/\/psoecanarias.com\/web\/wp-content\/uploads\/2020\/03\/thumb_noimages.jpg","datePublished":"2019-02-08T21:10:26+00:00","dateModified":"2019-02-08T21:13:09+00:00","author":{"@id":"https:\/\/psoecanarias.com\/web\/#\/schema\/person\/1ae43f9659d2fc599ca69c11e1dbf26f"},"breadcrumb":{"@id":"https:\/\/psoecanarias.com\/web\/6064-2\/#breadcrumb"},"inLanguage":"es","potentialAction":[{"@type":"ReadAction","target":["https:\/\/psoecanarias.com\/web\/6064-2\/"]}]},{"@type":"ImageObject","inLanguage":"es","@id":"https:\/\/psoecanarias.com\/web\/6064-2\/#primaryimage","url":"https:\/\/psoecanarias.com\/web\/wp-content\/uploads\/2020\/03\/thumb_noimages.jpg","contentUrl":"https:\/\/psoecanarias.com\/web\/wp-content\/uploads\/2020\/03\/thumb_noimages.jpg","width":303,"height":200},{"@type":"BreadcrumbList","@id":"https:\/\/psoecanarias.com\/web\/6064-2\/#breadcrumb","itemListElement":[{"@type":"ListItem","position":1,"name":"Portada","item":"https:\/\/psoecanarias.com\/web\/"},{"@type":"ListItem","position":2,"name":"Iceta: \u201cFuera del di\u00e1logo no hay pol\u00edtica, fuera de la ley no hay democracia y sin pol\u00edtica ni democracia no hay nada\u201d"}]},{"@type":"WebSite","@id":"https:\/\/psoecanarias.com\/web\/#website","url":"https:\/\/psoecanarias.com\/web\/","name":"PSOE Canarias","description":"Partido Socialista Obrero Espa\u00f1ol Canarias","potentialAction":[{"@type":"SearchAction","target":{"@type":"EntryPoint","urlTemplate":"https:\/\/psoecanarias.com\/web\/?s={search_term_string}"},"query-input":{"@type":"PropertyValueSpecification","valueRequired":true,"valueName":"search_term_string"}}],"inLanguage":"es"},{"@type":"Person","@id":"https:\/\/psoecanarias.com\/web\/#\/schema\/person\/1ae43f9659d2fc599ca69c11e1dbf26f","name":"PSOE Canarias","image":{"@type":"ImageObject","inLanguage":"es","@id":"https:\/\/secure.gravatar.com\/avatar\/4364d37f6f6f9cdb7af199b46151565f37d8a8c3c0e04c1d78c04e857a15e3a8?s=96&d=mm&r=g","url":"https:\/\/secure.gravatar.com\/avatar\/4364d37f6f6f9cdb7af199b46151565f37d8a8c3c0e04c1d78c04e857a15e3a8?s=96&d=mm&r=g","contentUrl":"https:\/\/secure.gravatar.com\/avatar\/4364d37f6f6f9cdb7af199b46151565f37d8a8c3c0e04c1d78c04e857a15e3a8?s=96&d=mm&r=g","caption":"PSOE Canarias"},"url":"https:\/\/psoecanarias.com\/web\/author\/admin\/"}]}},"_links":{"self":[{"href":"https:\/\/psoecanarias.com\/web\/wp-json\/wp\/v2\/posts\/6064","targetHints":{"allow":["GET"]}}],"collection":[{"href":"https:\/\/psoecanarias.com\/web\/wp-json\/wp\/v2\/posts"}],"about":[{"href":"https:\/\/psoecanarias.com\/web\/wp-json\/wp\/v2\/types\/post"}],"author":[{"embeddable":true,"href":"https:\/\/psoecanarias.com\/web\/wp-json\/wp\/v2\/users\/1"}],"replies":[{"embeddable":true,"href":"https:\/\/psoecanarias.com\/web\/wp-json\/wp\/v2\/comments?post=6064"}],"version-history":[{"count":2,"href":"https:\/\/psoecanarias.com\/web\/wp-json\/wp\/v2\/posts\/6064\/revisions"}],"predecessor-version":[{"id":6067,"href":"https:\/\/psoecanarias.com\/web\/wp-json\/wp\/v2\/posts\/6064\/revisions\/6067"}],"wp:featuredmedia":[{"embeddable":true,"href":"https:\/\/psoecanarias.com\/web\/wp-json\/wp\/v2\/media\/8406"}],"wp:attachment":[{"href":"https:\/\/psoecanarias.com\/web\/wp-json\/wp\/v2\/media?parent=6064"}],"wp:term":[{"taxonomy":"category","embeddable":true,"href":"https:\/\/psoecanarias.com\/web\/wp-json\/wp\/v2\/categories?post=6064"},{"taxonomy":"post_tag","embeddable":true,"href":"https:\/\/psoecanarias.com\/web\/wp-json\/wp\/v2\/tags?post=6064"}],"curies":[{"name":"wp","href":"https:\/\/api.w.org\/{rel}","templated":true}]}}