{"id":6069,"date":"2019-02-09T17:02:22","date_gmt":"2019-02-09T17:02:22","guid":{"rendered":"http:\/\/psoecanarias.com\/web\/?p=6069"},"modified":"2019-02-09T17:02:22","modified_gmt":"2019-02-09T17:02:22","slug":"iceta-el-pge-es-bueno-y-lo-es-para-canarias-y-para-cataluna","status":"publish","type":"post","link":"https:\/\/psoecanarias.com\/web\/iceta-el-pge-es-bueno-y-lo-es-para-canarias-y-para-cataluna\/","title":{"rendered":"Iceta: \u201cEl PGE es bueno, y lo es para Canarias y para Catalu\u00f1a\u201d"},"content":{"rendered":"<div id=\"divRpF562664\">\n<p class=\"p2\"><span style=\"font-size: medium;\"><img loading=\"lazy\" decoding=\"async\" class=\"aligncenter size-large wp-image-6070\" src=\"http:\/\/psoecanarias.com\/web\/wp-content\/uploads\/2019\/02\/A01F896E-33D4-43E2-B81D-5028D896FD01-1024x682.jpeg\" alt=\"\" width=\"980\" height=\"653\" \/>El primer secretario del PSC, Miquel Iceta, subray\u00f3 este s\u00e1bado que el proyecto de Ley de Presupuestos Generales del Estado para 2019 \u201ces bueno desde el punto de vista territorial, y lo es para Canarias y para Catalu\u00f1a\u201d, por lo que apel\u00f3 a la \u201cinteligencia y generosidad\u201d del resto de fuerzas pol\u00edticas para que, \u201canteponiendo los intereses de la ciudadan\u00eda\u201d, salga adelante y no lo bloqueen.<\/span><\/p>\n<p class=\"p5\"><span class=\"s1\"><span style=\"font-size: medium;\">\u201cMantendremos las negociaciones necesarias, pero el bloqueo de las cuentas solo demuestra la falta de visi\u00f3n de algunos partidos que tienen el ojo m\u00e1s puesto en las elecciones que en la ciudadan\u00eda\u201d, dijo en el marco de un desayuno de trabajo que comparti\u00f3 en San Crist\u00f3bal de La Laguna con los medios de comunicaci\u00f3n de Tenerife, en compa\u00f1\u00eda del secretario general del PSOE Canarias, \u00c1ngel V\u00edctor Torres.<\/span><\/span><\/p>\n<p class=\"p5\"><span class=\"s1\"><span style=\"font-size: medium;\">Iceta asegur\u00f3 que el trato de los presupuestos es incluso mejor con Canarias que con Catalu\u00f1a, \u201calgo que han logrado los socialistas canarios\u201d, y explic\u00f3 que se obtiene un 6,4 por ciento m\u00e1s de recursos (5.286 millones) que representa un incremento superior al de su comunidad aut\u00f3noma.<\/span><\/span><\/p>\n<p class=\"p5\"><span class=\"s1\"><span style=\"font-size: medium;\">El primer secretario se\u00f1al\u00f3 que la negociaci\u00f3n pol\u00edtica que se est\u00e1 dando en Catalu\u00f1a coincide en el tiempo con el debate presupuestario, \u201clo que puede haber complicado la cuesti\u00f3n, pero es necesario separar el ruido de nueces, y las nueces es que es un proyecto de PGE que es muy bueno para Espa\u00f1a y para los espa\u00f1oles, revierte los recortes de la derecha y nos pone en mejor posici\u00f3n para el relanzamiento econ\u00f3mico\u201d.<\/span><\/span><\/p>\n<p class=\"p5\"><span class=\"s1\"><span style=\"font-size: medium;\">Iceta hizo hincapi\u00e9 en que \u201cest\u00e1 en juego, en parte, el futuro de la econom\u00eda, de nuestra gente, de quienes m\u00e1s lo necesitan\u201d y destac\u00f3 los compromisos de alcance del proyecto de ley, como lo referente a las pensiones, al salario m\u00ednimo interprofesional, la reducci\u00f3n significativa del copago farmac\u00e9utico \u201cy tantas y tantas medidas que no van a uno u otro territorio sino a todos los ciudadanos\u201d.<\/span><\/span><\/p>\n<p class=\"p5\"><span class=\"s1\"><span style=\"font-size: medium;\">Tambi\u00e9n \u00c1ngel V\u00edctor Torres afirm\u00f3 que estamos ante los presupuestos m\u00e1s importantes que ha recibido Canarias y critic\u00f3 que CC, antes de conocerlos, ya \u201cllamase a un frente social, avisando de que ser\u00edan unas malas cuentas y advirtiendo de que no aceptar\u00edan menos de 4.800 millones\u201d. <\/span><\/span><\/p>\n<p class=\"p6\"><span class=\"s1\"><span style=\"font-size: medium;\">\u00a0<\/span><\/span><\/p>\n<p class=\"p5\"><span class=\"s1\"><span style=\"font-size: medium;\">Ahora que son m\u00e1s de cinco mil millones, continu\u00f3, CC presenta una enmienda a la totalidad, a sabiendas de que son \u201cmejores que los mejores de la historia, como Oramas y Clavijo dec\u00edan\u201d. Record\u00f3 que CC presento esa enmienda este viernes con la \u201cexcusa\u201d de que no se cumple con el REF y el Estatuto de Autonom\u00eda, \u201cy lo hizo a sabiendas de que el jueves, el Gobierno de Espa\u00f1a le comunic\u00f3 que la duda de car\u00e1cter t\u00e9cnico sobre los incentivos fiscales ya estaba resuelta, de tal forma que s\u00ed se cumple\u201d con ambos marcos.<\/span><\/span><\/p>\n<p class=\"p5\"><span class=\"s1\"><span style=\"font-size: medium;\"><b>SITUACI\u00d3N POL\u00cdTICA EN CATALU\u00d1A<\/b><\/span><\/span><\/p>\n<p class=\"p5\"><span class=\"s1\"><span style=\"font-size: medium;\">Miquel Iceta insisti\u00f3 en la necesidad de desligar dos debates -tramitaci\u00f3n de los presupuestos y situaci\u00f3n pol\u00edtica de Catalu\u00f1a- que han coincidido en el tiempo. \u201cHemos asistido a una negociaci\u00f3n muy dura, muy compleja, con muchos ruidos y con esa convocatoria <a dir=\"ltr\" href=\"x-apple-data-detectors:\/\/4\">del domingo de las tres<\/a> derechas unidas\u201d.<\/span><\/span><\/p>\n<p class=\"p5\"><span class=\"s1\"><span style=\"font-size: medium;\">Afirm\u00f3 que cuando seamos capaces de separar ese ruido \u201cveremos que ha sido un intento serie del Gobierno de Espa\u00f1a por dialogar en el marco de la ley\u201d. Lament\u00f3 que no se haya culminado con un acuerdo pero agradeci\u00f3 el esfuerzo realizado por el Ejecutivo de Pedro S\u00e1nchez, \u201cque ha puesto un documento sobre la mesa que a\u00fan no sabemos por qu\u00e9 no ha sido aceptado\u201d. <\/span><\/span><\/p>\n<p class=\"p5\"><span class=\"s1\"><span style=\"font-size: medium;\">Reiter\u00f3 que la soluci\u00f3n \u201cdebe venir a trav\u00e9s del dialogo, primero entre los catalanes, porque en la sociedad catalana hay una divisi\u00f3n profunda sobre cu\u00e1l es el camino a seguir\u201d. Asegur\u00f3 que ese di\u00e1logo es \u201cun clamor\u201d social y recalc\u00f3 que el PSOE \u201cseguir\u00e1 ofreci\u00e9ndolo en el marco de la ley, tal y como se comprometi\u00f3 el presidente del Gobierno\u201d.<\/span><\/span><\/p>\n<p class=\"p5\"><span class=\"s1\"><span style=\"font-size: medium;\">Miquel Iceta se mostr\u00f3 convencido de que en las elecciones, \u201clos espa\u00f1oles optar\u00e1n por el mantenimiento de pol\u00edticas progresistas y dialogantes frente a las reaccionarias que defienden la crispaci\u00f3n\u201d. Reiter\u00f3 su agradecimiento por la acogida en Canarias, en especial al PSOE de Los Realejos por haberlo tra\u00eddo hasta Tenerife para entregarle el IV Galard\u00f3n Guindaste por su defensa del di\u00e1logo.<\/span><\/span><\/p>\n<\/div>\n<div><\/div>\n<div>\n<div class=\"ydp45eb1769yahoo-style-wrap\"><\/div>\n<\/div>\n","protected":false},"excerpt":{"rendered":"<p>El primer secretario del PSC, Miquel Iceta, subray\u00f3 este s\u00e1bado que el proyecto de Ley de Presupuestos Generales del Estado para 2019 \u201ces bueno desde el punto de vista territorial, y lo es para Canarias y para Catalu\u00f1a\u201d, por lo que apel\u00f3 a la \u201cinteligencia y generosidad\u201d del resto de fuerzas pol\u00edticas para que, \u201canteponiendo [&hellip;]<\/p>\n","protected":false},"author":1,"featured_media":8406,"comment_status":"open","ping_status":"open","sticky":false,"template":"","format":"standard","meta":{"footnotes":""},"categories":[7],"tags":[],"class_list":["post-6069","post","type-post","status-publish","format-standard","has-post-thumbnail","hentry","category-politica"],"featured_image_src":"https:\/\/psoecanarias.com\/web\/wp-content\/uploads\/2020\/03\/thumb_noimages.jpg","author_info":{"display_name":"PSOE Canarias","author_link":"https:\/\/psoecanarias.com\/web\/author\/admin\/"},"yoast_head":"<!-- This site is optimized with the Yoast SEO plugin v27.2 - https:\/\/yoast.com\/product\/yoast-seo-wordpress\/ -->\n<title>Iceta: \u201cEl PGE es bueno, y lo es para Canarias y para Catalu\u00f1a\u201d | PSOE Canarias<\/title>\n<meta name=\"robots\" content=\"index, follow, max-snippet:-1, max-image-preview:large, max-video-preview:-1\" \/>\n<link rel=\"canonical\" href=\"https:\/\/psoecanarias.com\/web\/iceta-el-pge-es-bueno-y-lo-es-para-canarias-y-para-cataluna\/\" \/>\n<meta property=\"og:locale\" content=\"es_ES\" \/>\n<meta property=\"og:type\" content=\"article\" \/>\n<meta property=\"og:title\" content=\"Iceta: \u201cEl PGE es bueno, y lo es para Canarias y para Catalu\u00f1a\u201d | PSOE Canarias\" \/>\n<meta property=\"og:description\" content=\"El primer secretario del PSC, Miquel Iceta, subray\u00f3 este s\u00e1bado que el proyecto de Ley de Presupuestos Generales del Estado para 2019 \u201ces bueno desde el punto de vista territorial, y lo es para Canarias y para Catalu\u00f1a\u201d, por lo que apel\u00f3 a la \u201cinteligencia y generosidad\u201d del resto de fuerzas pol\u00edticas para que, \u201canteponiendo [&hellip;]\" \/>\n<meta property=\"og:url\" content=\"https:\/\/psoecanarias.com\/web\/iceta-el-pge-es-bueno-y-lo-es-para-canarias-y-para-cataluna\/\" \/>\n<meta property=\"og:site_name\" content=\"PSOE Canarias\" \/>\n<meta property=\"article:published_time\" content=\"2019-02-09T17:02:22+00:00\" \/>\n<meta property=\"og:image\" content=\"https:\/\/psoecanarias.com\/web\/wp-content\/uploads\/2020\/03\/thumb_noimages.jpg\" \/>\n\t<meta property=\"og:image:width\" content=\"303\" \/>\n\t<meta property=\"og:image:height\" content=\"200\" \/>\n\t<meta property=\"og:image:type\" content=\"image\/jpeg\" \/>\n<meta name=\"author\" content=\"PSOE Canarias\" \/>\n<meta name=\"twitter:card\" content=\"summary_large_image\" \/>\n<script type=\"application\/ld+json\" class=\"yoast-schema-graph\">{\"@context\":\"https:\/\/schema.org\",\"@graph\":[{\"@type\":\"Article\",\"@id\":\"https:\/\/psoecanarias.com\/web\/iceta-el-pge-es-bueno-y-lo-es-para-canarias-y-para-cataluna\/#article\",\"isPartOf\":{\"@id\":\"https:\/\/psoecanarias.com\/web\/iceta-el-pge-es-bueno-y-lo-es-para-canarias-y-para-cataluna\/\"},\"author\":{\"name\":\"PSOE Canarias\",\"@id\":\"https:\/\/psoecanarias.com\/web\/#\/schema\/person\/1ae43f9659d2fc599ca69c11e1dbf26f\"},\"headline\":\"Iceta: \u201cEl PGE es bueno, y lo es para Canarias y para Catalu\u00f1a\u201d\",\"datePublished\":\"2019-02-09T17:02:22+00:00\",\"mainEntityOfPage\":{\"@id\":\"https:\/\/psoecanarias.com\/web\/iceta-el-pge-es-bueno-y-lo-es-para-canarias-y-para-cataluna\/\"},\"wordCount\":772,\"commentCount\":0,\"image\":{\"@id\":\"https:\/\/psoecanarias.com\/web\/iceta-el-pge-es-bueno-y-lo-es-para-canarias-y-para-cataluna\/#primaryimage\"},\"thumbnailUrl\":\"https:\/\/psoecanarias.com\/web\/wp-content\/uploads\/2020\/03\/thumb_noimages.jpg\",\"articleSection\":[\"Pol\u00edtica\"],\"inLanguage\":\"es\",\"potentialAction\":[{\"@type\":\"CommentAction\",\"name\":\"Comment\",\"target\":[\"https:\/\/psoecanarias.com\/web\/iceta-el-pge-es-bueno-y-lo-es-para-canarias-y-para-cataluna\/#respond\"]}]},{\"@type\":\"WebPage\",\"@id\":\"https:\/\/psoecanarias.com\/web\/iceta-el-pge-es-bueno-y-lo-es-para-canarias-y-para-cataluna\/\",\"url\":\"https:\/\/psoecanarias.com\/web\/iceta-el-pge-es-bueno-y-lo-es-para-canarias-y-para-cataluna\/\",\"name\":\"Iceta: \u201cEl PGE es bueno, y lo es para Canarias y para Catalu\u00f1a\u201d | PSOE Canarias\",\"isPartOf\":{\"@id\":\"https:\/\/psoecanarias.com\/web\/#website\"},\"primaryImageOfPage\":{\"@id\":\"https:\/\/psoecanarias.com\/web\/iceta-el-pge-es-bueno-y-lo-es-para-canarias-y-para-cataluna\/#primaryimage\"},\"image\":{\"@id\":\"https:\/\/psoecanarias.com\/web\/iceta-el-pge-es-bueno-y-lo-es-para-canarias-y-para-cataluna\/#primaryimage\"},\"thumbnailUrl\":\"https:\/\/psoecanarias.com\/web\/wp-content\/uploads\/2020\/03\/thumb_noimages.jpg\",\"datePublished\":\"2019-02-09T17:02:22+00:00\",\"author\":{\"@id\":\"https:\/\/psoecanarias.com\/web\/#\/schema\/person\/1ae43f9659d2fc599ca69c11e1dbf26f\"},\"breadcrumb\":{\"@id\":\"https:\/\/psoecanarias.com\/web\/iceta-el-pge-es-bueno-y-lo-es-para-canarias-y-para-cataluna\/#breadcrumb\"},\"inLanguage\":\"es\",\"potentialAction\":[{\"@type\":\"ReadAction\",\"target\":[\"https:\/\/psoecanarias.com\/web\/iceta-el-pge-es-bueno-y-lo-es-para-canarias-y-para-cataluna\/\"]}]},{\"@type\":\"ImageObject\",\"inLanguage\":\"es\",\"@id\":\"https:\/\/psoecanarias.com\/web\/iceta-el-pge-es-bueno-y-lo-es-para-canarias-y-para-cataluna\/#primaryimage\",\"url\":\"https:\/\/psoecanarias.com\/web\/wp-content\/uploads\/2020\/03\/thumb_noimages.jpg\",\"contentUrl\":\"https:\/\/psoecanarias.com\/web\/wp-content\/uploads\/2020\/03\/thumb_noimages.jpg\",\"width\":303,\"height\":200},{\"@type\":\"BreadcrumbList\",\"@id\":\"https:\/\/psoecanarias.com\/web\/iceta-el-pge-es-bueno-y-lo-es-para-canarias-y-para-cataluna\/#breadcrumb\",\"itemListElement\":[{\"@type\":\"ListItem\",\"position\":1,\"name\":\"Portada\",\"item\":\"https:\/\/psoecanarias.com\/web\/\"},{\"@type\":\"ListItem\",\"position\":2,\"name\":\"Iceta: \u201cEl PGE es bueno, y lo es para Canarias y para Catalu\u00f1a\u201d\"}]},{\"@type\":\"WebSite\",\"@id\":\"https:\/\/psoecanarias.com\/web\/#website\",\"url\":\"https:\/\/psoecanarias.com\/web\/\",\"name\":\"PSOE Canarias\",\"description\":\"Partido Socialista Obrero Espa\u00f1ol Canarias\",\"potentialAction\":[{\"@type\":\"SearchAction\",\"target\":{\"@type\":\"EntryPoint\",\"urlTemplate\":\"https:\/\/psoecanarias.com\/web\/?s={search_term_string}\"},\"query-input\":{\"@type\":\"PropertyValueSpecification\",\"valueRequired\":true,\"valueName\":\"search_term_string\"}}],\"inLanguage\":\"es\"},{\"@type\":\"Person\",\"@id\":\"https:\/\/psoecanarias.com\/web\/#\/schema\/person\/1ae43f9659d2fc599ca69c11e1dbf26f\",\"name\":\"PSOE Canarias\",\"image\":{\"@type\":\"ImageObject\",\"inLanguage\":\"es\",\"@id\":\"https:\/\/secure.gravatar.com\/avatar\/4364d37f6f6f9cdb7af199b46151565f37d8a8c3c0e04c1d78c04e857a15e3a8?s=96&d=mm&r=g\",\"url\":\"https:\/\/secure.gravatar.com\/avatar\/4364d37f6f6f9cdb7af199b46151565f37d8a8c3c0e04c1d78c04e857a15e3a8?s=96&d=mm&r=g\",\"contentUrl\":\"https:\/\/secure.gravatar.com\/avatar\/4364d37f6f6f9cdb7af199b46151565f37d8a8c3c0e04c1d78c04e857a15e3a8?s=96&d=mm&r=g\",\"caption\":\"PSOE Canarias\"},\"url\":\"https:\/\/psoecanarias.com\/web\/author\/admin\/\"}]}<\/script>\n<!-- \/ Yoast SEO plugin. -->","yoast_head_json":{"title":"Iceta: \u201cEl PGE es bueno, y lo es para Canarias y para Catalu\u00f1a\u201d | PSOE Canarias","robots":{"index":"index","follow":"follow","max-snippet":"max-snippet:-1","max-image-preview":"max-image-preview:large","max-video-preview":"max-video-preview:-1"},"canonical":"https:\/\/psoecanarias.com\/web\/iceta-el-pge-es-bueno-y-lo-es-para-canarias-y-para-cataluna\/","og_locale":"es_ES","og_type":"article","og_title":"Iceta: \u201cEl PGE es bueno, y lo es para Canarias y para Catalu\u00f1a\u201d | PSOE Canarias","og_description":"El primer secretario del PSC, Miquel Iceta, subray\u00f3 este s\u00e1bado que el proyecto de Ley de Presupuestos Generales del Estado para 2019 \u201ces bueno desde el punto de vista territorial, y lo es para Canarias y para Catalu\u00f1a\u201d, por lo que apel\u00f3 a la \u201cinteligencia y generosidad\u201d del resto de fuerzas pol\u00edticas para que, \u201canteponiendo [&hellip;]","og_url":"https:\/\/psoecanarias.com\/web\/iceta-el-pge-es-bueno-y-lo-es-para-canarias-y-para-cataluna\/","og_site_name":"PSOE Canarias","article_published_time":"2019-02-09T17:02:22+00:00","og_image":[{"width":303,"height":200,"url":"https:\/\/psoecanarias.com\/web\/wp-content\/uploads\/2020\/03\/thumb_noimages.jpg","type":"image\/jpeg"}],"author":"PSOE Canarias","twitter_card":"summary_large_image","schema":{"@context":"https:\/\/schema.org","@graph":[{"@type":"Article","@id":"https:\/\/psoecanarias.com\/web\/iceta-el-pge-es-bueno-y-lo-es-para-canarias-y-para-cataluna\/#article","isPartOf":{"@id":"https:\/\/psoecanarias.com\/web\/iceta-el-pge-es-bueno-y-lo-es-para-canarias-y-para-cataluna\/"},"author":{"name":"PSOE Canarias","@id":"https:\/\/psoecanarias.com\/web\/#\/schema\/person\/1ae43f9659d2fc599ca69c11e1dbf26f"},"headline":"Iceta: \u201cEl PGE es bueno, y lo es para Canarias y para Catalu\u00f1a\u201d","datePublished":"2019-02-09T17:02:22+00:00","mainEntityOfPage":{"@id":"https:\/\/psoecanarias.com\/web\/iceta-el-pge-es-bueno-y-lo-es-para-canarias-y-para-cataluna\/"},"wordCount":772,"commentCount":0,"image":{"@id":"https:\/\/psoecanarias.com\/web\/iceta-el-pge-es-bueno-y-lo-es-para-canarias-y-para-cataluna\/#primaryimage"},"thumbnailUrl":"https:\/\/psoecanarias.com\/web\/wp-content\/uploads\/2020\/03\/thumb_noimages.jpg","articleSection":["Pol\u00edtica"],"inLanguage":"es","potentialAction":[{"@type":"CommentAction","name":"Comment","target":["https:\/\/psoecanarias.com\/web\/iceta-el-pge-es-bueno-y-lo-es-para-canarias-y-para-cataluna\/#respond"]}]},{"@type":"WebPage","@id":"https:\/\/psoecanarias.com\/web\/iceta-el-pge-es-bueno-y-lo-es-para-canarias-y-para-cataluna\/","url":"https:\/\/psoecanarias.com\/web\/iceta-el-pge-es-bueno-y-lo-es-para-canarias-y-para-cataluna\/","name":"Iceta: \u201cEl PGE es bueno, y lo es para Canarias y para Catalu\u00f1a\u201d | PSOE Canarias","isPartOf":{"@id":"https:\/\/psoecanarias.com\/web\/#website"},"primaryImageOfPage":{"@id":"https:\/\/psoecanarias.com\/web\/iceta-el-pge-es-bueno-y-lo-es-para-canarias-y-para-cataluna\/#primaryimage"},"image":{"@id":"https:\/\/psoecanarias.com\/web\/iceta-el-pge-es-bueno-y-lo-es-para-canarias-y-para-cataluna\/#primaryimage"},"thumbnailUrl":"https:\/\/psoecanarias.com\/web\/wp-content\/uploads\/2020\/03\/thumb_noimages.jpg","datePublished":"2019-02-09T17:02:22+00:00","author":{"@id":"https:\/\/psoecanarias.com\/web\/#\/schema\/person\/1ae43f9659d2fc599ca69c11e1dbf26f"},"breadcrumb":{"@id":"https:\/\/psoecanarias.com\/web\/iceta-el-pge-es-bueno-y-lo-es-para-canarias-y-para-cataluna\/#breadcrumb"},"inLanguage":"es","potentialAction":[{"@type":"ReadAction","target":["https:\/\/psoecanarias.com\/web\/iceta-el-pge-es-bueno-y-lo-es-para-canarias-y-para-cataluna\/"]}]},{"@type":"ImageObject","inLanguage":"es","@id":"https:\/\/psoecanarias.com\/web\/iceta-el-pge-es-bueno-y-lo-es-para-canarias-y-para-cataluna\/#primaryimage","url":"https:\/\/psoecanarias.com\/web\/wp-content\/uploads\/2020\/03\/thumb_noimages.jpg","contentUrl":"https:\/\/psoecanarias.com\/web\/wp-content\/uploads\/2020\/03\/thumb_noimages.jpg","width":303,"height":200},{"@type":"BreadcrumbList","@id":"https:\/\/psoecanarias.com\/web\/iceta-el-pge-es-bueno-y-lo-es-para-canarias-y-para-cataluna\/#breadcrumb","itemListElement":[{"@type":"ListItem","position":1,"name":"Portada","item":"https:\/\/psoecanarias.com\/web\/"},{"@type":"ListItem","position":2,"name":"Iceta: \u201cEl PGE es bueno, y lo es para Canarias y para Catalu\u00f1a\u201d"}]},{"@type":"WebSite","@id":"https:\/\/psoecanarias.com\/web\/#website","url":"https:\/\/psoecanarias.com\/web\/","name":"PSOE Canarias","description":"Partido Socialista Obrero Espa\u00f1ol Canarias","potentialAction":[{"@type":"SearchAction","target":{"@type":"EntryPoint","urlTemplate":"https:\/\/psoecanarias.com\/web\/?s={search_term_string}"},"query-input":{"@type":"PropertyValueSpecification","valueRequired":true,"valueName":"search_term_string"}}],"inLanguage":"es"},{"@type":"Person","@id":"https:\/\/psoecanarias.com\/web\/#\/schema\/person\/1ae43f9659d2fc599ca69c11e1dbf26f","name":"PSOE Canarias","image":{"@type":"ImageObject","inLanguage":"es","@id":"https:\/\/secure.gravatar.com\/avatar\/4364d37f6f6f9cdb7af199b46151565f37d8a8c3c0e04c1d78c04e857a15e3a8?s=96&d=mm&r=g","url":"https:\/\/secure.gravatar.com\/avatar\/4364d37f6f6f9cdb7af199b46151565f37d8a8c3c0e04c1d78c04e857a15e3a8?s=96&d=mm&r=g","contentUrl":"https:\/\/secure.gravatar.com\/avatar\/4364d37f6f6f9cdb7af199b46151565f37d8a8c3c0e04c1d78c04e857a15e3a8?s=96&d=mm&r=g","caption":"PSOE Canarias"},"url":"https:\/\/psoecanarias.com\/web\/author\/admin\/"}]}},"_links":{"self":[{"href":"https:\/\/psoecanarias.com\/web\/wp-json\/wp\/v2\/posts\/6069","targetHints":{"allow":["GET"]}}],"collection":[{"href":"https:\/\/psoecanarias.com\/web\/wp-json\/wp\/v2\/posts"}],"about":[{"href":"https:\/\/psoecanarias.com\/web\/wp-json\/wp\/v2\/types\/post"}],"author":[{"embeddable":true,"href":"https:\/\/psoecanarias.com\/web\/wp-json\/wp\/v2\/users\/1"}],"replies":[{"embeddable":true,"href":"https:\/\/psoecanarias.com\/web\/wp-json\/wp\/v2\/comments?post=6069"}],"version-history":[{"count":1,"href":"https:\/\/psoecanarias.com\/web\/wp-json\/wp\/v2\/posts\/6069\/revisions"}],"predecessor-version":[{"id":6071,"href":"https:\/\/psoecanarias.com\/web\/wp-json\/wp\/v2\/posts\/6069\/revisions\/6071"}],"wp:featuredmedia":[{"embeddable":true,"href":"https:\/\/psoecanarias.com\/web\/wp-json\/wp\/v2\/media\/8406"}],"wp:attachment":[{"href":"https:\/\/psoecanarias.com\/web\/wp-json\/wp\/v2\/media?parent=6069"}],"wp:term":[{"taxonomy":"category","embeddable":true,"href":"https:\/\/psoecanarias.com\/web\/wp-json\/wp\/v2\/categories?post=6069"},{"taxonomy":"post_tag","embeddable":true,"href":"https:\/\/psoecanarias.com\/web\/wp-json\/wp\/v2\/tags?post=6069"}],"curies":[{"name":"wp","href":"https:\/\/api.w.org\/{rel}","templated":true}]}}