{"id":6095,"date":"2019-02-16T13:32:14","date_gmt":"2019-02-16T13:32:14","guid":{"rendered":"http:\/\/psoecanarias.com\/web\/?p=6095"},"modified":"2019-02-16T13:32:14","modified_gmt":"2019-02-16T13:32:14","slug":"angel-victor-torres-apuesta-por-una-sanidad-publica-de-calidad-y-con-mejores-recursos-para-canarias","status":"publish","type":"post","link":"https:\/\/psoecanarias.com\/web\/angel-victor-torres-apuesta-por-una-sanidad-publica-de-calidad-y-con-mejores-recursos-para-canarias\/","title":{"rendered":"\u00c1ngel V\u00edctor Torres apuesta por una sanidad p\u00fablica \u201cde calidad y con mejores recursos\u201d para Canarias"},"content":{"rendered":"<p>El PSOE de Canarias celebr\u00f3 este s\u00e1bado en el Hotel Escuela de Santa Cruz de Tenerife un acto en defensa de la sanidad p\u00fablica, que cont\u00f3 con la participaci\u00f3n, entre otros, de la titular del Ministerio de Sanidad, Mar\u00eda Luisa Carcedo, y del secretario general de los socialistas canarios y candidato al Gobierno regional, \u00c1ngel V\u00edctor Torres, quien reclam\u00f3 para el Archipi\u00e9lago unos servicios p\u00fablicos de calidad y con mejores recursos, sobre todo, en sanidad, cuya\u00a0 \u201cdefensa est\u00e1 en el ADN del Partido Socialista\u201d, subray\u00f3.<\/p>\n<p>La ministra de Sanidad y \u00c1ngel V\u00edctor Torres tomaron la palabra en la segunda parte de la jornada, dedicada a las pol\u00edticas de sanidad p\u00fablica. Les acompa\u00f1aron en la tarima los candidatos socialistas al Cabildo Insular de Tenerife y el Ayuntamiento de Santa Cruz, Pedro Mart\u00edn y Patricia Hern\u00e1ndez, respectivamente.<\/p>\n<p>El dirigente socialista se\u00f1al\u00f3 que el deterioro del bienestar social en las islas ha llegado a un punto en que el mayor servicio que se puede hacer a la ciudadan\u00eda es \u201cpropiciar un cambio al frente del gobierno en Canarias\u201d. Apunt\u00f3 que el PSOE est\u00e1 preparado para liderar este \u201cnuevo tiempo\u201d y que lo har\u00e1 \u201cde la mejor manera que sabemos\u201d, apostando por las pol\u00edticas sociales, la educaci\u00f3n y la defensa de los derechos ciudadanos.<\/p>\n<p><img loading=\"lazy\" decoding=\"async\" class=\"aligncenter size-large wp-image-6099\" src=\"http:\/\/psoecanarias.com\/web\/wp-content\/uploads\/2019\/02\/JORNADA-SANIDAD-1024x682.jpeg\" alt=\"\" width=\"980\" height=\"653\" \/>\u201cSanidad y educaci\u00f3n son los pilares sobre los que se tiene que montar una sociedad que est\u00e9 orgullosa de s\u00ed misma, y en Canarias tenemos serios d\u00e9ficits en ambos servicios, gesti\u00f3n que realiza el gobierno de Canarias y que nos tiene a la cola de todo\u201d, afirm\u00f3 \u00c1ngel V\u00edctor Torres.<\/p>\n<p>Sobre el sistema sanitario en Canarias, abog\u00f3 por un replanteamiento urgente del modelo de gesti\u00f3n, a partir de las directrices recogidas en el plan de choque aprobado hace pocas semanas en el Parlamento a propuestas de los socialistas. \u201cEs un documento con diez medidas efectivas y muy concretas encaminadas a paliar problemas tan importantes como el colapso de las urgencias, la saturaci\u00f3n de los hospitales y centros de salud o el d\u00e9ficit de la plantilla de profesionales sanitarios\u201d.<\/p>\n<p>En opini\u00f3n del l\u00edder de los socialistas canarios, los ocho meses de gesti\u00f3n del Ejecutivo de Pedro S\u00e1nchez han servido para visibilizar \u201ccu\u00e1les deben ser las verdaderas prioridades de un gobierno comprometido con los derechos y el progreso de su gente\u201d, con logros tan significativos como la recuperaci\u00f3n de la sanidad universal. Ha lamentado, por el contrario, que la reciente no aprobaci\u00f3n de los presupuestos generales haya frenado \u201cla eliminaci\u00f3n del copago farmac\u00e9utico a pensionistas o el programa de lucha contra la pobreza infantil\u201d.<\/p>\n<p><img loading=\"lazy\" decoding=\"async\" class=\"aligncenter size-large wp-image-6098\" src=\"http:\/\/psoecanarias.com\/web\/wp-content\/uploads\/2019\/02\/JORNADA-SANIDAD2-1-1024x682.jpeg\" alt=\"\" width=\"980\" height=\"653\" \/><\/p>\n<p>Por su parte, la ministra de Sanidad, Mar\u00eda Luisa Carcedo, lament\u00f3 tambi\u00e9n el rechazo a los presupuestos generales por el Pleno del Congreso, ya que ten\u00edan \u201cel objetivo fundamental de estabilizar socialmente el pa\u00eds\u201d, y se refiri\u00f3 a otras medidas que no llegar\u00e1n a ver la luz en esta legislatura, como la regulaci\u00f3n de la eutanasia. Garantiz\u00f3, sin embargo, que el PSOE \u201cseguir\u00e1 defendiendo el principio de equidad&#8221; y &#8220;el estado del bienestar\u201d.<\/p>\n<p>El acto de este s\u00e1bado en la capital tinerfe\u00f1a, titulado \u201cRecuperando una sanidad p\u00fablica universal, gratuita y de calidad\u201d, reuni\u00f3 a una amplia representaci\u00f3n del sector en Canarias, entre profesionales, sindicatos y expertos, as\u00ed como a numerosos cargos p\u00fablicos, org\u00e1nicos y simpatizantes de la organizaci\u00f3n socialista. Abri\u00f3 el encuentro la diputada Teresa Cruz Oval y, a continuaci\u00f3n, tuvo lugar una primera mesa redonda dedicada a los retos de futuro del Sistema Canario de Salud, en la que participaron destacados profesionales sanitarios y representantes socialistas. El acto se cerr\u00f3 con la intervenci\u00f3n de Jos\u00e9 Vicente Gonz\u00e1lez Bethencourt, coordinador federal de Sanidad del PSOE.<\/p>\n","protected":false},"excerpt":{"rendered":"<p>El PSOE de Canarias celebr\u00f3 este s\u00e1bado en el Hotel Escuela de Santa Cruz de Tenerife un acto en defensa de la sanidad p\u00fablica, que cont\u00f3 con la participaci\u00f3n, entre otros, de la titular del Ministerio de Sanidad, Mar\u00eda Luisa Carcedo, y del secretario general de los socialistas canarios y candidato al Gobierno regional, \u00c1ngel [&hellip;]<\/p>\n","protected":false},"author":1,"featured_media":6097,"comment_status":"open","ping_status":"open","sticky":false,"template":"","format":"standard","meta":{"footnotes":""},"categories":[7],"tags":[],"class_list":["post-6095","post","type-post","status-publish","format-standard","has-post-thumbnail","hentry","category-politica"],"featured_image_src":"https:\/\/psoecanarias.com\/web\/wp-content\/uploads\/2019\/02\/JORNADA-SANIDAD1.jpeg","author_info":{"display_name":"PSOE Canarias","author_link":"https:\/\/psoecanarias.com\/web\/author\/admin\/"},"yoast_head":"<!-- This site is optimized with the Yoast SEO plugin v27.2 - https:\/\/yoast.com\/product\/yoast-seo-wordpress\/ -->\n<title>\u00c1ngel V\u00edctor Torres apuesta por una sanidad p\u00fablica \u201cde calidad y con mejores recursos\u201d para Canarias | PSOE Canarias<\/title>\n<meta name=\"robots\" content=\"index, follow, max-snippet:-1, max-image-preview:large, max-video-preview:-1\" \/>\n<link rel=\"canonical\" href=\"https:\/\/psoecanarias.com\/web\/angel-victor-torres-apuesta-por-una-sanidad-publica-de-calidad-y-con-mejores-recursos-para-canarias\/\" \/>\n<meta property=\"og:locale\" content=\"es_ES\" \/>\n<meta property=\"og:type\" content=\"article\" \/>\n<meta property=\"og:title\" content=\"\u00c1ngel V\u00edctor Torres apuesta por una sanidad p\u00fablica \u201cde calidad y con mejores recursos\u201d para Canarias | PSOE Canarias\" \/>\n<meta property=\"og:description\" content=\"El PSOE de Canarias celebr\u00f3 este s\u00e1bado en el Hotel Escuela de Santa Cruz de Tenerife un acto en defensa de la sanidad p\u00fablica, que cont\u00f3 con la participaci\u00f3n, entre otros, de la titular del Ministerio de Sanidad, Mar\u00eda Luisa Carcedo, y del secretario general de los socialistas canarios y candidato al Gobierno regional, \u00c1ngel [&hellip;]\" \/>\n<meta property=\"og:url\" content=\"https:\/\/psoecanarias.com\/web\/angel-victor-torres-apuesta-por-una-sanidad-publica-de-calidad-y-con-mejores-recursos-para-canarias\/\" \/>\n<meta property=\"og:site_name\" content=\"PSOE Canarias\" \/>\n<meta property=\"article:published_time\" content=\"2019-02-16T13:32:14+00:00\" \/>\n<meta property=\"og:image\" content=\"https:\/\/psoecanarias.com\/web\/wp-content\/uploads\/2019\/02\/JORNADA-SANIDAD1.jpeg\" \/>\n\t<meta property=\"og:image:width\" content=\"1600\" \/>\n\t<meta property=\"og:image:height\" content=\"1066\" \/>\n\t<meta property=\"og:image:type\" content=\"image\/jpeg\" \/>\n<meta name=\"author\" content=\"PSOE Canarias\" \/>\n<meta name=\"twitter:card\" content=\"summary_large_image\" \/>\n<script type=\"application\/ld+json\" class=\"yoast-schema-graph\">{\"@context\":\"https:\/\/schema.org\",\"@graph\":[{\"@type\":\"Article\",\"@id\":\"https:\/\/psoecanarias.com\/web\/angel-victor-torres-apuesta-por-una-sanidad-publica-de-calidad-y-con-mejores-recursos-para-canarias\/#article\",\"isPartOf\":{\"@id\":\"https:\/\/psoecanarias.com\/web\/angel-victor-torres-apuesta-por-una-sanidad-publica-de-calidad-y-con-mejores-recursos-para-canarias\/\"},\"author\":{\"name\":\"PSOE Canarias\",\"@id\":\"https:\/\/psoecanarias.com\/web\/#\/schema\/person\/1ae43f9659d2fc599ca69c11e1dbf26f\"},\"headline\":\"\u00c1ngel V\u00edctor Torres apuesta por una sanidad p\u00fablica \u201cde calidad y con mejores recursos\u201d para Canarias\",\"datePublished\":\"2019-02-16T13:32:14+00:00\",\"mainEntityOfPage\":{\"@id\":\"https:\/\/psoecanarias.com\/web\/angel-victor-torres-apuesta-por-una-sanidad-publica-de-calidad-y-con-mejores-recursos-para-canarias\/\"},\"wordCount\":664,\"commentCount\":0,\"image\":{\"@id\":\"https:\/\/psoecanarias.com\/web\/angel-victor-torres-apuesta-por-una-sanidad-publica-de-calidad-y-con-mejores-recursos-para-canarias\/#primaryimage\"},\"thumbnailUrl\":\"https:\/\/psoecanarias.com\/web\/wp-content\/uploads\/2019\/02\/JORNADA-SANIDAD1.jpeg\",\"articleSection\":[\"Pol\u00edtica\"],\"inLanguage\":\"es\",\"potentialAction\":[{\"@type\":\"CommentAction\",\"name\":\"Comment\",\"target\":[\"https:\/\/psoecanarias.com\/web\/angel-victor-torres-apuesta-por-una-sanidad-publica-de-calidad-y-con-mejores-recursos-para-canarias\/#respond\"]}]},{\"@type\":\"WebPage\",\"@id\":\"https:\/\/psoecanarias.com\/web\/angel-victor-torres-apuesta-por-una-sanidad-publica-de-calidad-y-con-mejores-recursos-para-canarias\/\",\"url\":\"https:\/\/psoecanarias.com\/web\/angel-victor-torres-apuesta-por-una-sanidad-publica-de-calidad-y-con-mejores-recursos-para-canarias\/\",\"name\":\"\u00c1ngel V\u00edctor Torres apuesta por una sanidad p\u00fablica \u201cde calidad y con mejores recursos\u201d para Canarias | PSOE Canarias\",\"isPartOf\":{\"@id\":\"https:\/\/psoecanarias.com\/web\/#website\"},\"primaryImageOfPage\":{\"@id\":\"https:\/\/psoecanarias.com\/web\/angel-victor-torres-apuesta-por-una-sanidad-publica-de-calidad-y-con-mejores-recursos-para-canarias\/#primaryimage\"},\"image\":{\"@id\":\"https:\/\/psoecanarias.com\/web\/angel-victor-torres-apuesta-por-una-sanidad-publica-de-calidad-y-con-mejores-recursos-para-canarias\/#primaryimage\"},\"thumbnailUrl\":\"https:\/\/psoecanarias.com\/web\/wp-content\/uploads\/2019\/02\/JORNADA-SANIDAD1.jpeg\",\"datePublished\":\"2019-02-16T13:32:14+00:00\",\"author\":{\"@id\":\"https:\/\/psoecanarias.com\/web\/#\/schema\/person\/1ae43f9659d2fc599ca69c11e1dbf26f\"},\"breadcrumb\":{\"@id\":\"https:\/\/psoecanarias.com\/web\/angel-victor-torres-apuesta-por-una-sanidad-publica-de-calidad-y-con-mejores-recursos-para-canarias\/#breadcrumb\"},\"inLanguage\":\"es\",\"potentialAction\":[{\"@type\":\"ReadAction\",\"target\":[\"https:\/\/psoecanarias.com\/web\/angel-victor-torres-apuesta-por-una-sanidad-publica-de-calidad-y-con-mejores-recursos-para-canarias\/\"]}]},{\"@type\":\"ImageObject\",\"inLanguage\":\"es\",\"@id\":\"https:\/\/psoecanarias.com\/web\/angel-victor-torres-apuesta-por-una-sanidad-publica-de-calidad-y-con-mejores-recursos-para-canarias\/#primaryimage\",\"url\":\"https:\/\/psoecanarias.com\/web\/wp-content\/uploads\/2019\/02\/JORNADA-SANIDAD1.jpeg\",\"contentUrl\":\"https:\/\/psoecanarias.com\/web\/wp-content\/uploads\/2019\/02\/JORNADA-SANIDAD1.jpeg\",\"width\":1600,\"height\":1066},{\"@type\":\"BreadcrumbList\",\"@id\":\"https:\/\/psoecanarias.com\/web\/angel-victor-torres-apuesta-por-una-sanidad-publica-de-calidad-y-con-mejores-recursos-para-canarias\/#breadcrumb\",\"itemListElement\":[{\"@type\":\"ListItem\",\"position\":1,\"name\":\"Portada\",\"item\":\"https:\/\/psoecanarias.com\/web\/\"},{\"@type\":\"ListItem\",\"position\":2,\"name\":\"\u00c1ngel V\u00edctor Torres apuesta por una sanidad p\u00fablica \u201cde calidad y con mejores recursos\u201d para Canarias\"}]},{\"@type\":\"WebSite\",\"@id\":\"https:\/\/psoecanarias.com\/web\/#website\",\"url\":\"https:\/\/psoecanarias.com\/web\/\",\"name\":\"PSOE Canarias\",\"description\":\"Partido Socialista Obrero Espa\u00f1ol Canarias\",\"potentialAction\":[{\"@type\":\"SearchAction\",\"target\":{\"@type\":\"EntryPoint\",\"urlTemplate\":\"https:\/\/psoecanarias.com\/web\/?s={search_term_string}\"},\"query-input\":{\"@type\":\"PropertyValueSpecification\",\"valueRequired\":true,\"valueName\":\"search_term_string\"}}],\"inLanguage\":\"es\"},{\"@type\":\"Person\",\"@id\":\"https:\/\/psoecanarias.com\/web\/#\/schema\/person\/1ae43f9659d2fc599ca69c11e1dbf26f\",\"name\":\"PSOE Canarias\",\"image\":{\"@type\":\"ImageObject\",\"inLanguage\":\"es\",\"@id\":\"https:\/\/secure.gravatar.com\/avatar\/4364d37f6f6f9cdb7af199b46151565f37d8a8c3c0e04c1d78c04e857a15e3a8?s=96&d=mm&r=g\",\"url\":\"https:\/\/secure.gravatar.com\/avatar\/4364d37f6f6f9cdb7af199b46151565f37d8a8c3c0e04c1d78c04e857a15e3a8?s=96&d=mm&r=g\",\"contentUrl\":\"https:\/\/secure.gravatar.com\/avatar\/4364d37f6f6f9cdb7af199b46151565f37d8a8c3c0e04c1d78c04e857a15e3a8?s=96&d=mm&r=g\",\"caption\":\"PSOE Canarias\"},\"url\":\"https:\/\/psoecanarias.com\/web\/author\/admin\/\"}]}<\/script>\n<!-- \/ Yoast SEO plugin. -->","yoast_head_json":{"title":"\u00c1ngel V\u00edctor Torres apuesta por una sanidad p\u00fablica \u201cde calidad y con mejores recursos\u201d para Canarias | PSOE Canarias","robots":{"index":"index","follow":"follow","max-snippet":"max-snippet:-1","max-image-preview":"max-image-preview:large","max-video-preview":"max-video-preview:-1"},"canonical":"https:\/\/psoecanarias.com\/web\/angel-victor-torres-apuesta-por-una-sanidad-publica-de-calidad-y-con-mejores-recursos-para-canarias\/","og_locale":"es_ES","og_type":"article","og_title":"\u00c1ngel V\u00edctor Torres apuesta por una sanidad p\u00fablica \u201cde calidad y con mejores recursos\u201d para Canarias | PSOE Canarias","og_description":"El PSOE de Canarias celebr\u00f3 este s\u00e1bado en el Hotel Escuela de Santa Cruz de Tenerife un acto en defensa de la sanidad p\u00fablica, que cont\u00f3 con la participaci\u00f3n, entre otros, de la titular del Ministerio de Sanidad, Mar\u00eda Luisa Carcedo, y del secretario general de los socialistas canarios y candidato al Gobierno regional, \u00c1ngel [&hellip;]","og_url":"https:\/\/psoecanarias.com\/web\/angel-victor-torres-apuesta-por-una-sanidad-publica-de-calidad-y-con-mejores-recursos-para-canarias\/","og_site_name":"PSOE Canarias","article_published_time":"2019-02-16T13:32:14+00:00","og_image":[{"width":1600,"height":1066,"url":"https:\/\/psoecanarias.com\/web\/wp-content\/uploads\/2019\/02\/JORNADA-SANIDAD1.jpeg","type":"image\/jpeg"}],"author":"PSOE Canarias","twitter_card":"summary_large_image","schema":{"@context":"https:\/\/schema.org","@graph":[{"@type":"Article","@id":"https:\/\/psoecanarias.com\/web\/angel-victor-torres-apuesta-por-una-sanidad-publica-de-calidad-y-con-mejores-recursos-para-canarias\/#article","isPartOf":{"@id":"https:\/\/psoecanarias.com\/web\/angel-victor-torres-apuesta-por-una-sanidad-publica-de-calidad-y-con-mejores-recursos-para-canarias\/"},"author":{"name":"PSOE Canarias","@id":"https:\/\/psoecanarias.com\/web\/#\/schema\/person\/1ae43f9659d2fc599ca69c11e1dbf26f"},"headline":"\u00c1ngel V\u00edctor Torres apuesta por una sanidad p\u00fablica \u201cde calidad y con mejores recursos\u201d para Canarias","datePublished":"2019-02-16T13:32:14+00:00","mainEntityOfPage":{"@id":"https:\/\/psoecanarias.com\/web\/angel-victor-torres-apuesta-por-una-sanidad-publica-de-calidad-y-con-mejores-recursos-para-canarias\/"},"wordCount":664,"commentCount":0,"image":{"@id":"https:\/\/psoecanarias.com\/web\/angel-victor-torres-apuesta-por-una-sanidad-publica-de-calidad-y-con-mejores-recursos-para-canarias\/#primaryimage"},"thumbnailUrl":"https:\/\/psoecanarias.com\/web\/wp-content\/uploads\/2019\/02\/JORNADA-SANIDAD1.jpeg","articleSection":["Pol\u00edtica"],"inLanguage":"es","potentialAction":[{"@type":"CommentAction","name":"Comment","target":["https:\/\/psoecanarias.com\/web\/angel-victor-torres-apuesta-por-una-sanidad-publica-de-calidad-y-con-mejores-recursos-para-canarias\/#respond"]}]},{"@type":"WebPage","@id":"https:\/\/psoecanarias.com\/web\/angel-victor-torres-apuesta-por-una-sanidad-publica-de-calidad-y-con-mejores-recursos-para-canarias\/","url":"https:\/\/psoecanarias.com\/web\/angel-victor-torres-apuesta-por-una-sanidad-publica-de-calidad-y-con-mejores-recursos-para-canarias\/","name":"\u00c1ngel V\u00edctor Torres apuesta por una sanidad p\u00fablica \u201cde calidad y con mejores recursos\u201d para Canarias | PSOE Canarias","isPartOf":{"@id":"https:\/\/psoecanarias.com\/web\/#website"},"primaryImageOfPage":{"@id":"https:\/\/psoecanarias.com\/web\/angel-victor-torres-apuesta-por-una-sanidad-publica-de-calidad-y-con-mejores-recursos-para-canarias\/#primaryimage"},"image":{"@id":"https:\/\/psoecanarias.com\/web\/angel-victor-torres-apuesta-por-una-sanidad-publica-de-calidad-y-con-mejores-recursos-para-canarias\/#primaryimage"},"thumbnailUrl":"https:\/\/psoecanarias.com\/web\/wp-content\/uploads\/2019\/02\/JORNADA-SANIDAD1.jpeg","datePublished":"2019-02-16T13:32:14+00:00","author":{"@id":"https:\/\/psoecanarias.com\/web\/#\/schema\/person\/1ae43f9659d2fc599ca69c11e1dbf26f"},"breadcrumb":{"@id":"https:\/\/psoecanarias.com\/web\/angel-victor-torres-apuesta-por-una-sanidad-publica-de-calidad-y-con-mejores-recursos-para-canarias\/#breadcrumb"},"inLanguage":"es","potentialAction":[{"@type":"ReadAction","target":["https:\/\/psoecanarias.com\/web\/angel-victor-torres-apuesta-por-una-sanidad-publica-de-calidad-y-con-mejores-recursos-para-canarias\/"]}]},{"@type":"ImageObject","inLanguage":"es","@id":"https:\/\/psoecanarias.com\/web\/angel-victor-torres-apuesta-por-una-sanidad-publica-de-calidad-y-con-mejores-recursos-para-canarias\/#primaryimage","url":"https:\/\/psoecanarias.com\/web\/wp-content\/uploads\/2019\/02\/JORNADA-SANIDAD1.jpeg","contentUrl":"https:\/\/psoecanarias.com\/web\/wp-content\/uploads\/2019\/02\/JORNADA-SANIDAD1.jpeg","width":1600,"height":1066},{"@type":"BreadcrumbList","@id":"https:\/\/psoecanarias.com\/web\/angel-victor-torres-apuesta-por-una-sanidad-publica-de-calidad-y-con-mejores-recursos-para-canarias\/#breadcrumb","itemListElement":[{"@type":"ListItem","position":1,"name":"Portada","item":"https:\/\/psoecanarias.com\/web\/"},{"@type":"ListItem","position":2,"name":"\u00c1ngel V\u00edctor Torres apuesta por una sanidad p\u00fablica \u201cde calidad y con mejores recursos\u201d para Canarias"}]},{"@type":"WebSite","@id":"https:\/\/psoecanarias.com\/web\/#website","url":"https:\/\/psoecanarias.com\/web\/","name":"PSOE Canarias","description":"Partido Socialista Obrero Espa\u00f1ol Canarias","potentialAction":[{"@type":"SearchAction","target":{"@type":"EntryPoint","urlTemplate":"https:\/\/psoecanarias.com\/web\/?s={search_term_string}"},"query-input":{"@type":"PropertyValueSpecification","valueRequired":true,"valueName":"search_term_string"}}],"inLanguage":"es"},{"@type":"Person","@id":"https:\/\/psoecanarias.com\/web\/#\/schema\/person\/1ae43f9659d2fc599ca69c11e1dbf26f","name":"PSOE Canarias","image":{"@type":"ImageObject","inLanguage":"es","@id":"https:\/\/secure.gravatar.com\/avatar\/4364d37f6f6f9cdb7af199b46151565f37d8a8c3c0e04c1d78c04e857a15e3a8?s=96&d=mm&r=g","url":"https:\/\/secure.gravatar.com\/avatar\/4364d37f6f6f9cdb7af199b46151565f37d8a8c3c0e04c1d78c04e857a15e3a8?s=96&d=mm&r=g","contentUrl":"https:\/\/secure.gravatar.com\/avatar\/4364d37f6f6f9cdb7af199b46151565f37d8a8c3c0e04c1d78c04e857a15e3a8?s=96&d=mm&r=g","caption":"PSOE Canarias"},"url":"https:\/\/psoecanarias.com\/web\/author\/admin\/"}]}},"_links":{"self":[{"href":"https:\/\/psoecanarias.com\/web\/wp-json\/wp\/v2\/posts\/6095","targetHints":{"allow":["GET"]}}],"collection":[{"href":"https:\/\/psoecanarias.com\/web\/wp-json\/wp\/v2\/posts"}],"about":[{"href":"https:\/\/psoecanarias.com\/web\/wp-json\/wp\/v2\/types\/post"}],"author":[{"embeddable":true,"href":"https:\/\/psoecanarias.com\/web\/wp-json\/wp\/v2\/users\/1"}],"replies":[{"embeddable":true,"href":"https:\/\/psoecanarias.com\/web\/wp-json\/wp\/v2\/comments?post=6095"}],"version-history":[{"count":1,"href":"https:\/\/psoecanarias.com\/web\/wp-json\/wp\/v2\/posts\/6095\/revisions"}],"predecessor-version":[{"id":6100,"href":"https:\/\/psoecanarias.com\/web\/wp-json\/wp\/v2\/posts\/6095\/revisions\/6100"}],"wp:featuredmedia":[{"embeddable":true,"href":"https:\/\/psoecanarias.com\/web\/wp-json\/wp\/v2\/media\/6097"}],"wp:attachment":[{"href":"https:\/\/psoecanarias.com\/web\/wp-json\/wp\/v2\/media?parent=6095"}],"wp:term":[{"taxonomy":"category","embeddable":true,"href":"https:\/\/psoecanarias.com\/web\/wp-json\/wp\/v2\/categories?post=6095"},{"taxonomy":"post_tag","embeddable":true,"href":"https:\/\/psoecanarias.com\/web\/wp-json\/wp\/v2\/tags?post=6095"}],"curies":[{"name":"wp","href":"https:\/\/api.w.org\/{rel}","templated":true}]}}