{"id":6114,"date":"2019-02-24T11:51:23","date_gmt":"2019-02-24T11:51:23","guid":{"rendered":"http:\/\/psoecanarias.com\/web\/?p=6114"},"modified":"2019-02-24T11:51:56","modified_gmt":"2019-02-24T11:51:56","slug":"otra-canarias-es-posible","status":"publish","type":"post","link":"https:\/\/psoecanarias.com\/web\/otra-canarias-es-posible\/","title":{"rendered":"OPINI\u00d3N | Otra Canarias es posible"},"content":{"rendered":"<p>La novena legislatura del Parlamento de Canarias llegar\u00e1 a su fin en pocas fechas. El balance no puede ser m\u00e1s decepcionante. Porque si algo deja claro el Debate de la Nacionalidad, celebrado durante esta semana, es el fracaso en la gesti\u00f3n del Gobierno de Coalici\u00f3n Canaria a lo largo de estos a\u00f1os. El fracaso de la pol\u00edtica al servicio de las personas. La dolorosa derrota de la defensa del Estado del Bienestar en el Archipi\u00e9lago.<\/p>\n<p>Va terminando una legislatura con pocos avances y demasiados retrocesos en todos los frentes. Resulta descorazonador comprobar los n\u00fameros objetivos que colocan en estos momentos a nuestra comunidad aut\u00f3noma a la cola en sanidad, educaci\u00f3n y desempleo juvenil. A la cabeza en n\u00famero de personas dependientes sin prestaciones, precariedad laboral y absentismo escolar. O lo que es m\u00e1s dram\u00e1tico: con casi la mitad de la poblaci\u00f3n en riesgo de pobreza y al borde de la exclusi\u00f3n social.<\/p>\n<p>La visi\u00f3n triunfalista de la que ha hecho gala Fernando Clavijo estos d\u00edas desde la tribuna del Parlamento confronta de lleno con la cruda realidad. El presidente podr\u00e1 esforzarse en mirar para otro lado, pero nunca podr\u00e1 negar que hay una Canarias que sufre o que simplemente camina al filo del alambre, y a la que este gobierno, el suyo, ignora y da la espalda.<\/p>\n<p>Seguimos sin un plan contra la pobreza que plante cara a un drama que se extiende de forma imparable por las Islas y que desborda a los ayuntamientos y a las organizaciones solidarias. La cifra de familias sin recursos en Canarias supera ya a la de la media en la Uni\u00f3n Europea.<\/p>\n<p>Lo vimos tambi\u00e9n con la tramitaci\u00f3n de los \u00faltimos Presupuestos Generales del Estado. A Coalici\u00f3n Canaria nunca valor\u00f3 el importante peso social contenido en las cuentas, igual que tampoco le import\u00f3 alinearse con la derecha y los independentistas para acabar tumb\u00e1ndolas. El colof\u00f3n sonrojante fue su celebraci\u00f3n p\u00fablica a este rechazo. Estudiantes, pensionistas, dependientes, desempleados canarios mayores de 52 a\u00f1os: todos perdieron algo en esa batalla de los presupuestos para este 2019, pero ellos, satisfechos y a lo suyo. No es la pol\u00edtica para la gente; es la intriga pol\u00edtica al servicio de intereses partidistas.<\/p>\n<p>La Canarias que queremos los socialistas es otra radicalmente distinta. M\u00e1s solidaria, m\u00e1s inclusiva, m\u00e1s igualitaria, m\u00e1s transparente y con m\u00e1s derechos. Donde el colapso en las Urgencias, las listas de espera en sanidad, la educaci\u00f3n gratuita o las pol\u00edticas de vivienda y de empleo dejen de ser considerados asuntos menores y sin remedio.\u00a0 Estamos convencidos de que ha llegado el momento de que esa fuerza transformadora que representamos los socialistas se abra camino en la pol\u00edtica regional.<\/p>\n<p>Todo empieza con la voluntad colectiva de hacerlo posible y contin\u00faa dise\u00f1ando y planteando propuestas encaminadas a mejorar la gesti\u00f3n de los recursos que son de todos, como hicimos en el \u00faltimo Debate sobre el Estado de la Nacionalidad. Los medios est\u00e1n, es s\u00f3lo cuesti\u00f3n de sensibilidad social y determinaci\u00f3n.<\/p>\n<p>Es necesario un nuevo Plan de Salud y as\u00ed lo hemos planteado a trav\u00e9s de esa bater\u00eda de iniciativas presentadas esta semana por nuestro grupo parlamentario. Un plan hacia la convergencia de los est\u00e1ndares sanitarios nacionales, con recursos para las infraestructuras pendientes en las distintas islas. Tambi\u00e9n es necesario apostar de verdad por la educaci\u00f3n, especialmente la infantil de 0 a 3 a\u00f1os; exprimir nuestro potencial en investigaci\u00f3n, desarrollo e innovaci\u00f3n; seguir avanzando en pol\u00edticas de sostenibilidad y protecci\u00f3n del Medio Ambiente. Necesitamos, en definitiva, una Canarias m\u00e1s social y con mayor autoestima.\u00a0 Ese es el camino que proponemos explorar a partir de las elecciones de mayo.<\/p>\n<p>M\u00e1s ciudadan\u00eda siempre ser\u00e1 garant\u00eda de m\u00e1s Canarias. Juntos, estoy convencido, podemos conseguirlo.<\/p>\n<p><em>* <\/em><em>\u00c1ngel V\u00edctor Torres es el candidato del PSOE a la presidencia del Gobierno de Canarias 2019 <\/em><\/p>\n","protected":false},"excerpt":{"rendered":"<p>La novena legislatura del Parlamento de Canarias llegar\u00e1 a su fin en pocas fechas. El balance no puede ser m\u00e1s decepcionante. Porque si algo deja claro el Debate de la Nacionalidad, celebrado durante esta semana, es el fracaso en la gesti\u00f3n del Gobierno de Coalici\u00f3n Canaria a lo largo de estos a\u00f1os. El fracaso de [&hellip;]<\/p>\n","protected":false},"author":1,"featured_media":5374,"comment_status":"open","ping_status":"open","sticky":false,"template":"","format":"aside","meta":{"footnotes":""},"categories":[7],"tags":[],"class_list":["post-6114","post","type-post","status-publish","format-aside","has-post-thumbnail","hentry","category-politica","post_format-post-format-aside"],"featured_image_src":"https:\/\/psoecanarias.com\/web\/wp-content\/uploads\/2018\/10\/DoaYxgdXkAAY8VT.jpg","author_info":{"display_name":"PSOE Canarias","author_link":"https:\/\/psoecanarias.com\/web\/author\/admin\/"},"yoast_head":"<!-- This site is optimized with the Yoast SEO plugin v27.2 - https:\/\/yoast.com\/product\/yoast-seo-wordpress\/ -->\n<title>OPINI\u00d3N | Otra Canarias es posible | PSOE Canarias<\/title>\n<meta name=\"robots\" content=\"index, follow, max-snippet:-1, max-image-preview:large, max-video-preview:-1\" \/>\n<link rel=\"canonical\" href=\"https:\/\/psoecanarias.com\/web\/otra-canarias-es-posible\/\" \/>\n<meta property=\"og:locale\" content=\"es_ES\" \/>\n<meta property=\"og:type\" content=\"article\" \/>\n<meta property=\"og:title\" content=\"OPINI\u00d3N | Otra Canarias es posible | PSOE Canarias\" \/>\n<meta property=\"og:description\" content=\"La novena legislatura del Parlamento de Canarias llegar\u00e1 a su fin en pocas fechas. El balance no puede ser m\u00e1s decepcionante. Porque si algo deja claro el Debate de la Nacionalidad, celebrado durante esta semana, es el fracaso en la gesti\u00f3n del Gobierno de Coalici\u00f3n Canaria a lo largo de estos a\u00f1os. El fracaso de [&hellip;]\" \/>\n<meta property=\"og:url\" content=\"https:\/\/psoecanarias.com\/web\/otra-canarias-es-posible\/\" \/>\n<meta property=\"og:site_name\" content=\"PSOE Canarias\" \/>\n<meta property=\"article:published_time\" content=\"2019-02-24T11:51:23+00:00\" \/>\n<meta property=\"article:modified_time\" content=\"2019-02-24T11:51:56+00:00\" \/>\n<meta property=\"og:image\" content=\"https:\/\/psoecanarias.com\/web\/wp-content\/uploads\/2018\/10\/DoaYxgdXkAAY8VT.jpg\" \/>\n\t<meta property=\"og:image:width\" content=\"675\" \/>\n\t<meta property=\"og:image:height\" content=\"718\" \/>\n\t<meta property=\"og:image:type\" content=\"image\/jpeg\" \/>\n<meta name=\"author\" content=\"PSOE Canarias\" \/>\n<meta name=\"twitter:card\" content=\"summary_large_image\" \/>\n<script type=\"application\/ld+json\" class=\"yoast-schema-graph\">{\"@context\":\"https:\/\/schema.org\",\"@graph\":[{\"@type\":\"Article\",\"@id\":\"https:\/\/psoecanarias.com\/web\/otra-canarias-es-posible\/#article\",\"isPartOf\":{\"@id\":\"https:\/\/psoecanarias.com\/web\/otra-canarias-es-posible\/\"},\"author\":{\"name\":\"PSOE Canarias\",\"@id\":\"https:\/\/psoecanarias.com\/web\/#\/schema\/person\/1ae43f9659d2fc599ca69c11e1dbf26f\"},\"headline\":\"OPINI\u00d3N | Otra Canarias es posible\",\"datePublished\":\"2019-02-24T11:51:23+00:00\",\"dateModified\":\"2019-02-24T11:51:56+00:00\",\"mainEntityOfPage\":{\"@id\":\"https:\/\/psoecanarias.com\/web\/otra-canarias-es-posible\/\"},\"wordCount\":687,\"commentCount\":0,\"image\":{\"@id\":\"https:\/\/psoecanarias.com\/web\/otra-canarias-es-posible\/#primaryimage\"},\"thumbnailUrl\":\"https:\/\/psoecanarias.com\/web\/wp-content\/uploads\/2018\/10\/DoaYxgdXkAAY8VT.jpg\",\"articleSection\":[\"Pol\u00edtica\"],\"inLanguage\":\"es\",\"potentialAction\":[{\"@type\":\"CommentAction\",\"name\":\"Comment\",\"target\":[\"https:\/\/psoecanarias.com\/web\/otra-canarias-es-posible\/#respond\"]}]},{\"@type\":\"WebPage\",\"@id\":\"https:\/\/psoecanarias.com\/web\/otra-canarias-es-posible\/\",\"url\":\"https:\/\/psoecanarias.com\/web\/otra-canarias-es-posible\/\",\"name\":\"OPINI\u00d3N | Otra Canarias es posible | PSOE Canarias\",\"isPartOf\":{\"@id\":\"https:\/\/psoecanarias.com\/web\/#website\"},\"primaryImageOfPage\":{\"@id\":\"https:\/\/psoecanarias.com\/web\/otra-canarias-es-posible\/#primaryimage\"},\"image\":{\"@id\":\"https:\/\/psoecanarias.com\/web\/otra-canarias-es-posible\/#primaryimage\"},\"thumbnailUrl\":\"https:\/\/psoecanarias.com\/web\/wp-content\/uploads\/2018\/10\/DoaYxgdXkAAY8VT.jpg\",\"datePublished\":\"2019-02-24T11:51:23+00:00\",\"dateModified\":\"2019-02-24T11:51:56+00:00\",\"author\":{\"@id\":\"https:\/\/psoecanarias.com\/web\/#\/schema\/person\/1ae43f9659d2fc599ca69c11e1dbf26f\"},\"breadcrumb\":{\"@id\":\"https:\/\/psoecanarias.com\/web\/otra-canarias-es-posible\/#breadcrumb\"},\"inLanguage\":\"es\",\"potentialAction\":[{\"@type\":\"ReadAction\",\"target\":[\"https:\/\/psoecanarias.com\/web\/otra-canarias-es-posible\/\"]}]},{\"@type\":\"ImageObject\",\"inLanguage\":\"es\",\"@id\":\"https:\/\/psoecanarias.com\/web\/otra-canarias-es-posible\/#primaryimage\",\"url\":\"https:\/\/psoecanarias.com\/web\/wp-content\/uploads\/2018\/10\/DoaYxgdXkAAY8VT.jpg\",\"contentUrl\":\"https:\/\/psoecanarias.com\/web\/wp-content\/uploads\/2018\/10\/DoaYxgdXkAAY8VT.jpg\",\"width\":675,\"height\":718},{\"@type\":\"BreadcrumbList\",\"@id\":\"https:\/\/psoecanarias.com\/web\/otra-canarias-es-posible\/#breadcrumb\",\"itemListElement\":[{\"@type\":\"ListItem\",\"position\":1,\"name\":\"Portada\",\"item\":\"https:\/\/psoecanarias.com\/web\/\"},{\"@type\":\"ListItem\",\"position\":2,\"name\":\"OPINI\u00d3N | Otra Canarias es posible\"}]},{\"@type\":\"WebSite\",\"@id\":\"https:\/\/psoecanarias.com\/web\/#website\",\"url\":\"https:\/\/psoecanarias.com\/web\/\",\"name\":\"PSOE Canarias\",\"description\":\"Partido Socialista Obrero Espa\u00f1ol Canarias\",\"potentialAction\":[{\"@type\":\"SearchAction\",\"target\":{\"@type\":\"EntryPoint\",\"urlTemplate\":\"https:\/\/psoecanarias.com\/web\/?s={search_term_string}\"},\"query-input\":{\"@type\":\"PropertyValueSpecification\",\"valueRequired\":true,\"valueName\":\"search_term_string\"}}],\"inLanguage\":\"es\"},{\"@type\":\"Person\",\"@id\":\"https:\/\/psoecanarias.com\/web\/#\/schema\/person\/1ae43f9659d2fc599ca69c11e1dbf26f\",\"name\":\"PSOE Canarias\",\"image\":{\"@type\":\"ImageObject\",\"inLanguage\":\"es\",\"@id\":\"https:\/\/secure.gravatar.com\/avatar\/4364d37f6f6f9cdb7af199b46151565f37d8a8c3c0e04c1d78c04e857a15e3a8?s=96&d=mm&r=g\",\"url\":\"https:\/\/secure.gravatar.com\/avatar\/4364d37f6f6f9cdb7af199b46151565f37d8a8c3c0e04c1d78c04e857a15e3a8?s=96&d=mm&r=g\",\"contentUrl\":\"https:\/\/secure.gravatar.com\/avatar\/4364d37f6f6f9cdb7af199b46151565f37d8a8c3c0e04c1d78c04e857a15e3a8?s=96&d=mm&r=g\",\"caption\":\"PSOE Canarias\"},\"url\":\"https:\/\/psoecanarias.com\/web\/author\/admin\/\"}]}<\/script>\n<!-- \/ Yoast SEO plugin. -->","yoast_head_json":{"title":"OPINI\u00d3N | Otra Canarias es posible | PSOE Canarias","robots":{"index":"index","follow":"follow","max-snippet":"max-snippet:-1","max-image-preview":"max-image-preview:large","max-video-preview":"max-video-preview:-1"},"canonical":"https:\/\/psoecanarias.com\/web\/otra-canarias-es-posible\/","og_locale":"es_ES","og_type":"article","og_title":"OPINI\u00d3N | Otra Canarias es posible | PSOE Canarias","og_description":"La novena legislatura del Parlamento de Canarias llegar\u00e1 a su fin en pocas fechas. El balance no puede ser m\u00e1s decepcionante. Porque si algo deja claro el Debate de la Nacionalidad, celebrado durante esta semana, es el fracaso en la gesti\u00f3n del Gobierno de Coalici\u00f3n Canaria a lo largo de estos a\u00f1os. El fracaso de [&hellip;]","og_url":"https:\/\/psoecanarias.com\/web\/otra-canarias-es-posible\/","og_site_name":"PSOE Canarias","article_published_time":"2019-02-24T11:51:23+00:00","article_modified_time":"2019-02-24T11:51:56+00:00","og_image":[{"width":675,"height":718,"url":"https:\/\/psoecanarias.com\/web\/wp-content\/uploads\/2018\/10\/DoaYxgdXkAAY8VT.jpg","type":"image\/jpeg"}],"author":"PSOE Canarias","twitter_card":"summary_large_image","schema":{"@context":"https:\/\/schema.org","@graph":[{"@type":"Article","@id":"https:\/\/psoecanarias.com\/web\/otra-canarias-es-posible\/#article","isPartOf":{"@id":"https:\/\/psoecanarias.com\/web\/otra-canarias-es-posible\/"},"author":{"name":"PSOE Canarias","@id":"https:\/\/psoecanarias.com\/web\/#\/schema\/person\/1ae43f9659d2fc599ca69c11e1dbf26f"},"headline":"OPINI\u00d3N | Otra Canarias es posible","datePublished":"2019-02-24T11:51:23+00:00","dateModified":"2019-02-24T11:51:56+00:00","mainEntityOfPage":{"@id":"https:\/\/psoecanarias.com\/web\/otra-canarias-es-posible\/"},"wordCount":687,"commentCount":0,"image":{"@id":"https:\/\/psoecanarias.com\/web\/otra-canarias-es-posible\/#primaryimage"},"thumbnailUrl":"https:\/\/psoecanarias.com\/web\/wp-content\/uploads\/2018\/10\/DoaYxgdXkAAY8VT.jpg","articleSection":["Pol\u00edtica"],"inLanguage":"es","potentialAction":[{"@type":"CommentAction","name":"Comment","target":["https:\/\/psoecanarias.com\/web\/otra-canarias-es-posible\/#respond"]}]},{"@type":"WebPage","@id":"https:\/\/psoecanarias.com\/web\/otra-canarias-es-posible\/","url":"https:\/\/psoecanarias.com\/web\/otra-canarias-es-posible\/","name":"OPINI\u00d3N | Otra Canarias es posible | PSOE Canarias","isPartOf":{"@id":"https:\/\/psoecanarias.com\/web\/#website"},"primaryImageOfPage":{"@id":"https:\/\/psoecanarias.com\/web\/otra-canarias-es-posible\/#primaryimage"},"image":{"@id":"https:\/\/psoecanarias.com\/web\/otra-canarias-es-posible\/#primaryimage"},"thumbnailUrl":"https:\/\/psoecanarias.com\/web\/wp-content\/uploads\/2018\/10\/DoaYxgdXkAAY8VT.jpg","datePublished":"2019-02-24T11:51:23+00:00","dateModified":"2019-02-24T11:51:56+00:00","author":{"@id":"https:\/\/psoecanarias.com\/web\/#\/schema\/person\/1ae43f9659d2fc599ca69c11e1dbf26f"},"breadcrumb":{"@id":"https:\/\/psoecanarias.com\/web\/otra-canarias-es-posible\/#breadcrumb"},"inLanguage":"es","potentialAction":[{"@type":"ReadAction","target":["https:\/\/psoecanarias.com\/web\/otra-canarias-es-posible\/"]}]},{"@type":"ImageObject","inLanguage":"es","@id":"https:\/\/psoecanarias.com\/web\/otra-canarias-es-posible\/#primaryimage","url":"https:\/\/psoecanarias.com\/web\/wp-content\/uploads\/2018\/10\/DoaYxgdXkAAY8VT.jpg","contentUrl":"https:\/\/psoecanarias.com\/web\/wp-content\/uploads\/2018\/10\/DoaYxgdXkAAY8VT.jpg","width":675,"height":718},{"@type":"BreadcrumbList","@id":"https:\/\/psoecanarias.com\/web\/otra-canarias-es-posible\/#breadcrumb","itemListElement":[{"@type":"ListItem","position":1,"name":"Portada","item":"https:\/\/psoecanarias.com\/web\/"},{"@type":"ListItem","position":2,"name":"OPINI\u00d3N | Otra Canarias es posible"}]},{"@type":"WebSite","@id":"https:\/\/psoecanarias.com\/web\/#website","url":"https:\/\/psoecanarias.com\/web\/","name":"PSOE Canarias","description":"Partido Socialista Obrero Espa\u00f1ol Canarias","potentialAction":[{"@type":"SearchAction","target":{"@type":"EntryPoint","urlTemplate":"https:\/\/psoecanarias.com\/web\/?s={search_term_string}"},"query-input":{"@type":"PropertyValueSpecification","valueRequired":true,"valueName":"search_term_string"}}],"inLanguage":"es"},{"@type":"Person","@id":"https:\/\/psoecanarias.com\/web\/#\/schema\/person\/1ae43f9659d2fc599ca69c11e1dbf26f","name":"PSOE Canarias","image":{"@type":"ImageObject","inLanguage":"es","@id":"https:\/\/secure.gravatar.com\/avatar\/4364d37f6f6f9cdb7af199b46151565f37d8a8c3c0e04c1d78c04e857a15e3a8?s=96&d=mm&r=g","url":"https:\/\/secure.gravatar.com\/avatar\/4364d37f6f6f9cdb7af199b46151565f37d8a8c3c0e04c1d78c04e857a15e3a8?s=96&d=mm&r=g","contentUrl":"https:\/\/secure.gravatar.com\/avatar\/4364d37f6f6f9cdb7af199b46151565f37d8a8c3c0e04c1d78c04e857a15e3a8?s=96&d=mm&r=g","caption":"PSOE Canarias"},"url":"https:\/\/psoecanarias.com\/web\/author\/admin\/"}]}},"_links":{"self":[{"href":"https:\/\/psoecanarias.com\/web\/wp-json\/wp\/v2\/posts\/6114","targetHints":{"allow":["GET"]}}],"collection":[{"href":"https:\/\/psoecanarias.com\/web\/wp-json\/wp\/v2\/posts"}],"about":[{"href":"https:\/\/psoecanarias.com\/web\/wp-json\/wp\/v2\/types\/post"}],"author":[{"embeddable":true,"href":"https:\/\/psoecanarias.com\/web\/wp-json\/wp\/v2\/users\/1"}],"replies":[{"embeddable":true,"href":"https:\/\/psoecanarias.com\/web\/wp-json\/wp\/v2\/comments?post=6114"}],"version-history":[{"count":2,"href":"https:\/\/psoecanarias.com\/web\/wp-json\/wp\/v2\/posts\/6114\/revisions"}],"predecessor-version":[{"id":6116,"href":"https:\/\/psoecanarias.com\/web\/wp-json\/wp\/v2\/posts\/6114\/revisions\/6116"}],"wp:featuredmedia":[{"embeddable":true,"href":"https:\/\/psoecanarias.com\/web\/wp-json\/wp\/v2\/media\/5374"}],"wp:attachment":[{"href":"https:\/\/psoecanarias.com\/web\/wp-json\/wp\/v2\/media?parent=6114"}],"wp:term":[{"taxonomy":"category","embeddable":true,"href":"https:\/\/psoecanarias.com\/web\/wp-json\/wp\/v2\/categories?post=6114"},{"taxonomy":"post_tag","embeddable":true,"href":"https:\/\/psoecanarias.com\/web\/wp-json\/wp\/v2\/tags?post=6114"}],"curies":[{"name":"wp","href":"https:\/\/api.w.org\/{rel}","templated":true}]}}