{"id":6162,"date":"2019-03-13T23:01:41","date_gmt":"2019-03-13T23:01:41","guid":{"rendered":"http:\/\/psoecanarias.com\/web\/?p=6162"},"modified":"2019-03-13T23:01:41","modified_gmt":"2019-03-13T23:01:41","slug":"el-psoe-aprueba-sus-listas-al-congreso-senado-parlamento-cabildos-y-ayuntamientos-de-canarias","status":"publish","type":"post","link":"https:\/\/psoecanarias.com\/web\/el-psoe-aprueba-sus-listas-al-congreso-senado-parlamento-cabildos-y-ayuntamientos-de-canarias\/","title":{"rendered":"El PSOE aprueba sus listas al Congreso, Senado, Parlamento, cabildos y ayuntamientos de Canarias"},"content":{"rendered":"<p>El Comit\u00e9 Regional del PSOE en Canarias ha aprobado por unanimidad las listas propuestas por la direcci\u00f3n regional del partido para las distintas citas electorales del 28 de abril y el 26 de mayo. La votaci\u00f3n, celebrada este mi\u00e9rcoles en la capital tinerfe\u00f1a, culmina el proceso de designaci\u00f3n de candidatos y candidatas impulsado por la Comisi\u00f3n Ejecutiva Federal en el que han participado los militantes de todas las agrupaciones locales de la organizaci\u00f3n en el Archipi\u00e9lago.<\/p>\n<p>En virtud de este acuerdo, el secretario general y candidato a la presidencia del Gobierno aut\u00f3nomo, Angel V\u00edctor Torres, ser\u00e1 quien encabece la lista de los socialistas canarios por la nueva circunscripci\u00f3n regional al Parlamento de Canarias, seguido de Patricia Hern\u00e1ndez y Pedro Viera.<\/p>\n<p>\u201cEste equipo representa lo mejor del PSOE en Canarias\u201d, ha dicho el secretario de Organizaci\u00f3n, Jorge Gonz\u00e1lez, destacando \u201cla experiencia y el talento\u201d de los\u00a0 hombres y mujeres que lo componen. Asegura que la confecci\u00f3n de la lista ha tenido en cuenta la diversidad territorial y generacional del Archipi\u00e9lago, junto con \u201cla\u00a0 capacitaci\u00f3n y solvencia\u201d de cada uno de sus miembros.<\/p>\n<p>El dirigente socialista ha admitido que todav\u00eda \u201cpuede haber modificaciones\u201d por parte de los \u00f3rganos federales, pero que tendr\u00e1n que ser \u201crazonadas\u201d y \u201cjustificadas\u201d, de acuerdo con las normas internas. Completar\u00e1n la candidatura regional: Amanda Rodr\u00edguez Mart\u00edn, Juan Alfonso P\u00e9rez, Marta Saavedra Domenech, Santiago Mart\u00edn P\u00e9rez, Alexia Cruz Cubas y Jos\u00e9 Mat\u00edas Ayala.<\/p>\n<p>Por su parte, Nira Fierro y Gustavo Matos estar\u00e1n al frente de la lista por la isla de Tenerife y Sebasti\u00e1n Franquis y Nayra Alem\u00e1n liderar\u00e1n la de Gran Canaria. Por Lanzarote ir\u00e1 Dolores Corujo y Marcos Hern\u00e1ndez y por La Palma, Jorge Gonz\u00e1lez y Matilde Fleitas. Ana Gonz\u00e1lez encabezar\u00e1 la candidatura a la c\u00e1mara regional por El Hierro; e I\u00f1aki Lavandera y Rosa Bella Cabrera la de Fuerteventura.<\/p>\n<p>H\u00e9ctor G\u00f3mez y Tamara Raya ser\u00e1n los n\u00fameros uno y dos de la candidatura al Congreso de los Diputados por la provincia de Santa Cruz de Tenerife, y Elena M\u00e1\u00f1ez y Luc Andr\u00e9 Diouf estar\u00e1n al frente de la plancha de Las Palmas de Gran Canaria.<\/p>\n<p>El Comit\u00e9 Regional del PSOE en Canarias tambi\u00e9n dio cuenta de las diferentes candidaturas al Senado, cabildos y ayuntamientos de m\u00e1s de 50.000 habitantes. En el caso de La Gomera, la direcci\u00f3n regional sigue trabajando con su comit\u00e9 insular para consensuar las principales listas por esta Isla.<\/p>\n<p>El secretario de Organizaci\u00f3n Jorge Gonz\u00e1lez ha recordado que todas las candidaturas deber\u00e1n ser ratificadas por la Comisi\u00f3n Federal de Listas y, a continuaci\u00f3n, por el Comit\u00e9 Ejecutivo Federal, en su reuni\u00f3n del domingo, d\u00eda 17 de marzo, en Madrid.<\/p>\n","protected":false},"excerpt":{"rendered":"<p>El Comit\u00e9 Regional del PSOE en Canarias ha aprobado por unanimidad las listas propuestas por la direcci\u00f3n regional del partido para las distintas citas electorales del 28 de abril y el 26 de mayo. La votaci\u00f3n, celebrada este mi\u00e9rcoles en la capital tinerfe\u00f1a, culmina el proceso de designaci\u00f3n de candidatos y candidatas impulsado por la [&hellip;]<\/p>\n","protected":false},"author":1,"featured_media":6163,"comment_status":"open","ping_status":"open","sticky":false,"template":"","format":"standard","meta":{"footnotes":""},"categories":[7],"tags":[],"class_list":["post-6162","post","type-post","status-publish","format-standard","has-post-thumbnail","hentry","category-politica"],"featured_image_src":"https:\/\/psoecanarias.com\/web\/wp-content\/uploads\/2019\/03\/Comite-Regional.jpg","author_info":{"display_name":"PSOE Canarias","author_link":"https:\/\/psoecanarias.com\/web\/author\/admin\/"},"yoast_head":"<!-- This site is optimized with the Yoast SEO plugin v27.2 - https:\/\/yoast.com\/product\/yoast-seo-wordpress\/ -->\n<title>El PSOE aprueba sus listas al Congreso, Senado, Parlamento, cabildos y ayuntamientos de Canarias | PSOE Canarias<\/title>\n<meta name=\"robots\" content=\"index, follow, max-snippet:-1, max-image-preview:large, max-video-preview:-1\" \/>\n<link rel=\"canonical\" href=\"https:\/\/psoecanarias.com\/web\/el-psoe-aprueba-sus-listas-al-congreso-senado-parlamento-cabildos-y-ayuntamientos-de-canarias\/\" \/>\n<meta property=\"og:locale\" content=\"es_ES\" \/>\n<meta property=\"og:type\" content=\"article\" \/>\n<meta property=\"og:title\" content=\"El PSOE aprueba sus listas al Congreso, Senado, Parlamento, cabildos y ayuntamientos de Canarias | PSOE Canarias\" \/>\n<meta property=\"og:description\" content=\"El Comit\u00e9 Regional del PSOE en Canarias ha aprobado por unanimidad las listas propuestas por la direcci\u00f3n regional del partido para las distintas citas electorales del 28 de abril y el 26 de mayo. La votaci\u00f3n, celebrada este mi\u00e9rcoles en la capital tinerfe\u00f1a, culmina el proceso de designaci\u00f3n de candidatos y candidatas impulsado por la [&hellip;]\" \/>\n<meta property=\"og:url\" content=\"https:\/\/psoecanarias.com\/web\/el-psoe-aprueba-sus-listas-al-congreso-senado-parlamento-cabildos-y-ayuntamientos-de-canarias\/\" \/>\n<meta property=\"og:site_name\" content=\"PSOE Canarias\" \/>\n<meta property=\"article:published_time\" content=\"2019-03-13T23:01:41+00:00\" \/>\n<meta property=\"og:image\" content=\"https:\/\/psoecanarias.com\/web\/wp-content\/uploads\/2019\/03\/Comite-Regional.jpg\" \/>\n\t<meta property=\"og:image:width\" content=\"1064\" \/>\n\t<meta property=\"og:image:height\" content=\"750\" \/>\n\t<meta property=\"og:image:type\" content=\"image\/jpeg\" \/>\n<meta name=\"author\" content=\"PSOE Canarias\" \/>\n<meta name=\"twitter:card\" content=\"summary_large_image\" \/>\n<script type=\"application\/ld+json\" class=\"yoast-schema-graph\">{\"@context\":\"https:\/\/schema.org\",\"@graph\":[{\"@type\":\"Article\",\"@id\":\"https:\/\/psoecanarias.com\/web\/el-psoe-aprueba-sus-listas-al-congreso-senado-parlamento-cabildos-y-ayuntamientos-de-canarias\/#article\",\"isPartOf\":{\"@id\":\"https:\/\/psoecanarias.com\/web\/el-psoe-aprueba-sus-listas-al-congreso-senado-parlamento-cabildos-y-ayuntamientos-de-canarias\/\"},\"author\":{\"name\":\"PSOE Canarias\",\"@id\":\"https:\/\/psoecanarias.com\/web\/#\/schema\/person\/1ae43f9659d2fc599ca69c11e1dbf26f\"},\"headline\":\"El PSOE aprueba sus listas al Congreso, Senado, Parlamento, cabildos y ayuntamientos de Canarias\",\"datePublished\":\"2019-03-13T23:01:41+00:00\",\"mainEntityOfPage\":{\"@id\":\"https:\/\/psoecanarias.com\/web\/el-psoe-aprueba-sus-listas-al-congreso-senado-parlamento-cabildos-y-ayuntamientos-de-canarias\/\"},\"wordCount\":497,\"commentCount\":0,\"image\":{\"@id\":\"https:\/\/psoecanarias.com\/web\/el-psoe-aprueba-sus-listas-al-congreso-senado-parlamento-cabildos-y-ayuntamientos-de-canarias\/#primaryimage\"},\"thumbnailUrl\":\"https:\/\/psoecanarias.com\/web\/wp-content\/uploads\/2019\/03\/Comite-Regional.jpg\",\"articleSection\":[\"Pol\u00edtica\"],\"inLanguage\":\"es\",\"potentialAction\":[{\"@type\":\"CommentAction\",\"name\":\"Comment\",\"target\":[\"https:\/\/psoecanarias.com\/web\/el-psoe-aprueba-sus-listas-al-congreso-senado-parlamento-cabildos-y-ayuntamientos-de-canarias\/#respond\"]}]},{\"@type\":\"WebPage\",\"@id\":\"https:\/\/psoecanarias.com\/web\/el-psoe-aprueba-sus-listas-al-congreso-senado-parlamento-cabildos-y-ayuntamientos-de-canarias\/\",\"url\":\"https:\/\/psoecanarias.com\/web\/el-psoe-aprueba-sus-listas-al-congreso-senado-parlamento-cabildos-y-ayuntamientos-de-canarias\/\",\"name\":\"El PSOE aprueba sus listas al Congreso, Senado, Parlamento, cabildos y ayuntamientos de Canarias | PSOE Canarias\",\"isPartOf\":{\"@id\":\"https:\/\/psoecanarias.com\/web\/#website\"},\"primaryImageOfPage\":{\"@id\":\"https:\/\/psoecanarias.com\/web\/el-psoe-aprueba-sus-listas-al-congreso-senado-parlamento-cabildos-y-ayuntamientos-de-canarias\/#primaryimage\"},\"image\":{\"@id\":\"https:\/\/psoecanarias.com\/web\/el-psoe-aprueba-sus-listas-al-congreso-senado-parlamento-cabildos-y-ayuntamientos-de-canarias\/#primaryimage\"},\"thumbnailUrl\":\"https:\/\/psoecanarias.com\/web\/wp-content\/uploads\/2019\/03\/Comite-Regional.jpg\",\"datePublished\":\"2019-03-13T23:01:41+00:00\",\"author\":{\"@id\":\"https:\/\/psoecanarias.com\/web\/#\/schema\/person\/1ae43f9659d2fc599ca69c11e1dbf26f\"},\"breadcrumb\":{\"@id\":\"https:\/\/psoecanarias.com\/web\/el-psoe-aprueba-sus-listas-al-congreso-senado-parlamento-cabildos-y-ayuntamientos-de-canarias\/#breadcrumb\"},\"inLanguage\":\"es\",\"potentialAction\":[{\"@type\":\"ReadAction\",\"target\":[\"https:\/\/psoecanarias.com\/web\/el-psoe-aprueba-sus-listas-al-congreso-senado-parlamento-cabildos-y-ayuntamientos-de-canarias\/\"]}]},{\"@type\":\"ImageObject\",\"inLanguage\":\"es\",\"@id\":\"https:\/\/psoecanarias.com\/web\/el-psoe-aprueba-sus-listas-al-congreso-senado-parlamento-cabildos-y-ayuntamientos-de-canarias\/#primaryimage\",\"url\":\"https:\/\/psoecanarias.com\/web\/wp-content\/uploads\/2019\/03\/Comite-Regional.jpg\",\"contentUrl\":\"https:\/\/psoecanarias.com\/web\/wp-content\/uploads\/2019\/03\/Comite-Regional.jpg\",\"width\":1064,\"height\":750},{\"@type\":\"BreadcrumbList\",\"@id\":\"https:\/\/psoecanarias.com\/web\/el-psoe-aprueba-sus-listas-al-congreso-senado-parlamento-cabildos-y-ayuntamientos-de-canarias\/#breadcrumb\",\"itemListElement\":[{\"@type\":\"ListItem\",\"position\":1,\"name\":\"Portada\",\"item\":\"https:\/\/psoecanarias.com\/web\/\"},{\"@type\":\"ListItem\",\"position\":2,\"name\":\"El PSOE aprueba sus listas al Congreso, Senado, Parlamento, cabildos y ayuntamientos de Canarias\"}]},{\"@type\":\"WebSite\",\"@id\":\"https:\/\/psoecanarias.com\/web\/#website\",\"url\":\"https:\/\/psoecanarias.com\/web\/\",\"name\":\"PSOE Canarias\",\"description\":\"Partido Socialista Obrero Espa\u00f1ol Canarias\",\"potentialAction\":[{\"@type\":\"SearchAction\",\"target\":{\"@type\":\"EntryPoint\",\"urlTemplate\":\"https:\/\/psoecanarias.com\/web\/?s={search_term_string}\"},\"query-input\":{\"@type\":\"PropertyValueSpecification\",\"valueRequired\":true,\"valueName\":\"search_term_string\"}}],\"inLanguage\":\"es\"},{\"@type\":\"Person\",\"@id\":\"https:\/\/psoecanarias.com\/web\/#\/schema\/person\/1ae43f9659d2fc599ca69c11e1dbf26f\",\"name\":\"PSOE Canarias\",\"image\":{\"@type\":\"ImageObject\",\"inLanguage\":\"es\",\"@id\":\"https:\/\/secure.gravatar.com\/avatar\/4364d37f6f6f9cdb7af199b46151565f37d8a8c3c0e04c1d78c04e857a15e3a8?s=96&d=mm&r=g\",\"url\":\"https:\/\/secure.gravatar.com\/avatar\/4364d37f6f6f9cdb7af199b46151565f37d8a8c3c0e04c1d78c04e857a15e3a8?s=96&d=mm&r=g\",\"contentUrl\":\"https:\/\/secure.gravatar.com\/avatar\/4364d37f6f6f9cdb7af199b46151565f37d8a8c3c0e04c1d78c04e857a15e3a8?s=96&d=mm&r=g\",\"caption\":\"PSOE Canarias\"},\"url\":\"https:\/\/psoecanarias.com\/web\/author\/admin\/\"}]}<\/script>\n<!-- \/ Yoast SEO plugin. -->","yoast_head_json":{"title":"El PSOE aprueba sus listas al Congreso, Senado, Parlamento, cabildos y ayuntamientos de Canarias | PSOE Canarias","robots":{"index":"index","follow":"follow","max-snippet":"max-snippet:-1","max-image-preview":"max-image-preview:large","max-video-preview":"max-video-preview:-1"},"canonical":"https:\/\/psoecanarias.com\/web\/el-psoe-aprueba-sus-listas-al-congreso-senado-parlamento-cabildos-y-ayuntamientos-de-canarias\/","og_locale":"es_ES","og_type":"article","og_title":"El PSOE aprueba sus listas al Congreso, Senado, Parlamento, cabildos y ayuntamientos de Canarias | PSOE Canarias","og_description":"El Comit\u00e9 Regional del PSOE en Canarias ha aprobado por unanimidad las listas propuestas por la direcci\u00f3n regional del partido para las distintas citas electorales del 28 de abril y el 26 de mayo. La votaci\u00f3n, celebrada este mi\u00e9rcoles en la capital tinerfe\u00f1a, culmina el proceso de designaci\u00f3n de candidatos y candidatas impulsado por la [&hellip;]","og_url":"https:\/\/psoecanarias.com\/web\/el-psoe-aprueba-sus-listas-al-congreso-senado-parlamento-cabildos-y-ayuntamientos-de-canarias\/","og_site_name":"PSOE Canarias","article_published_time":"2019-03-13T23:01:41+00:00","og_image":[{"width":1064,"height":750,"url":"https:\/\/psoecanarias.com\/web\/wp-content\/uploads\/2019\/03\/Comite-Regional.jpg","type":"image\/jpeg"}],"author":"PSOE Canarias","twitter_card":"summary_large_image","schema":{"@context":"https:\/\/schema.org","@graph":[{"@type":"Article","@id":"https:\/\/psoecanarias.com\/web\/el-psoe-aprueba-sus-listas-al-congreso-senado-parlamento-cabildos-y-ayuntamientos-de-canarias\/#article","isPartOf":{"@id":"https:\/\/psoecanarias.com\/web\/el-psoe-aprueba-sus-listas-al-congreso-senado-parlamento-cabildos-y-ayuntamientos-de-canarias\/"},"author":{"name":"PSOE Canarias","@id":"https:\/\/psoecanarias.com\/web\/#\/schema\/person\/1ae43f9659d2fc599ca69c11e1dbf26f"},"headline":"El PSOE aprueba sus listas al Congreso, Senado, Parlamento, cabildos y ayuntamientos de Canarias","datePublished":"2019-03-13T23:01:41+00:00","mainEntityOfPage":{"@id":"https:\/\/psoecanarias.com\/web\/el-psoe-aprueba-sus-listas-al-congreso-senado-parlamento-cabildos-y-ayuntamientos-de-canarias\/"},"wordCount":497,"commentCount":0,"image":{"@id":"https:\/\/psoecanarias.com\/web\/el-psoe-aprueba-sus-listas-al-congreso-senado-parlamento-cabildos-y-ayuntamientos-de-canarias\/#primaryimage"},"thumbnailUrl":"https:\/\/psoecanarias.com\/web\/wp-content\/uploads\/2019\/03\/Comite-Regional.jpg","articleSection":["Pol\u00edtica"],"inLanguage":"es","potentialAction":[{"@type":"CommentAction","name":"Comment","target":["https:\/\/psoecanarias.com\/web\/el-psoe-aprueba-sus-listas-al-congreso-senado-parlamento-cabildos-y-ayuntamientos-de-canarias\/#respond"]}]},{"@type":"WebPage","@id":"https:\/\/psoecanarias.com\/web\/el-psoe-aprueba-sus-listas-al-congreso-senado-parlamento-cabildos-y-ayuntamientos-de-canarias\/","url":"https:\/\/psoecanarias.com\/web\/el-psoe-aprueba-sus-listas-al-congreso-senado-parlamento-cabildos-y-ayuntamientos-de-canarias\/","name":"El PSOE aprueba sus listas al Congreso, Senado, Parlamento, cabildos y ayuntamientos de Canarias | PSOE Canarias","isPartOf":{"@id":"https:\/\/psoecanarias.com\/web\/#website"},"primaryImageOfPage":{"@id":"https:\/\/psoecanarias.com\/web\/el-psoe-aprueba-sus-listas-al-congreso-senado-parlamento-cabildos-y-ayuntamientos-de-canarias\/#primaryimage"},"image":{"@id":"https:\/\/psoecanarias.com\/web\/el-psoe-aprueba-sus-listas-al-congreso-senado-parlamento-cabildos-y-ayuntamientos-de-canarias\/#primaryimage"},"thumbnailUrl":"https:\/\/psoecanarias.com\/web\/wp-content\/uploads\/2019\/03\/Comite-Regional.jpg","datePublished":"2019-03-13T23:01:41+00:00","author":{"@id":"https:\/\/psoecanarias.com\/web\/#\/schema\/person\/1ae43f9659d2fc599ca69c11e1dbf26f"},"breadcrumb":{"@id":"https:\/\/psoecanarias.com\/web\/el-psoe-aprueba-sus-listas-al-congreso-senado-parlamento-cabildos-y-ayuntamientos-de-canarias\/#breadcrumb"},"inLanguage":"es","potentialAction":[{"@type":"ReadAction","target":["https:\/\/psoecanarias.com\/web\/el-psoe-aprueba-sus-listas-al-congreso-senado-parlamento-cabildos-y-ayuntamientos-de-canarias\/"]}]},{"@type":"ImageObject","inLanguage":"es","@id":"https:\/\/psoecanarias.com\/web\/el-psoe-aprueba-sus-listas-al-congreso-senado-parlamento-cabildos-y-ayuntamientos-de-canarias\/#primaryimage","url":"https:\/\/psoecanarias.com\/web\/wp-content\/uploads\/2019\/03\/Comite-Regional.jpg","contentUrl":"https:\/\/psoecanarias.com\/web\/wp-content\/uploads\/2019\/03\/Comite-Regional.jpg","width":1064,"height":750},{"@type":"BreadcrumbList","@id":"https:\/\/psoecanarias.com\/web\/el-psoe-aprueba-sus-listas-al-congreso-senado-parlamento-cabildos-y-ayuntamientos-de-canarias\/#breadcrumb","itemListElement":[{"@type":"ListItem","position":1,"name":"Portada","item":"https:\/\/psoecanarias.com\/web\/"},{"@type":"ListItem","position":2,"name":"El PSOE aprueba sus listas al Congreso, Senado, Parlamento, cabildos y ayuntamientos de Canarias"}]},{"@type":"WebSite","@id":"https:\/\/psoecanarias.com\/web\/#website","url":"https:\/\/psoecanarias.com\/web\/","name":"PSOE Canarias","description":"Partido Socialista Obrero Espa\u00f1ol Canarias","potentialAction":[{"@type":"SearchAction","target":{"@type":"EntryPoint","urlTemplate":"https:\/\/psoecanarias.com\/web\/?s={search_term_string}"},"query-input":{"@type":"PropertyValueSpecification","valueRequired":true,"valueName":"search_term_string"}}],"inLanguage":"es"},{"@type":"Person","@id":"https:\/\/psoecanarias.com\/web\/#\/schema\/person\/1ae43f9659d2fc599ca69c11e1dbf26f","name":"PSOE Canarias","image":{"@type":"ImageObject","inLanguage":"es","@id":"https:\/\/secure.gravatar.com\/avatar\/4364d37f6f6f9cdb7af199b46151565f37d8a8c3c0e04c1d78c04e857a15e3a8?s=96&d=mm&r=g","url":"https:\/\/secure.gravatar.com\/avatar\/4364d37f6f6f9cdb7af199b46151565f37d8a8c3c0e04c1d78c04e857a15e3a8?s=96&d=mm&r=g","contentUrl":"https:\/\/secure.gravatar.com\/avatar\/4364d37f6f6f9cdb7af199b46151565f37d8a8c3c0e04c1d78c04e857a15e3a8?s=96&d=mm&r=g","caption":"PSOE Canarias"},"url":"https:\/\/psoecanarias.com\/web\/author\/admin\/"}]}},"_links":{"self":[{"href":"https:\/\/psoecanarias.com\/web\/wp-json\/wp\/v2\/posts\/6162","targetHints":{"allow":["GET"]}}],"collection":[{"href":"https:\/\/psoecanarias.com\/web\/wp-json\/wp\/v2\/posts"}],"about":[{"href":"https:\/\/psoecanarias.com\/web\/wp-json\/wp\/v2\/types\/post"}],"author":[{"embeddable":true,"href":"https:\/\/psoecanarias.com\/web\/wp-json\/wp\/v2\/users\/1"}],"replies":[{"embeddable":true,"href":"https:\/\/psoecanarias.com\/web\/wp-json\/wp\/v2\/comments?post=6162"}],"version-history":[{"count":1,"href":"https:\/\/psoecanarias.com\/web\/wp-json\/wp\/v2\/posts\/6162\/revisions"}],"predecessor-version":[{"id":6164,"href":"https:\/\/psoecanarias.com\/web\/wp-json\/wp\/v2\/posts\/6162\/revisions\/6164"}],"wp:featuredmedia":[{"embeddable":true,"href":"https:\/\/psoecanarias.com\/web\/wp-json\/wp\/v2\/media\/6163"}],"wp:attachment":[{"href":"https:\/\/psoecanarias.com\/web\/wp-json\/wp\/v2\/media?parent=6162"}],"wp:term":[{"taxonomy":"category","embeddable":true,"href":"https:\/\/psoecanarias.com\/web\/wp-json\/wp\/v2\/categories?post=6162"},{"taxonomy":"post_tag","embeddable":true,"href":"https:\/\/psoecanarias.com\/web\/wp-json\/wp\/v2\/tags?post=6162"}],"curies":[{"name":"wp","href":"https:\/\/api.w.org\/{rel}","templated":true}]}}