{"id":6184,"date":"2019-03-21T15:45:22","date_gmt":"2019-03-21T15:45:22","guid":{"rendered":"http:\/\/psoecanarias.com\/web\/?p=6184"},"modified":"2019-03-21T15:45:22","modified_gmt":"2019-03-21T15:45:22","slug":"el-psoe-solicita-el-aplazamiento-de-la-modificacion-de-la-ley-turistica","status":"publish","type":"post","link":"https:\/\/psoecanarias.com\/web\/el-psoe-solicita-el-aplazamiento-de-la-modificacion-de-la-ley-turistica\/","title":{"rendered":"El PSOE solicita el aplazamiento de la modificaci\u00f3n de la ley tur\u00edstica"},"content":{"rendered":"<p>El Grupo Parlamentario Socialista solicita el aplazamiento de la modificaci\u00f3n de la ley tur\u00edstica, contemplada en el orden del d\u00eda del pr\u00f3ximo pleno, \u00faltimo de la novena legislatura. La portavoz del PSOE en la C\u00e1mara, Dolores Corujo, considera necesario posponer este debate tras la falta de consenso con que el documento llega a este debate y a la vista de las conclusiones del dictamen del Consejo Consultivo de Canarias.<\/p>\n<p>En concreto, el informe emitido por el Consultivo advierte de las distorsiones importantes que supone la aceptaci\u00f3n de determinadas enmiendas. Asimismo, aboga por reforzar y concretar con la suficiente precisi\u00f3n la justificaci\u00f3n por causas territoriales y medios ambientales, por un lado y, por otro, por criterios sociales relacionados con el acceso a la vivienda.<\/p>\n<p>El \u00f3rgano ve tambi\u00e9n ciertos art\u00edculos contrarios al orden constitucional de distribuci\u00f3n de competencias e inconstitucionales y otros nulos en sus contenidos, as\u00ed como susceptibles de contradecir valores amparados por la Constituci\u00f3n. <\/p>\n<p>Corujo explica que el PSOE mantiene su apuesta por establecer unos m\u00ednimos legales en la regulaci\u00f3n del alquiler vacacional, sobre todo por razones de car\u00e1cter social dada su indudable incidencia en el mercado de alquiler tradicional. \u201cEl Gobierno de CC ve la vivienda como un bien de mercado y no como un derecho al que los canarios y canarias tienen cada vez m\u00e1s dif\u00edcil acceder\u201d, denuncia.<\/p>\n<p>Por su parte, la portavoz socialista de \u00e1rea, Rosa Bella Cabrera, entiende que el dictamen del Consultivo y los reveses judiciales que ha soportado el actual decreto desaconsejan abordar esta reforma de manera precipitada. Adem\u00e1s, recuerda que el Gobierno de Espa\u00f1a ha anunciado su intenci\u00f3n de establecer una regulaci\u00f3n b\u00e1sica y medidas armonizadoras en el \u00e1mbito estatal.<\/p>\n<p>\u201cLa intenci\u00f3n de conjugar con mayor eficacia los derechos de los peque\u00f1os propietarios y el inter\u00e9s general de garantizar el acceso a la vivienda de las personas con rentas m\u00e1s bajas es evidente\u201d. Cabrera Noda lamenta que el Gobierno de Canarias haya sido incapaz de sacar adelante, de una vez por todas, el decreto de alquiler vacacional pese a conocer los perjuicios que eso ha supuesto para el mercado tradicional de la vivienda.<\/p>\n","protected":false},"excerpt":{"rendered":"<p>El Grupo Parlamentario Socialista solicita el aplazamiento de la modificaci\u00f3n de la ley tur\u00edstica, contemplada en el orden del d\u00eda del pr\u00f3ximo pleno, \u00faltimo de la novena legislatura. La portavoz del PSOE en la C\u00e1mara, Dolores Corujo, considera necesario posponer este debate tras la falta de consenso con que el documento llega a este debate [&hellip;]<\/p>\n","protected":false},"author":1,"featured_media":8406,"comment_status":"open","ping_status":"open","sticky":false,"template":"","format":"standard","meta":{"footnotes":""},"categories":[7],"tags":[],"class_list":["post-6184","post","type-post","status-publish","format-standard","has-post-thumbnail","hentry","category-politica"],"featured_image_src":"https:\/\/psoecanarias.com\/web\/wp-content\/uploads\/2020\/03\/thumb_noimages.jpg","author_info":{"display_name":"PSOE Canarias","author_link":"https:\/\/psoecanarias.com\/web\/author\/admin\/"},"yoast_head":"<!-- This site is optimized with the Yoast SEO plugin v27.2 - https:\/\/yoast.com\/product\/yoast-seo-wordpress\/ -->\n<title>El PSOE solicita el aplazamiento de la modificaci\u00f3n de la ley tur\u00edstica | PSOE Canarias<\/title>\n<meta name=\"robots\" content=\"index, follow, max-snippet:-1, max-image-preview:large, max-video-preview:-1\" \/>\n<link rel=\"canonical\" href=\"https:\/\/psoecanarias.com\/web\/el-psoe-solicita-el-aplazamiento-de-la-modificacion-de-la-ley-turistica\/\" \/>\n<meta property=\"og:locale\" content=\"es_ES\" \/>\n<meta property=\"og:type\" content=\"article\" \/>\n<meta property=\"og:title\" content=\"El PSOE solicita el aplazamiento de la modificaci\u00f3n de la ley tur\u00edstica | PSOE Canarias\" \/>\n<meta property=\"og:description\" content=\"El Grupo Parlamentario Socialista solicita el aplazamiento de la modificaci\u00f3n de la ley tur\u00edstica, contemplada en el orden del d\u00eda del pr\u00f3ximo pleno, \u00faltimo de la novena legislatura. La portavoz del PSOE en la C\u00e1mara, Dolores Corujo, considera necesario posponer este debate tras la falta de consenso con que el documento llega a este debate [&hellip;]\" \/>\n<meta property=\"og:url\" content=\"https:\/\/psoecanarias.com\/web\/el-psoe-solicita-el-aplazamiento-de-la-modificacion-de-la-ley-turistica\/\" \/>\n<meta property=\"og:site_name\" content=\"PSOE Canarias\" \/>\n<meta property=\"article:published_time\" content=\"2019-03-21T15:45:22+00:00\" \/>\n<meta property=\"og:image\" content=\"https:\/\/psoecanarias.com\/web\/wp-content\/uploads\/2020\/03\/thumb_noimages.jpg\" \/>\n\t<meta property=\"og:image:width\" content=\"303\" \/>\n\t<meta property=\"og:image:height\" content=\"200\" \/>\n\t<meta property=\"og:image:type\" content=\"image\/jpeg\" \/>\n<meta name=\"author\" content=\"PSOE Canarias\" \/>\n<meta name=\"twitter:card\" content=\"summary_large_image\" \/>\n<script type=\"application\/ld+json\" class=\"yoast-schema-graph\">{\"@context\":\"https:\/\/schema.org\",\"@graph\":[{\"@type\":\"Article\",\"@id\":\"https:\/\/psoecanarias.com\/web\/el-psoe-solicita-el-aplazamiento-de-la-modificacion-de-la-ley-turistica\/#article\",\"isPartOf\":{\"@id\":\"https:\/\/psoecanarias.com\/web\/el-psoe-solicita-el-aplazamiento-de-la-modificacion-de-la-ley-turistica\/\"},\"author\":{\"name\":\"PSOE Canarias\",\"@id\":\"https:\/\/psoecanarias.com\/web\/#\/schema\/person\/1ae43f9659d2fc599ca69c11e1dbf26f\"},\"headline\":\"El PSOE solicita el aplazamiento de la modificaci\u00f3n de la ley tur\u00edstica\",\"datePublished\":\"2019-03-21T15:45:22+00:00\",\"mainEntityOfPage\":{\"@id\":\"https:\/\/psoecanarias.com\/web\/el-psoe-solicita-el-aplazamiento-de-la-modificacion-de-la-ley-turistica\/\"},\"wordCount\":391,\"commentCount\":0,\"image\":{\"@id\":\"https:\/\/psoecanarias.com\/web\/el-psoe-solicita-el-aplazamiento-de-la-modificacion-de-la-ley-turistica\/#primaryimage\"},\"thumbnailUrl\":\"https:\/\/psoecanarias.com\/web\/wp-content\/uploads\/2020\/03\/thumb_noimages.jpg\",\"articleSection\":[\"Pol\u00edtica\"],\"inLanguage\":\"es\",\"potentialAction\":[{\"@type\":\"CommentAction\",\"name\":\"Comment\",\"target\":[\"https:\/\/psoecanarias.com\/web\/el-psoe-solicita-el-aplazamiento-de-la-modificacion-de-la-ley-turistica\/#respond\"]}]},{\"@type\":\"WebPage\",\"@id\":\"https:\/\/psoecanarias.com\/web\/el-psoe-solicita-el-aplazamiento-de-la-modificacion-de-la-ley-turistica\/\",\"url\":\"https:\/\/psoecanarias.com\/web\/el-psoe-solicita-el-aplazamiento-de-la-modificacion-de-la-ley-turistica\/\",\"name\":\"El PSOE solicita el aplazamiento de la modificaci\u00f3n de la ley tur\u00edstica | PSOE Canarias\",\"isPartOf\":{\"@id\":\"https:\/\/psoecanarias.com\/web\/#website\"},\"primaryImageOfPage\":{\"@id\":\"https:\/\/psoecanarias.com\/web\/el-psoe-solicita-el-aplazamiento-de-la-modificacion-de-la-ley-turistica\/#primaryimage\"},\"image\":{\"@id\":\"https:\/\/psoecanarias.com\/web\/el-psoe-solicita-el-aplazamiento-de-la-modificacion-de-la-ley-turistica\/#primaryimage\"},\"thumbnailUrl\":\"https:\/\/psoecanarias.com\/web\/wp-content\/uploads\/2020\/03\/thumb_noimages.jpg\",\"datePublished\":\"2019-03-21T15:45:22+00:00\",\"author\":{\"@id\":\"https:\/\/psoecanarias.com\/web\/#\/schema\/person\/1ae43f9659d2fc599ca69c11e1dbf26f\"},\"breadcrumb\":{\"@id\":\"https:\/\/psoecanarias.com\/web\/el-psoe-solicita-el-aplazamiento-de-la-modificacion-de-la-ley-turistica\/#breadcrumb\"},\"inLanguage\":\"es\",\"potentialAction\":[{\"@type\":\"ReadAction\",\"target\":[\"https:\/\/psoecanarias.com\/web\/el-psoe-solicita-el-aplazamiento-de-la-modificacion-de-la-ley-turistica\/\"]}]},{\"@type\":\"ImageObject\",\"inLanguage\":\"es\",\"@id\":\"https:\/\/psoecanarias.com\/web\/el-psoe-solicita-el-aplazamiento-de-la-modificacion-de-la-ley-turistica\/#primaryimage\",\"url\":\"https:\/\/psoecanarias.com\/web\/wp-content\/uploads\/2020\/03\/thumb_noimages.jpg\",\"contentUrl\":\"https:\/\/psoecanarias.com\/web\/wp-content\/uploads\/2020\/03\/thumb_noimages.jpg\",\"width\":303,\"height\":200},{\"@type\":\"BreadcrumbList\",\"@id\":\"https:\/\/psoecanarias.com\/web\/el-psoe-solicita-el-aplazamiento-de-la-modificacion-de-la-ley-turistica\/#breadcrumb\",\"itemListElement\":[{\"@type\":\"ListItem\",\"position\":1,\"name\":\"Portada\",\"item\":\"https:\/\/psoecanarias.com\/web\/\"},{\"@type\":\"ListItem\",\"position\":2,\"name\":\"El PSOE solicita el aplazamiento de la modificaci\u00f3n de la ley tur\u00edstica\"}]},{\"@type\":\"WebSite\",\"@id\":\"https:\/\/psoecanarias.com\/web\/#website\",\"url\":\"https:\/\/psoecanarias.com\/web\/\",\"name\":\"PSOE Canarias\",\"description\":\"Partido Socialista Obrero Espa\u00f1ol Canarias\",\"potentialAction\":[{\"@type\":\"SearchAction\",\"target\":{\"@type\":\"EntryPoint\",\"urlTemplate\":\"https:\/\/psoecanarias.com\/web\/?s={search_term_string}\"},\"query-input\":{\"@type\":\"PropertyValueSpecification\",\"valueRequired\":true,\"valueName\":\"search_term_string\"}}],\"inLanguage\":\"es\"},{\"@type\":\"Person\",\"@id\":\"https:\/\/psoecanarias.com\/web\/#\/schema\/person\/1ae43f9659d2fc599ca69c11e1dbf26f\",\"name\":\"PSOE Canarias\",\"image\":{\"@type\":\"ImageObject\",\"inLanguage\":\"es\",\"@id\":\"https:\/\/secure.gravatar.com\/avatar\/4364d37f6f6f9cdb7af199b46151565f37d8a8c3c0e04c1d78c04e857a15e3a8?s=96&d=mm&r=g\",\"url\":\"https:\/\/secure.gravatar.com\/avatar\/4364d37f6f6f9cdb7af199b46151565f37d8a8c3c0e04c1d78c04e857a15e3a8?s=96&d=mm&r=g\",\"contentUrl\":\"https:\/\/secure.gravatar.com\/avatar\/4364d37f6f6f9cdb7af199b46151565f37d8a8c3c0e04c1d78c04e857a15e3a8?s=96&d=mm&r=g\",\"caption\":\"PSOE Canarias\"},\"url\":\"https:\/\/psoecanarias.com\/web\/author\/admin\/\"}]}<\/script>\n<!-- \/ Yoast SEO plugin. -->","yoast_head_json":{"title":"El PSOE solicita el aplazamiento de la modificaci\u00f3n de la ley tur\u00edstica | PSOE Canarias","robots":{"index":"index","follow":"follow","max-snippet":"max-snippet:-1","max-image-preview":"max-image-preview:large","max-video-preview":"max-video-preview:-1"},"canonical":"https:\/\/psoecanarias.com\/web\/el-psoe-solicita-el-aplazamiento-de-la-modificacion-de-la-ley-turistica\/","og_locale":"es_ES","og_type":"article","og_title":"El PSOE solicita el aplazamiento de la modificaci\u00f3n de la ley tur\u00edstica | PSOE Canarias","og_description":"El Grupo Parlamentario Socialista solicita el aplazamiento de la modificaci\u00f3n de la ley tur\u00edstica, contemplada en el orden del d\u00eda del pr\u00f3ximo pleno, \u00faltimo de la novena legislatura. La portavoz del PSOE en la C\u00e1mara, Dolores Corujo, considera necesario posponer este debate tras la falta de consenso con que el documento llega a este debate [&hellip;]","og_url":"https:\/\/psoecanarias.com\/web\/el-psoe-solicita-el-aplazamiento-de-la-modificacion-de-la-ley-turistica\/","og_site_name":"PSOE Canarias","article_published_time":"2019-03-21T15:45:22+00:00","og_image":[{"width":303,"height":200,"url":"https:\/\/psoecanarias.com\/web\/wp-content\/uploads\/2020\/03\/thumb_noimages.jpg","type":"image\/jpeg"}],"author":"PSOE Canarias","twitter_card":"summary_large_image","schema":{"@context":"https:\/\/schema.org","@graph":[{"@type":"Article","@id":"https:\/\/psoecanarias.com\/web\/el-psoe-solicita-el-aplazamiento-de-la-modificacion-de-la-ley-turistica\/#article","isPartOf":{"@id":"https:\/\/psoecanarias.com\/web\/el-psoe-solicita-el-aplazamiento-de-la-modificacion-de-la-ley-turistica\/"},"author":{"name":"PSOE Canarias","@id":"https:\/\/psoecanarias.com\/web\/#\/schema\/person\/1ae43f9659d2fc599ca69c11e1dbf26f"},"headline":"El PSOE solicita el aplazamiento de la modificaci\u00f3n de la ley tur\u00edstica","datePublished":"2019-03-21T15:45:22+00:00","mainEntityOfPage":{"@id":"https:\/\/psoecanarias.com\/web\/el-psoe-solicita-el-aplazamiento-de-la-modificacion-de-la-ley-turistica\/"},"wordCount":391,"commentCount":0,"image":{"@id":"https:\/\/psoecanarias.com\/web\/el-psoe-solicita-el-aplazamiento-de-la-modificacion-de-la-ley-turistica\/#primaryimage"},"thumbnailUrl":"https:\/\/psoecanarias.com\/web\/wp-content\/uploads\/2020\/03\/thumb_noimages.jpg","articleSection":["Pol\u00edtica"],"inLanguage":"es","potentialAction":[{"@type":"CommentAction","name":"Comment","target":["https:\/\/psoecanarias.com\/web\/el-psoe-solicita-el-aplazamiento-de-la-modificacion-de-la-ley-turistica\/#respond"]}]},{"@type":"WebPage","@id":"https:\/\/psoecanarias.com\/web\/el-psoe-solicita-el-aplazamiento-de-la-modificacion-de-la-ley-turistica\/","url":"https:\/\/psoecanarias.com\/web\/el-psoe-solicita-el-aplazamiento-de-la-modificacion-de-la-ley-turistica\/","name":"El PSOE solicita el aplazamiento de la modificaci\u00f3n de la ley tur\u00edstica | PSOE Canarias","isPartOf":{"@id":"https:\/\/psoecanarias.com\/web\/#website"},"primaryImageOfPage":{"@id":"https:\/\/psoecanarias.com\/web\/el-psoe-solicita-el-aplazamiento-de-la-modificacion-de-la-ley-turistica\/#primaryimage"},"image":{"@id":"https:\/\/psoecanarias.com\/web\/el-psoe-solicita-el-aplazamiento-de-la-modificacion-de-la-ley-turistica\/#primaryimage"},"thumbnailUrl":"https:\/\/psoecanarias.com\/web\/wp-content\/uploads\/2020\/03\/thumb_noimages.jpg","datePublished":"2019-03-21T15:45:22+00:00","author":{"@id":"https:\/\/psoecanarias.com\/web\/#\/schema\/person\/1ae43f9659d2fc599ca69c11e1dbf26f"},"breadcrumb":{"@id":"https:\/\/psoecanarias.com\/web\/el-psoe-solicita-el-aplazamiento-de-la-modificacion-de-la-ley-turistica\/#breadcrumb"},"inLanguage":"es","potentialAction":[{"@type":"ReadAction","target":["https:\/\/psoecanarias.com\/web\/el-psoe-solicita-el-aplazamiento-de-la-modificacion-de-la-ley-turistica\/"]}]},{"@type":"ImageObject","inLanguage":"es","@id":"https:\/\/psoecanarias.com\/web\/el-psoe-solicita-el-aplazamiento-de-la-modificacion-de-la-ley-turistica\/#primaryimage","url":"https:\/\/psoecanarias.com\/web\/wp-content\/uploads\/2020\/03\/thumb_noimages.jpg","contentUrl":"https:\/\/psoecanarias.com\/web\/wp-content\/uploads\/2020\/03\/thumb_noimages.jpg","width":303,"height":200},{"@type":"BreadcrumbList","@id":"https:\/\/psoecanarias.com\/web\/el-psoe-solicita-el-aplazamiento-de-la-modificacion-de-la-ley-turistica\/#breadcrumb","itemListElement":[{"@type":"ListItem","position":1,"name":"Portada","item":"https:\/\/psoecanarias.com\/web\/"},{"@type":"ListItem","position":2,"name":"El PSOE solicita el aplazamiento de la modificaci\u00f3n de la ley tur\u00edstica"}]},{"@type":"WebSite","@id":"https:\/\/psoecanarias.com\/web\/#website","url":"https:\/\/psoecanarias.com\/web\/","name":"PSOE Canarias","description":"Partido Socialista Obrero Espa\u00f1ol Canarias","potentialAction":[{"@type":"SearchAction","target":{"@type":"EntryPoint","urlTemplate":"https:\/\/psoecanarias.com\/web\/?s={search_term_string}"},"query-input":{"@type":"PropertyValueSpecification","valueRequired":true,"valueName":"search_term_string"}}],"inLanguage":"es"},{"@type":"Person","@id":"https:\/\/psoecanarias.com\/web\/#\/schema\/person\/1ae43f9659d2fc599ca69c11e1dbf26f","name":"PSOE Canarias","image":{"@type":"ImageObject","inLanguage":"es","@id":"https:\/\/secure.gravatar.com\/avatar\/4364d37f6f6f9cdb7af199b46151565f37d8a8c3c0e04c1d78c04e857a15e3a8?s=96&d=mm&r=g","url":"https:\/\/secure.gravatar.com\/avatar\/4364d37f6f6f9cdb7af199b46151565f37d8a8c3c0e04c1d78c04e857a15e3a8?s=96&d=mm&r=g","contentUrl":"https:\/\/secure.gravatar.com\/avatar\/4364d37f6f6f9cdb7af199b46151565f37d8a8c3c0e04c1d78c04e857a15e3a8?s=96&d=mm&r=g","caption":"PSOE Canarias"},"url":"https:\/\/psoecanarias.com\/web\/author\/admin\/"}]}},"_links":{"self":[{"href":"https:\/\/psoecanarias.com\/web\/wp-json\/wp\/v2\/posts\/6184","targetHints":{"allow":["GET"]}}],"collection":[{"href":"https:\/\/psoecanarias.com\/web\/wp-json\/wp\/v2\/posts"}],"about":[{"href":"https:\/\/psoecanarias.com\/web\/wp-json\/wp\/v2\/types\/post"}],"author":[{"embeddable":true,"href":"https:\/\/psoecanarias.com\/web\/wp-json\/wp\/v2\/users\/1"}],"replies":[{"embeddable":true,"href":"https:\/\/psoecanarias.com\/web\/wp-json\/wp\/v2\/comments?post=6184"}],"version-history":[{"count":1,"href":"https:\/\/psoecanarias.com\/web\/wp-json\/wp\/v2\/posts\/6184\/revisions"}],"predecessor-version":[{"id":6185,"href":"https:\/\/psoecanarias.com\/web\/wp-json\/wp\/v2\/posts\/6184\/revisions\/6185"}],"wp:featuredmedia":[{"embeddable":true,"href":"https:\/\/psoecanarias.com\/web\/wp-json\/wp\/v2\/media\/8406"}],"wp:attachment":[{"href":"https:\/\/psoecanarias.com\/web\/wp-json\/wp\/v2\/media?parent=6184"}],"wp:term":[{"taxonomy":"category","embeddable":true,"href":"https:\/\/psoecanarias.com\/web\/wp-json\/wp\/v2\/categories?post=6184"},{"taxonomy":"post_tag","embeddable":true,"href":"https:\/\/psoecanarias.com\/web\/wp-json\/wp\/v2\/tags?post=6184"}],"curies":[{"name":"wp","href":"https:\/\/api.w.org\/{rel}","templated":true}]}}