{"id":6199,"date":"2019-03-26T19:29:30","date_gmt":"2019-03-26T19:29:30","guid":{"rendered":"http:\/\/psoecanarias.com\/web\/?p=6199"},"modified":"2019-03-26T19:29:30","modified_gmt":"2019-03-26T19:29:30","slug":"ley-servicios-sociales-el-psoe-celebra-el-consenso-en-esta-apuesta-firme-por-la-calidad-y-compromiso-con-lo-publico","status":"publish","type":"post","link":"https:\/\/psoecanarias.com\/web\/ley-servicios-sociales-el-psoe-celebra-el-consenso-en-esta-apuesta-firme-por-la-calidad-y-compromiso-con-lo-publico\/","title":{"rendered":"LEY SERVICIOS SOCIALES.- El PSOE celebra el consenso en esta apuesta firme por la calidad y compromiso con lo p\u00fablico"},"content":{"rendered":"<p>La portavoz de Pol\u00edticas Sociales del PSOE en el Parlamento, Teresa Cruz Oval, celebr\u00f3 hoy la aprobaci\u00f3n un\u00e1nime de la Ley de Servicios Sociales de Canarias, un documento que, afirm\u00f3, representa una apuesta firme y decidida por la calidad y un compromiso con lo p\u00fablico.<\/p>\n<p>&nbsp;<\/p>\n<p>En su intervenci\u00f3n, record\u00f3 que esta ley se aprueba hoy en la C\u00e1mara tras un intenso trabajo de nueve meses \u201cy, pese a no ser perfecta, es la mejor que hemos podido hacer, porque es para todas y todos\u201d. Valor\u00f3 que el documento garantice m\u00e1s protecci\u00f3n social en Canarias y subray\u00f3 que, al igual que la primera ley de servicios sociales la aprob\u00f3 un Gobierno del PSOE hace 32 a\u00f1os, esta nueva norma ha sido posible, nuevamente, gracias al PSOE.<\/p>\n<p>&nbsp;<\/p>\n<p>\u201cLa realidad es que CC ha renunciado a esta ley siempre que le ha sido posible, diciendo que es una ley del Partido Socialista, y eso nos hace sentir a\u00fan m\u00e1s orgullo de nuestro legado\u201d, indic\u00f3, y se\u00f1al\u00f3 que durante dos legislaturas, CC intent\u00f3 aprobar, sin \u00e9xito, una ley de servicios sociales mientras que en apenas 16 meses, la entonces consejera, Patricia Hern\u00e1ndez, logr\u00f3 culminar el anteproyecto.<\/p>\n<p>&nbsp;<\/p>\n<p>Explic\u00f3 que en los 26 meses posteriores, ya con CC al frente de la Consejer\u00eda, la responsable del \u00e1rea, Cristina Valido, \u201cno ha sido capaz de culminar ninguna regulaci\u00f3n en viviendas, ni en dependencia, ni en PCI, ni en menores, ni en tercer sector\u2026\u201d. As\u00ed, afirm\u00f3 que el balance del Gobierno en minor\u00eda de Clavijo ha sido de \u201cmuchos titulares pero nulo trabajo\u201d y se mostr\u00f3 convencida de que esta nueva ley es \u201clos mimbres que permitir\u00e1n que nuestro sistema p\u00fablico de servicios sociales deje de ser irrelevante\u201d.<\/p>\n<p>&nbsp;<\/p>\n<p><strong>LAS PERSONAS, CENTRO DEL SISTEMA<\/strong><\/p>\n<p>&nbsp;<\/p>\n<p>Teresa Cruz Oval valor\u00f3 el papel que en su momento desempe\u00f1\u00f3 la primera Ley de Servicios Sociales, \u201cmuy avanzada para su tiempo y, pese a ser una declaraci\u00f3n de principios, ha permitido en estas tres d\u00e9cadas de vigencia la consolidaci\u00f3n de los servicios de atenci\u00f3n primaria en los ayuntamientos canarios y la articulaci\u00f3n de una red p\u00fablica de servicios sociales especializados\u201d.<\/p>\n<p>&nbsp;<\/p>\n<p>Los cambios sociales de los \u00faltimos a\u00f1os y las nuevas demandas de la ciudadan\u00eda, continu\u00f3, han hecho necesario un nuevo marco normativo, y as\u00ed llegamos a este ley que coloca en el eje central a las personas. \u201cEsta ley asegura el derecho a las personas a vivir dignamente durante todas las etapas de su vida, mediante la cobertura de sus situaciones y necesidades y en todos los contextos en los que se desarrolla\u201d.<\/p>\n<p>&nbsp;<\/p>\n<p>Explic\u00f3 que por ese compromiso con las personas \u201cque no ha tenido el Gobierno de CC\u201d, las y los ponentes apostaron por modificar la ley de la PCI para que las familias con menores a cargo puedan percibir la prestaci\u00f3n mientras persista su situaci\u00f3n de vulnerabilidad social. Tambi\u00e9n se modifica el decreto de 2011 de las compatibilidades e incompatibilidades de las prestaciones y servicios de las personas en situaci\u00f3n de dependencia, para poder conciliar servicios como ayuda a domicilio, centros de d\u00eda, servicios de promoci\u00f3n de la autonom\u00eda personal, prestaci\u00f3n econ\u00f3mica para cuidados en el entorno familiar y ayuda a domicilio y trabajo.<\/p>\n<p>&nbsp;<\/p>\n<p>Adem\u00e1s, se deroga el decreto 93\/2014 para que las personas que han solicitado la dependencia y fallecen sin ser valoradas puedan sus percibir la prestaci\u00f3n econ\u00f3mica sus herederos. Asimismo, la derogaci\u00f3n de este decreto permitir\u00e1 incrementar la ratio de prestaciones por persona en situaci\u00f3n de dependencia, que en Canarias son las m\u00e1s bajas de todo el Estado. Asimismo, las personas que reciben atenci\u00f3n en el \u00e1mbito de los servicios sociales en cualquier lugar de Espa\u00f1a y fuera de su isla de residencia tendr\u00e1n derecho a que se les cubra los traslados y las dietas.<\/p>\n<p>&nbsp;<\/p>\n<p>Cruz Oval valor\u00f3 que esta ley genere un derecho subjetivo de naturaleza social a las personas, introduciendo elementos como la capacidad de expresar la propia voluntad de forma anticipada, tener asignado un profesional de referencia o reconocer el derecho a la persona usuaria al acceso y seguimiento, v\u00eda telem\u00e1tica, de su expediente.<\/p>\n<p>&nbsp;<\/p>\n<p>\u201cEs una ley para la igualdad, es garantista y contiene numerosos servicios y prestaciones, como la de inclusi\u00f3n social de las personas en situaci\u00f3n de vulnerabilidad social, el transporte adaptado para las personas en situaci\u00f3n de dependencia o con graves problemas de movilidad, una red de servicios para las personas sin hogar o prestaciones econ\u00f3micas para cubrir las necesidades b\u00e1sicas de las personas que tienen una situaci\u00f3n de urgencia o emergencia social.<\/p>\n<p>&nbsp;<\/p>\n<p>Destac\u00f3, por otra parte, que devuelve el protagonismo a los ayuntamientos que otros han querido hurtar. \u201cLos convierte en la puerta de entrada al sistema y por eso es imprescindible garantizar la financiaci\u00f3n\u201d, dijo, y record\u00f3 que ha sido una enmienda del PSOE lo que permitir\u00e1 dar ox\u00edgeno a los servicios sociales municipales. Tambi\u00e9n contempla un sistema que funcionar\u00e1 de forma planificada, coordinada e integrada, para lo que contar\u00e1 con un plan estrat\u00e9gico, un mapa de servicios sociales, una evaluaci\u00f3n continua a trav\u00e9s del Observatorio Canario de los Servicios Sociales, conferencia sectorial, consejo de atenci\u00f3n sociosanitaria y trabajo en red.<\/p>\n<p>&nbsp;<\/p>\n<p>La diputada del PSOE remarc\u00f3 que esta ley es un compromiso con lo p\u00fablico, estableciendo los servicios que debe prestar obligatoriamente la administraci\u00f3n p\u00fablica de manera directa e indirecta. Insisti\u00f3 en la apuesta decidida por la calidad que contiene esta ley mediante una estrategia concreta, el refuerzo de la inspecci\u00f3n y el comit\u00e9 de \u00e9tica. \u201cPara el PSOE, esta ley es importante porque genera un derecho subjetivo nuevo de naturaleza social a la poblaci\u00f3n canaria\u201d, recalc\u00f3.<\/p>\n<p>&nbsp;<\/p>\n<p>Por \u00faltimo, Teresa Cruz Oval valor\u00f3 la responsabilidad mostrada por el PSOE con esta ley, \u201cpor ponerla entre sus prioridades cuando gobernamos\u201d. Agradeci\u00f3 tambi\u00e9n a su grupo parlamentario la confianza depositada en ella para ser ponente en la tramitaci\u00f3n, destac\u00f3 el importante papel desempe\u00f1ado por las y los ponentes, \u201csu trabajo y actitud para conciliar posturas\u201d, agradeci\u00f3 la labor del letrado Ignacio Navarro, la capacidad de trabajo de la diputada Elena Luis y, finalmente, felicit\u00f3 a todos los colectivos que se beneficiar\u00e1n de la que, sin duda, es la ley m\u00e1s importante de esta novena legislatura.<\/p>\n<p>&nbsp;<\/p>\n<p>&nbsp;<\/p>\n","protected":false},"excerpt":{"rendered":"<p>La portavoz de Pol\u00edticas Sociales del PSOE en el Parlamento, Teresa Cruz Oval, celebr\u00f3 hoy la aprobaci\u00f3n un\u00e1nime de la Ley de Servicios Sociales de Canarias, un documento que, afirm\u00f3, representa una apuesta firme y decidida por la calidad y un compromiso con lo p\u00fablico. &nbsp; En su intervenci\u00f3n, record\u00f3 que esta ley se aprueba [&hellip;]<\/p>\n","protected":false},"author":1,"featured_media":6200,"comment_status":"open","ping_status":"open","sticky":false,"template":"","format":"standard","meta":{"footnotes":""},"categories":[7],"tags":[],"class_list":["post-6199","post","type-post","status-publish","format-standard","has-post-thumbnail","hentry","category-politica"],"featured_image_src":"https:\/\/psoecanarias.com\/web\/wp-content\/uploads\/2019\/03\/TC26mar2.jpeg","author_info":{"display_name":"PSOE Canarias","author_link":"https:\/\/psoecanarias.com\/web\/author\/admin\/"},"yoast_head":"<!-- This site is optimized with the Yoast SEO plugin v27.2 - https:\/\/yoast.com\/product\/yoast-seo-wordpress\/ -->\n<title>LEY SERVICIOS SOCIALES.- El PSOE celebra el consenso en esta apuesta firme por la calidad y compromiso con lo p\u00fablico | PSOE Canarias<\/title>\n<meta name=\"robots\" content=\"index, follow, max-snippet:-1, max-image-preview:large, max-video-preview:-1\" \/>\n<link rel=\"canonical\" href=\"https:\/\/psoecanarias.com\/web\/ley-servicios-sociales-el-psoe-celebra-el-consenso-en-esta-apuesta-firme-por-la-calidad-y-compromiso-con-lo-publico\/\" \/>\n<meta property=\"og:locale\" content=\"es_ES\" \/>\n<meta property=\"og:type\" content=\"article\" \/>\n<meta property=\"og:title\" content=\"LEY SERVICIOS SOCIALES.- El PSOE celebra el consenso en esta apuesta firme por la calidad y compromiso con lo p\u00fablico | PSOE Canarias\" \/>\n<meta property=\"og:description\" content=\"La portavoz de Pol\u00edticas Sociales del PSOE en el Parlamento, Teresa Cruz Oval, celebr\u00f3 hoy la aprobaci\u00f3n un\u00e1nime de la Ley de Servicios Sociales de Canarias, un documento que, afirm\u00f3, representa una apuesta firme y decidida por la calidad y un compromiso con lo p\u00fablico. &nbsp; En su intervenci\u00f3n, record\u00f3 que esta ley se aprueba [&hellip;]\" \/>\n<meta property=\"og:url\" content=\"https:\/\/psoecanarias.com\/web\/ley-servicios-sociales-el-psoe-celebra-el-consenso-en-esta-apuesta-firme-por-la-calidad-y-compromiso-con-lo-publico\/\" \/>\n<meta property=\"og:site_name\" content=\"PSOE Canarias\" \/>\n<meta property=\"article:published_time\" content=\"2019-03-26T19:29:30+00:00\" \/>\n<meta property=\"og:image\" content=\"https:\/\/psoecanarias.com\/web\/wp-content\/uploads\/2019\/03\/TC26mar2.jpeg\" \/>\n\t<meta property=\"og:image:width\" content=\"1024\" \/>\n\t<meta property=\"og:image:height\" content=\"683\" \/>\n\t<meta property=\"og:image:type\" content=\"image\/jpeg\" \/>\n<meta name=\"author\" content=\"PSOE Canarias\" \/>\n<meta name=\"twitter:card\" content=\"summary_large_image\" \/>\n<script type=\"application\/ld+json\" class=\"yoast-schema-graph\">{\"@context\":\"https:\/\/schema.org\",\"@graph\":[{\"@type\":\"Article\",\"@id\":\"https:\/\/psoecanarias.com\/web\/ley-servicios-sociales-el-psoe-celebra-el-consenso-en-esta-apuesta-firme-por-la-calidad-y-compromiso-con-lo-publico\/#article\",\"isPartOf\":{\"@id\":\"https:\/\/psoecanarias.com\/web\/ley-servicios-sociales-el-psoe-celebra-el-consenso-en-esta-apuesta-firme-por-la-calidad-y-compromiso-con-lo-publico\/\"},\"author\":{\"name\":\"PSOE Canarias\",\"@id\":\"https:\/\/psoecanarias.com\/web\/#\/schema\/person\/1ae43f9659d2fc599ca69c11e1dbf26f\"},\"headline\":\"LEY SERVICIOS SOCIALES.- El PSOE celebra el consenso en esta apuesta firme por la calidad y compromiso con lo p\u00fablico\",\"datePublished\":\"2019-03-26T19:29:30+00:00\",\"mainEntityOfPage\":{\"@id\":\"https:\/\/psoecanarias.com\/web\/ley-servicios-sociales-el-psoe-celebra-el-consenso-en-esta-apuesta-firme-por-la-calidad-y-compromiso-con-lo-publico\/\"},\"wordCount\":1113,\"commentCount\":0,\"image\":{\"@id\":\"https:\/\/psoecanarias.com\/web\/ley-servicios-sociales-el-psoe-celebra-el-consenso-en-esta-apuesta-firme-por-la-calidad-y-compromiso-con-lo-publico\/#primaryimage\"},\"thumbnailUrl\":\"https:\/\/psoecanarias.com\/web\/wp-content\/uploads\/2019\/03\/TC26mar2.jpeg\",\"articleSection\":[\"Pol\u00edtica\"],\"inLanguage\":\"es\",\"potentialAction\":[{\"@type\":\"CommentAction\",\"name\":\"Comment\",\"target\":[\"https:\/\/psoecanarias.com\/web\/ley-servicios-sociales-el-psoe-celebra-el-consenso-en-esta-apuesta-firme-por-la-calidad-y-compromiso-con-lo-publico\/#respond\"]}]},{\"@type\":\"WebPage\",\"@id\":\"https:\/\/psoecanarias.com\/web\/ley-servicios-sociales-el-psoe-celebra-el-consenso-en-esta-apuesta-firme-por-la-calidad-y-compromiso-con-lo-publico\/\",\"url\":\"https:\/\/psoecanarias.com\/web\/ley-servicios-sociales-el-psoe-celebra-el-consenso-en-esta-apuesta-firme-por-la-calidad-y-compromiso-con-lo-publico\/\",\"name\":\"LEY SERVICIOS SOCIALES.- El PSOE celebra el consenso en esta apuesta firme por la calidad y compromiso con lo p\u00fablico | PSOE Canarias\",\"isPartOf\":{\"@id\":\"https:\/\/psoecanarias.com\/web\/#website\"},\"primaryImageOfPage\":{\"@id\":\"https:\/\/psoecanarias.com\/web\/ley-servicios-sociales-el-psoe-celebra-el-consenso-en-esta-apuesta-firme-por-la-calidad-y-compromiso-con-lo-publico\/#primaryimage\"},\"image\":{\"@id\":\"https:\/\/psoecanarias.com\/web\/ley-servicios-sociales-el-psoe-celebra-el-consenso-en-esta-apuesta-firme-por-la-calidad-y-compromiso-con-lo-publico\/#primaryimage\"},\"thumbnailUrl\":\"https:\/\/psoecanarias.com\/web\/wp-content\/uploads\/2019\/03\/TC26mar2.jpeg\",\"datePublished\":\"2019-03-26T19:29:30+00:00\",\"author\":{\"@id\":\"https:\/\/psoecanarias.com\/web\/#\/schema\/person\/1ae43f9659d2fc599ca69c11e1dbf26f\"},\"breadcrumb\":{\"@id\":\"https:\/\/psoecanarias.com\/web\/ley-servicios-sociales-el-psoe-celebra-el-consenso-en-esta-apuesta-firme-por-la-calidad-y-compromiso-con-lo-publico\/#breadcrumb\"},\"inLanguage\":\"es\",\"potentialAction\":[{\"@type\":\"ReadAction\",\"target\":[\"https:\/\/psoecanarias.com\/web\/ley-servicios-sociales-el-psoe-celebra-el-consenso-en-esta-apuesta-firme-por-la-calidad-y-compromiso-con-lo-publico\/\"]}]},{\"@type\":\"ImageObject\",\"inLanguage\":\"es\",\"@id\":\"https:\/\/psoecanarias.com\/web\/ley-servicios-sociales-el-psoe-celebra-el-consenso-en-esta-apuesta-firme-por-la-calidad-y-compromiso-con-lo-publico\/#primaryimage\",\"url\":\"https:\/\/psoecanarias.com\/web\/wp-content\/uploads\/2019\/03\/TC26mar2.jpeg\",\"contentUrl\":\"https:\/\/psoecanarias.com\/web\/wp-content\/uploads\/2019\/03\/TC26mar2.jpeg\",\"width\":1024,\"height\":683},{\"@type\":\"BreadcrumbList\",\"@id\":\"https:\/\/psoecanarias.com\/web\/ley-servicios-sociales-el-psoe-celebra-el-consenso-en-esta-apuesta-firme-por-la-calidad-y-compromiso-con-lo-publico\/#breadcrumb\",\"itemListElement\":[{\"@type\":\"ListItem\",\"position\":1,\"name\":\"Portada\",\"item\":\"https:\/\/psoecanarias.com\/web\/\"},{\"@type\":\"ListItem\",\"position\":2,\"name\":\"LEY SERVICIOS SOCIALES.- El PSOE celebra el consenso en esta apuesta firme por la calidad y compromiso con lo p\u00fablico\"}]},{\"@type\":\"WebSite\",\"@id\":\"https:\/\/psoecanarias.com\/web\/#website\",\"url\":\"https:\/\/psoecanarias.com\/web\/\",\"name\":\"PSOE Canarias\",\"description\":\"Partido Socialista Obrero Espa\u00f1ol Canarias\",\"potentialAction\":[{\"@type\":\"SearchAction\",\"target\":{\"@type\":\"EntryPoint\",\"urlTemplate\":\"https:\/\/psoecanarias.com\/web\/?s={search_term_string}\"},\"query-input\":{\"@type\":\"PropertyValueSpecification\",\"valueRequired\":true,\"valueName\":\"search_term_string\"}}],\"inLanguage\":\"es\"},{\"@type\":\"Person\",\"@id\":\"https:\/\/psoecanarias.com\/web\/#\/schema\/person\/1ae43f9659d2fc599ca69c11e1dbf26f\",\"name\":\"PSOE Canarias\",\"image\":{\"@type\":\"ImageObject\",\"inLanguage\":\"es\",\"@id\":\"https:\/\/secure.gravatar.com\/avatar\/4364d37f6f6f9cdb7af199b46151565f37d8a8c3c0e04c1d78c04e857a15e3a8?s=96&d=mm&r=g\",\"url\":\"https:\/\/secure.gravatar.com\/avatar\/4364d37f6f6f9cdb7af199b46151565f37d8a8c3c0e04c1d78c04e857a15e3a8?s=96&d=mm&r=g\",\"contentUrl\":\"https:\/\/secure.gravatar.com\/avatar\/4364d37f6f6f9cdb7af199b46151565f37d8a8c3c0e04c1d78c04e857a15e3a8?s=96&d=mm&r=g\",\"caption\":\"PSOE Canarias\"},\"url\":\"https:\/\/psoecanarias.com\/web\/author\/admin\/\"}]}<\/script>\n<!-- \/ Yoast SEO plugin. -->","yoast_head_json":{"title":"LEY SERVICIOS SOCIALES.- El PSOE celebra el consenso en esta apuesta firme por la calidad y compromiso con lo p\u00fablico | PSOE Canarias","robots":{"index":"index","follow":"follow","max-snippet":"max-snippet:-1","max-image-preview":"max-image-preview:large","max-video-preview":"max-video-preview:-1"},"canonical":"https:\/\/psoecanarias.com\/web\/ley-servicios-sociales-el-psoe-celebra-el-consenso-en-esta-apuesta-firme-por-la-calidad-y-compromiso-con-lo-publico\/","og_locale":"es_ES","og_type":"article","og_title":"LEY SERVICIOS SOCIALES.- El PSOE celebra el consenso en esta apuesta firme por la calidad y compromiso con lo p\u00fablico | PSOE Canarias","og_description":"La portavoz de Pol\u00edticas Sociales del PSOE en el Parlamento, Teresa Cruz Oval, celebr\u00f3 hoy la aprobaci\u00f3n un\u00e1nime de la Ley de Servicios Sociales de Canarias, un documento que, afirm\u00f3, representa una apuesta firme y decidida por la calidad y un compromiso con lo p\u00fablico. &nbsp; En su intervenci\u00f3n, record\u00f3 que esta ley se aprueba [&hellip;]","og_url":"https:\/\/psoecanarias.com\/web\/ley-servicios-sociales-el-psoe-celebra-el-consenso-en-esta-apuesta-firme-por-la-calidad-y-compromiso-con-lo-publico\/","og_site_name":"PSOE Canarias","article_published_time":"2019-03-26T19:29:30+00:00","og_image":[{"width":1024,"height":683,"url":"https:\/\/psoecanarias.com\/web\/wp-content\/uploads\/2019\/03\/TC26mar2.jpeg","type":"image\/jpeg"}],"author":"PSOE Canarias","twitter_card":"summary_large_image","schema":{"@context":"https:\/\/schema.org","@graph":[{"@type":"Article","@id":"https:\/\/psoecanarias.com\/web\/ley-servicios-sociales-el-psoe-celebra-el-consenso-en-esta-apuesta-firme-por-la-calidad-y-compromiso-con-lo-publico\/#article","isPartOf":{"@id":"https:\/\/psoecanarias.com\/web\/ley-servicios-sociales-el-psoe-celebra-el-consenso-en-esta-apuesta-firme-por-la-calidad-y-compromiso-con-lo-publico\/"},"author":{"name":"PSOE Canarias","@id":"https:\/\/psoecanarias.com\/web\/#\/schema\/person\/1ae43f9659d2fc599ca69c11e1dbf26f"},"headline":"LEY SERVICIOS SOCIALES.- El PSOE celebra el consenso en esta apuesta firme por la calidad y compromiso con lo p\u00fablico","datePublished":"2019-03-26T19:29:30+00:00","mainEntityOfPage":{"@id":"https:\/\/psoecanarias.com\/web\/ley-servicios-sociales-el-psoe-celebra-el-consenso-en-esta-apuesta-firme-por-la-calidad-y-compromiso-con-lo-publico\/"},"wordCount":1113,"commentCount":0,"image":{"@id":"https:\/\/psoecanarias.com\/web\/ley-servicios-sociales-el-psoe-celebra-el-consenso-en-esta-apuesta-firme-por-la-calidad-y-compromiso-con-lo-publico\/#primaryimage"},"thumbnailUrl":"https:\/\/psoecanarias.com\/web\/wp-content\/uploads\/2019\/03\/TC26mar2.jpeg","articleSection":["Pol\u00edtica"],"inLanguage":"es","potentialAction":[{"@type":"CommentAction","name":"Comment","target":["https:\/\/psoecanarias.com\/web\/ley-servicios-sociales-el-psoe-celebra-el-consenso-en-esta-apuesta-firme-por-la-calidad-y-compromiso-con-lo-publico\/#respond"]}]},{"@type":"WebPage","@id":"https:\/\/psoecanarias.com\/web\/ley-servicios-sociales-el-psoe-celebra-el-consenso-en-esta-apuesta-firme-por-la-calidad-y-compromiso-con-lo-publico\/","url":"https:\/\/psoecanarias.com\/web\/ley-servicios-sociales-el-psoe-celebra-el-consenso-en-esta-apuesta-firme-por-la-calidad-y-compromiso-con-lo-publico\/","name":"LEY SERVICIOS SOCIALES.- El PSOE celebra el consenso en esta apuesta firme por la calidad y compromiso con lo p\u00fablico | PSOE Canarias","isPartOf":{"@id":"https:\/\/psoecanarias.com\/web\/#website"},"primaryImageOfPage":{"@id":"https:\/\/psoecanarias.com\/web\/ley-servicios-sociales-el-psoe-celebra-el-consenso-en-esta-apuesta-firme-por-la-calidad-y-compromiso-con-lo-publico\/#primaryimage"},"image":{"@id":"https:\/\/psoecanarias.com\/web\/ley-servicios-sociales-el-psoe-celebra-el-consenso-en-esta-apuesta-firme-por-la-calidad-y-compromiso-con-lo-publico\/#primaryimage"},"thumbnailUrl":"https:\/\/psoecanarias.com\/web\/wp-content\/uploads\/2019\/03\/TC26mar2.jpeg","datePublished":"2019-03-26T19:29:30+00:00","author":{"@id":"https:\/\/psoecanarias.com\/web\/#\/schema\/person\/1ae43f9659d2fc599ca69c11e1dbf26f"},"breadcrumb":{"@id":"https:\/\/psoecanarias.com\/web\/ley-servicios-sociales-el-psoe-celebra-el-consenso-en-esta-apuesta-firme-por-la-calidad-y-compromiso-con-lo-publico\/#breadcrumb"},"inLanguage":"es","potentialAction":[{"@type":"ReadAction","target":["https:\/\/psoecanarias.com\/web\/ley-servicios-sociales-el-psoe-celebra-el-consenso-en-esta-apuesta-firme-por-la-calidad-y-compromiso-con-lo-publico\/"]}]},{"@type":"ImageObject","inLanguage":"es","@id":"https:\/\/psoecanarias.com\/web\/ley-servicios-sociales-el-psoe-celebra-el-consenso-en-esta-apuesta-firme-por-la-calidad-y-compromiso-con-lo-publico\/#primaryimage","url":"https:\/\/psoecanarias.com\/web\/wp-content\/uploads\/2019\/03\/TC26mar2.jpeg","contentUrl":"https:\/\/psoecanarias.com\/web\/wp-content\/uploads\/2019\/03\/TC26mar2.jpeg","width":1024,"height":683},{"@type":"BreadcrumbList","@id":"https:\/\/psoecanarias.com\/web\/ley-servicios-sociales-el-psoe-celebra-el-consenso-en-esta-apuesta-firme-por-la-calidad-y-compromiso-con-lo-publico\/#breadcrumb","itemListElement":[{"@type":"ListItem","position":1,"name":"Portada","item":"https:\/\/psoecanarias.com\/web\/"},{"@type":"ListItem","position":2,"name":"LEY SERVICIOS SOCIALES.- El PSOE celebra el consenso en esta apuesta firme por la calidad y compromiso con lo p\u00fablico"}]},{"@type":"WebSite","@id":"https:\/\/psoecanarias.com\/web\/#website","url":"https:\/\/psoecanarias.com\/web\/","name":"PSOE Canarias","description":"Partido Socialista Obrero Espa\u00f1ol Canarias","potentialAction":[{"@type":"SearchAction","target":{"@type":"EntryPoint","urlTemplate":"https:\/\/psoecanarias.com\/web\/?s={search_term_string}"},"query-input":{"@type":"PropertyValueSpecification","valueRequired":true,"valueName":"search_term_string"}}],"inLanguage":"es"},{"@type":"Person","@id":"https:\/\/psoecanarias.com\/web\/#\/schema\/person\/1ae43f9659d2fc599ca69c11e1dbf26f","name":"PSOE Canarias","image":{"@type":"ImageObject","inLanguage":"es","@id":"https:\/\/secure.gravatar.com\/avatar\/4364d37f6f6f9cdb7af199b46151565f37d8a8c3c0e04c1d78c04e857a15e3a8?s=96&d=mm&r=g","url":"https:\/\/secure.gravatar.com\/avatar\/4364d37f6f6f9cdb7af199b46151565f37d8a8c3c0e04c1d78c04e857a15e3a8?s=96&d=mm&r=g","contentUrl":"https:\/\/secure.gravatar.com\/avatar\/4364d37f6f6f9cdb7af199b46151565f37d8a8c3c0e04c1d78c04e857a15e3a8?s=96&d=mm&r=g","caption":"PSOE Canarias"},"url":"https:\/\/psoecanarias.com\/web\/author\/admin\/"}]}},"_links":{"self":[{"href":"https:\/\/psoecanarias.com\/web\/wp-json\/wp\/v2\/posts\/6199","targetHints":{"allow":["GET"]}}],"collection":[{"href":"https:\/\/psoecanarias.com\/web\/wp-json\/wp\/v2\/posts"}],"about":[{"href":"https:\/\/psoecanarias.com\/web\/wp-json\/wp\/v2\/types\/post"}],"author":[{"embeddable":true,"href":"https:\/\/psoecanarias.com\/web\/wp-json\/wp\/v2\/users\/1"}],"replies":[{"embeddable":true,"href":"https:\/\/psoecanarias.com\/web\/wp-json\/wp\/v2\/comments?post=6199"}],"version-history":[{"count":1,"href":"https:\/\/psoecanarias.com\/web\/wp-json\/wp\/v2\/posts\/6199\/revisions"}],"predecessor-version":[{"id":6201,"href":"https:\/\/psoecanarias.com\/web\/wp-json\/wp\/v2\/posts\/6199\/revisions\/6201"}],"wp:featuredmedia":[{"embeddable":true,"href":"https:\/\/psoecanarias.com\/web\/wp-json\/wp\/v2\/media\/6200"}],"wp:attachment":[{"href":"https:\/\/psoecanarias.com\/web\/wp-json\/wp\/v2\/media?parent=6199"}],"wp:term":[{"taxonomy":"category","embeddable":true,"href":"https:\/\/psoecanarias.com\/web\/wp-json\/wp\/v2\/categories?post=6199"},{"taxonomy":"post_tag","embeddable":true,"href":"https:\/\/psoecanarias.com\/web\/wp-json\/wp\/v2\/tags?post=6199"}],"curies":[{"name":"wp","href":"https:\/\/api.w.org\/{rel}","templated":true}]}}